{"id":28890,"date":"2022-11-19T23:41:45","date_gmt":"2022-11-19T23:41:45","guid":{"rendered":"https:\/\/larevistadigital.com.ar\/blog\/?p=28890"},"modified":"2022-11-19T23:41:45","modified_gmt":"2022-11-19T23:41:45","slug":"bomba-en-la-copa-del-mundo-benzema-afuera-del-mundial-por-un-desgarro","status":"publish","type":"post","link":"https:\/\/larevistadigital.com.ar\/blog\/bomba-en-la-copa-del-mundo-benzema-afuera-del-mundial-por-un-desgarro\/","title":{"rendered":"BOMBA EN LA COPA DEL MUNDO: BENZEM\u00c1 AFUERA DEL MUNDIAL POR UN DESGARRO"},"content":{"rendered":"<h2>Seg\u00fan informa el sitio galo Le Parisien, la decisi\u00f3n del cuerpo t\u00e9cnico es que abandone la concentraci\u00f3n porque su lesi\u00f3n le impide jugar el torneo.<\/h2>\n<p>19 de noviembre de 2022<\/p>\n<p>El delantero <strong>Karim Benzema<\/strong>, con una lesi\u00f3n en la pierna izquierda, fue desafectado del seleccionado de f\u00fatbol de Francia, campe\u00f3n vigente, y se perder\u00e1 el Mundial de Qatar.<\/p>\n<blockquote>\n<h3>La noticia fue confirmada por la Federaci\u00f3n Francesa de F\u00fatbol (FFF) a trav\u00e9s de un comunicado oficial, aunque todav\u00eda no se dio a conocer a su reemplazante.<\/h3>\n<\/blockquote>\n<p><em><strong>\u201cGolpeado en el cu\u00e1driceps del muslo izquierdo, el delantero del Real Madrid (Espa\u00f1a) se ve obligado a renunciar a participar en el Mundial\u201d<\/strong><\/em>, especific\u00f3 el parte de prensa de la FFF.<\/p>\n<p>Y agreg\u00f3: <em><strong>\u201cSe realiz\u00f3 una resonancia magn\u00e9tica en un hospital de Doha, que desafortunadamente confirm\u00f3 una lesi\u00f3n en el recto femoral, que requerir\u00e1 un per\u00edodo de recuperaci\u00f3n de tres semanas. Despu\u00e9s de haber intercambiado con el Dr. Franck Le Gall, Didier Deschamps desafect\u00f3 a Benzema para la Copa\u201d.<\/strong><\/em><\/p>\n<blockquote>\n<h3><em><strong>\u201c\u2018Estoy extremadamente triste por Karim, quien hizo de esta Copa del Mundo un objetivo importante. A pesar de este nuevo golpe para la selecci\u00f3n francesa, tengo plena confianza en mi grupo. Haremos todo lo posible para cumplir con el enorme desaf\u00edo que nos espera\u2019, dijo el seleccionador\u201d<\/strong><\/em>, cerr\u00f3 el parte.<\/h3>\n<\/blockquote>\n<p><strong>Benzema<\/strong>, \u00faltimo Bal\u00f3n de Oro de la FIFA, hab\u00eda abandonado hoy la pr\u00e1ctica en el estadio Jassim bin Hammad, de Doha, y, en principio, se hab\u00eda descartado su participaci\u00f3n en el debut de Francia, el martes contra Australia (Grupo D).<\/p>\n<blockquote>\n<h3>El goleador, quien se hab\u00eda incorporado a las tareas normales junto al defensor Raphael Varane, hab\u00eda sido visto en \u201ccondiciones \u00f3ptimas\u201d durante los 15 minutos de entrenamiento que la prensa pudo presenciar por disposici\u00f3n FIFA.<\/h3>\n<\/blockquote>\n<p>Sin embargo, a mitad de la pr\u00e1ctica, el delantero \u201ctuvo que desertar la sesi\u00f3n, con una renguera\u201d, y por la noche la FFF confirm\u00f3 el rumor que hab\u00eda ido creciendo: Benzema no jugar\u00e1 la Copa.<\/p>\n<blockquote>\n<h3>La del goleador es la tercera baja de peso para el campe\u00f3n del mundo, que no podr\u00e1 contar tampoco con los volantes Paul Pogba y N\u2019Golo Kant\u00e9, ambos lesionados.<\/h3>\n<\/blockquote>\n<p>Adem\u00e1s de Australia, su primer rival, el seleccionado galo se medir\u00e1 con Dinamarca y T\u00fanez.<\/p>\n","protected":false},"excerpt":{"rendered":"<div class=\"mh-excerpt\"><p>Seg\u00fan informa el sitio galo Le Parisien, la decisi\u00f3n del cuerpo t\u00e9cnico es que abandone la concentraci\u00f3n porque su lesi\u00f3n le impide jugar el torneo. 19 de noviembre de 2022 El delantero Karim Benzema, con <a class=\"mh-excerpt-more\" href=\"https:\/\/larevistadigital.com.ar\/blog\/bomba-en-la-copa-del-mundo-benzema-afuera-del-mundial-por-un-desgarro\/\" title=\"BOMBA EN LA COPA DEL MUNDO: BENZEM\u00c1 AFUERA DEL MUNDIAL POR UN DESGARRO\">[Leer M\u00e1s]<\/a><\/p>\n<\/div>","protected":false},"author":3,"featured_media":28891,"comment_status":"open","ping_status":"open","sticky":false,"template":"","format":"standard","meta":{"_jetpack_memberships_contains_paid_content":false,"footnotes":"","jetpack_publicize_message":"","jetpack_publicize_feature_enabled":true,"jetpack_social_post_already_shared":true,"jetpack_social_options":{"image_generator_settings":{"template":"highway","default_image_id":0,"font":"","enabled":false},"version":2}},"categories":[8,50],"tags":[],"class_list":{"0":"post-28890","1":"post","2":"type-post","3":"status-publish","4":"format-standard","5":"has-post-thumbnail","7":"category-deportes","8":"category-interes-general"},"jetpack_publicize_connections":[],"jetpack_featured_media_url":"https:\/\/i0.wp.com\/larevistadigital.com.ar\/blog\/wp-content\/uploads\/GettyImages-1243681660.jpg?fit=1920%2C1080&ssl=1","jetpack_sharing_enabled":true,"jetpack_shortlink":"https:\/\/wp.me\/p8qtrQ-7vY","jetpack-related-posts":[{"id":28705,"url":"https:\/\/larevistadigital.com.ar\/blog\/qatar-2022-se-lesiono-lo-celso-y-se-perderia-el-debut-en-el-mundial\/","url_meta":{"origin":28890,"position":0},"title":"QATAR 2022: SE LESION\u00d3 LO CELSO Y SE PERDER\u00cdA EL DEBUT EN EL MUNDIAL","author":"Alejandro Sosa Ruda","date":"31 octubre, 2022","format":false,"excerpt":"El mediocampista sufri\u00f3 una lesi\u00f3n muscular y tendr\u00eda entre dos y tres semanas de recuperaci\u00f3n. 31 de octubre de 2022 Los resultados de los estudios del mediocampista de la Selecci\u00f3n Argentina,\u00a0Giovani Lo Celso,\u00a0arrojaron que tiene una lesi\u00f3n muscular en su pierna derecha y\u00a0 su recuperaci\u00f3n demandar\u00eda entre dos y tres\u2026","rel":"","context":"En \u00abDEPORTES\u00bb","block_context":{"text":"DEPORTES","link":"https:\/\/larevistadigital.com.ar\/blog\/category\/deportes\/"},"img":{"alt_text":"","src":"https:\/\/i0.wp.com\/larevistadigital.com.ar\/blog\/wp-content\/uploads\/lo-celso-430048-153108.jpg?fit=1200%2C675&ssl=1&resize=350%2C200","width":350,"height":200,"srcset":"https:\/\/i0.wp.com\/larevistadigital.com.ar\/blog\/wp-content\/uploads\/lo-celso-430048-153108.jpg?fit=1200%2C675&ssl=1&resize=350%2C200 1x, https:\/\/i0.wp.com\/larevistadigital.com.ar\/blog\/wp-content\/uploads\/lo-celso-430048-153108.jpg?fit=1200%2C675&ssl=1&resize=525%2C300 1.5x, https:\/\/i0.wp.com\/larevistadigital.com.ar\/blog\/wp-content\/uploads\/lo-celso-430048-153108.jpg?fit=1200%2C675&ssl=1&resize=700%2C400 2x, https:\/\/i0.wp.com\/larevistadigital.com.ar\/blog\/wp-content\/uploads\/lo-celso-430048-153108.jpg?fit=1200%2C675&ssl=1&resize=1050%2C600 3x"},"classes":[]},{"id":183,"url":"https:\/\/larevistadigital.com.ar\/blog\/festejo-del-barsa-no-fue-completo-impactante-lesion-aleix-vidal\/","url_meta":{"origin":28890,"position":1},"title":"El festejo del Barsa no fue completo: impactante lesi\u00f3n de Aleix Vidal","author":"editor","date":"12 febrero, 2017","format":false,"excerpt":"El defensor se lastim\u00f3 tras una falta de Theo. \"Es evidente que es algo grave\", dijo Luis Enrique. Aleix Vidal sufre. El defensor espera el diagn\u00f3stico sobre su grave lesi\u00f3n. (EFE) \"En principio, es evidente que es algo grave. Podr\u00eda tener el tobillo fracturado o luxado\", afirm\u00f3 Luis Enrique, entrenador\u2026","rel":"","context":"En \u00abDEPORTES\u00bb","block_context":{"text":"DEPORTES","link":"https:\/\/larevistadigital.com.ar\/blog\/category\/deportes\/"},"img":{"alt_text":"","src":"https:\/\/i0.wp.com\/larevistadigital.com.ar\/blog\/wp-content\/uploads\/2017\/02\/H1uhDRhdx_930x525.jpg?fit=930%2C525&ssl=1&resize=350%2C200","width":350,"height":200,"srcset":"https:\/\/i0.wp.com\/larevistadigital.com.ar\/blog\/wp-content\/uploads\/2017\/02\/H1uhDRhdx_930x525.jpg?fit=930%2C525&ssl=1&resize=350%2C200 1x, https:\/\/i0.wp.com\/larevistadigital.com.ar\/blog\/wp-content\/uploads\/2017\/02\/H1uhDRhdx_930x525.jpg?fit=930%2C525&ssl=1&resize=525%2C300 1.5x, https:\/\/i0.wp.com\/larevistadigital.com.ar\/blog\/wp-content\/uploads\/2017\/02\/H1uhDRhdx_930x525.jpg?fit=930%2C525&ssl=1&resize=700%2C400 2x"},"classes":[]},{"id":1702,"url":"https:\/\/larevistadigital.com.ar\/blog\/argentina-cayo-ante-bolivia-en-la-paz-y-se-vuelve-a-complicar-su-clasificacion-al-mundial\/","url_meta":{"origin":28890,"position":2},"title":"ARGENTINA CAY\u00d3 ANTE BOLIVIA EN LA PAZ Y SE VUELVE A COMPLICAR SU CLASIFICACI\u00d3N AL MUNDIAL","author":"Alejandro Sosa Ruda","date":"28 marzo, 2017","format":false,"excerpt":"Sin Messi, sancionado de oficio por la FIFA, la Selecci\u00f3n no pudo aprovechar sus buenos momentos y cay\u00f3 ante el conjunto local. Con el triunfo de Chile, el equipo de Bauza queda en zona de repechaje Qued\u00f3 develada la gran inc\u00f3gnita sobre c\u00f3mo iba a influir la ausencia del mejor\u2026","rel":"","context":"En \u00abDEPORTES\u00bb","block_context":{"text":"DEPORTES","link":"https:\/\/larevistadigital.com.ar\/blog\/category\/deportes\/"},"img":{"alt_text":"","src":"https:\/\/i0.wp.com\/larevistadigital.com.ar\/blog\/wp-content\/uploads\/2017\/03\/Bolivia-Argentina-derrota-1920.jpg?fit=600%2C338&ssl=1&resize=350%2C200","width":350,"height":200,"srcset":"https:\/\/i0.wp.com\/larevistadigital.com.ar\/blog\/wp-content\/uploads\/2017\/03\/Bolivia-Argentina-derrota-1920.jpg?fit=600%2C338&ssl=1&resize=350%2C200 1x, https:\/\/i0.wp.com\/larevistadigital.com.ar\/blog\/wp-content\/uploads\/2017\/03\/Bolivia-Argentina-derrota-1920.jpg?fit=600%2C338&ssl=1&resize=525%2C300 1.5x"},"classes":[]},{"id":29066,"url":"https:\/\/larevistadigital.com.ar\/blog\/qatar-2022-scaloni-dijo-a-la-gente-le-pido-que-confie\/","url_meta":{"origin":28890,"position":3},"title":"QATAR 2022: SCALONI DIJO \u00abA LA GENTE, LE PIDO QUE CONF\u00cdE\u00bb","author":"Alejandro Sosa Ruda","date":"25 noviembre, 2022","format":false,"excerpt":"El entrenador argentino dijo que el grupo ya est\u00e1 recuperado de la derrota contra Arabia y que no va a cambiar la manera de jugar pese al debut fallido. 25 de noviembre de 2022 QATAR -\u00a0 El DT de la selecci\u00f3n argentina, Lionel Scaloni, habl\u00f3 en conferencia de prensa en\u2026","rel":"","context":"En \u00abDEPORTES\u00bb","block_context":{"text":"DEPORTES","link":"https:\/\/larevistadigital.com.ar\/blog\/category\/deportes\/"},"img":{"alt_text":"","src":"https:\/\/i0.wp.com\/larevistadigital.com.ar\/blog\/wp-content\/uploads\/637bb22baa072.jpeg?fit=800%2C600&ssl=1&resize=350%2C200","width":350,"height":200,"srcset":"https:\/\/i0.wp.com\/larevistadigital.com.ar\/blog\/wp-content\/uploads\/637bb22baa072.jpeg?fit=800%2C600&ssl=1&resize=350%2C200 1x, https:\/\/i0.wp.com\/larevistadigital.com.ar\/blog\/wp-content\/uploads\/637bb22baa072.jpeg?fit=800%2C600&ssl=1&resize=525%2C300 1.5x, https:\/\/i0.wp.com\/larevistadigital.com.ar\/blog\/wp-content\/uploads\/637bb22baa072.jpeg?fit=800%2C600&ssl=1&resize=700%2C400 2x"},"classes":[]},{"id":19785,"url":"https:\/\/larevistadigital.com.ar\/blog\/murio-el-ex-jugador-de-boca-el-murcielago-alfredo-graciani\/","url_meta":{"origin":28890,"position":4},"title":"MURI\u00d3 EL EX JUGADOR DE BOCA \u00abEL MURCI\u00c9LAGO\u00bb ALFREDO GRACIANI","author":"Alejandro Sosa Ruda","date":"21 abril, 2021","format":false,"excerpt":"El ex futbolista\u00a0Alfredo Graciani, conocido popularmente como \u201cEl Murci\u00e9lago\u201d, muri\u00f3 este mi\u00e9rcoles a los 56 a\u00f1os tras sufrir un paro card\u00edaco. La noticia caus\u00f3 conmoci\u00f3n en el mundo del f\u00fatbol, ya que el ex delantero fue un destacado animador del f\u00fatbol argentino en la d\u00e9cada del 80. Graciani defendi\u00f3 distintas\u2026","rel":"","context":"En \u00abDEPORTES\u00bb","block_context":{"text":"DEPORTES","link":"https:\/\/larevistadigital.com.ar\/blog\/category\/deportes\/"},"img":{"alt_text":"","src":"https:\/\/i0.wp.com\/larevistadigital.com.ar\/blog\/wp-content\/uploads\/Alfredo-Graciani.jpeg?fit=1200%2C884&ssl=1&resize=350%2C200","width":350,"height":200,"srcset":"https:\/\/i0.wp.com\/larevistadigital.com.ar\/blog\/wp-content\/uploads\/Alfredo-Graciani.jpeg?fit=1200%2C884&ssl=1&resize=350%2C200 1x, https:\/\/i0.wp.com\/larevistadigital.com.ar\/blog\/wp-content\/uploads\/Alfredo-Graciani.jpeg?fit=1200%2C884&ssl=1&resize=525%2C300 1.5x, https:\/\/i0.wp.com\/larevistadigital.com.ar\/blog\/wp-content\/uploads\/Alfredo-Graciani.jpeg?fit=1200%2C884&ssl=1&resize=700%2C400 2x, https:\/\/i0.wp.com\/larevistadigital.com.ar\/blog\/wp-content\/uploads\/Alfredo-Graciani.jpeg?fit=1200%2C884&ssl=1&resize=1050%2C600 3x"},"classes":[]},{"id":12079,"url":"https:\/\/larevistadigital.com.ar\/blog\/messi-fue-dado-de-alta-y-jugara-en-el-debut-del-barsa-en-la-champions-league\/","url_meta":{"origin":28890,"position":5},"title":"MESSI FUE DADO DE ALTA Y JUGAR\u00c1 EN EL DEBUT DEL BARSA EN LA CHAMPIONS LEAGUE","author":"Alejandro Sosa Ruda","date":"16 septiembre, 2019","format":false,"excerpt":"Lionel Messi recibi\u00f3 este lunes el alta m\u00e9dica de su lesi\u00f3n muscular en la pierna derecha y de inmediato fue convocado para viajar este lunes a Alemania, donde Barcelona debutar\u00e1 este martes ante Borussia Dortmund la fase de grupos de la Champions League. Messi se recuper\u00f3 de su lesi\u00f3n en\u2026","rel":"","context":"En \u00abDEPORTES\u00bb","block_context":{"text":"DEPORTES","link":"https:\/\/larevistadigital.com.ar\/blog\/category\/deportes\/"},"img":{"alt_text":"","src":"https:\/\/i0.wp.com\/larevistadigital.com.ar\/blog\/wp-content\/uploads\/0036929230.jpg?fit=1140%2C640&ssl=1&resize=350%2C200","width":350,"height":200,"srcset":"https:\/\/i0.wp.com\/larevistadigital.com.ar\/blog\/wp-content\/uploads\/0036929230.jpg?fit=1140%2C640&ssl=1&resize=350%2C200 1x, https:\/\/i0.wp.com\/larevistadigital.com.ar\/blog\/wp-content\/uploads\/0036929230.jpg?fit=1140%2C640&ssl=1&resize=525%2C300 1.5x, https:\/\/i0.wp.com\/larevistadigital.com.ar\/blog\/wp-content\/uploads\/0036929230.jpg?fit=1140%2C640&ssl=1&resize=700%2C400 2x, https:\/\/i0.wp.com\/larevistadigital.com.ar\/blog\/wp-content\/uploads\/0036929230.jpg?fit=1140%2C640&ssl=1&resize=1050%2C600 3x"},"classes":[]}],"_links":{"self":[{"href":"https:\/\/larevistadigital.com.ar\/blog\/wp-json\/wp\/v2\/posts\/28890","targetHints":{"allow":["GET"]}}],"collection":[{"href":"https:\/\/larevistadigital.com.ar\/blog\/wp-json\/wp\/v2\/posts"}],"about":[{"href":"https:\/\/larevistadigital.com.ar\/blog\/wp-json\/wp\/v2\/types\/post"}],"author":[{"embeddable":true,"href":"https:\/\/larevistadigital.com.ar\/blog\/wp-json\/wp\/v2\/users\/3"}],"replies":[{"embeddable":true,"href":"https:\/\/larevistadigital.com.ar\/blog\/wp-json\/wp\/v2\/comments?post=28890"}],"version-history":[{"count":1,"href":"https:\/\/larevistadigital.com.ar\/blog\/wp-json\/wp\/v2\/posts\/28890\/revisions"}],"predecessor-version":[{"id":28892,"href":"https:\/\/larevistadigital.com.ar\/blog\/wp-json\/wp\/v2\/posts\/28890\/revisions\/28892"}],"wp:featuredmedia":[{"embeddable":true,"href":"https:\/\/larevistadigital.com.ar\/blog\/wp-json\/wp\/v2\/media\/28891"}],"wp:attachment":[{"href":"https:\/\/larevistadigital.com.ar\/blog\/wp-json\/wp\/v2\/media?parent=28890"}],"wp:term":[{"taxonomy":"category","embeddable":true,"href":"https:\/\/larevistadigital.com.ar\/blog\/wp-json\/wp\/v2\/categories?post=28890"},{"taxonomy":"post_tag","embeddable":true,"href":"https:\/\/larevistadigital.com.ar\/blog\/wp-json\/wp\/v2\/tags?post=28890"}],"curies":[{"name":"wp","href":"https:\/\/api.w.org\/{rel}","templated":true}]}}