{"id":2895,"date":"2017-08-03T01:15:27","date_gmt":"2017-08-03T01:15:27","guid":{"rendered":"https:\/\/larevistadigital.com.ar\/blog\/?p=2895"},"modified":"2017-08-04T01:17:34","modified_gmt":"2017-08-04T01:17:34","slug":"100-anos-cumplio-la-sociedad-de-fomento","status":"publish","type":"post","link":"https:\/\/larevistadigital.com.ar\/blog\/100-anos-cumplio-la-sociedad-de-fomento\/","title":{"rendered":"100 a\u00f1os cumpli\u00f3 la Sociedad de Fomento"},"content":{"rendered":"<p>Escribe:Walter Rodr\u00edguez &#8211; Profesor de Historia<\/p>\n<p>Al fin lleg\u00f3 y nosotros somos los testigos. La Sociedad de Fomento \u201cGeneral San Mart\u00edn\u201d cumpli\u00f3 100 a\u00f1os. Tras s\u00ed se inicia una nueva etapa para nuestro pueblo, hoy ciudad cabecera del municipio m\u00e1s joven de la Provincia.<br \/>\n\u00bfPero qu\u00e9 era la Sociedad de Fomento? \u00bfQui\u00e9nes la fundaron? \u00bfQu\u00e9 hicieron para ser recordada cien a\u00f1os despu\u00e9s? Hagamos historia, ejercitemos la memoria.<br \/>\nEste asocianismo vecinal nace promisoriamente en el a\u00f1o 1917, conoce la fructificaci\u00f3n del trabajo en la d\u00e9cada siguiente, los reveses de la crisis en la d\u00e9cada del \u201930 y el lento pero inexorable retraimiento en los siguientes a\u00f1os cuando el Estado toma nuevas direccionalidades y tareas que van a ir restringiendo los espacios de participaci\u00f3n ciudadana directa y de toma de decisiones vecinales. No faltaron intentos de renacimiento y reactivaci\u00f3n  pero estas vanas intenciones caen al poco tiempo en el olvido ante la indiferencia de los propios vecinos.<br \/>\nEste agrupamiento vecinal elitista para unos o de avanzada para otros cumple un rol fundamental ante la ausencia o la indiferencia del Estado en las m\u00faltiples y, a veces, inabarcables tareas que estos mismos se proponen. Con el aporte directo de los vecinos (y con los riesgos que esto conlleva) la Sociedad encara, en primer t\u00e9rmino, labores viales y de mejoramiento de calzadas del pueblo pero las mismas necesidades comunes van a sobrepasar a sus tareas originales y desde sus reuniones y asambleas se vislumbra la preocupaci\u00f3n por la educaci\u00f3n (otorgamiento de ayuda econ\u00f3mica para alumnos carenciados, censos rurales para solicitar escuelas), el bienestar general (solicitud de vacunas, sala de primeros auxilios, tel\u00e9fono, templo o mejoramiento de plaza) o el esparcimiento (romer\u00edas, kermesses, carnavales, festejos patrios).<br \/>\nToda esta labor se descubre en el hurgar de sus actas pero la m\u00e1s visible materializaci\u00f3n del esfuerzo permanece entre nosotros: el Sal\u00f3n Social (hoy Sal\u00f3n Cultural General San Mart\u00edn) es una de las postales de  nuestro pueblo no por su belleza o monumentalidad sino por lo que este simboliza: es el primer edificio p\u00fablico hecho y levantado por la contribuci\u00f3n de los vecinos y que desde 1926 es referente de la actividad cultural o de inter\u00e9s general de Lezama. Refugio de m\u00fasicos, cirqueros, poetas, actores, intelectuales pero ante todo del pueblo mismo: variopinto con sus romer\u00edas y kermesses; jolgorioso en sus bailes de carnaval; silencioso en sus veladas teatrales; expectante ante cada estreno cinematogr\u00e1fico esperado; reclamante ante la asamblea vecinal; \u00e1vido ante las exposiciones locales y for\u00e1neas. Gran parte del pueblo ha concurrido a su sala como protagonista o espectador sin pensar en el esfuerzo y el trabajo de sus antecesores.<br \/>\nY junto a \u00e9l, peque\u00f1a se levanta el otro gran aporte de la obra de la corporaci\u00f3n que con m\u00ednimos sustentos econ\u00f3micos conserv\u00f3, acrecent\u00f3 y mantuvo desde sus estanter\u00edas la cultura escrita y la abierta disposici\u00f3n a servirnos, el pueblo todo, de ella. La Biblioteca \u201cJos\u00e9 Ingenieros\u201d realiz\u00f3 una tarea an\u00f3nima constante en medio de muchas necesidades edilicias pero con la intr\u00ednseca necesidad de ser el refugio de la cultura escrita.<br \/>\nEs tanto lo realizado por la Sociedad de Fomento en sus casi 60 a\u00f1os de existencia  que nos desaf\u00eda a escribir poco y decir mucho en un art\u00edculo pero imaginemos el esfuerzo de estos vecinos en la enorme tarea de transformar un caser\u00edo alrededor de la estaci\u00f3n del ferrocarril en un pueblo.<br \/>\nEn la d\u00e9cada de 1910, cuando se fundaron, la principal preocupaci\u00f3n era mejorar los caminos que un\u00edan Lezama con los distintos parajes rurales y para ello compraron maquinarias, contrataron peones y hasta ten\u00edan inspectores, que eran los propios miembros de la Comisi\u00f3n Directiva, para que las tareas se cumplieran.<br \/>\nEn la d\u00e9cada de 1920 decidieron que el potrero dispuesto para plaza fuera un paseo para los vecinos, as\u00ed abrieron senderos, plantaron los famosos pl\u00e1tanos que la rodean, hicieron canteros y colocaron los primeros focos, iluminados a gas, cuando el pueblo aun no contaba con alumbrado el\u00e9ctrico. Luego compraron varios terrenos sobre la Avenida Cobo y decidieron construir un sal\u00f3n social, que fue el primer edificio p\u00fablico de nuestro pueblo e iluminado, hoy Sal\u00f3n Cultural.<br \/>\nEn los a\u00f1os 30 encararon otra tarea, construir el primer templo cat\u00f3lico pues Lezama no contaba con un edificio de estas caracter\u00edsticas. Junto a la Comisi\u00f3n Pro Templo hicieron colectas, pidieron a todos, encargaron los planos, contrataron constructores y en 1938 colocaron la piedra fundamental de la futura Parroquia Cristo Rey para dos a\u00f1os despu\u00e9s abrir definitivamente la misma al culto cat\u00f3lico.<br \/>\nEn los a\u00f1os 40 reclamaron a las autoridades municipales y provinciales la construcci\u00f3n de escuelas rurales, haciendo posible el establecimiento de dos en los parajes de La Azotea Grande y El Destino, la ampliaci\u00f3n de la \u00fanica escuela urbana y la instalaci\u00f3n del primer banco en Lezama, el Comercial de Chascom\u00fas, hoy desaparecido.<br \/>\nEn 1950 deciden darse un nombre propio y ah\u00ed pasan a llamarse Sociedad de Fomento \u201cGeneral Don Jos\u00e9 de San Mart\u00edn\u201d y levantan un m\u00e1stil que a\u00fan existe pero que la mayor\u00eda de los lezamenses desconoce a sus autores, es el que se encuentra junto a la Estaci\u00f3n del Ferrocarril.<br \/>\nEn los a\u00f1os 60 les devela el aspecto cultural y deciden fundar una biblioteca p\u00fablica, la \u201cJos\u00e9 Ingenieros\u201d en 1963.<br \/>\nEn los 70 dan el \u00faltimo grito de existencia pues el entonces Intendente Municipal de la Dictadura presenta un ultim\u00e1tum debido a la inactividad social de aquellos a\u00f1os. Los asociados se reorganizan, crean comisiones de trabajo y en pocos meses deciden relanzar el Sal\u00f3n Social, llamarlo Sala General San Mart\u00edn y hermosean el interior de la misma, ponen en valor el acceso y reinauguran el cine para volver a montar obras de teatro que se celebran con un festival donde tres compa\u00f1\u00edas teatrales de Lezama presentan sus producciones, la compa\u00f1\u00eda de Cancela, de Lito P\u00e1ez y del grupo vocacional del Paraje El Destino.<br \/>\nLuego en los a\u00f1os 80 fue expirando de a poco.<br \/>\nEn s\u00edntesis y para cerrar este breve art\u00edculo la pregunta es \u00bfqu\u00e9 ser\u00eda hoy de nuestra ciudad sin la existencia, el trabajo y el denuedo de cuatro generaciones de vecinos?<br \/>\nfuente: http:\/\/lanubefm.com.ar<\/p>\n","protected":false},"excerpt":{"rendered":"<div class=\"mh-excerpt\"><p>Escribe:Walter Rodr\u00edguez &#8211; Profesor de Historia Al fin lleg\u00f3 y nosotros somos los testigos. La Sociedad de Fomento \u201cGeneral San Mart\u00edn\u201d cumpli\u00f3 100 a\u00f1os. Tras s\u00ed se inicia una nueva etapa para nuestro pueblo, hoy <a class=\"mh-excerpt-more\" href=\"https:\/\/larevistadigital.com.ar\/blog\/100-anos-cumplio-la-sociedad-de-fomento\/\" title=\"100 a\u00f1os cumpli\u00f3 la Sociedad de Fomento\">[Leer M\u00e1s]<\/a><\/p>\n<\/div>","protected":false},"author":1,"featured_media":2896,"comment_status":"open","ping_status":"open","sticky":false,"template":"","format":"standard","meta":{"_jetpack_memberships_contains_paid_content":false,"footnotes":"","jetpack_publicize_message":"100 a\u00f1os cumpli\u00f3 la Sociedad de Fomento","jetpack_publicize_feature_enabled":true,"jetpack_social_post_already_shared":true,"jetpack_social_options":{"image_generator_settings":{"template":"highway","default_image_id":0,"font":"","enabled":false},"version":2}},"categories":[7],"tags":[],"class_list":{"0":"post-2895","1":"post","2":"type-post","3":"status-publish","4":"format-standard","5":"has-post-thumbnail","7":"category-lezama"},"jetpack_publicize_connections":[],"jetpack_featured_media_url":"https:\/\/i0.wp.com\/larevistadigital.com.ar\/blog\/wp-content\/uploads\/2017\/08\/resize_1501605303.jpg?fit=425%2C340&ssl=1","jetpack_sharing_enabled":true,"jetpack_shortlink":"https:\/\/wp.me\/p8qtrQ-KH","jetpack-related-posts":[{"id":21641,"url":"https:\/\/larevistadigital.com.ar\/blog\/mar-del-tuyu-indignacion-por-robo-en-la-sociedad-de-fomento-residencial\/","url_meta":{"origin":2895,"position":0},"title":"MAR DEL TUY\u00da: INDIGNACI\u00d3N POR ROBO EN LA SOCIEDAD DE FOMENTO RESIDENCIAL","author":"Alejandro Sosa Ruda","date":"22 agosto, 2021","format":false,"excerpt":"Se llevaron un televisor de 48 pulgadas y las garrafas de la cocina. \u201cRobar es muy malo, pero peor es robar en un lugar donde se le brinda ayuda alimentaria a tanta gente\u201d, expres\u00f3 Miguel \u00c1lvarez, presidente de la Sociedad de Fomento. MAR DEL TUY\u00da -\u00a0 Sucedi\u00f3 ayer por la\u2026","rel":"","context":"En \u00abPOLICIALES\u00bb","block_context":{"text":"POLICIALES","link":"https:\/\/larevistadigital.com.ar\/blog\/category\/policiales\/"},"img":{"alt_text":"","src":"https:\/\/i0.wp.com\/larevistadigital.com.ar\/blog\/wp-content\/uploads\/6451194082169ad3fd47476829ab16eaa8d5bd75.jpg?fit=1140%2C718&ssl=1&resize=350%2C200","width":350,"height":200,"srcset":"https:\/\/i0.wp.com\/larevistadigital.com.ar\/blog\/wp-content\/uploads\/6451194082169ad3fd47476829ab16eaa8d5bd75.jpg?fit=1140%2C718&ssl=1&resize=350%2C200 1x, https:\/\/i0.wp.com\/larevistadigital.com.ar\/blog\/wp-content\/uploads\/6451194082169ad3fd47476829ab16eaa8d5bd75.jpg?fit=1140%2C718&ssl=1&resize=525%2C300 1.5x, https:\/\/i0.wp.com\/larevistadigital.com.ar\/blog\/wp-content\/uploads\/6451194082169ad3fd47476829ab16eaa8d5bd75.jpg?fit=1140%2C718&ssl=1&resize=700%2C400 2x, https:\/\/i0.wp.com\/larevistadigital.com.ar\/blog\/wp-content\/uploads\/6451194082169ad3fd47476829ab16eaa8d5bd75.jpg?fit=1140%2C718&ssl=1&resize=1050%2C600 3x"},"classes":[]},{"id":13038,"url":"https:\/\/larevistadigital.com.ar\/blog\/se-renovaron-las-autoridades-de-la-sociedad-de-fomento-del-gallo-blanco\/","url_meta":{"origin":2895,"position":1},"title":"SE RENOVARON LAS AUTORIDADES DE LA SOCIEDAD DE FOMENTO DEL GALLO BLANCO","author":"Alejandro Sosa Ruda","date":"5 noviembre, 2019","format":false,"excerpt":"Se conoci\u00f3 ayer a trav\u00e9s del programa radial \u201cLa Primera Ma\u00f1ana\u201d que conduce Julio Giribaldi por FM Volver 95.3, sobre la renovaci\u00f3n de autoridades de la comisi\u00f3n de la Sociedad de Fomento del barrio Gallo Blanco. Cabe indicar que Dora Muscagorry continuar\u00e1 al frente de la entidad por otros dos\u2026","rel":"","context":"En \u00abINTERES GENERAL\u00bb","block_context":{"text":"INTERES GENERAL","link":"https:\/\/larevistadigital.com.ar\/blog\/category\/interes-general\/"},"img":{"alt_text":"","src":"https:\/\/i0.wp.com\/larevistadigital.com.ar\/blog\/wp-content\/uploads\/gallo_05denoviembrede2019_elfuerte.jpg?fit=737%2C415&ssl=1&resize=350%2C200","width":350,"height":200,"srcset":"https:\/\/i0.wp.com\/larevistadigital.com.ar\/blog\/wp-content\/uploads\/gallo_05denoviembrede2019_elfuerte.jpg?fit=737%2C415&ssl=1&resize=350%2C200 1x, https:\/\/i0.wp.com\/larevistadigital.com.ar\/blog\/wp-content\/uploads\/gallo_05denoviembrede2019_elfuerte.jpg?fit=737%2C415&ssl=1&resize=525%2C300 1.5x, https:\/\/i0.wp.com\/larevistadigital.com.ar\/blog\/wp-content\/uploads\/gallo_05denoviembrede2019_elfuerte.jpg?fit=737%2C415&ssl=1&resize=700%2C400 2x"},"classes":[]},{"id":10512,"url":"https:\/\/larevistadigital.com.ar\/blog\/nuevas-autoridades-en-la-sociedad-de-fomento-barrio-jardin\/","url_meta":{"origin":2895,"position":2},"title":"NUEVAS AUTORIDADES EN LA SOCIEDAD DE FOMENTO BARRIO JARD\u00cdN","author":"Alejandro Sosa Ruda","date":"9 junio, 2019","format":false,"excerpt":"Stella Maris Pietrantuono, flamante presidenta de la Sociedad de Fomento del Barrio Jard\u00edn, fue entrevistada en el programa \u201cLa Primera Ma\u00f1ana\u201d que conduce Julio Giribaldi por FM Volver 95.3. All\u00ed se mostr\u00f3 muy contenta por este nuevo desaf\u00edo, sosteniendo que ya est\u00e1n pensando en remodelaciones en el edificio, como en\u2026","rel":"","context":"En \u00abPOLITICA\u00bb","block_context":{"text":"POLITICA","link":"https:\/\/larevistadigital.com.ar\/blog\/category\/politica\/"},"img":{"alt_text":"","src":"https:\/\/i0.wp.com\/larevistadigital.com.ar\/blog\/wp-content\/uploads\/Screenshot_6.jpg?fit=1025%2C571&ssl=1&resize=350%2C200","width":350,"height":200,"srcset":"https:\/\/i0.wp.com\/larevistadigital.com.ar\/blog\/wp-content\/uploads\/Screenshot_6.jpg?fit=1025%2C571&ssl=1&resize=350%2C200 1x, https:\/\/i0.wp.com\/larevistadigital.com.ar\/blog\/wp-content\/uploads\/Screenshot_6.jpg?fit=1025%2C571&ssl=1&resize=525%2C300 1.5x, https:\/\/i0.wp.com\/larevistadigital.com.ar\/blog\/wp-content\/uploads\/Screenshot_6.jpg?fit=1025%2C571&ssl=1&resize=700%2C400 2x"},"classes":[]},{"id":3718,"url":"https:\/\/larevistadigital.com.ar\/blog\/chascomus-los-vecinos-lomas-altas-se-sienten-olvidados\/","url_meta":{"origin":2895,"position":3},"title":"CHASCOM\u00daS: LOS VECINOS DE \u00abLOMAS ALTAS\u00bb SE SIENTEN OLVIDADOS","author":"Alejandro Sosa Ruda","date":"6 noviembre, 2017","format":false,"excerpt":"La sociedad de fomento del Barrio Lomas Altas, emiti\u00f3 un comunicado que manifiesta su pesar por el estado de abandono en el que se sienten sumidos. No es la primera vez que quienes viven en ese barrio, dan a conocer la realidad que les toca vivir, y la actitud del\u2026","rel":"","context":"En \u00abCHASCOM\u00daS\u00bb","block_context":{"text":"CHASCOM\u00daS","link":"https:\/\/larevistadigital.com.ar\/blog\/category\/chascomus\/"},"img":{"alt_text":"","src":"https:\/\/i0.wp.com\/larevistadigital.com.ar\/blog\/wp-content\/uploads\/2017\/11\/1569871393.jpg?fit=650%2C394&ssl=1&resize=350%2C200","width":350,"height":200,"srcset":"https:\/\/i0.wp.com\/larevistadigital.com.ar\/blog\/wp-content\/uploads\/2017\/11\/1569871393.jpg?fit=650%2C394&ssl=1&resize=350%2C200 1x, https:\/\/i0.wp.com\/larevistadigital.com.ar\/blog\/wp-content\/uploads\/2017\/11\/1569871393.jpg?fit=650%2C394&ssl=1&resize=525%2C300 1.5x"},"classes":[]},{"id":161,"url":"https:\/\/larevistadigital.com.ar\/blog\/nueva-capacitacion-fomento-rural-productores-aplicadores\/","url_meta":{"origin":2895,"position":4},"title":"NUEVA CAPACITACION EN FOMENTO RURAL PARA PRODUCTORES Y APLICADORES","author":"editor","date":"12 febrero, 2017","format":false,"excerpt":"Ayer en la Sociedad de Fomento Rural, Gustavo Calvanese, Director de Fiscalizaci\u00f3n de Vegetal dependiente del Ministerio de Agroindustria de la Provincia \u00a0de Buenos Aires, realiz\u00f3 un encuentro con productores locales y aplicadores de fitosanitarios, para presentar la receta agron\u00f3mica obligatoria de sanidad vegetal como as\u00ed tambi\u00e9n capacitar a profesionales\u2026","rel":"","context":"En \u00abGENERAL BELGRANO\u00bb","block_context":{"text":"GENERAL BELGRANO","link":"https:\/\/larevistadigital.com.ar\/blog\/category\/general-belgrano\/"},"img":{"alt_text":"","src":"https:\/\/i0.wp.com\/larevistadigital.com.ar\/blog\/wp-content\/uploads\/2017\/02\/GB2.jpg?fit=680%2C365&ssl=1&resize=350%2C200","width":350,"height":200,"srcset":"https:\/\/i0.wp.com\/larevistadigital.com.ar\/blog\/wp-content\/uploads\/2017\/02\/GB2.jpg?fit=680%2C365&ssl=1&resize=350%2C200 1x, https:\/\/i0.wp.com\/larevistadigital.com.ar\/blog\/wp-content\/uploads\/2017\/02\/GB2.jpg?fit=680%2C365&ssl=1&resize=525%2C300 1.5x"},"classes":[]},{"id":6606,"url":"https:\/\/larevistadigital.com.ar\/blog\/chascomus-otorgan-subsidio-a-la-sociedad-de-fomento-de-la-noria\/","url_meta":{"origin":2895,"position":5},"title":"CHASCOM\u00daS: OTORGAN SUBSIDIO A LA SOCIEDAD DE FOMENTO DE LA NORIA","author":"Alejandro Sosa Ruda","date":"23 septiembre, 2018","format":false,"excerpt":"En una nota radial durante el programa \u201cTardes El Tr\u00e9bol\u201d que se emite por la FM \u201cRadio Uno\u201d 102.1, el periodista Alfredo Perona dialog\u00f3 con la presidente de la sociedad de fomento del barrio La Noria, Lorena Sierra en referencia a un subsidio que recibieron por parte del Municipio de\u2026","rel":"","context":"En \u00abPOLITICA\u00bb","block_context":{"text":"POLITICA","link":"https:\/\/larevistadigital.com.ar\/blog\/category\/politica\/"},"img":{"alt_text":"","src":"https:\/\/i0.wp.com\/larevistadigital.com.ar\/blog\/wp-content\/uploads\/2018\/09\/32540466_2117838951784170_7011318176944226304_o.jpg?fit=1200%2C900&ssl=1&resize=350%2C200","width":350,"height":200,"srcset":"https:\/\/i0.wp.com\/larevistadigital.com.ar\/blog\/wp-content\/uploads\/2018\/09\/32540466_2117838951784170_7011318176944226304_o.jpg?fit=1200%2C900&ssl=1&resize=350%2C200 1x, https:\/\/i0.wp.com\/larevistadigital.com.ar\/blog\/wp-content\/uploads\/2018\/09\/32540466_2117838951784170_7011318176944226304_o.jpg?fit=1200%2C900&ssl=1&resize=525%2C300 1.5x, https:\/\/i0.wp.com\/larevistadigital.com.ar\/blog\/wp-content\/uploads\/2018\/09\/32540466_2117838951784170_7011318176944226304_o.jpg?fit=1200%2C900&ssl=1&resize=700%2C400 2x, https:\/\/i0.wp.com\/larevistadigital.com.ar\/blog\/wp-content\/uploads\/2018\/09\/32540466_2117838951784170_7011318176944226304_o.jpg?fit=1200%2C900&ssl=1&resize=1050%2C600 3x"},"classes":[]}],"_links":{"self":[{"href":"https:\/\/larevistadigital.com.ar\/blog\/wp-json\/wp\/v2\/posts\/2895","targetHints":{"allow":["GET"]}}],"collection":[{"href":"https:\/\/larevistadigital.com.ar\/blog\/wp-json\/wp\/v2\/posts"}],"about":[{"href":"https:\/\/larevistadigital.com.ar\/blog\/wp-json\/wp\/v2\/types\/post"}],"author":[{"embeddable":true,"href":"https:\/\/larevistadigital.com.ar\/blog\/wp-json\/wp\/v2\/users\/1"}],"replies":[{"embeddable":true,"href":"https:\/\/larevistadigital.com.ar\/blog\/wp-json\/wp\/v2\/comments?post=2895"}],"version-history":[{"count":1,"href":"https:\/\/larevistadigital.com.ar\/blog\/wp-json\/wp\/v2\/posts\/2895\/revisions"}],"predecessor-version":[{"id":2897,"href":"https:\/\/larevistadigital.com.ar\/blog\/wp-json\/wp\/v2\/posts\/2895\/revisions\/2897"}],"wp:featuredmedia":[{"embeddable":true,"href":"https:\/\/larevistadigital.com.ar\/blog\/wp-json\/wp\/v2\/media\/2896"}],"wp:attachment":[{"href":"https:\/\/larevistadigital.com.ar\/blog\/wp-json\/wp\/v2\/media?parent=2895"}],"wp:term":[{"taxonomy":"category","embeddable":true,"href":"https:\/\/larevistadigital.com.ar\/blog\/wp-json\/wp\/v2\/categories?post=2895"},{"taxonomy":"post_tag","embeddable":true,"href":"https:\/\/larevistadigital.com.ar\/blog\/wp-json\/wp\/v2\/tags?post=2895"}],"curies":[{"name":"wp","href":"https:\/\/api.w.org\/{rel}","templated":true}]}}