{"id":29044,"date":"2022-11-25T11:45:32","date_gmt":"2022-11-25T11:45:32","guid":{"rendered":"https:\/\/larevistadigital.com.ar\/blog\/?p=29044"},"modified":"2022-11-25T11:46:36","modified_gmt":"2022-11-25T11:46:36","slug":"29044-2","status":"publish","type":"post","link":"https:\/\/larevistadigital.com.ar\/blog\/29044-2\/","title":{"rendered":"ESTO PAS\u00d3 UN D\u00cdA COMO HOY, 25 DE NOVIEMBRE&#8230;"},"content":{"rendered":"<p class=\"paragraph\">En un 25 de noviembre, pero de 1960, las hermanas Mirabal mueren asesinadas por el r\u00e9gimen del dictador Rafael Le\u00f3nicas Trujillo, en Rep\u00fablica Dominicana. La fecha fue elegida para conmemorar el D\u00eda Internacional de la Eliminaci\u00f3n de la Violencia contra la Mujer.<\/p>\n<p class=\"paragraph\"><strong><span style=\"color: #ff0000\">OTRAS EFEM\u00c9RIDES<\/span><\/strong><\/p>\n<p class=\"paragraph\">1491.- Se firma el acuerdo por el que Boabdil entregar\u00eda Granada a los Reyes Cat\u00f3licos, \u00faltimo episodio de la Reconquista. La rendici\u00f3n se hizo efectiva el 6 de enero de 1492.<\/p>\n<p class=\"paragraph\">1897.- En Espa\u00f1a, el Gobierno liberal de Pr\u00e1xedes Mateo Sagasta firma un decreto por el que concede la autonom\u00eda a Cuba y Puerto Rico.<\/p>\n<p class=\"paragraph\">1915.- Albert Einstein presenta la teor\u00eda de la relatividad ante la Academia Prusiana de las Ciencias.<\/p>\n<p class=\"paragraph\">1965.- El jefe de las Fuerzas Armadas congole\u00f1as, Joseph Mobutu, da un golpe de Estado y se hace con el poder.<\/p>\n<p class=\"paragraph\">1970.- Yukio Mishima, uno de los grandes escritores de Jap\u00f3n, se suicida haci\u00e9ndose el \u00abharakiri\u00bb.<\/p>\n<p class=\"paragraph\">1973.- Oficiales del Ej\u00e9rcito griego, mandados por el jefe de la Polic\u00eda Militar Dimitrios Ioannidis, derrocan el r\u00e9gimen de los coroneles.<\/p>\n<p class=\"paragraph\">1975.- Surinam se declara independiente de los Pa\u00edses Bajos.<\/p>\n<p class=\"paragraph\">1984.- El Partido Colorado gana las primeras elecciones democr\u00e1ticas en Uruguay tras once a\u00f1os de dictadura.<\/p>\n<p class=\"paragraph\">1986.- La UNESCO declara Patrimonio de la Humanidad las ciudades de Toledo y C\u00e1ceres, el conjunto monumental mud\u00e9jar de Teruel y el Parque Natural de Garajonay (todos en Espa\u00f1a).<\/p>\n<p class=\"paragraph\">1987.- El presidente de la URSS, Mijail Gorbachov, es galardonado con el premio Indira Gandhi de la Paz, en reconocimiento a sus propuestas para el desarme.<\/p>\n<p class=\"paragraph\">&#8211; El novelista mexicano Carlos Fuentes es galardonado con el premio Cervantes.<\/p>\n<p class=\"paragraph\">1988.- Mar\u00eda Zambrano gana el premio Cervantes de Literatura, convirti\u00e9ndose en la primera mujer que obtiene este galard\u00f3n.<\/p>\n<p class=\"paragraph\">1991.- Jap\u00f3n se adelanta al mundo y comienza a emitir la programaci\u00f3n regular de TV en alta definici\u00f3n (HDTV).<\/p>\n<p class=\"paragraph\">1996.- El dramaturgo Antonio Buero Vallejo es galardonado con el Premio Nacional de las Letras Espa\u00f1olas.<\/p>\n<p class=\"paragraph\">1998.- La C\u00e1mara de los Lores rechaza la inmunidad al general chileno Augusto Pinochet, por lo que podr\u00e1 ser procesado y extraditado.<\/p>\n<p class=\"paragraph\">1999.- El ni\u00f1o cubano Eli\u00e1n Gonz\u00e1lez es rescatado flotando sobre un neum\u00e1tico, tras naufragar la lancha en la que hu\u00edan hacia el estado de Florida, hecho que origin\u00f3 una crisis diplom\u00e1tica EEUU-Cuba.<\/p>\n<p class=\"paragraph\">2002.- Washington crea el Departamento de Seguridad nacional, un \u00absuperministerio\u00bb con la misi\u00f3n de combatir el terrorismo.<\/p>\n<p class=\"paragraph\">2013.- El oficialista Juan Orlando Hern\u00e1ndez gana las elecciones presidenciales en Honduras.<\/p>\n<p class=\"paragraph\">2017.- Miles de personas marchan en Espa\u00f1a en la mayor manifestaci\u00f3n contra la violencia machista y para reivindicar la protecci\u00f3n judicial de la mujer.<\/p>\n<p class=\"paragraph\">2019.- Aplastante triunfo del bloque prodem\u00f3crata en las elecciones locales de Hong Kong, tras las protestas previas registradas en esta ciudad china bajo administraci\u00f3n especial.<\/p>\n<p class=\"paragraph\">&#8211; El Tribunal Constitucional de Per\u00fa vota a favor de la liberaci\u00f3n de la l\u00edder opositora Keiko Fujimori, en prisi\u00f3n preventiva mientras se le investiga por un presunto lavado de activos.<\/p>\n<p class=\"paragraph\">2021.- Interpol elige como presidente a Ahmed Naser Al Raisi, general emirat\u00ed acusado de torturas.<\/p>\n<p class=\"paragraph\">&#8211; El escritor hispano-peruano Mario Vargas Llosa es elegido nuevo miembro de la Academia Francesa.<\/p>\n<p class=\"paragraph\"><strong><span style=\"color: #ff0000\">NACIMIENTOS<\/span><\/strong><\/p>\n<p class=\"paragraph\">1562.- F\u00e9lix Lope de Vega, dramaturgo y poeta espa\u00f1ol.<\/p>\n<p class=\"paragraph\">1845.- Jos\u00e9 Mar\u00eda d&#8217;Eca de Queiroz, novelista portugu\u00e9s.<\/p>\n<p class=\"paragraph\">1881.- Angelo Giuseppe Roncalli, Papa Juan XXIII.<\/p>\n<p class=\"paragraph\">1914.- Joe Dimaggio, jugador de Beisbol norteamericano, exmarido de Marilyn Monroe.<\/p>\n<p class=\"paragraph\">1915.- Augusto Pinochet, expresidente de Chile.<\/p>\n<p class=\"paragraph\">1951.- Arturo P\u00e9rez-Reverte, escritor y periodista espa\u00f1ol.<\/p>\n<p class=\"paragraph\">1953.- Manuel Hidalgo, periodista y escritor espa\u00f1ol.<\/p>\n<p class=\"paragraph\">1955.- \u00abRamonc\u00edn\u00bb (Jos\u00e9 Ram\u00f3n Mart\u00ednez), cantante espa\u00f1ol.<\/p>\n<p class=\"paragraph\">1960.- John F. Kennedy jr, abogado, hijo del asesinado presidente de EEUU.<\/p>\n<p class=\"paragraph\"><strong><span style=\"color: #ff0000\">DEFUNCIONES<\/span><\/strong><\/p>\n<p class=\"paragraph\">1560.- Andrea Doria, almirante y estadista genov\u00e9s.<\/p>\n<p class=\"paragraph\">1885.- Alfonso XII, rey de Espa\u00f1a.<\/p>\n<p class=\"paragraph\">1958.- Victor de la Serna y Espina, escritor y periodista espa\u00f1ol.<\/p>\n<p class=\"paragraph\">2016.- Fidel Castro, l\u00edder de la Revoluci\u00f3n y expresidente de Cuba.<\/p>\n<p class=\"paragraph\">2017.- Julio Cabrales, poeta nicarag\u00fcense.<\/p>\n<p class=\"paragraph\">2020.- Diego Armando Maradona, futbolista argentino.<\/p>\n","protected":false},"excerpt":{"rendered":"<div class=\"mh-excerpt\"><p>En un 25 de noviembre, pero de 1960, las hermanas Mirabal mueren asesinadas por el r\u00e9gimen del dictador Rafael Le\u00f3nicas Trujillo, en Rep\u00fablica Dominicana. La fecha fue elegida para conmemorar el D\u00eda Internacional de la <a class=\"mh-excerpt-more\" href=\"https:\/\/larevistadigital.com.ar\/blog\/29044-2\/\" title=\"ESTO PAS\u00d3 UN D\u00cdA COMO HOY, 25 DE NOVIEMBRE&#8230;\">[Leer M\u00e1s]<\/a><\/p>\n<\/div>","protected":false},"author":3,"featured_media":16747,"comment_status":"open","ping_status":"open","sticky":false,"template":"","format":"standard","meta":{"_jetpack_memberships_contains_paid_content":false,"footnotes":"","jetpack_publicize_message":"","jetpack_publicize_feature_enabled":true,"jetpack_social_post_already_shared":true,"jetpack_social_options":{"image_generator_settings":{"template":"highway","default_image_id":0,"font":"","enabled":false},"version":2}},"categories":[15],"tags":[],"class_list":{"0":"post-29044","1":"post","2":"type-post","3":"status-publish","4":"format-standard","5":"has-post-thumbnail","7":"category-cultura"},"jetpack_publicize_connections":[],"jetpack_featured_media_url":"https:\/\/i0.wp.com\/larevistadigital.com.ar\/blog\/wp-content\/uploads\/LOGO-EFEMERIDES.jpg?fit=1268%2C664&ssl=1","jetpack_sharing_enabled":true,"jetpack_shortlink":"https:\/\/wp.me\/p8qtrQ-7ys","jetpack-related-posts":[{"id":42474,"url":"https:\/\/larevistadigital.com.ar\/blog\/chascomus-este-lunes-y-martes-se-realizara-un-nuevo-operativo-gratuito-de-renovacion-de-dni\/","url_meta":{"origin":29044,"position":0},"title":"Chascom\u00fas: Este lunes y martes se realizar\u00e1 un nuevo operativo gratuito de renovaci\u00f3n de DNI","author":"Alejandro Sosa Ruda","date":"14 noviembre, 2025","format":false,"excerpt":"Ser\u00e1 en la Plaza Independencia, frente a la Municipalidad, y se sumar\u00e1n iglesias, clubes locales y entidades sociales. 14 de Noviembre de 2025 CHASCOM\u00daS -\u00a0 \u00a0El pr\u00f3ximo lunes 17 y el martes 18 de noviembre, se llevar\u00e1 a cabo un nuevo operativo especial dedicado a la renovaci\u00f3n del Documento Nacional\u2026","rel":"","context":"En \u00abCHASCOM\u00daS\u00bb","block_context":{"text":"CHASCOM\u00daS","link":"https:\/\/larevistadigital.com.ar\/blog\/category\/chascomus\/"},"img":{"alt_text":"","src":"https:\/\/i0.wp.com\/larevistadigital.com.ar\/blog\/wp-content\/uploads\/69176d86ada62.png?fit=668%2C445&ssl=1&resize=350%2C200","width":350,"height":200,"srcset":"https:\/\/i0.wp.com\/larevistadigital.com.ar\/blog\/wp-content\/uploads\/69176d86ada62.png?fit=668%2C445&ssl=1&resize=350%2C200 1x, https:\/\/i0.wp.com\/larevistadigital.com.ar\/blog\/wp-content\/uploads\/69176d86ada62.png?fit=668%2C445&ssl=1&resize=525%2C300 1.5x"},"classes":[]},{"id":4063,"url":"https:\/\/larevistadigital.com.ar\/blog\/gaston-dice-pagan-noviembre-no-saben-diciembre-medio-aguinaldo\/","url_meta":{"origin":29044,"position":1},"title":"Gast\u00f3n dice que pagan noviembre, pero no saben si diciembre y el medio aguinaldo","author":"admin","date":"27 noviembre, 2017","format":false,"excerpt":"Jugar con el coraz\u00f3n del empleado Tras las declaraciones de Facundo\u2008Alfons\u00edn, quien gener\u00f3 preocupaci\u00f3n entre los empleados municipales, el intendente afirm\u00f3 que finalmente el salario de noviembre est\u00e1 garantizado. Pero no fue tan categ\u00f3rico el jefe comunal al referirse al medio aguinaldo y el sueldo de diciembre, que debe abonarse\u2026","rel":"","context":"En \u00abPOLITICA\u00bb","block_context":{"text":"POLITICA","link":"https:\/\/larevistadigital.com.ar\/blog\/category\/politica\/"},"img":{"alt_text":"","src":"https:\/\/i0.wp.com\/larevistadigital.com.ar\/blog\/wp-content\/uploads\/2017\/11\/gaston_27denoviembrede2017_elfuerte-1.jpg?fit=737%2C415&ssl=1&resize=350%2C200","width":350,"height":200,"srcset":"https:\/\/i0.wp.com\/larevistadigital.com.ar\/blog\/wp-content\/uploads\/2017\/11\/gaston_27denoviembrede2017_elfuerte-1.jpg?fit=737%2C415&ssl=1&resize=350%2C200 1x, https:\/\/i0.wp.com\/larevistadigital.com.ar\/blog\/wp-content\/uploads\/2017\/11\/gaston_27denoviembrede2017_elfuerte-1.jpg?fit=737%2C415&ssl=1&resize=525%2C300 1.5x, https:\/\/i0.wp.com\/larevistadigital.com.ar\/blog\/wp-content\/uploads\/2017\/11\/gaston_27denoviembrede2017_elfuerte-1.jpg?fit=737%2C415&ssl=1&resize=700%2C400 2x"},"classes":[]},{"id":27666,"url":"https:\/\/larevistadigital.com.ar\/blog\/bonos-de-anses-que-extras-se-pagan-en-octubre-noviembre-y-diciembre\/","url_meta":{"origin":29044,"position":2},"title":"BONOS DE ANS\u00c9S: \u00bfQU\u00c9 EXTRAS SE PAGAN EN OCTUBRE, NOVIEMBRE Y DICIEMBRE?","author":"Alejandro Sosa Ruda","date":"11 septiembre, 2022","format":false,"excerpt":"El organismo pagar\u00e1 bonos a varios grupos de beneficiarios, junto a los aumentos correspondientes para jubilados, pensionados y asignaciones familiares. 11 de septiembre de 2022 La Administraci\u00f3n Nacional de la Seguridad Social (ANSES) otorgar\u00e1 varios bonos extraordinarios durante los pr\u00f3ximos meses, en los que tambi\u00e9n abonar\u00e1 los aumentos previstos tanto\u2026","rel":"","context":"En \u00abSin categor\u00eda\u00bb","block_context":{"text":"Sin categor\u00eda","link":"https:\/\/larevistadigital.com.ar\/blog\/category\/sin-categoria\/"},"img":{"alt_text":"","src":"","width":0,"height":0},"classes":[]},{"id":39924,"url":"https:\/\/larevistadigital.com.ar\/blog\/estafa-millonaria-firma-con-sede-en-pinto-y-coronel-granada-compro-mil-vacas-con-cheques-sin-fondos\/","url_meta":{"origin":29044,"position":3},"title":"Estafa millonaria: Firma con sede en Pinto y Coronel Granada compr\u00f3 mil vacas con cheques sin fondos","author":"Alejandro Sosa Ruda","date":"29 mayo, 2025","format":false,"excerpt":"Una importante empresa ganadera del norte pampeano fue v\u00edctima de una presunta estafa por parte de una sociedad an\u00f3nima con sede en General Pinto y Coronel Granada (provincia de Buenos Aires), que habr\u00eda adquirido cerca de mil cabezas de ganado utilizando cheques electr\u00f3nicos que finalmente fueron rechazados por falta de\u2026","rel":"","context":"En \u00abINTERES GENERAL\u00bb","block_context":{"text":"INTERES GENERAL","link":"https:\/\/larevistadigital.com.ar\/blog\/category\/interes-general\/"},"img":{"alt_text":"","src":"https:\/\/i0.wp.com\/larevistadigital.com.ar\/blog\/wp-content\/uploads\/20250528170325_estafa-millonaria-vacunos-cheques-general-pinto-apn.jpg?fit=880%2C512&ssl=1&resize=350%2C200","width":350,"height":200,"srcset":"https:\/\/i0.wp.com\/larevistadigital.com.ar\/blog\/wp-content\/uploads\/20250528170325_estafa-millonaria-vacunos-cheques-general-pinto-apn.jpg?fit=880%2C512&ssl=1&resize=350%2C200 1x, https:\/\/i0.wp.com\/larevistadigital.com.ar\/blog\/wp-content\/uploads\/20250528170325_estafa-millonaria-vacunos-cheques-general-pinto-apn.jpg?fit=880%2C512&ssl=1&resize=525%2C300 1.5x, https:\/\/i0.wp.com\/larevistadigital.com.ar\/blog\/wp-content\/uploads\/20250528170325_estafa-millonaria-vacunos-cheques-general-pinto-apn.jpg?fit=880%2C512&ssl=1&resize=700%2C400 2x"},"classes":[]},{"id":28844,"url":"https:\/\/larevistadigital.com.ar\/blog\/esto-paso-un-dia-como-hoy-10-de-noviembre\/","url_meta":{"origin":29044,"position":4},"title":"ESTO PAS\u00d3 UN D\u00cdA COMO HOY, 10 DE NOVIEMBRE&#8230;","author":"Alejandro Sosa Ruda","date":"10 noviembre, 2022","format":false,"excerpt":"En un 10 de noviembre, pero de 2019, Evo Morales confirma que deja la Presidencia de Bolivia, despu\u00e9s de 14 a\u00f1os en el poder, a causa de un \"golpe c\u00edvico, pol\u00edtico y policial\", seg\u00fan sus palabras. Al d\u00eda siguiente acepta el asilo ofrecido por M\u00e9xico. 10 de noviembre de 2022\u2026","rel":"","context":"En \u00abCULTURA\u00bb","block_context":{"text":"CULTURA","link":"https:\/\/larevistadigital.com.ar\/blog\/category\/cultura\/"},"img":{"alt_text":"","src":"https:\/\/i0.wp.com\/larevistadigital.com.ar\/blog\/wp-content\/uploads\/LOGO-EFEMERIDES.jpg?fit=1200%2C628&ssl=1&resize=350%2C200","width":350,"height":200,"srcset":"https:\/\/i0.wp.com\/larevistadigital.com.ar\/blog\/wp-content\/uploads\/LOGO-EFEMERIDES.jpg?fit=1200%2C628&ssl=1&resize=350%2C200 1x, https:\/\/i0.wp.com\/larevistadigital.com.ar\/blog\/wp-content\/uploads\/LOGO-EFEMERIDES.jpg?fit=1200%2C628&ssl=1&resize=525%2C300 1.5x, https:\/\/i0.wp.com\/larevistadigital.com.ar\/blog\/wp-content\/uploads\/LOGO-EFEMERIDES.jpg?fit=1200%2C628&ssl=1&resize=700%2C400 2x, https:\/\/i0.wp.com\/larevistadigital.com.ar\/blog\/wp-content\/uploads\/LOGO-EFEMERIDES.jpg?fit=1200%2C628&ssl=1&resize=1050%2C600 3x"},"classes":[]},{"id":34286,"url":"https:\/\/larevistadigital.com.ar\/blog\/netflix-todas-las-pelis-que-se-estrenan-en-noviembre\/","url_meta":{"origin":29044,"position":5},"title":"NETFLIX: \u00a1TODAS LAS PELIS QUE SE ESTRENAN EN NOVIEMBRE!","author":"Alejandro Sosa Ruda","date":"31 octubre, 2023","format":false,"excerpt":"Aqu\u00ed te brindamos una recopilaci\u00f3n de lo que se viene en NETFLIX para el pr\u00f3ximo m\u00e9s de Noviembre. 31 de Octubre de 2023 Uno de los films que los usuarios podr\u00e1n disfrutar en el ante\u00faltimo mes del 2023 ser\u00e1\u00a0R\u00e1pidos y Furiosos 9, la continuaci\u00f3n de la saga de autom\u00f3viles y\u2026","rel":"","context":"En \u00abINTERES GENERAL\u00bb","block_context":{"text":"INTERES GENERAL","link":"https:\/\/larevistadigital.com.ar\/blog\/category\/interes-general\/"},"img":{"alt_text":"","src":"https:\/\/i0.wp.com\/larevistadigital.com.ar\/blog\/wp-content\/uploads\/stock-photo-portrait-of-smiling-casual-man.jpg?fit=608%2C406&ssl=1&resize=350%2C200","width":350,"height":200,"srcset":"https:\/\/i0.wp.com\/larevistadigital.com.ar\/blog\/wp-content\/uploads\/stock-photo-portrait-of-smiling-casual-man.jpg?fit=608%2C406&ssl=1&resize=350%2C200 1x, https:\/\/i0.wp.com\/larevistadigital.com.ar\/blog\/wp-content\/uploads\/stock-photo-portrait-of-smiling-casual-man.jpg?fit=608%2C406&ssl=1&resize=525%2C300 1.5x"},"classes":[]}],"_links":{"self":[{"href":"https:\/\/larevistadigital.com.ar\/blog\/wp-json\/wp\/v2\/posts\/29044","targetHints":{"allow":["GET"]}}],"collection":[{"href":"https:\/\/larevistadigital.com.ar\/blog\/wp-json\/wp\/v2\/posts"}],"about":[{"href":"https:\/\/larevistadigital.com.ar\/blog\/wp-json\/wp\/v2\/types\/post"}],"author":[{"embeddable":true,"href":"https:\/\/larevistadigital.com.ar\/blog\/wp-json\/wp\/v2\/users\/3"}],"replies":[{"embeddable":true,"href":"https:\/\/larevistadigital.com.ar\/blog\/wp-json\/wp\/v2\/comments?post=29044"}],"version-history":[{"count":2,"href":"https:\/\/larevistadigital.com.ar\/blog\/wp-json\/wp\/v2\/posts\/29044\/revisions"}],"predecessor-version":[{"id":29046,"href":"https:\/\/larevistadigital.com.ar\/blog\/wp-json\/wp\/v2\/posts\/29044\/revisions\/29046"}],"wp:featuredmedia":[{"embeddable":true,"href":"https:\/\/larevistadigital.com.ar\/blog\/wp-json\/wp\/v2\/media\/16747"}],"wp:attachment":[{"href":"https:\/\/larevistadigital.com.ar\/blog\/wp-json\/wp\/v2\/media?parent=29044"}],"wp:term":[{"taxonomy":"category","embeddable":true,"href":"https:\/\/larevistadigital.com.ar\/blog\/wp-json\/wp\/v2\/categories?post=29044"},{"taxonomy":"post_tag","embeddable":true,"href":"https:\/\/larevistadigital.com.ar\/blog\/wp-json\/wp\/v2\/tags?post=29044"}],"curies":[{"name":"wp","href":"https:\/\/api.w.org\/{rel}","templated":true}]}}