{"id":29047,"date":"2022-11-25T12:59:05","date_gmt":"2022-11-25T12:59:05","guid":{"rendered":"https:\/\/larevistadigital.com.ar\/blog\/?p=29047"},"modified":"2022-11-25T12:59:05","modified_gmt":"2022-11-25T12:59:05","slug":"elecciones-bancarias-comunicado-de-las-autoridades-de-chascomus-felicitando-a-la-lista-ganadora","status":"publish","type":"post","link":"https:\/\/larevistadigital.com.ar\/blog\/elecciones-bancarias-comunicado-de-las-autoridades-de-chascomus-felicitando-a-la-lista-ganadora\/","title":{"rendered":"ELECCIONES BANCARIAS: COMUNICADO DE LAS AUTORIDADES DE CHASCOM\u00daS, FELICITANDO A LA LISTA GANADORA"},"content":{"rendered":"<h2>Ayer mismo nos hicieron llegar el comunicado, que como de costumbre demuestra el esp\u00edritu democr\u00e1tico de Rodr\u00edguez y Messina, que culminan una excelente gesti\u00f3n signada por hechos concretos y pluralismo.<\/h2>\n<p>25 de Noviembre de 2022<\/p>\n<p>Como no pod\u00eda ser de otra manera, <strong>Francisco Rodriguez<\/strong> y <strong>Andr\u00e9s Messina<\/strong>, Secretario General y Secretario Adjunto y apoderado de la lista 1 respectivamente, hicieron p\u00fablico un comunicado en referencia al acto eleccionario realizado el d\u00eda de ayer, donde de manera transparente y democr\u00e1tica los afiliados emitieron su voto.<\/p>\n<blockquote>\n<h3>As\u00ed, los dirigentes oficialistas reconocieron la derrota y agradecieron a todos los afiliados por su comportamiento y el apoyo de quienes sufragaron en su favor.<\/h3>\n<\/blockquote>\n<p>Tambi\u00e9n, hicieron llegar las felicitaciones a la lista ganadora, que comandar\u00e1 la Seccional Chascom\u00fas a partir del 2023.<\/p>\n<p style=\"text-align: center\"><span style=\"color: #ff0000\"><strong>EL COMUNICADO<\/strong><\/span><\/p>\n<p><img data-recalc-dims=\"1\" loading=\"lazy\" decoding=\"async\" class=\"alignnone size-full wp-image-29048\" src=\"https:\/\/i0.wp.com\/larevistadigital.com.ar\/blog\/wp-content\/uploads\/WhatsApp-Image-2022-11-24-at-21.04.13.jpeg?resize=1080%2C1080&#038;ssl=1\" alt=\"\" width=\"1080\" height=\"1080\" srcset=\"https:\/\/i0.wp.com\/larevistadigital.com.ar\/blog\/wp-content\/uploads\/WhatsApp-Image-2022-11-24-at-21.04.13.jpeg?w=1080&amp;ssl=1 1080w, https:\/\/i0.wp.com\/larevistadigital.com.ar\/blog\/wp-content\/uploads\/WhatsApp-Image-2022-11-24-at-21.04.13.jpeg?resize=300%2C300&amp;ssl=1 300w, https:\/\/i0.wp.com\/larevistadigital.com.ar\/blog\/wp-content\/uploads\/WhatsApp-Image-2022-11-24-at-21.04.13.jpeg?resize=1024%2C1024&amp;ssl=1 1024w, https:\/\/i0.wp.com\/larevistadigital.com.ar\/blog\/wp-content\/uploads\/WhatsApp-Image-2022-11-24-at-21.04.13.jpeg?resize=150%2C150&amp;ssl=1 150w, https:\/\/i0.wp.com\/larevistadigital.com.ar\/blog\/wp-content\/uploads\/WhatsApp-Image-2022-11-24-at-21.04.13.jpeg?resize=768%2C768&amp;ssl=1 768w\" sizes=\"auto, (max-width: 1000px) 100vw, 1000px\" \/><\/p>\n<p>&nbsp;<\/p>\n","protected":false},"excerpt":{"rendered":"<div class=\"mh-excerpt\"><p>Ayer mismo nos hicieron llegar el comunicado, que como de costumbre demuestra el esp\u00edritu democr\u00e1tico de Rodr\u00edguez y Messina, que culminan una excelente gesti\u00f3n signada por hechos concretos y pluralismo. 25 de Noviembre de 2022 <a class=\"mh-excerpt-more\" href=\"https:\/\/larevistadigital.com.ar\/blog\/elecciones-bancarias-comunicado-de-las-autoridades-de-chascomus-felicitando-a-la-lista-ganadora\/\" title=\"ELECCIONES BANCARIAS: COMUNICADO DE LAS AUTORIDADES DE CHASCOM\u00daS, FELICITANDO A LA LISTA GANADORA\">[Leer M\u00e1s]<\/a><\/p>\n<\/div>","protected":false},"author":3,"featured_media":2127,"comment_status":"open","ping_status":"open","sticky":false,"template":"","format":"standard","meta":{"_jetpack_memberships_contains_paid_content":false,"footnotes":"","jetpack_publicize_message":"","jetpack_publicize_feature_enabled":true,"jetpack_social_post_already_shared":true,"jetpack_social_options":{"image_generator_settings":{"template":"highway","default_image_id":0,"font":"","enabled":false},"version":2}},"categories":[6],"tags":[],"class_list":{"0":"post-29047","1":"post","2":"type-post","3":"status-publish","4":"format-standard","5":"has-post-thumbnail","7":"category-chascomus"},"jetpack_publicize_connections":[],"jetpack_featured_media_url":"https:\/\/i0.wp.com\/larevistadigital.com.ar\/blog\/wp-content\/uploads\/2017\/04\/tema_Asociacion_Bancaria030816930711.jpg?fit=960%2C460&ssl=1","jetpack_sharing_enabled":true,"jetpack_shortlink":"https:\/\/wp.me\/p8qtrQ-7yv","jetpack-related-posts":[{"id":28618,"url":"https:\/\/larevistadigital.com.ar\/blog\/bancarios-contundente-comunicado-del-apoderado-de-la-lista-1-tras-los-infames-panfletos-que-ensuciaron-chascomus\/","url_meta":{"origin":29047,"position":0},"title":"BANCARIOS: CONTUNDENTE COMUNICADO DEL APODERADO DE LA LISTA 1, TRAS LOS INFAMES  PANFLETOS QUE ENSUCIARON CHASCOM\u00daS","author":"Alejandro Sosa Ruda","date":"26 octubre, 2022","format":false,"excerpt":"Luego de la \"panfleteada\" llevada a cabo de manera cobarde en la ciudad, Andr\u00e9s Messina, dirigente bancario y apoderado de la Lista agredida hizo llegar un comunicado donde se expresa al respecto. 26 de octubre de 2022 EL COMUNICADO","rel":"","context":"En \u00abDESTACADAS\u00bb","block_context":{"text":"DESTACADAS","link":"https:\/\/larevistadigital.com.ar\/blog\/category\/destacadas\/"},"img":{"alt_text":"","src":"https:\/\/i0.wp.com\/larevistadigital.com.ar\/blog\/wp-content\/uploads\/REPUDIO-2.jpg?fit=960%2C1061&ssl=1&resize=350%2C200","width":350,"height":200,"srcset":"https:\/\/i0.wp.com\/larevistadigital.com.ar\/blog\/wp-content\/uploads\/REPUDIO-2.jpg?fit=960%2C1061&ssl=1&resize=350%2C200 1x, https:\/\/i0.wp.com\/larevistadigital.com.ar\/blog\/wp-content\/uploads\/REPUDIO-2.jpg?fit=960%2C1061&ssl=1&resize=525%2C300 1.5x, https:\/\/i0.wp.com\/larevistadigital.com.ar\/blog\/wp-content\/uploads\/REPUDIO-2.jpg?fit=960%2C1061&ssl=1&resize=700%2C400 2x"},"classes":[]},{"id":4579,"url":"https:\/\/larevistadigital.com.ar\/blog\/chascomus-fuerte-enojo-afiliados-bancarios-la-participacion-del-secretario-general-local-la-asamblea-aprobo-la-suba-tasas\/","url_meta":{"origin":29047,"position":1},"title":"CHASCOM\u00daS: FUERTE ENOJO DE AFILIADOS BANCARIOS, POR LA PARTICIPACI\u00d3N DEL SECRETARIO GENERAL LOCAL EN LA ASAMBLEA QUE APROB\u00d3 LA SUBA DE TASAS","author":"Alejandro Sosa Ruda","date":"19 enero, 2018","format":false,"excerpt":"Recibimos en nuestra redacci\u00f3n varios mensajes de empleados bancarios, haciendo notar una situaci\u00f3n, como m\u00ednimo extra\u00f1a que, para los afiliados a la Asociaci\u00f3n Bancaria, no ha pasado para nada desapercibida. El tenor de los mensajes y whats app recibidos, hace saber la molestia que ocasion\u00f3 entre el personal de algunos\u2026","rel":"","context":"En \u00abGREMIALES\u00bb","block_context":{"text":"GREMIALES","link":"https:\/\/larevistadigital.com.ar\/blog\/category\/gremiales\/"},"img":{"alt_text":"","src":"https:\/\/i0.wp.com\/larevistadigital.com.ar\/blog\/wp-content\/uploads\/2018\/01\/1907493_865154793573596_3130891691896850856_n.jpg?fit=960%2C960&ssl=1&resize=350%2C200","width":350,"height":200,"srcset":"https:\/\/i0.wp.com\/larevistadigital.com.ar\/blog\/wp-content\/uploads\/2018\/01\/1907493_865154793573596_3130891691896850856_n.jpg?fit=960%2C960&ssl=1&resize=350%2C200 1x, https:\/\/i0.wp.com\/larevistadigital.com.ar\/blog\/wp-content\/uploads\/2018\/01\/1907493_865154793573596_3130891691896850856_n.jpg?fit=960%2C960&ssl=1&resize=525%2C300 1.5x, https:\/\/i0.wp.com\/larevistadigital.com.ar\/blog\/wp-content\/uploads\/2018\/01\/1907493_865154793573596_3130891691896850856_n.jpg?fit=960%2C960&ssl=1&resize=700%2C400 2x"},"classes":[]},{"id":23721,"url":"https:\/\/larevistadigital.com.ar\/blog\/incluye-galeria-de-fotos-la-bancaria-de-chascomus-nuevo-sum-para-un-gremio-ejemplar\/","url_meta":{"origin":29047,"position":2},"title":"[INCLUYE GALER\u00cdA DE FOTOS] LA BANCARIA DE CHASCOM\u00daS, NUEVO SUM PARA UN GREMIO EJEMPLAR","author":"Alejandro Sosa Ruda","date":"1 febrero, 2022","format":false,"excerpt":"CHASCOM\u00daS -\u00a0\u00a0Luego del azote de una pandemia que ha afectado a todo y todos de alguna u otra manera, el sindicato de los empleados bancarios, La Bancaria, sigue dando muestras de gesti\u00f3n, y esto se refleja en las distintas sedes que posee a lo ancho y largo de todo el\u2026","rel":"","context":"En \u00abDESTACADAS\u00bb","block_context":{"text":"DESTACADAS","link":"https:\/\/larevistadigital.com.ar\/blog\/category\/destacadas\/"},"img":{"alt_text":"","src":"https:\/\/i0.wp.com\/larevistadigital.com.ar\/blog\/wp-content\/uploads\/WhatsApp-Image-2022-01-31-at-11.07.58-1.jpeg?fit=1200%2C894&ssl=1&resize=350%2C200","width":350,"height":200,"srcset":"https:\/\/i0.wp.com\/larevistadigital.com.ar\/blog\/wp-content\/uploads\/WhatsApp-Image-2022-01-31-at-11.07.58-1.jpeg?fit=1200%2C894&ssl=1&resize=350%2C200 1x, https:\/\/i0.wp.com\/larevistadigital.com.ar\/blog\/wp-content\/uploads\/WhatsApp-Image-2022-01-31-at-11.07.58-1.jpeg?fit=1200%2C894&ssl=1&resize=525%2C300 1.5x, https:\/\/i0.wp.com\/larevistadigital.com.ar\/blog\/wp-content\/uploads\/WhatsApp-Image-2022-01-31-at-11.07.58-1.jpeg?fit=1200%2C894&ssl=1&resize=700%2C400 2x, https:\/\/i0.wp.com\/larevistadigital.com.ar\/blog\/wp-content\/uploads\/WhatsApp-Image-2022-01-31-at-11.07.58-1.jpeg?fit=1200%2C894&ssl=1&resize=1050%2C600 3x"},"classes":[]},{"id":28946,"url":"https:\/\/larevistadigital.com.ar\/blog\/andres-messina-dirigente-bancario-no-es-a-partir-de-las-elecciones-que-empezamos-a-caminar-y-preocuparnos-por-los-bancos\/","url_meta":{"origin":29047,"position":3},"title":"ANDR\u00c9S MESSINA: LOS BANCARIOS NO QUIEREN DIRIGENTES QUE USEN EL GREMIO CON FINES POL\u00cdTICOS\u00bb","author":"Alejandro Sosa Ruda","date":"22 noviembre, 2022","format":false,"excerpt":"El Secretario Adjunto y candidato por la lista 1, Celeste y Blanca no se guard\u00f3 nada, cont\u00f3 porqu\u00e9 hay internas, y habl\u00f3 de los antecedentes de la otra lista. 22 de noviembre de 2022 CHASCOM\u00daS -\u00a0 La Revista Digital mantuvo un interesante di\u00e1logo con el Secretario Adjunto de la Asociaci\u00f3n\u2026","rel":"","context":"En \u00abGREMIALES\u00bb","block_context":{"text":"GREMIALES","link":"https:\/\/larevistadigital.com.ar\/blog\/category\/gremiales\/"},"img":{"alt_text":"","src":"https:\/\/i0.wp.com\/larevistadigital.com.ar\/blog\/wp-content\/uploads\/andres-messina-2-scaled.jpg?fit=900%2C1200&ssl=1&resize=350%2C200","width":350,"height":200,"srcset":"https:\/\/i0.wp.com\/larevistadigital.com.ar\/blog\/wp-content\/uploads\/andres-messina-2-scaled.jpg?fit=900%2C1200&ssl=1&resize=350%2C200 1x, https:\/\/i0.wp.com\/larevistadigital.com.ar\/blog\/wp-content\/uploads\/andres-messina-2-scaled.jpg?fit=900%2C1200&ssl=1&resize=525%2C300 1.5x, https:\/\/i0.wp.com\/larevistadigital.com.ar\/blog\/wp-content\/uploads\/andres-messina-2-scaled.jpg?fit=900%2C1200&ssl=1&resize=700%2C400 2x"},"classes":[]},{"id":40537,"url":"https:\/\/larevistadigital.com.ar\/blog\/chascomus-la-lista-completa-que-competira-de-la-libertad-avanza\/","url_meta":{"origin":29047,"position":4},"title":"Chascom\u00fas: La lista completa que competir\u00e1 de La Libertad Avanza","author":"Alejandro Sosa Ruda","date":"19 julio, 2025","format":false,"excerpt":"Desde La Libertad avanza, nos hicieron llegar un comunicado de prensa, donde informan la conformaci\u00f3n de la lista que competir\u00e1 en Chascom\u00fas, en las elecciones de Septiembre pr\u00f3ximo. A continuaci\u00f3n la reproducimos: COMUNICADO OFICIAL La Libertad Avanza Chascom\u00fas tiene el agrado de comunicar la lista que competir\u00e1 en las elecciones\u2026","rel":"","context":"En \u00abCHASCOM\u00daS\u00bb","block_context":{"text":"CHASCOM\u00daS","link":"https:\/\/larevistadigital.com.ar\/blog\/category\/chascomus\/"},"img":{"alt_text":"","src":"https:\/\/i0.wp.com\/larevistadigital.com.ar\/blog\/wp-content\/uploads\/LLA.jpg?fit=712%2C412&ssl=1&resize=350%2C200","width":350,"height":200,"srcset":"https:\/\/i0.wp.com\/larevistadigital.com.ar\/blog\/wp-content\/uploads\/LLA.jpg?fit=712%2C412&ssl=1&resize=350%2C200 1x, https:\/\/i0.wp.com\/larevistadigital.com.ar\/blog\/wp-content\/uploads\/LLA.jpg?fit=712%2C412&ssl=1&resize=525%2C300 1.5x, https:\/\/i0.wp.com\/larevistadigital.com.ar\/blog\/wp-content\/uploads\/LLA.jpg?fit=712%2C412&ssl=1&resize=700%2C400 2x"},"classes":[]},{"id":5476,"url":"https:\/\/larevistadigital.com.ar\/blog\/chascomus-comunicado-de-la-comision-directiva-de-la-cicop\/","url_meta":{"origin":29047,"position":5},"title":"CHASCOM\u00daS: COMUNICADO DE LA COMISI\u00d3N DIRECTIVA DE LA CICOP","author":"Alejandro Sosa Ruda","date":"15 abril, 2018","format":false,"excerpt":"En el d\u00eda de ayer, 14\/4\/18, la CICOP, Seccional Chascom\u00fas emiti\u00f3 un nuevo comunicado, poniendo en conocimiento de la sociedad, algunas inquietudes y el contenido de una reuni\u00f3n que mantuvieron con algunas autoridades del hospital municipal. Aqu\u00ed reproducimos el texto completo del comunicado: En el d\u00eda de ayer se llev\u00f3\u2026","rel":"","context":"En \u00abCHASCOM\u00daS\u00bb","block_context":{"text":"CHASCOM\u00daS","link":"https:\/\/larevistadigital.com.ar\/blog\/category\/chascomus\/"},"img":{"alt_text":"","src":"https:\/\/i0.wp.com\/larevistadigital.com.ar\/blog\/wp-content\/uploads\/2018\/01\/CICOP-MESA-CALLE.jpg?fit=650%2C488&ssl=1&resize=350%2C200","width":350,"height":200,"srcset":"https:\/\/i0.wp.com\/larevistadigital.com.ar\/blog\/wp-content\/uploads\/2018\/01\/CICOP-MESA-CALLE.jpg?fit=650%2C488&ssl=1&resize=350%2C200 1x, https:\/\/i0.wp.com\/larevistadigital.com.ar\/blog\/wp-content\/uploads\/2018\/01\/CICOP-MESA-CALLE.jpg?fit=650%2C488&ssl=1&resize=525%2C300 1.5x"},"classes":[]}],"_links":{"self":[{"href":"https:\/\/larevistadigital.com.ar\/blog\/wp-json\/wp\/v2\/posts\/29047","targetHints":{"allow":["GET"]}}],"collection":[{"href":"https:\/\/larevistadigital.com.ar\/blog\/wp-json\/wp\/v2\/posts"}],"about":[{"href":"https:\/\/larevistadigital.com.ar\/blog\/wp-json\/wp\/v2\/types\/post"}],"author":[{"embeddable":true,"href":"https:\/\/larevistadigital.com.ar\/blog\/wp-json\/wp\/v2\/users\/3"}],"replies":[{"embeddable":true,"href":"https:\/\/larevistadigital.com.ar\/blog\/wp-json\/wp\/v2\/comments?post=29047"}],"version-history":[{"count":1,"href":"https:\/\/larevistadigital.com.ar\/blog\/wp-json\/wp\/v2\/posts\/29047\/revisions"}],"predecessor-version":[{"id":29049,"href":"https:\/\/larevistadigital.com.ar\/blog\/wp-json\/wp\/v2\/posts\/29047\/revisions\/29049"}],"wp:featuredmedia":[{"embeddable":true,"href":"https:\/\/larevistadigital.com.ar\/blog\/wp-json\/wp\/v2\/media\/2127"}],"wp:attachment":[{"href":"https:\/\/larevistadigital.com.ar\/blog\/wp-json\/wp\/v2\/media?parent=29047"}],"wp:term":[{"taxonomy":"category","embeddable":true,"href":"https:\/\/larevistadigital.com.ar\/blog\/wp-json\/wp\/v2\/categories?post=29047"},{"taxonomy":"post_tag","embeddable":true,"href":"https:\/\/larevistadigital.com.ar\/blog\/wp-json\/wp\/v2\/tags?post=29047"}],"curies":[{"name":"wp","href":"https:\/\/api.w.org\/{rel}","templated":true}]}}