{"id":29066,"date":"2022-11-25T16:57:40","date_gmt":"2022-11-25T16:57:40","guid":{"rendered":"https:\/\/larevistadigital.com.ar\/blog\/?p=29066"},"modified":"2022-11-25T16:57:40","modified_gmt":"2022-11-25T16:57:40","slug":"qatar-2022-scaloni-dijo-a-la-gente-le-pido-que-confie","status":"publish","type":"post","link":"https:\/\/larevistadigital.com.ar\/blog\/qatar-2022-scaloni-dijo-a-la-gente-le-pido-que-confie\/","title":{"rendered":"QATAR 2022: SCALONI DIJO \u00abA LA GENTE, LE PIDO QUE CONF\u00cdE\u00bb"},"content":{"rendered":"<h2 class=\"negrita\">El entrenador argentino dijo que el grupo ya est\u00e1 recuperado de la derrota contra Arabia y que no va a cambiar la manera de jugar pese al debut fallido.<\/h2>\n<p class=\"fecha\">25 de noviembre de 2022<\/p>\n<div class=\"texto\">\n<p><strong>QATAR &#8211;\u00a0<\/strong> El DT de la selecci\u00f3n argentina, Lionel Scaloni, habl\u00f3 en conferencia de prensa en la previa del partido trascendental contra M\u00e9xico, por la segunda fecha del grupo C del Mundial de Qatar.<strong> \u00abTenemos un partido importante ma\u00f1ana, por suerte depende de nosotros. A la gente le digo que vamos a dejar todo y les\u00a0pido que conf\u00eden\u00bb, dijo.\u00a0<\/strong>Antes fue el turno del delantero\u00a0<strong>Lautaro Mart\u00ednez<\/strong>: <strong><em>\u00abEst\u00e1bamos tristes y dolidos por el partido de Arabia, pero para nosotros ya qued\u00f3 atr\u00e1s, en el Mundial no hay tiempo\u00bb.<\/em><\/strong><\/p>\n<blockquote>\n<h3>Argentina se juega la clasificaci\u00f3n a octavos de final este s\u00e1bado desde las 16 contra los dirigidos por el Tata Martino y solo sirve ganar. En la previa, el entrenador dijo que Messi est\u00e1 bien y que ya dieron vuelta la p\u00e1gina de la sorprendente derrota del martes contra Arabia Saudita.<\/h3>\n<\/blockquote>\n<p><a href=\"https:\/\/i0.wp.com\/pxb.cdn.0221.com.ar\/0221\/112022\/1669122914530.JPG?ssl=1\"><img data-recalc-dims=\"1\" decoding=\"async\" src=\"https:\/\/i0.wp.com\/pxb.cdn.0221.com.ar\/0221\/112022\/1669122914530.JPG?ssl=1\" alt=\"\" \/><\/a><\/p>\n<p>Con respecto al 1-2 contra los \u00e1rabes, ambos protagonistas repitieron que eso ya qued\u00f3 atr\u00e1s. \u00abTodo el grupo est\u00e1 bien y a disposici\u00f3n para el partido\u00bb, dijo el delantero del Inter. \u00abHemos analizado el rival que se nos viene por delante y estamos preparados para enfrentar el partido\u00bb, agreg\u00f3. Adem\u00e1s, al momento de hacer una reflexi\u00f3n del debut, dijo que \u00ab\u00e9ramos muchos chicos que jug\u00e1bamos el primer partido en la Copa del Mundo. Ansiedad, ilusi\u00f3n, muchas cosas que pasan por la cabeza\u00bb, pero que ahora hay que \u00abpensar en positivo siempre, mantener la calma.<\/p>\n<blockquote>\n<h3><em><strong>\u00abNo hay presi\u00f3n porque confiamos en nuestro trabajo, en lo que estamos haciendo. Estamos muy tranquilos, hicimos el duelo del partido que pas\u00f3; vamos a salir a la cancha para representar a Argentina como se debe\u00bb<\/strong><\/em>, remarc\u00f3. Luego fue el turno del DT, que tambi\u00e9n baj\u00f3 un mensaje positivo en la previa del duelo contra los mexicanos.<\/h3>\n<\/blockquote>\n<p><em><strong>\u00abNosotros no vamos a cambiar nuestra de manera de jugar por lo que pas\u00f3 el martes, lo tenemos muy claro\u00bb<\/strong><\/em>, comenz\u00f3 diciendo y sigui\u00f3:<em><strong> \u00abAn\u00edmicamente\u00a0el primer d\u00eda el golpe afecta, es as\u00ed; pero la reacci\u00f3n es inmediata\u00bb.\u00a0\u00abYo soy el primero que estaba preparado porque puede pasar, es f\u00fatbol. Lo raro hubiera sido seguir con la racha de 30 partidos m\u00e1s, porque no existe eso\u00bb<\/strong><\/em>, analiz\u00f3.<\/p>\n<p><a href=\"https:\/\/i0.wp.com\/pxb.cdn.0221.com.ar\/0221\/112022\/1669132500897.jpg?ssl=1\"><img data-recalc-dims=\"1\" decoding=\"async\" src=\"https:\/\/i0.wp.com\/pxb.cdn.0221.com.ar\/0221\/112022\/1669132500897.jpg?ssl=1\" alt=\"\" \/><\/a><\/p>\n<p><strong><em>\u00abLamentablemente pas\u00f3 en un Mundial, pero tenemos la suerte de que pas\u00f3 en el primer partido. No nos olvidemos de lo que realmente es lo que cuenta, afrontar cada partido como si fuera el \u00faltimo, y que se puede perder, es un mensaje para todos. El tema es c\u00f3mo te levant\u00e1s, c\u00f3mo lo afront\u00e1s. Recib\u00eds una pi\u00f1a, vas para atr\u00e1s, pero despu\u00e9s vas para adelante otra vez\u00bb<\/em><\/strong>, dijo <strong>Scaloni. <em>\u00abYo era un patadura pero la mejor virtud que ten\u00eda era que iba siempre para adelante. Eso es lo que necesito y quiero de mis jugadores, y despu\u00e9s que pase lo que tenga que pasar\u00bb<\/em><\/strong>, motiv\u00f3.<\/p>\n<blockquote>\n<h3><em><strong>\u00abMessi est\u00e1 bien. A nivel f\u00edsico est\u00e1 bien, no hay ning\u00fan problema\u00bb<\/strong><\/em>, intent\u00f3 llevar calma luego de las sospechas de una posible lesi\u00f3n del capit\u00e1n.<\/h3>\n<\/blockquote>\n<p>Adem\u00e1s se hizo lugar para recordar a Diego Armando Maradona, a dos a\u00f1os de su muerte:\u00a0<strong>\u00abEsperamos brindarle una alegr\u00eda si nos est\u00e1 mirando desde el cielo. Parece mentira que ya no est\u00e9, es un d\u00eda triste para todos los argentinos, pero esperemos que ma\u00f1ana sea un d\u00eda alegre\u00bb.<\/strong><\/p>\n<\/div>\n","protected":false},"excerpt":{"rendered":"<div class=\"mh-excerpt\"><p>El entrenador argentino dijo que el grupo ya est\u00e1 recuperado de la derrota contra Arabia y que no va a cambiar la manera de jugar pese al debut fallido. 25 de noviembre de 2022 QATAR <a class=\"mh-excerpt-more\" href=\"https:\/\/larevistadigital.com.ar\/blog\/qatar-2022-scaloni-dijo-a-la-gente-le-pido-que-confie\/\" title=\"QATAR 2022: SCALONI DIJO \u00abA LA GENTE, LE PIDO QUE CONF\u00cdE\u00bb\">[Leer M\u00e1s]<\/a><\/p>\n<\/div>","protected":false},"author":3,"featured_media":29068,"comment_status":"open","ping_status":"open","sticky":false,"template":"","format":"standard","meta":{"_jetpack_memberships_contains_paid_content":false,"footnotes":"","jetpack_publicize_message":"","jetpack_publicize_feature_enabled":true,"jetpack_social_post_already_shared":true,"jetpack_social_options":{"image_generator_settings":{"template":"highway","default_image_id":0,"font":"","enabled":false},"version":2}},"categories":[8,50],"tags":[],"class_list":{"0":"post-29066","1":"post","2":"type-post","3":"status-publish","4":"format-standard","5":"has-post-thumbnail","7":"category-deportes","8":"category-interes-general"},"jetpack_publicize_connections":[],"jetpack_featured_media_url":"https:\/\/i0.wp.com\/larevistadigital.com.ar\/blog\/wp-content\/uploads\/637bb22baa072.jpeg?fit=800%2C600&ssl=1","jetpack_sharing_enabled":true,"jetpack_shortlink":"https:\/\/wp.me\/p8qtrQ-7yO","jetpack-related-posts":[{"id":29008,"url":"https:\/\/larevistadigital.com.ar\/blog\/qatar-2022-argentina-se-entrena-con-probables-cambios-para-enfrentar-a-mexico-el-sabado\/","url_meta":{"origin":29066,"position":0},"title":"QATAR 2022: ARGENTINA SE ENTRENA CON PROBABLES CAMBIOS PARA ENFRENTAR A MEXICO EL SABADO.","author":"Alejandro Sosa Ruda","date":"23 noviembre, 2022","format":false,"excerpt":"El seleccionado argentino volvi\u00f3 hoy a los entrenamientos. Fue luego de la dura derrota en el debut contra Arabia Saudita (2-1), en el debut en el Mundial de Qatar 2022. El entrenador analiza los cambios que realizar\u00e1 para enfrentar el s\u00e1bado a M\u00e9xico, por la segunda fecha del Grupo C.\u00a0El\u2026","rel":"","context":"En \u00abDEPORTES\u00bb","block_context":{"text":"DEPORTES","link":"https:\/\/larevistadigital.com.ar\/blog\/category\/deportes\/"},"img":{"alt_text":"","src":"https:\/\/i0.wp.com\/larevistadigital.com.ar\/blog\/wp-content\/uploads\/16687081304451.jpg?fit=660%2C371&ssl=1&resize=350%2C200","width":350,"height":200,"srcset":"https:\/\/i0.wp.com\/larevistadigital.com.ar\/blog\/wp-content\/uploads\/16687081304451.jpg?fit=660%2C371&ssl=1&resize=350%2C200 1x, https:\/\/i0.wp.com\/larevistadigital.com.ar\/blog\/wp-content\/uploads\/16687081304451.jpg?fit=660%2C371&ssl=1&resize=525%2C300 1.5x"},"classes":[]},{"id":29458,"url":"https:\/\/larevistadigital.com.ar\/blog\/en-un-sonado-partido-argentina-es-el-primer-finalista-de-qatar-2022\/","url_meta":{"origin":29066,"position":1},"title":"EN UN SO\u00d1ADO PARTIDO, ARGENTINA ES EL PRIMER FINALISTA DE QATAR 2022","author":"Alejandro Sosa Ruda","date":"13 diciembre, 2022","format":false,"excerpt":"El equipo que dirige Lionel Scaloni derrot\u00f3\u00a0 a Croacia con dos goles de Juli\u00e1n \u00c1lvarez y uno de Liones Messi de penal. 13 de diciembre de 2022 La Selecci\u00f3n argentina derrot\u00f3 a Croacia por 3 a 0, con un penal de\u00a0Lionel Messi\u00a0y dos goles de\u00a0Juli\u00e1n \u00c1lvarez\u00a0por\u00a0la semifinal jugaron este martes\u2026","rel":"","context":"En \u00abDESTACADAS\u00bb","block_context":{"text":"DESTACADAS","link":"https:\/\/larevistadigital.com.ar\/blog\/category\/destacadas\/"},"img":{"alt_text":"","src":"https:\/\/i0.wp.com\/larevistadigital.com.ar\/blog\/wp-content\/uploads\/1670965137794.jpg?fit=1200%2C594&ssl=1&resize=350%2C200","width":350,"height":200,"srcset":"https:\/\/i0.wp.com\/larevistadigital.com.ar\/blog\/wp-content\/uploads\/1670965137794.jpg?fit=1200%2C594&ssl=1&resize=350%2C200 1x, https:\/\/i0.wp.com\/larevistadigital.com.ar\/blog\/wp-content\/uploads\/1670965137794.jpg?fit=1200%2C594&ssl=1&resize=525%2C300 1.5x, https:\/\/i0.wp.com\/larevistadigital.com.ar\/blog\/wp-content\/uploads\/1670965137794.jpg?fit=1200%2C594&ssl=1&resize=700%2C400 2x, https:\/\/i0.wp.com\/larevistadigital.com.ar\/blog\/wp-content\/uploads\/1670965137794.jpg?fit=1200%2C594&ssl=1&resize=1050%2C600 3x"},"classes":[]},{"id":28955,"url":"https:\/\/larevistadigital.com.ar\/blog\/sorpresa-mundial-argentina-perdio-en-su-debut-contra-arabia-saudita\/","url_meta":{"origin":29066,"position":2},"title":"SORPRESA MUNDIAL: ARGENTINA PERDI\u00d3 EN SU DEBUT CONTRA ARABIA SAUDITA","author":"Alejandro Sosa Ruda","date":"22 noviembre, 2022","format":false,"excerpt":"Un gol de Lionel Messi no fue suficiente para que la selecci\u00f3n de Argentina venciera a Arabia Saudita, que mostr\u00f3 gran esp\u00edritu y termin\u00f3 ganando con un golazo de Al-Dawsari. 22 de noviembre de 2022 QATAR -\u00a0 La selecci\u00f3n de f\u00fatbol de Argentina perdi\u00f3 su primer partido de la Copa\u2026","rel":"","context":"En \u00abDEPORTES\u00bb","block_context":{"text":"DEPORTES","link":"https:\/\/larevistadigital.com.ar\/blog\/category\/deportes\/"},"img":{"alt_text":"","src":"https:\/\/i0.wp.com\/larevistadigital.com.ar\/blog\/wp-content\/uploads\/ARCHI_961157.jpg?fit=760%2C488&ssl=1&resize=350%2C200","width":350,"height":200,"srcset":"https:\/\/i0.wp.com\/larevistadigital.com.ar\/blog\/wp-content\/uploads\/ARCHI_961157.jpg?fit=760%2C488&ssl=1&resize=350%2C200 1x, https:\/\/i0.wp.com\/larevistadigital.com.ar\/blog\/wp-content\/uploads\/ARCHI_961157.jpg?fit=760%2C488&ssl=1&resize=525%2C300 1.5x, https:\/\/i0.wp.com\/larevistadigital.com.ar\/blog\/wp-content\/uploads\/ARCHI_961157.jpg?fit=760%2C488&ssl=1&resize=700%2C400 2x"},"classes":[]},{"id":28705,"url":"https:\/\/larevistadigital.com.ar\/blog\/qatar-2022-se-lesiono-lo-celso-y-se-perderia-el-debut-en-el-mundial\/","url_meta":{"origin":29066,"position":3},"title":"QATAR 2022: SE LESION\u00d3 LO CELSO Y SE PERDER\u00cdA EL DEBUT EN EL MUNDIAL","author":"Alejandro Sosa Ruda","date":"31 octubre, 2022","format":false,"excerpt":"El mediocampista sufri\u00f3 una lesi\u00f3n muscular y tendr\u00eda entre dos y tres semanas de recuperaci\u00f3n. 31 de octubre de 2022 Los resultados de los estudios del mediocampista de la Selecci\u00f3n Argentina,\u00a0Giovani Lo Celso,\u00a0arrojaron que tiene una lesi\u00f3n muscular en su pierna derecha y\u00a0 su recuperaci\u00f3n demandar\u00eda entre dos y tres\u2026","rel":"","context":"En \u00abDEPORTES\u00bb","block_context":{"text":"DEPORTES","link":"https:\/\/larevistadigital.com.ar\/blog\/category\/deportes\/"},"img":{"alt_text":"","src":"https:\/\/i0.wp.com\/larevistadigital.com.ar\/blog\/wp-content\/uploads\/lo-celso-430048-153108.jpg?fit=1200%2C675&ssl=1&resize=350%2C200","width":350,"height":200,"srcset":"https:\/\/i0.wp.com\/larevistadigital.com.ar\/blog\/wp-content\/uploads\/lo-celso-430048-153108.jpg?fit=1200%2C675&ssl=1&resize=350%2C200 1x, https:\/\/i0.wp.com\/larevistadigital.com.ar\/blog\/wp-content\/uploads\/lo-celso-430048-153108.jpg?fit=1200%2C675&ssl=1&resize=525%2C300 1.5x, https:\/\/i0.wp.com\/larevistadigital.com.ar\/blog\/wp-content\/uploads\/lo-celso-430048-153108.jpg?fit=1200%2C675&ssl=1&resize=700%2C400 2x, https:\/\/i0.wp.com\/larevistadigital.com.ar\/blog\/wp-content\/uploads\/lo-celso-430048-153108.jpg?fit=1200%2C675&ssl=1&resize=1050%2C600 3x"},"classes":[]},{"id":29298,"url":"https:\/\/larevistadigital.com.ar\/blog\/chascomus-el-municipio-instalara-una-pantalla-gigante-para-que-se-pueda-ver-en-la-laguna-el-partido-de-argentina-ante-paises-bajos\/","url_meta":{"origin":29066,"position":4},"title":"CHASCOM\u00daS: EL MUNICIPIO INSTALAR\u00c1 UNA PANTALLA GIGANTE PARA QUE SE PUEDA VER EN LA LAGUNA EL PARTIDO DE ARGENTINA ANTE PA\u00cdSES BAJOS","author":"Alejandro Sosa Ruda","date":"7 diciembre, 2022","format":false,"excerpt":"Invitan a turistas y vecinos a compartir el partido que podr\u00eda poner a nuestra selecci\u00f3n en Semifinales. 7 de diciembre de 2022 CHASCOM\u00daS -\u00a0 Se conoci\u00f3 la decisi\u00f3n del Municipio de Chascom\u00fas de instalar una pantalla gigante, a efectos que la gente, vecinos y turistas puedan compartir y disfrutar el\u2026","rel":"","context":"En \u00abINTERES GENERAL\u00bb","block_context":{"text":"INTERES GENERAL","link":"https:\/\/larevistadigital.com.ar\/blog\/category\/interes-general\/"},"img":{"alt_text":"","src":"https:\/\/i0.wp.com\/larevistadigital.com.ar\/blog\/wp-content\/uploads\/ARGENTINA-PANTALLA-GIGANTE-2-1068x621-1.jpg?fit=1068%2C621&ssl=1&resize=350%2C200","width":350,"height":200,"srcset":"https:\/\/i0.wp.com\/larevistadigital.com.ar\/blog\/wp-content\/uploads\/ARGENTINA-PANTALLA-GIGANTE-2-1068x621-1.jpg?fit=1068%2C621&ssl=1&resize=350%2C200 1x, https:\/\/i0.wp.com\/larevistadigital.com.ar\/blog\/wp-content\/uploads\/ARGENTINA-PANTALLA-GIGANTE-2-1068x621-1.jpg?fit=1068%2C621&ssl=1&resize=525%2C300 1.5x, https:\/\/i0.wp.com\/larevistadigital.com.ar\/blog\/wp-content\/uploads\/ARGENTINA-PANTALLA-GIGANTE-2-1068x621-1.jpg?fit=1068%2C621&ssl=1&resize=700%2C400 2x, https:\/\/i0.wp.com\/larevistadigital.com.ar\/blog\/wp-content\/uploads\/ARGENTINA-PANTALLA-GIGANTE-2-1068x621-1.jpg?fit=1068%2C621&ssl=1&resize=1050%2C600 3x"},"classes":[]},{"id":29386,"url":"https:\/\/larevistadigital.com.ar\/blog\/qatar-2022-marruevos-en-el-mundial-de-las-sorpresas-dejo-afuera-al-portugal-de-ronaldo-y-espera-por-el-rival-para-la-semifinal\/","url_meta":{"origin":29066,"position":5},"title":"QATAR 2022 \u00a1\u00bbMARRUEVOS\u00bb! EN EL MUNDIAL DE LAS SORPRESAS, DEJ\u00d3 AFUERA AL PORTUGAL DE RONALDO, Y ESPERA POR EL RIVAL PARA LA SEMIFINAL","author":"Alejandro Sosa Ruda","date":"10 diciembre, 2022","format":false,"excerpt":"En un mundial plagado de \"batacazos\", que evidentemente ya no lo son tanto, Marruecos dej\u00f3 afuera al Portugal de Cristiano Ronaldo, e hizo historia siendo el primer equipo africano en llegar a semifinales en un mundial. 10 de diciembre de 2022 QATAR -\u00a0\u00a0En lo que se ha transformado en un\u2026","rel":"","context":"En \u00abDESTACADAS\u00bb","block_context":{"text":"DESTACADAS","link":"https:\/\/larevistadigital.com.ar\/blog\/category\/destacadas\/"},"img":{"alt_text":"","src":"https:\/\/i0.wp.com\/larevistadigital.com.ar\/blog\/wp-content\/uploads\/f608x342-8422_38145_15.jpeg?fit=608%2C342&ssl=1&resize=350%2C200","width":350,"height":200,"srcset":"https:\/\/i0.wp.com\/larevistadigital.com.ar\/blog\/wp-content\/uploads\/f608x342-8422_38145_15.jpeg?fit=608%2C342&ssl=1&resize=350%2C200 1x, https:\/\/i0.wp.com\/larevistadigital.com.ar\/blog\/wp-content\/uploads\/f608x342-8422_38145_15.jpeg?fit=608%2C342&ssl=1&resize=525%2C300 1.5x"},"classes":[]}],"_links":{"self":[{"href":"https:\/\/larevistadigital.com.ar\/blog\/wp-json\/wp\/v2\/posts\/29066","targetHints":{"allow":["GET"]}}],"collection":[{"href":"https:\/\/larevistadigital.com.ar\/blog\/wp-json\/wp\/v2\/posts"}],"about":[{"href":"https:\/\/larevistadigital.com.ar\/blog\/wp-json\/wp\/v2\/types\/post"}],"author":[{"embeddable":true,"href":"https:\/\/larevistadigital.com.ar\/blog\/wp-json\/wp\/v2\/users\/3"}],"replies":[{"embeddable":true,"href":"https:\/\/larevistadigital.com.ar\/blog\/wp-json\/wp\/v2\/comments?post=29066"}],"version-history":[{"count":1,"href":"https:\/\/larevistadigital.com.ar\/blog\/wp-json\/wp\/v2\/posts\/29066\/revisions"}],"predecessor-version":[{"id":29069,"href":"https:\/\/larevistadigital.com.ar\/blog\/wp-json\/wp\/v2\/posts\/29066\/revisions\/29069"}],"wp:featuredmedia":[{"embeddable":true,"href":"https:\/\/larevistadigital.com.ar\/blog\/wp-json\/wp\/v2\/media\/29068"}],"wp:attachment":[{"href":"https:\/\/larevistadigital.com.ar\/blog\/wp-json\/wp\/v2\/media?parent=29066"}],"wp:term":[{"taxonomy":"category","embeddable":true,"href":"https:\/\/larevistadigital.com.ar\/blog\/wp-json\/wp\/v2\/categories?post=29066"},{"taxonomy":"post_tag","embeddable":true,"href":"https:\/\/larevistadigital.com.ar\/blog\/wp-json\/wp\/v2\/tags?post=29066"}],"curies":[{"name":"wp","href":"https:\/\/api.w.org\/{rel}","templated":true}]}}