{"id":29077,"date":"2022-11-25T23:59:48","date_gmt":"2022-11-25T23:59:48","guid":{"rendered":"https:\/\/larevistadigital.com.ar\/blog\/?p=29077"},"modified":"2022-11-25T23:59:48","modified_gmt":"2022-11-25T23:59:48","slug":"basurero-municipal-malestar-de-vecinos-por-los-constantes-incendios","status":"publish","type":"post","link":"https:\/\/larevistadigital.com.ar\/blog\/basurero-municipal-malestar-de-vecinos-por-los-constantes-incendios\/","title":{"rendered":"BASURERO MUNICIPAL: MALESTAR DE VECINOS POR LOS CONSTANTES INCENDIOS."},"content":{"rendered":"<h2>Se comunicaron con nuestra redacci\u00f3n vecinos indignados por los constantes incendios. El viento hace lo suyo, y provoca que la molestia llegue lejos. Una situaci\u00f3n insostenible.<\/h2>\n<p>25 de noviembre 2022<\/p>\n<p><strong>CHASCOM\u00daS &#8211;\u00a0 <\/strong>De unos d\u00edas a esta parte, recibimos numerosos mensajes de vecinos (sobre todo los que viven del otro lado de la ruta) por las molestias, humo, holl\u00edn y olores a quemado verdaderamente nauseabundos que no solo son desagradables, sino que adem\u00e1s afectan la normal respiraci\u00f3n de las personas.<\/p>\n<blockquote>\n<h3><em><strong>\u00abHay momentos que no se puede respirar, es insoportable. Se cierra la garganta y arden los ojos. Lo peor es que hace unos d\u00edas que es como que nunca se apaga, aunque los pobres bomberos vinieron varias veces\u00bb<\/strong><\/em>, narraba Mar\u00eda Luisa en un mensaje.<\/h3>\n<\/blockquote>\n<p>Otros, como <strong>Susana<\/strong>, se preocupan porque tienen ni\u00f1os peque\u00f1os <strong><em>\u00abYa no pueden salir a jugar al patio, porque si no hay viento, como est\u00e1 cerca el humo no se disipa y los nenes no paran de toser. Ya optamos por dejarlos adentro, as\u00ed no se puede vivir\u00bb,\u00a0<\/em><\/strong>dispar\u00f3.<\/p>\n<blockquote>\n<h3><img data-recalc-dims=\"1\" loading=\"lazy\" decoding=\"async\" class=\" wp-image-29080 alignright\" src=\"https:\/\/i0.wp.com\/larevistadigital.com.ar\/blog\/wp-content\/uploads\/basural.jpg?resize=440%2C332&#038;ssl=1\" alt=\"\" width=\"440\" height=\"332\" srcset=\"https:\/\/i0.wp.com\/larevistadigital.com.ar\/blog\/wp-content\/uploads\/basural.jpg?w=1241&amp;ssl=1 1241w, https:\/\/i0.wp.com\/larevistadigital.com.ar\/blog\/wp-content\/uploads\/basural.jpg?resize=300%2C227&amp;ssl=1 300w, https:\/\/i0.wp.com\/larevistadigital.com.ar\/blog\/wp-content\/uploads\/basural.jpg?resize=1024%2C773&amp;ssl=1 1024w, https:\/\/i0.wp.com\/larevistadigital.com.ar\/blog\/wp-content\/uploads\/basural.jpg?resize=768%2C580&amp;ssl=1 768w, https:\/\/i0.wp.com\/larevistadigital.com.ar\/blog\/wp-content\/uploads\/basural.jpg?resize=326%2C245&amp;ssl=1 326w, https:\/\/i0.wp.com\/larevistadigital.com.ar\/blog\/wp-content\/uploads\/basural.jpg?resize=80%2C60&amp;ssl=1 80w\" sizes=\"auto, (max-width: 440px) 100vw, 440px\" \/><\/h3>\n<h3>Esto es un fen\u00f3meno que tiene varias causas, algunas naturales, y otras no tanto. Por ejemplo puede ser \u00abcombusti\u00f3n espont\u00e1nea\u00bb, a veces provocada por los gases de la basura o por el reflejo del sol en alg\u00fan vidrio o chapa, en \u00e9pocas de altas temperaturas.<\/h3>\n<\/blockquote>\n<p>Tambi\u00e9n puede ser porque algunos que juntan cables para vender el cobre prenden fuego a los mismos para quitar el pl\u00e1stico que los recubre.<\/p>\n<blockquote>\n<h3>El intendente Javier Gast\u00f3n dijo en el portal del municipio que \u00abes evidente que no fue espont\u00e1neo y estamos averiguando c\u00f3mo se produjo\u00bb.<\/h3>\n<\/blockquote>\n<p>Lo importante, ser\u00eda que se de alguna soluci\u00f3n urgente a esas personas que viven en las cercan\u00edas y que no tienen derecho ni a abrir las ventanas&#8230; As\u00ed no se puede, ni se debe vivir.<\/p>\n","protected":false},"excerpt":{"rendered":"<div class=\"mh-excerpt\"><p>Se comunicaron con nuestra redacci\u00f3n vecinos indignados por los constantes incendios. El viento hace lo suyo, y provoca que la molestia llegue lejos. Una situaci\u00f3n insostenible. 25 de noviembre 2022 CHASCOM\u00daS &#8211;\u00a0 De unos d\u00edas <a class=\"mh-excerpt-more\" href=\"https:\/\/larevistadigital.com.ar\/blog\/basurero-municipal-malestar-de-vecinos-por-los-constantes-incendios\/\" title=\"BASURERO MUNICIPAL: MALESTAR DE VECINOS POR LOS CONSTANTES INCENDIOS.\">[Leer M\u00e1s]<\/a><\/p>\n<\/div>","protected":false},"author":3,"featured_media":29079,"comment_status":"open","ping_status":"open","sticky":false,"template":"","format":"standard","meta":{"_jetpack_memberships_contains_paid_content":false,"footnotes":"","jetpack_publicize_message":"","jetpack_publicize_feature_enabled":true,"jetpack_social_post_already_shared":true,"jetpack_social_options":{"image_generator_settings":{"template":"highway","default_image_id":0,"font":"","enabled":false},"version":2}},"categories":[50],"tags":[],"class_list":{"0":"post-29077","1":"post","2":"type-post","3":"status-publish","4":"format-standard","5":"has-post-thumbnail","7":"category-interes-general"},"jetpack_publicize_connections":[],"jetpack_featured_media_url":"https:\/\/i0.wp.com\/larevistadigital.com.ar\/blog\/wp-content\/uploads\/basural-3.jpg?fit=1320%2C585&ssl=1","jetpack_sharing_enabled":true,"jetpack_shortlink":"https:\/\/wp.me\/p8qtrQ-7yZ","jetpack-related-posts":[{"id":38797,"url":"https:\/\/larevistadigital.com.ar\/blog\/incendios-en-el-marquesado-vecinos-denuncian-que-fueron-intencionales-y-exigen-respuestas\/","url_meta":{"origin":29077,"position":0},"title":"Incendios en El Marquesado: Vecinos denuncian que fueron intencionales y exigen respuestas","author":"Alejandro Sosa Ruda","date":"23 febrero, 2025","format":false,"excerpt":"MAR DEL PLATA -\u00a0 Los recientes incendios en la zona sur de Mar del Plata han despertado la indignaci\u00f3n de los vecinos de El Marquesado, quienes est\u00e1n convencidos de que fueron provocados deliberadamente. \"Fue todo programado y nadie hace nada\", denuncian con frustraci\u00f3n. Marcelo Bolonio, presidente de la sociedad de\u2026","rel":"","context":"En \u00abPOLICIALES\u00bb","block_context":{"text":"POLICIALES","link":"https:\/\/larevistadigital.com.ar\/blog\/category\/policiales\/"},"img":{"alt_text":"","src":"https:\/\/i0.wp.com\/larevistadigital.com.ar\/blog\/wp-content\/uploads\/20250222174313_incendio-vecinos-el-marquesado.jpg?fit=880%2C512&ssl=1&resize=350%2C200","width":350,"height":200,"srcset":"https:\/\/i0.wp.com\/larevistadigital.com.ar\/blog\/wp-content\/uploads\/20250222174313_incendio-vecinos-el-marquesado.jpg?fit=880%2C512&ssl=1&resize=350%2C200 1x, https:\/\/i0.wp.com\/larevistadigital.com.ar\/blog\/wp-content\/uploads\/20250222174313_incendio-vecinos-el-marquesado.jpg?fit=880%2C512&ssl=1&resize=525%2C300 1.5x, https:\/\/i0.wp.com\/larevistadigital.com.ar\/blog\/wp-content\/uploads\/20250222174313_incendio-vecinos-el-marquesado.jpg?fit=880%2C512&ssl=1&resize=700%2C400 2x"},"classes":[]},{"id":17033,"url":"https:\/\/larevistadigital.com.ar\/blog\/videos-barrio-san-cayetano-de-esto-hablaban-los-vecinos-senor-secretario\/","url_meta":{"origin":29077,"position":1},"title":"[VIDEOS] BARRIO SAN CAYETANO: \u00a1DE ESTO HABLABAN LOS VECINOS, SE\u00d1OR SECRETARIO!","author":"Alejandro Sosa Ruda","date":"19 octubre, 2020","format":false,"excerpt":"Como si fuera un mensaje divino, sucedi\u00f3 lo que siempre pasa, pero en esta ocasi\u00f3n a un veh\u00edculo policial. Ah\u00ed tiene el secretario que dijo hace d\u00edas no entender el reclamo de los vecinos. \u00bfAhora entender\u00e1? Otra vez lluvias, y otra vez los vecinos del Barrio San Cayetano que no\u2026","rel":"","context":"En \u00abDESTACADAS\u00bb","block_context":{"text":"DESTACADAS","link":"https:\/\/larevistadigital.com.ar\/blog\/category\/destacadas\/"},"img":{"alt_text":"","src":"https:\/\/i0.wp.com\/larevistadigital.com.ar\/blog\/wp-content\/uploads\/WhatsApp-Image-2020-10-19-at-13.42.39.jpeg?fit=1032%2C581&ssl=1&resize=350%2C200","width":350,"height":200,"srcset":"https:\/\/i0.wp.com\/larevistadigital.com.ar\/blog\/wp-content\/uploads\/WhatsApp-Image-2020-10-19-at-13.42.39.jpeg?fit=1032%2C581&ssl=1&resize=350%2C200 1x, https:\/\/i0.wp.com\/larevistadigital.com.ar\/blog\/wp-content\/uploads\/WhatsApp-Image-2020-10-19-at-13.42.39.jpeg?fit=1032%2C581&ssl=1&resize=525%2C300 1.5x, https:\/\/i0.wp.com\/larevistadigital.com.ar\/blog\/wp-content\/uploads\/WhatsApp-Image-2020-10-19-at-13.42.39.jpeg?fit=1032%2C581&ssl=1&resize=700%2C400 2x"},"classes":[]},{"id":20056,"url":"https:\/\/larevistadigital.com.ar\/blog\/vecinos-de-los-toldos-dan-cuenta-de-una-desagradable-situacion\/","url_meta":{"origin":29077,"position":2},"title":"VECINOS DE \u00abLOS TOLDOS\u00bb DAN CUENTA DE UNA DESAGRADABLE SITUACI\u00d3N","author":"Alejandro Sosa Ruda","date":"4 mayo, 2021","format":false,"excerpt":"LOS TOLDOS -\u00a0 Nos han llegado algunos mensajes de distintos vecinos de Los Toldos, que viven en las cercan\u00edas del Aeroclub, donde nos narran que hace tiempo que hay en el aire un nauseabundo olor a lo que ser\u00edan agroqu\u00edmicos, que en algunos momentos se torna insoportable e irrespirable para\u2026","rel":"","context":"En \u00abINTERES GENERAL\u00bb","block_context":{"text":"INTERES GENERAL","link":"https:\/\/larevistadigital.com.ar\/blog\/category\/interes-general\/"},"img":{"alt_text":"","src":"https:\/\/i0.wp.com\/larevistadigital.com.ar\/blog\/wp-content\/uploads\/los-toldos-1280x720-1.jpg?fit=1200%2C675&ssl=1&resize=350%2C200","width":350,"height":200,"srcset":"https:\/\/i0.wp.com\/larevistadigital.com.ar\/blog\/wp-content\/uploads\/los-toldos-1280x720-1.jpg?fit=1200%2C675&ssl=1&resize=350%2C200 1x, https:\/\/i0.wp.com\/larevistadigital.com.ar\/blog\/wp-content\/uploads\/los-toldos-1280x720-1.jpg?fit=1200%2C675&ssl=1&resize=525%2C300 1.5x, https:\/\/i0.wp.com\/larevistadigital.com.ar\/blog\/wp-content\/uploads\/los-toldos-1280x720-1.jpg?fit=1200%2C675&ssl=1&resize=700%2C400 2x, https:\/\/i0.wp.com\/larevistadigital.com.ar\/blog\/wp-content\/uploads\/los-toldos-1280x720-1.jpg?fit=1200%2C675&ssl=1&resize=1050%2C600 3x"},"classes":[]},{"id":17372,"url":"https:\/\/larevistadigital.com.ar\/blog\/se-suspende-por-unos-dias-la-marcha-de-vecinos-del-san-cayetano-de-manana\/","url_meta":{"origin":29077,"position":3},"title":"SE SUSPENDE POR UNOS D\u00cdAS LA MARCHA DE VECINOS DEL SAN CAYETANO DE HOY","author":"Alejandro Sosa Ruda","date":"2 noviembre, 2020","format":false,"excerpt":"La Vocera de los vecinos del Barrio San Cayetano, Gabriela Santill\u00e1n se comunic\u00f3 con nuestra redacci\u00f3n, para avisar que se suspende la marcha prevista para el d\u00eda de hoy al municipio, con motivo de un peque\u00f1o problemita de salud, que la tendr\u00e1 en reposo unos d\u00edas. A efectos de no\u2026","rel":"","context":"En \u00abDESTACADAS\u00bb","block_context":{"text":"DESTACADAS","link":"https:\/\/larevistadigital.com.ar\/blog\/category\/destacadas\/"},"img":{"alt_text":"","src":"https:\/\/i0.wp.com\/larevistadigital.com.ar\/blog\/wp-content\/uploads\/WhatsApp-Image-2020-11-01-at-20.35.15.jpeg?fit=675%2C1200&ssl=1&resize=350%2C200","width":350,"height":200,"srcset":"https:\/\/i0.wp.com\/larevistadigital.com.ar\/blog\/wp-content\/uploads\/WhatsApp-Image-2020-11-01-at-20.35.15.jpeg?fit=675%2C1200&ssl=1&resize=350%2C200 1x, https:\/\/i0.wp.com\/larevistadigital.com.ar\/blog\/wp-content\/uploads\/WhatsApp-Image-2020-11-01-at-20.35.15.jpeg?fit=675%2C1200&ssl=1&resize=525%2C300 1.5x"},"classes":[]},{"id":22304,"url":"https:\/\/larevistadigital.com.ar\/blog\/laura-moujan-consiguio-solucionar-un-problema-que-preocupaba-a-los-vecinos-del-barrio-los-aromos\/","url_meta":{"origin":29077,"position":4},"title":"LAURA MOUJAN CONSIGUI\u00d3 SOLUCIONAR UN PROBLEMA QUE PREOCUPABA A LOS VECINOS DEL BARRIO LOS AROMOS","author":"Alejandro Sosa Ruda","date":"9 octubre, 2021","format":false,"excerpt":"Luego de escuchar el reclamo de los vecinos en el programa \"Ataque de Radio\", la candidata a concejal, consigui\u00f3 lo que el municipio desestimo, solo ocup\u00e1ndose y con la buena voluntad de la gerente de EDEA, Claudia Artazcoz. Cambiaron un poste, pero lo significativo es que cuando se quiere, se\u2026","rel":"","context":"En \u00abINTERES GENERAL\u00bb","block_context":{"text":"INTERES GENERAL","link":"https:\/\/larevistadigital.com.ar\/blog\/category\/interes-general\/"},"img":{"alt_text":"","src":"https:\/\/i0.wp.com\/larevistadigital.com.ar\/blog\/wp-content\/uploads\/WhatsApp-Image-2021-08-22-at-14.32.25-1.jpeg?fit=1010%2C770&ssl=1&resize=350%2C200","width":350,"height":200,"srcset":"https:\/\/i0.wp.com\/larevistadigital.com.ar\/blog\/wp-content\/uploads\/WhatsApp-Image-2021-08-22-at-14.32.25-1.jpeg?fit=1010%2C770&ssl=1&resize=350%2C200 1x, https:\/\/i0.wp.com\/larevistadigital.com.ar\/blog\/wp-content\/uploads\/WhatsApp-Image-2021-08-22-at-14.32.25-1.jpeg?fit=1010%2C770&ssl=1&resize=525%2C300 1.5x, https:\/\/i0.wp.com\/larevistadigital.com.ar\/blog\/wp-content\/uploads\/WhatsApp-Image-2021-08-22-at-14.32.25-1.jpeg?fit=1010%2C770&ssl=1&resize=700%2C400 2x"},"classes":[]},{"id":17536,"url":"https:\/\/larevistadigital.com.ar\/blog\/bronca-e-indignacion-de-vecinos-de-girado-por-presunta-usurpacion-de-una-casa-en-el-barrio\/","url_meta":{"origin":29077,"position":5},"title":"BRONCA E INDIGNACI\u00d3N DE VECINOS DE GIRADO, POR PRESUNTA USURPACI\u00d3N DE UNA CASA EN EL BARRIO","author":"Alejandro Sosa Ruda","date":"9 noviembre, 2020","format":false,"excerpt":"Los vecinos de Barrio Parque Girado se encuentran movilizados, y con un alt\u00edsimo grado de preocupaci\u00f3n, bronca e indignaci\u00f3n por sucesos que han venido ocurriendo en los \u00faltimos d\u00edas. Se preguntan entre otras cosas \u00bfC\u00f3mo ingresaron a la ciudad? Resulta que hace d\u00edas, apareci\u00f3 un matrimonio con 9 hijos que\u2026","rel":"","context":"En \u00abCHASCOM\u00daS\u00bb","block_context":{"text":"CHASCOM\u00daS","link":"https:\/\/larevistadigital.com.ar\/blog\/category\/chascomus\/"},"img":{"alt_text":"","src":"https:\/\/i0.wp.com\/larevistadigital.com.ar\/blog\/wp-content\/uploads\/WhatsApp-Image-2020-11-06-at-19.50.41.jpeg?fit=1024%2C576&ssl=1&resize=350%2C200","width":350,"height":200,"srcset":"https:\/\/i0.wp.com\/larevistadigital.com.ar\/blog\/wp-content\/uploads\/WhatsApp-Image-2020-11-06-at-19.50.41.jpeg?fit=1024%2C576&ssl=1&resize=350%2C200 1x, https:\/\/i0.wp.com\/larevistadigital.com.ar\/blog\/wp-content\/uploads\/WhatsApp-Image-2020-11-06-at-19.50.41.jpeg?fit=1024%2C576&ssl=1&resize=525%2C300 1.5x, https:\/\/i0.wp.com\/larevistadigital.com.ar\/blog\/wp-content\/uploads\/WhatsApp-Image-2020-11-06-at-19.50.41.jpeg?fit=1024%2C576&ssl=1&resize=700%2C400 2x"},"classes":[]}],"_links":{"self":[{"href":"https:\/\/larevistadigital.com.ar\/blog\/wp-json\/wp\/v2\/posts\/29077","targetHints":{"allow":["GET"]}}],"collection":[{"href":"https:\/\/larevistadigital.com.ar\/blog\/wp-json\/wp\/v2\/posts"}],"about":[{"href":"https:\/\/larevistadigital.com.ar\/blog\/wp-json\/wp\/v2\/types\/post"}],"author":[{"embeddable":true,"href":"https:\/\/larevistadigital.com.ar\/blog\/wp-json\/wp\/v2\/users\/3"}],"replies":[{"embeddable":true,"href":"https:\/\/larevistadigital.com.ar\/blog\/wp-json\/wp\/v2\/comments?post=29077"}],"version-history":[{"count":1,"href":"https:\/\/larevistadigital.com.ar\/blog\/wp-json\/wp\/v2\/posts\/29077\/revisions"}],"predecessor-version":[{"id":29081,"href":"https:\/\/larevistadigital.com.ar\/blog\/wp-json\/wp\/v2\/posts\/29077\/revisions\/29081"}],"wp:featuredmedia":[{"embeddable":true,"href":"https:\/\/larevistadigital.com.ar\/blog\/wp-json\/wp\/v2\/media\/29079"}],"wp:attachment":[{"href":"https:\/\/larevistadigital.com.ar\/blog\/wp-json\/wp\/v2\/media?parent=29077"}],"wp:term":[{"taxonomy":"category","embeddable":true,"href":"https:\/\/larevistadigital.com.ar\/blog\/wp-json\/wp\/v2\/categories?post=29077"},{"taxonomy":"post_tag","embeddable":true,"href":"https:\/\/larevistadigital.com.ar\/blog\/wp-json\/wp\/v2\/tags?post=29077"}],"curies":[{"name":"wp","href":"https:\/\/api.w.org\/{rel}","templated":true}]}}