{"id":29084,"date":"2022-11-26T17:00:14","date_gmt":"2022-11-26T17:00:14","guid":{"rendered":"https:\/\/larevistadigital.com.ar\/blog\/?p=29084"},"modified":"2022-11-26T17:00:14","modified_gmt":"2022-11-26T17:00:14","slug":"necochea-denuncian-que-un-camion-del-municipio-sin-mantenimiento","status":"publish","type":"post","link":"https:\/\/larevistadigital.com.ar\/blog\/necochea-denuncian-que-un-camion-del-municipio-sin-mantenimiento\/","title":{"rendered":"NECOCHEA: DENUNCIAN QUE UN CAMI\u00d3N DEL MUNICIPIO SIN MANTENIMIENTO"},"content":{"rendered":"<h2 class=\"fparrafo ctext fz18 lh25\">La denuncia surgi\u00f3 luego que un cami\u00f3n municipal atropell\u00f3 a Facundo Castillo, un alba\u00f1il de 28 a\u00f1os, ocasion\u00e1ndole graves heridas que finalmente terminaron con su vida. Los familiares de la v\u00edctima exhibieron p\u00fablicamente fotos del estado del cami\u00f3n, que circulaba sin luces, sin la oblea de VTV y con frenos claramente defectuosos.<\/h2>\n<p>26 de noviembre de 2022<\/p>\n<p><strong>NECOCHEA &#8211;\u00a0 <\/strong>El Sindicato de Trabajadores Municipales de Necochea (STMN) present\u00f3 una nota al intendente Arturo Rojas para que deje de hacer que sus trabajadores manejen los camiones municipales sin frenos, sin VTV y ninguna norma de seguridad, lo que representa un peligro tanto para los trabajadores como para los vecinos de la ciudad.<\/p>\n<blockquote>\n<h3 class=\"selectionShareable\">La denuncia surgi\u00f3 luego que un cami\u00f3n municipal atropell\u00f3 a Facundo Castillo, un alba\u00f1il de 28 a\u00f1os, ocasion\u00e1ndole graves heridas que finalmente terminaron con su vida. Los familiares de la v\u00edctima exhibieron p\u00fablicamente fotos del estado del cami\u00f3n, que circulaba sin luces, sin la oblea de VTV y con frenos claramente defectuosos.<\/h3>\n<\/blockquote>\n<p class=\"selectionShareable\">La denuncia de los familiares fue convalidada en la semana por el Sindicato de Trabajadores Municipales, que elevaron su nota al intendente se\u00f1alando la situaci\u00f3n y reconociendo que el cami\u00f3n tiene frenos defectuosos, que no cuenta con las luces reglamentarias y que tampoco tiene vigente la Verificaci\u00f3n T\u00e9cnica Vehicular necesaria para andar por las calles.<\/p>\n<blockquote>\n<h3 class=\"selectionShareable\"><strong><em>\u00abPor investigaciones en otras \u00e1reas sobre las condiciones vehiculares, nos encontrarnos que son varios los veh\u00edculos municipales que mantienen las mismas deficiencias t\u00e9cnicas, lo que conlleva al riesgo en la integridad f\u00edsica de los propios trabajadores como as\u00ed tambi\u00e9n la integridad f\u00edsica de terceros\u00bb<\/em><\/strong>, se\u00f1alaron los municipales en su nota.<\/h3>\n<\/blockquote>\n<p class=\"selectionShareable\"><em><strong>\u00abConforme a lo expuesto surge la necesidad de no permitir a nuestros trabajadores que conduzcan veh\u00edculos que no est\u00e9n aptos para su circulaci\u00f3n hasta tanto los mismos sean acondicionados con arreglo a las disposiciones seg\u00fan ley 13927 de la Provincia de Buenos Aires y ley 24449 Ley de Tr\u00e1nsito Nacional\u00bb<\/strong><\/em>, indicaron los trabajadores.<\/p>\n<p class=\"selectionShareable\">La intervenci\u00f3n del sindicato no s\u00f3lo llega para validar la denuncia de los familiares de Castillo, sino que adem\u00e1s intenta proteger a sus propios trabajadores por posibles acciones legales que pudieran sufrir en el marco de eventuales nuevos accidentes y a los vecinos, que diariamente enfrentan una amenaza de accidente con una responsabilidad del Estado Municipal que al d\u00eda de hoy le cost\u00f3 una vida a un vecino. (<b>InfoGEI<\/b>) Mg<\/p>\n","protected":false},"excerpt":{"rendered":"<div class=\"mh-excerpt\"><p>La denuncia surgi\u00f3 luego que un cami\u00f3n municipal atropell\u00f3 a Facundo Castillo, un alba\u00f1il de 28 a\u00f1os, ocasion\u00e1ndole graves heridas que finalmente terminaron con su vida. Los familiares de la v\u00edctima exhibieron p\u00fablicamente fotos del <a class=\"mh-excerpt-more\" href=\"https:\/\/larevistadigital.com.ar\/blog\/necochea-denuncian-que-un-camion-del-municipio-sin-mantenimiento\/\" title=\"NECOCHEA: DENUNCIAN QUE UN CAMI\u00d3N DEL MUNICIPIO SIN MANTENIMIENTO\">[Leer M\u00e1s]<\/a><\/p>\n<\/div>","protected":false},"author":3,"featured_media":29085,"comment_status":"open","ping_status":"open","sticky":false,"template":"","format":"standard","meta":{"_jetpack_memberships_contains_paid_content":false,"footnotes":"","jetpack_publicize_message":"","jetpack_publicize_feature_enabled":true,"jetpack_social_post_already_shared":true,"jetpack_social_options":{"image_generator_settings":{"template":"highway","default_image_id":0,"font":"","enabled":false},"version":2}},"categories":[51],"tags":[],"class_list":{"0":"post-29084","1":"post","2":"type-post","3":"status-publish","4":"format-standard","5":"has-post-thumbnail","7":"category-regionales"},"jetpack_publicize_connections":[],"jetpack_featured_media_url":"https:\/\/i0.wp.com\/larevistadigital.com.ar\/blog\/wp-content\/uploads\/20221125203846_ne.jpg?fit=880%2C512&ssl=1","jetpack_sharing_enabled":true,"jetpack_shortlink":"https:\/\/wp.me\/p8qtrQ-7z6","jetpack-related-posts":[{"id":12038,"url":"https:\/\/larevistadigital.com.ar\/blog\/video-impactante-un-camion-se-quedo-sin-frenos-y-aplasto-un-auto\/","url_meta":{"origin":29084,"position":0},"title":"[VIDEO] \u00a1Impactante! Un cami\u00f3n se qued\u00f3 sin frenos y aplast\u00f3 un auto","author":"Alejandro Sosa Ruda","date":"13 septiembre, 2019","format":false,"excerpt":"La secuencia fue filmada por las c\u00e1maras de seguridad de la Autopista Panamericana. Los dos veh\u00edculos chocaron con una cabina de peaje.\u00a0 Momentos de extrema tensi\u00f3n se vivieron a la altura de la localidad bonaerense de Campana donde un cami\u00f3n se qued\u00f3 sin frenos, aplast\u00f3 a un autom\u00f3vil y choc\u00f3\u2026","rel":"","context":"En \u00abDESTACADAS\u00bb","block_context":{"text":"DESTACADAS","link":"https:\/\/larevistadigital.com.ar\/blog\/category\/destacadas\/"},"img":{"alt_text":"","src":"https:\/\/i0.wp.com\/larevistadigital.com.ar\/blog\/wp-content\/uploads\/Screenshot_2-36.jpg?fit=689%2C343&ssl=1&resize=350%2C200","width":350,"height":200,"srcset":"https:\/\/i0.wp.com\/larevistadigital.com.ar\/blog\/wp-content\/uploads\/Screenshot_2-36.jpg?fit=689%2C343&ssl=1&resize=350%2C200 1x, https:\/\/i0.wp.com\/larevistadigital.com.ar\/blog\/wp-content\/uploads\/Screenshot_2-36.jpg?fit=689%2C343&ssl=1&resize=525%2C300 1.5x"},"classes":[]},{"id":6132,"url":"https:\/\/larevistadigital.com.ar\/blog\/desgraciado-accidente-en-puerto-madero-grua-sin-frenos-choca-camion-y-aplasta-a-recolector-de-residuos\/","url_meta":{"origin":29084,"position":1},"title":"DESGRACIADO ACCIDENTE EN PUERTO MADERO: GRUA SIN FRENOS CHOCA CAMI\u00d3N Y APLASTA A RECOLECTOR DE RESIDUOS","author":"Alejandro Sosa Ruda","date":"3 agosto, 2018","format":false,"excerpt":"EL CONDUCTOR PERDI\u00d3 EL CONTROL EN LA BAJADA DE LA AUTOPISTA Un hombre muri\u00f3 y otras dos personas resultaron heridas por el choque entre una gr\u00faa y un cami\u00f3n recolector de residuos en Alicia Moreau de Justo al 2000, en el barrio porte\u00f1o de Puerto Madero. La v\u00edctima fatal era\u2026","rel":"","context":"En \u00abPOLICIALES\u00bb","block_context":{"text":"POLICIALES","link":"https:\/\/larevistadigital.com.ar\/blog\/category\/policiales\/"},"img":{"alt_text":"","src":"https:\/\/i0.wp.com\/larevistadigital.com.ar\/blog\/wp-content\/uploads\/2018\/08\/ryqggp-S7_720x0__1.jpg?fit=720%2C420&ssl=1&resize=350%2C200","width":350,"height":200,"srcset":"https:\/\/i0.wp.com\/larevistadigital.com.ar\/blog\/wp-content\/uploads\/2018\/08\/ryqggp-S7_720x0__1.jpg?fit=720%2C420&ssl=1&resize=350%2C200 1x, https:\/\/i0.wp.com\/larevistadigital.com.ar\/blog\/wp-content\/uploads\/2018\/08\/ryqggp-S7_720x0__1.jpg?fit=720%2C420&ssl=1&resize=525%2C300 1.5x, https:\/\/i0.wp.com\/larevistadigital.com.ar\/blog\/wp-content\/uploads\/2018\/08\/ryqggp-S7_720x0__1.jpg?fit=720%2C420&ssl=1&resize=700%2C400 2x"},"classes":[]},{"id":30604,"url":"https:\/\/larevistadigital.com.ar\/blog\/accidente-fatal-en-la-ruta-88-murio-una-mujer-en-accidente-entre-camion-y-auto\/","url_meta":{"origin":29084,"position":2},"title":"ACCIDENTE FATAL EN LA RUTA 88: MURI\u00d3 UNA MUJER EN ACCIDENTE ENTRE CAMI\u00d3N Y AUTO","author":"Alejandro Sosa Ruda","date":"15 marzo, 2023","format":false,"excerpt":"La mujer ten\u00eda 69 a\u00f1os, y el camionero sali\u00f3 ileso. Sucedi\u00f3 en el km. 106 de la ruta que une Mar del Plata con Necochea. 15 de marzo de 2023 QUEQUEN -\u00a0 Ayer por la tarde, sucedi\u00f3 un grave accidente entre un autom\u00f3vil y un cami\u00f3n Dimex con acoplado y\u2026","rel":"","context":"En \u00abPOLICIALES\u00bb","block_context":{"text":"POLICIALES","link":"https:\/\/larevistadigital.com.ar\/blog\/category\/policiales\/"},"img":{"alt_text":"","src":"https:\/\/i0.wp.com\/larevistadigital.com.ar\/blog\/wp-content\/uploads\/0bea1e187568c0af4b2b76bab0b7884af95d3bd7.jpg?fit=1140%2C605&ssl=1&resize=350%2C200","width":350,"height":200,"srcset":"https:\/\/i0.wp.com\/larevistadigital.com.ar\/blog\/wp-content\/uploads\/0bea1e187568c0af4b2b76bab0b7884af95d3bd7.jpg?fit=1140%2C605&ssl=1&resize=350%2C200 1x, https:\/\/i0.wp.com\/larevistadigital.com.ar\/blog\/wp-content\/uploads\/0bea1e187568c0af4b2b76bab0b7884af95d3bd7.jpg?fit=1140%2C605&ssl=1&resize=525%2C300 1.5x, https:\/\/i0.wp.com\/larevistadigital.com.ar\/blog\/wp-content\/uploads\/0bea1e187568c0af4b2b76bab0b7884af95d3bd7.jpg?fit=1140%2C605&ssl=1&resize=700%2C400 2x, https:\/\/i0.wp.com\/larevistadigital.com.ar\/blog\/wp-content\/uploads\/0bea1e187568c0af4b2b76bab0b7884af95d3bd7.jpg?fit=1140%2C605&ssl=1&resize=1050%2C600 3x"},"classes":[]},{"id":28866,"url":"https:\/\/larevistadigital.com.ar\/blog\/necochea-desvalijaron-28-habitaciones-de-un-hotel\/","url_meta":{"origin":29084,"position":3},"title":"NECOCHEA: DESVALIJARON 28 HABITACIONES DE UN HOTEL","author":"Alejandro Sosa Ruda","date":"18 noviembre, 2022","format":false,"excerpt":"Se trata del Hotel Mar Azul. Dicho robo hizo que deje sin la posibilidad de trabajar durante el verano a los responsables del lugar. La polic\u00eda investigar\u00e1 las c\u00e1maras de seguridad de los vecinos para determinar las circunstancias. 18 de noviembre de 2022 NECOCHEA -\u00a0 La inseguridad no tiene l\u00edmites\u2026","rel":"","context":"En \u00abPOLICIALES\u00bb","block_context":{"text":"POLICIALES","link":"https:\/\/larevistadigital.com.ar\/blog\/category\/policiales\/"},"img":{"alt_text":"","src":"https:\/\/i0.wp.com\/larevistadigital.com.ar\/blog\/wp-content\/uploads\/20221117184709_hotel.jpg?fit=880%2C512&ssl=1&resize=350%2C200","width":350,"height":200,"srcset":"https:\/\/i0.wp.com\/larevistadigital.com.ar\/blog\/wp-content\/uploads\/20221117184709_hotel.jpg?fit=880%2C512&ssl=1&resize=350%2C200 1x, https:\/\/i0.wp.com\/larevistadigital.com.ar\/blog\/wp-content\/uploads\/20221117184709_hotel.jpg?fit=880%2C512&ssl=1&resize=525%2C300 1.5x, https:\/\/i0.wp.com\/larevistadigital.com.ar\/blog\/wp-content\/uploads\/20221117184709_hotel.jpg?fit=880%2C512&ssl=1&resize=700%2C400 2x"},"classes":[]},{"id":16053,"url":"https:\/\/larevistadigital.com.ar\/blog\/camion-se-quedo-sin-frenos-y-embistio-un-auto-y-un-surtidor-de-nafta-en-una-estacion-de-servicio\/","url_meta":{"origin":29084,"position":4},"title":"CAMI\u00d3N SE QUED\u00d3 SIN FRENOS Y EMBISTI\u00d3 UN AUTO Y UN SURTIDOR DE NAFTA EN UNA ESTACI\u00d3N DE SERVICIO","author":"Alejandro Sosa Ruda","date":"18 agosto, 2020","format":false,"excerpt":"Nuestro cronista Juan Lemik, nos env\u00eda fotos de un siniestro ocurrido hace apenas un rato, y que podr\u00eda haber terminado en tragedia. El hecho, sucedi\u00f3 hace instantes en Avenida Libertador y Cerrito, donde el cami\u00f3n se qued\u00f3 sin frenos y embisti\u00f3 fuertemente a otro autom\u00f3vil que se encontraba cargando combustible\u2026","rel":"","context":"En \u00abDESTACADAS\u00bb","block_context":{"text":"DESTACADAS","link":"https:\/\/larevistadigital.com.ar\/blog\/category\/destacadas\/"},"img":{"alt_text":"","src":"https:\/\/i0.wp.com\/larevistadigital.com.ar\/blog\/wp-content\/uploads\/WhatsApp-Image-2020-08-18-at-10.45.01.jpeg?fit=1156%2C868&ssl=1&resize=350%2C200","width":350,"height":200,"srcset":"https:\/\/i0.wp.com\/larevistadigital.com.ar\/blog\/wp-content\/uploads\/WhatsApp-Image-2020-08-18-at-10.45.01.jpeg?fit=1156%2C868&ssl=1&resize=350%2C200 1x, https:\/\/i0.wp.com\/larevistadigital.com.ar\/blog\/wp-content\/uploads\/WhatsApp-Image-2020-08-18-at-10.45.01.jpeg?fit=1156%2C868&ssl=1&resize=525%2C300 1.5x, https:\/\/i0.wp.com\/larevistadigital.com.ar\/blog\/wp-content\/uploads\/WhatsApp-Image-2020-08-18-at-10.45.01.jpeg?fit=1156%2C868&ssl=1&resize=700%2C400 2x, https:\/\/i0.wp.com\/larevistadigital.com.ar\/blog\/wp-content\/uploads\/WhatsApp-Image-2020-08-18-at-10.45.01.jpeg?fit=1156%2C868&ssl=1&resize=1050%2C600 3x"},"classes":[]},{"id":36782,"url":"https:\/\/larevistadigital.com.ar\/blog\/rosario-un-camion-atropello-a-un-vendedor-que-trabajaba-en-silla-de-ruedas-en-una-esquina\/","url_meta":{"origin":29084,"position":5},"title":"ROSARIO: UN CAMI\u00d3N ATROPELL\u00d3 A UN VENDEDOR QUE TRABAJABA EN SILLA DE RUEDAS EN UNA ESQUINA","author":"Alejandro Sosa Ruda","date":"23 julio, 2024","format":false,"excerpt":"Un hombre que se desplaza en silla de ruedas fue embestido por un cami\u00f3n, pero afortunadamente, no sufri\u00f3 lesiones de gravedad. 23 de Julio de 2024 ROSARIO -\u00a0 El hecho tuvo lugar ayer lunes cerca del mediod\u00eda en la esquina de avenida Pellegrini y Dorrego, la v\u00edctima es un vendedor\u2026","rel":"","context":"En \u00abPOLICIALES\u00bb","block_context":{"text":"POLICIALES","link":"https:\/\/larevistadigital.com.ar\/blog\/category\/policiales\/"},"img":{"alt_text":"","src":"https:\/\/i0.wp.com\/larevistadigital.com.ar\/blog\/wp-content\/uploads\/452369022_906291128202687_2723003688560132978_n.jpg?fit=600%2C338&ssl=1&resize=350%2C200","width":350,"height":200,"srcset":"https:\/\/i0.wp.com\/larevistadigital.com.ar\/blog\/wp-content\/uploads\/452369022_906291128202687_2723003688560132978_n.jpg?fit=600%2C338&ssl=1&resize=350%2C200 1x, https:\/\/i0.wp.com\/larevistadigital.com.ar\/blog\/wp-content\/uploads\/452369022_906291128202687_2723003688560132978_n.jpg?fit=600%2C338&ssl=1&resize=525%2C300 1.5x"},"classes":[]}],"_links":{"self":[{"href":"https:\/\/larevistadigital.com.ar\/blog\/wp-json\/wp\/v2\/posts\/29084","targetHints":{"allow":["GET"]}}],"collection":[{"href":"https:\/\/larevistadigital.com.ar\/blog\/wp-json\/wp\/v2\/posts"}],"about":[{"href":"https:\/\/larevistadigital.com.ar\/blog\/wp-json\/wp\/v2\/types\/post"}],"author":[{"embeddable":true,"href":"https:\/\/larevistadigital.com.ar\/blog\/wp-json\/wp\/v2\/users\/3"}],"replies":[{"embeddable":true,"href":"https:\/\/larevistadigital.com.ar\/blog\/wp-json\/wp\/v2\/comments?post=29084"}],"version-history":[{"count":1,"href":"https:\/\/larevistadigital.com.ar\/blog\/wp-json\/wp\/v2\/posts\/29084\/revisions"}],"predecessor-version":[{"id":29086,"href":"https:\/\/larevistadigital.com.ar\/blog\/wp-json\/wp\/v2\/posts\/29084\/revisions\/29086"}],"wp:featuredmedia":[{"embeddable":true,"href":"https:\/\/larevistadigital.com.ar\/blog\/wp-json\/wp\/v2\/media\/29085"}],"wp:attachment":[{"href":"https:\/\/larevistadigital.com.ar\/blog\/wp-json\/wp\/v2\/media?parent=29084"}],"wp:term":[{"taxonomy":"category","embeddable":true,"href":"https:\/\/larevistadigital.com.ar\/blog\/wp-json\/wp\/v2\/categories?post=29084"},{"taxonomy":"post_tag","embeddable":true,"href":"https:\/\/larevistadigital.com.ar\/blog\/wp-json\/wp\/v2\/tags?post=29084"}],"curies":[{"name":"wp","href":"https:\/\/api.w.org\/{rel}","templated":true}]}}