{"id":29087,"date":"2022-11-26T17:06:59","date_gmt":"2022-11-26T17:06:59","guid":{"rendered":"https:\/\/larevistadigital.com.ar\/blog\/?p=29087"},"modified":"2022-11-26T17:06:59","modified_gmt":"2022-11-26T17:06:59","slug":"maschwitz-explosion-en-supermercado-una-mujer-esta-grave","status":"publish","type":"post","link":"https:\/\/larevistadigital.com.ar\/blog\/maschwitz-explosion-en-supermercado-una-mujer-esta-grave\/","title":{"rendered":"MASCHWITZ: EXPLOSI\u00d3N EN SUPERMERCADO. UNA MUJER EST\u00c1 GRAVE."},"content":{"rendered":"<h2 class=\"fparrafo ctext fz18 lh25\">El hecho ocurri\u00f3 sobre la ruta 26, camino a Dique Luj\u00e1n, por una fuga de gas. La v\u00edctima es de nacionalidad china y fue llevada en estado cr\u00edtico al hospital Erill, con quemaduras en casi todo su cuerpo.<\/h2>\n<p>26 de noviembre de 2022<\/p>\n<p><strong>ING. MASCHWITZ &#8211;<\/strong>\u00a0 Una explosi\u00f3n provocada por una fuga de gas en un supermercado chino gener\u00f3 momentos de preocupaci\u00f3n este jueves a la noche en la localidad de Ingeniero Maschwitz. A causa del incidente, una mujer de nacionalidad asi\u00e1tica sufri\u00f3 graves quemaduras y fue trasladada de urgencia al hospital Erill.<\/p>\n<blockquote>\n<h3 class=\"selectionShareable\">Cuando eran casi las 20, una potente detonaci\u00f3n sorprendi\u00f3 y puso en alerta a los vecinos de los barrios San Lorenzo y San Miguel. El estruendo provino del fondo de un establecimiento comercial denominado \u201cSuper Familia\u201d, ubicado sobre la ruta provincial 26, ente las calles Rawson y San Lorenzo.<\/h3>\n<\/blockquote>\n<p class=\"selectionShareable\">Hasta el momento no hay certezas plenas sobre el origen del incidente. Las primeras informaciones se\u00f1alaban que la explosi\u00f3n fue causada por la fuga de gas de una garrafa. Lo que se desconoce es c\u00f3mo se inici\u00f3 el fuego, que pudo haber sido provocado por una chispa, un encendedor o algo similar.<\/p>\n<blockquote>\n<h3 class=\"selectionShareable\">A causa de la explosi\u00f3n, una mujer que se encontraba en ese sector del inmueble sufri\u00f3 grav\u00edsimas quemaduras en la mayor parte de su cuerpo y en su rostro.<\/h3>\n<\/blockquote>\n<p class=\"selectionShareable\">Al lugar asistieron varias dotaciones del cuartel de bomberos de Maschwitz, personal de Defensa Civil y de la comisar\u00eda Escobar 2da. Tambi\u00e9n una ambulancia del SAME, que traslad\u00f3 a la mujer al hospital provincial Enrique Erill. \u201cSu estado era reservado\u201d, inform\u00f3 el portal ElD\u00edadeEscobar.<\/p>\n<blockquote>\n<h3 class=\"selectionShareable\">Fuentes policiales, en tanto, confirmaron a este medio que la v\u00edctima se llama Lin Xiao Ling, tiene cerca de 40 a\u00f1os y ser\u00eda la esposa del due\u00f1o del supermercado. Adem\u00e1s, se\u00f1alaron que la detonaci\u00f3n y el fuego no afectaron a otras personas, ya sea empleados o circunstanciales clientes. S\u00ed provoc\u00f3 algunos da\u00f1os materiales.<\/h3>\n<\/blockquote>\n<p class=\"selectionShareable\">Por el hecho se inici\u00f3 una instrucci\u00f3n sumarial caratulada \u201clesiones por accidente\u201d, cuya investigaci\u00f3n est\u00e1 a cargo de la Unidad Funcional de Instrucci\u00f3n N\u00ba5 de Escobar. (<b>InfoGEI<\/b>) Mg<\/p>\n","protected":false},"excerpt":{"rendered":"<div class=\"mh-excerpt\"><p>El hecho ocurri\u00f3 sobre la ruta 26, camino a Dique Luj\u00e1n, por una fuga de gas. La v\u00edctima es de nacionalidad china y fue llevada en estado cr\u00edtico al hospital Erill, con quemaduras en casi <a class=\"mh-excerpt-more\" href=\"https:\/\/larevistadigital.com.ar\/blog\/maschwitz-explosion-en-supermercado-una-mujer-esta-grave\/\" title=\"MASCHWITZ: EXPLOSI\u00d3N EN SUPERMERCADO. UNA MUJER EST\u00c1 GRAVE.\">[Leer M\u00e1s]<\/a><\/p>\n<\/div>","protected":false},"author":3,"featured_media":29088,"comment_status":"open","ping_status":"open","sticky":false,"template":"","format":"standard","meta":{"_jetpack_memberships_contains_paid_content":false,"footnotes":"","jetpack_publicize_message":"","jetpack_publicize_feature_enabled":true,"jetpack_social_post_already_shared":true,"jetpack_social_options":{"image_generator_settings":{"template":"highway","default_image_id":0,"font":"","enabled":false},"version":2}},"categories":[44,51],"tags":[],"class_list":{"0":"post-29087","1":"post","2":"type-post","3":"status-publish","4":"format-standard","5":"has-post-thumbnail","7":"category-policiales","8":"category-regionales"},"jetpack_publicize_connections":[],"jetpack_featured_media_url":"https:\/\/i0.wp.com\/larevistadigital.com.ar\/blog\/wp-content\/uploads\/20221125191257_super.jpg?fit=880%2C512&ssl=1","jetpack_sharing_enabled":true,"jetpack_shortlink":"https:\/\/wp.me\/p8qtrQ-7z9","jetpack-related-posts":[{"id":22203,"url":"https:\/\/larevistadigital.com.ar\/blog\/dos-patrulleros-chocaron-persiguiendo-a-un-ladron-y-4-policias-resultaron-heridos\/","url_meta":{"origin":29087,"position":0},"title":"DOS PATRULLEROS CHOCARON PERSIGUIENDO A UN LADR\u00d3N, Y 4 POLIC\u00cdAS RESULTARON HERIDOS","author":"Alejandro Sosa Ruda","date":"30 septiembre, 2021","format":false,"excerpt":"El hecho se origin\u00f3 a partir del robo de una camioneta Jos\u00e9 C. Paz. En el intento de fuga, el delincuente embisti\u00f3 a los m\u00f3viles que lo persegu\u00edan. Finalmente, el ladr\u00f3n fue detenido. Como consecuencia de los choques, cuatro polic\u00edas sufrieron heridas de diversa consideraci\u00f3n y fueron trasladados al hospital\u2026","rel":"","context":"En \u00abPOLICIALES\u00bb","block_context":{"text":"POLICIALES","link":"https:\/\/larevistadigital.com.ar\/blog\/category\/policiales\/"},"img":{"alt_text":"","src":"https:\/\/i0.wp.com\/larevistadigital.com.ar\/blog\/wp-content\/uploads\/Captura-de-pantalla-2021-09-30-203233.jpg?fit=982%2C573&ssl=1&resize=350%2C200","width":350,"height":200,"srcset":"https:\/\/i0.wp.com\/larevistadigital.com.ar\/blog\/wp-content\/uploads\/Captura-de-pantalla-2021-09-30-203233.jpg?fit=982%2C573&ssl=1&resize=350%2C200 1x, https:\/\/i0.wp.com\/larevistadigital.com.ar\/blog\/wp-content\/uploads\/Captura-de-pantalla-2021-09-30-203233.jpg?fit=982%2C573&ssl=1&resize=525%2C300 1.5x, https:\/\/i0.wp.com\/larevistadigital.com.ar\/blog\/wp-content\/uploads\/Captura-de-pantalla-2021-09-30-203233.jpg?fit=982%2C573&ssl=1&resize=700%2C400 2x"},"classes":[]},{"id":25049,"url":"https:\/\/larevistadigital.com.ar\/blog\/horror-venia-por-la-autopista-de-contramano-en-su-moto-choco-con-un-auto-y-fue-aplastado-por-un-camion\/","url_meta":{"origin":29087,"position":1},"title":"HORROR: VEN\u00cdA POR LA AUTOPISTA DE CONTRAMANO EN SU MOTO, CHOC\u00d3 CON UN AUTO Y FUE APLASTADO POR UN CAMI\u00d3N","author":"Alejandro Sosa Ruda","date":"11 abril, 2022","format":false,"excerpt":"El accidente ocurri\u00f3 esta ma\u00f1ana a la altura del kil\u00f3metro 44 de la Panamericana, mano a Capital Federal, casi en el l\u00edmite entre Bel\u00e9n de Escobar y Maschwitz. El conductor ten\u00eda 28 a\u00f1os y viv\u00eda en Matheu Por causas que todav\u00eda no se habr\u00edan podido establecer, un joven de 28\u2026","rel":"","context":"En \u00abINTERES GENERAL\u00bb","block_context":{"text":"INTERES GENERAL","link":"https:\/\/larevistadigital.com.ar\/blog\/category\/interes-general\/"},"img":{"alt_text":"","src":"https:\/\/i0.wp.com\/larevistadigital.com.ar\/blog\/wp-content\/uploads\/20220411180241_accide.jpg?fit=880%2C512&ssl=1&resize=350%2C200","width":350,"height":200,"srcset":"https:\/\/i0.wp.com\/larevistadigital.com.ar\/blog\/wp-content\/uploads\/20220411180241_accide.jpg?fit=880%2C512&ssl=1&resize=350%2C200 1x, https:\/\/i0.wp.com\/larevistadigital.com.ar\/blog\/wp-content\/uploads\/20220411180241_accide.jpg?fit=880%2C512&ssl=1&resize=525%2C300 1.5x, https:\/\/i0.wp.com\/larevistadigital.com.ar\/blog\/wp-content\/uploads\/20220411180241_accide.jpg?fit=880%2C512&ssl=1&resize=700%2C400 2x"},"classes":[]},{"id":30696,"url":"https:\/\/larevistadigital.com.ar\/blog\/bolivar-tristeza-y-conmocion-por-la-muerte-de-dos-trabajadores-en-un-principio-de-incendio\/","url_meta":{"origin":29087,"position":2},"title":"BOLIVAR: TRISTEZA Y CONMOCI\u00d3N POR LA MUERTE DE DOS TRABAJADORES EN UN PRINCIPIO DE INCENDIO","author":"Alejandro Sosa Ruda","date":"23 marzo, 2023","format":false,"excerpt":"El fuego se origin\u00f3 en un campamento instalado para efectuar tareas de cosecha. Un tercer hombre fue encontrado con vida y con heridas y quemaduras. 23 de marzo de 2023 BOLIVAR -\u00a0 Dos trabajadores rurales oriundos de 25 de Mayo fallecieron este martes por la noche y un tercero result\u00f3\u2026","rel":"","context":"En \u00abPOLICIALES\u00bb","block_context":{"text":"POLICIALES","link":"https:\/\/larevistadigital.com.ar\/blog\/category\/policiales\/"},"img":{"alt_text":"","src":"https:\/\/i0.wp.com\/larevistadigital.com.ar\/blog\/wp-content\/uploads\/20230323165425_ince.jpg?fit=880%2C512&ssl=1&resize=350%2C200","width":350,"height":200,"srcset":"https:\/\/i0.wp.com\/larevistadigital.com.ar\/blog\/wp-content\/uploads\/20230323165425_ince.jpg?fit=880%2C512&ssl=1&resize=350%2C200 1x, https:\/\/i0.wp.com\/larevistadigital.com.ar\/blog\/wp-content\/uploads\/20230323165425_ince.jpg?fit=880%2C512&ssl=1&resize=525%2C300 1.5x, https:\/\/i0.wp.com\/larevistadigital.com.ar\/blog\/wp-content\/uploads\/20230323165425_ince.jpg?fit=880%2C512&ssl=1&resize=700%2C400 2x"},"classes":[]},{"id":22583,"url":"https:\/\/larevistadigital.com.ar\/blog\/un-camion-con-acoplado-cayo-de-la-panamericana-a-la-ruta-provincial-25\/","url_meta":{"origin":29087,"position":3},"title":"UN CAMION CON ACOPLADO CAY\u00d3  DE LA PANAMERICANA A LA RUTA PROVINCIAL 25","author":"Alejandro Sosa Ruda","date":"5 noviembre, 2021","format":false,"excerpt":"Un impresionante accidente ocurri\u00f3 en la madrugada de este mi\u00e9rcoles sobre la autopista Panamericana, cuando un cami\u00f3n con acoplado perdi\u00f3 el control y cay\u00f3 sobre la ruta provincial 25, en la entrada a la ciudad de Bel\u00e9n de Escobar. El suceso fue protagonizado por un cami\u00f3n con acoplado perteneciente a\u2026","rel":"","context":"En \u00abINTERES GENERAL\u00bb","block_context":{"text":"INTERES GENERAL","link":"https:\/\/larevistadigital.com.ar\/blog\/category\/interes-general\/"},"img":{"alt_text":"","src":"https:\/\/i0.wp.com\/larevistadigital.com.ar\/blog\/wp-content\/uploads\/camion-nota-ESCOBAR-4-11-2021.jpg?fit=880%2C512&ssl=1&resize=350%2C200","width":350,"height":200,"srcset":"https:\/\/i0.wp.com\/larevistadigital.com.ar\/blog\/wp-content\/uploads\/camion-nota-ESCOBAR-4-11-2021.jpg?fit=880%2C512&ssl=1&resize=350%2C200 1x, https:\/\/i0.wp.com\/larevistadigital.com.ar\/blog\/wp-content\/uploads\/camion-nota-ESCOBAR-4-11-2021.jpg?fit=880%2C512&ssl=1&resize=525%2C300 1.5x, https:\/\/i0.wp.com\/larevistadigital.com.ar\/blog\/wp-content\/uploads\/camion-nota-ESCOBAR-4-11-2021.jpg?fit=880%2C512&ssl=1&resize=700%2C400 2x"},"classes":[]},{"id":11582,"url":"https:\/\/larevistadigital.com.ar\/blog\/san-vicente-la-explosion-de-un-tanque-de-gas-en-la-ruta-6-alerto-a-la-region\/","url_meta":{"origin":29087,"position":4},"title":"SAN VICENTE: LA EXPLOSI\u00d3N DE UN TANQUE DE GAS EN LA RUTA 6 ALERT\u00d3 A LA REGI\u00d3N","author":"Alejandro Sosa Ruda","date":"28 julio, 2019","format":false,"excerpt":"La onda expansiva fue de tal magnitud que se sinti\u00f3 a kil\u00f3metros de distancia En la madrugada de este domingo 28 de Julio, vecinos de Guernica, San Vicente y Brandsen, \u00a0se pusieron en alerta por un \"fuerte temblor\" que seg\u00fan hicieron saber a trav\u00e9s de nuestro WhatsApp \"hizo temblar los\u2026","rel":"","context":"En \u00abREGIONALES\u00bb","block_context":{"text":"REGIONALES","link":"https:\/\/larevistadigital.com.ar\/blog\/category\/regionales\/"},"img":{"alt_text":"","src":"https:\/\/i0.wp.com\/larevistadigital.com.ar\/blog\/wp-content\/uploads\/580f272ac461889e6d8b4588.jpg?fit=750%2C422&ssl=1&resize=350%2C200","width":350,"height":200,"srcset":"https:\/\/i0.wp.com\/larevistadigital.com.ar\/blog\/wp-content\/uploads\/580f272ac461889e6d8b4588.jpg?fit=750%2C422&ssl=1&resize=350%2C200 1x, https:\/\/i0.wp.com\/larevistadigital.com.ar\/blog\/wp-content\/uploads\/580f272ac461889e6d8b4588.jpg?fit=750%2C422&ssl=1&resize=525%2C300 1.5x, https:\/\/i0.wp.com\/larevistadigital.com.ar\/blog\/wp-content\/uploads\/580f272ac461889e6d8b4588.jpg?fit=750%2C422&ssl=1&resize=700%2C400 2x"},"classes":[]},{"id":36637,"url":"https:\/\/larevistadigital.com.ar\/blog\/chascomus-trabajo-coordinado-ante-la-explosion-de-una-vivienda\/","url_meta":{"origin":29087,"position":5},"title":"CHASCOM\u00daS: TRABAJO COORDINADO ANTE LA EXPLOSI\u00d3N DE UNA VIVIENDA","author":"Alejandro Sosa Ruda","date":"10 julio, 2024","format":false,"excerpt":"Esta ma\u00f1ana, los Bomberos Voluntarios, la Municipalidad de Chascom\u00fas y la Estaci\u00f3n de Polic\u00eda Comunal en conjunto para atender una situaci\u00f3n de emergencia tras la explosi\u00f3n de una vivienda en el Golf Country Club, posiblemente causada por un escape de gas. 10 de Junio de 2024 CHASCOM\u00daS -\u00a0 El incidente\u2026","rel":"","context":"En \u00abINTERES GENERAL\u00bb","block_context":{"text":"INTERES GENERAL","link":"https:\/\/larevistadigital.com.ar\/blog\/category\/interes-general\/"},"img":{"alt_text":"","src":"https:\/\/i0.wp.com\/larevistadigital.com.ar\/blog\/wp-content\/uploads\/hospital-municipal-chascomus.jpg?fit=600%2C401&ssl=1&resize=350%2C200","width":350,"height":200,"srcset":"https:\/\/i0.wp.com\/larevistadigital.com.ar\/blog\/wp-content\/uploads\/hospital-municipal-chascomus.jpg?fit=600%2C401&ssl=1&resize=350%2C200 1x, https:\/\/i0.wp.com\/larevistadigital.com.ar\/blog\/wp-content\/uploads\/hospital-municipal-chascomus.jpg?fit=600%2C401&ssl=1&resize=525%2C300 1.5x"},"classes":[]}],"_links":{"self":[{"href":"https:\/\/larevistadigital.com.ar\/blog\/wp-json\/wp\/v2\/posts\/29087","targetHints":{"allow":["GET"]}}],"collection":[{"href":"https:\/\/larevistadigital.com.ar\/blog\/wp-json\/wp\/v2\/posts"}],"about":[{"href":"https:\/\/larevistadigital.com.ar\/blog\/wp-json\/wp\/v2\/types\/post"}],"author":[{"embeddable":true,"href":"https:\/\/larevistadigital.com.ar\/blog\/wp-json\/wp\/v2\/users\/3"}],"replies":[{"embeddable":true,"href":"https:\/\/larevistadigital.com.ar\/blog\/wp-json\/wp\/v2\/comments?post=29087"}],"version-history":[{"count":1,"href":"https:\/\/larevistadigital.com.ar\/blog\/wp-json\/wp\/v2\/posts\/29087\/revisions"}],"predecessor-version":[{"id":29089,"href":"https:\/\/larevistadigital.com.ar\/blog\/wp-json\/wp\/v2\/posts\/29087\/revisions\/29089"}],"wp:featuredmedia":[{"embeddable":true,"href":"https:\/\/larevistadigital.com.ar\/blog\/wp-json\/wp\/v2\/media\/29088"}],"wp:attachment":[{"href":"https:\/\/larevistadigital.com.ar\/blog\/wp-json\/wp\/v2\/media?parent=29087"}],"wp:term":[{"taxonomy":"category","embeddable":true,"href":"https:\/\/larevistadigital.com.ar\/blog\/wp-json\/wp\/v2\/categories?post=29087"},{"taxonomy":"post_tag","embeddable":true,"href":"https:\/\/larevistadigital.com.ar\/blog\/wp-json\/wp\/v2\/tags?post=29087"}],"curies":[{"name":"wp","href":"https:\/\/api.w.org\/{rel}","templated":true}]}}