{"id":29117,"date":"2022-11-27T23:40:25","date_gmt":"2022-11-27T23:40:25","guid":{"rendered":"https:\/\/larevistadigital.com.ar\/blog\/?p=29117"},"modified":"2022-11-27T23:40:25","modified_gmt":"2022-11-27T23:40:25","slug":"vicente-lopez-vecinos-rechazan-un-puente-sobre-un-humedal-no-queremos-otro-costa-salguero-dicen","status":"publish","type":"post","link":"https:\/\/larevistadigital.com.ar\/blog\/vicente-lopez-vecinos-rechazan-un-puente-sobre-un-humedal-no-queremos-otro-costa-salguero-dicen\/","title":{"rendered":"VICENTE L\u00d3PEZ: VECINOS RECHAZAN UN PUENTE SOBRE UN HUMEDAL \u00abNO QUEREMOS OTRO COSTA SALGUERO\u00bb, DICEN."},"content":{"rendered":"<h2>Se reunieron en el humedal del Arroyo Raggio. Fue para repudiar\u00a0al proyecto de construcci\u00f3n de un puente vehicular de cemento sobre el \u00e1rea natural para conectar con Capital Federal. Se trata del \u00fanico humedal en Vicente L\u00f3pez que tiene aguas cristalinas.<\/h2>\n<p>27 de noviembre de 2022<\/p>\n<p><strong>VICENTE L\u00d3PEZ &#8211;<\/strong>\u00a0 Vecinos y agrupaciones ambientalistas de Vicente L\u00f3pez se reunieron en el humedal del Arroyo Raggio, en repudio al proyecto de construcci\u00f3n de un puente de cemento sobre el \u00e1rea natural. La actividad fue organizada con el fin de rechazar el proyecto de construcci\u00f3n de un puente de hormig\u00f3n de seis metros de ancho sobre pilotes, para peatones y bicicletas.<\/p>\n<blockquote>\n<h3>Flavia Affani, integrante de la Asociaci\u00f3n Civil Pro Vicente L\u00f3pez y organizadora del evento, afirm\u00f3 a T\u00e9lam: <em>\u00abEl proyecto es da\u00f1ino porque este arroyo es el \u00fanico humedal en Vicente L\u00f3pez que tiene aguas cristalinas, porque no hay desag\u00fces cloacales y hay m\u00e1s de 150 especies de aves, tres especies de tortugas, un mont\u00f3n de flora nativas\u00bb.<\/em><\/h3>\n<\/blockquote>\n<p><strong>Affanni<\/strong> recuerda que no es la primera vez que desde los gobiernos municipales intentan efectuar iniciativas sobre el humedal. <em><strong>\u00abEn el a\u00f1o 2016 el C\u00edrculo de la Polic\u00eda Federal (CFP) quiso dragar el humedal para crear amarras para embarcaciones de sus socios, pero gracias a la acci\u00f3n vecinal se pudo frenar la obra ilegal\u00bb<\/strong><\/em>.<\/p>\n<blockquote>\n<h3>Los vecinos tambi\u00e9n solicitaron la demolici\u00f3n de un muro de material, ubicado a los alrededores del humedal, que hab\u00eda sido construido cuando se produjo el avance del C\u00edrculo de la Polic\u00eda Federal sobre el \u00e1rea natural. A su vez, se\u00f1alaron que esperan que intervenga el Gobierno de la provincia de Buenos Aires para evitar que avance este proyecto.<\/h3>\n<\/blockquote>\n<p><em><strong>\u00abLa finalidad de un puente de seis metros de ancho es para que circulen autos por ac\u00e1 y transformarlo en algo parecido a lo que pasa en Costa Salguero, que tiene un objetivo netamente inmobiliario\u00bb<\/strong><\/em>, remarc\u00f3 un vecino que particip\u00f3 de la movilizaci\u00f3n. Durante el reclamo\u00a0los activistas contaron\u00a0la historia de la flora y fauna que habita en el lugar.<\/p>\n","protected":false},"excerpt":{"rendered":"<div class=\"mh-excerpt\"><p>Se reunieron en el humedal del Arroyo Raggio. Fue para repudiar\u00a0al proyecto de construcci\u00f3n de un puente vehicular de cemento sobre el \u00e1rea natural para conectar con Capital Federal. Se trata del \u00fanico humedal en <a class=\"mh-excerpt-more\" href=\"https:\/\/larevistadigital.com.ar\/blog\/vicente-lopez-vecinos-rechazan-un-puente-sobre-un-humedal-no-queremos-otro-costa-salguero-dicen\/\" title=\"VICENTE L\u00d3PEZ: VECINOS RECHAZAN UN PUENTE SOBRE UN HUMEDAL \u00abNO QUEREMOS OTRO COSTA SALGUERO\u00bb, DICEN.\">[Leer M\u00e1s]<\/a><\/p>\n<\/div>","protected":false},"author":3,"featured_media":29118,"comment_status":"open","ping_status":"open","sticky":false,"template":"","format":"standard","meta":{"_jetpack_memberships_contains_paid_content":false,"footnotes":"","jetpack_publicize_message":"","jetpack_publicize_feature_enabled":true,"jetpack_social_post_already_shared":true,"jetpack_social_options":{"image_generator_settings":{"template":"highway","default_image_id":0,"font":"","enabled":false},"version":2}},"categories":[34,51],"tags":[],"class_list":{"0":"post-29117","1":"post","2":"type-post","3":"status-publish","4":"format-standard","5":"has-post-thumbnail","7":"category-medio-ambiente","8":"category-regionales"},"jetpack_publicize_connections":[],"jetpack_featured_media_url":"https:\/\/i0.wp.com\/larevistadigital.com.ar\/blog\/wp-content\/uploads\/FiF_NEXWIAAZydM.jpg?fit=1920%2C1280&ssl=1","jetpack_sharing_enabled":true,"jetpack_shortlink":"https:\/\/wp.me\/p8qtrQ-7zD","jetpack-related-posts":[{"id":41935,"url":"https:\/\/larevistadigital.com.ar\/blog\/chascomus-javier-gaston-visito-el-nuevo-paseo-del-bigua\/","url_meta":{"origin":29117,"position":0},"title":"Chascom\u00fas: Javier Gast\u00f3n visit\u00f3 el nuevo Paseo del Bigu\u00e1","author":"Alejandro Sosa Ruda","date":"13 octubre, 2025","format":false,"excerpt":"El espacio que reconoce a nuestro ave emblema y pone en valor el humedal en el que habita. 13 de Octubre de 2025 CHASCOM\u00daS -\u00a0 \u00a0El viernes pasado tuvo lugar la primera visita oficial al Paseo del Bigu\u00e1, un espacio que promueve el cuidado de la avifauna local y que\u2026","rel":"","context":"En \u00abCHASCOM\u00daS\u00bb","block_context":{"text":"CHASCOM\u00daS","link":"https:\/\/larevistadigital.com.ar\/blog\/category\/chascomus\/"},"img":{"alt_text":"","src":"https:\/\/i0.wp.com\/larevistadigital.com.ar\/blog\/wp-content\/uploads\/68ed276d5d39d.png?fit=668%2C445&ssl=1&resize=350%2C200","width":350,"height":200,"srcset":"https:\/\/i0.wp.com\/larevistadigital.com.ar\/blog\/wp-content\/uploads\/68ed276d5d39d.png?fit=668%2C445&ssl=1&resize=350%2C200 1x, https:\/\/i0.wp.com\/larevistadigital.com.ar\/blog\/wp-content\/uploads\/68ed276d5d39d.png?fit=668%2C445&ssl=1&resize=525%2C300 1.5x"},"classes":[]},{"id":32052,"url":"https:\/\/larevistadigital.com.ar\/blog\/murio-una-turista-en-mendoza-luego-que-su-auto-desbarranco\/","url_meta":{"origin":29117,"position":1},"title":"MURI\u00d3 UNA TURISTA EN MENDOZA, LUEGO QUE SU AUTO DESBARRANC\u00d3","author":"Alejandro Sosa Ruda","date":"16 junio, 2023","format":false,"excerpt":"Paula Bel\u00e9n Galarza (27), bonaerense, iba acompa\u00f1ada por dos amigas, una de las cuales manejaba en estado de ebriedad. 16 de junio de 2023 MENDOZA\u00a0 -\u00a0 El viernes pasado, Paula Bel\u00e9n Galarza, una joven de 27 a\u00f1os, perdi\u00f3 la vida en un tr\u00e1gico accidente de tr\u00e1nsito en Tunuy\u00e1n, Mendoza. El\u2026","rel":"","context":"En \u00abINTERES GENERAL\u00bb","block_context":{"text":"INTERES GENERAL","link":"https:\/\/larevistadigital.com.ar\/blog\/category\/interes-general\/"},"img":{"alt_text":"","src":"https:\/\/i0.wp.com\/larevistadigital.com.ar\/blog\/wp-content\/uploads\/Captura-de-pantalla-2023-06-16-204553.jpg?fit=1200%2C416&ssl=1&resize=350%2C200","width":350,"height":200,"srcset":"https:\/\/i0.wp.com\/larevistadigital.com.ar\/blog\/wp-content\/uploads\/Captura-de-pantalla-2023-06-16-204553.jpg?fit=1200%2C416&ssl=1&resize=350%2C200 1x, https:\/\/i0.wp.com\/larevistadigital.com.ar\/blog\/wp-content\/uploads\/Captura-de-pantalla-2023-06-16-204553.jpg?fit=1200%2C416&ssl=1&resize=525%2C300 1.5x, https:\/\/i0.wp.com\/larevistadigital.com.ar\/blog\/wp-content\/uploads\/Captura-de-pantalla-2023-06-16-204553.jpg?fit=1200%2C416&ssl=1&resize=700%2C400 2x, https:\/\/i0.wp.com\/larevistadigital.com.ar\/blog\/wp-content\/uploads\/Captura-de-pantalla-2023-06-16-204553.jpg?fit=1200%2C416&ssl=1&resize=1050%2C600 3x"},"classes":[]},{"id":15142,"url":"https:\/\/larevistadigital.com.ar\/blog\/mueren-2-personas-tras-la-caida-de-un-vehiculo-a-un-arroyo-en-la-ruta-2\/","url_meta":{"origin":29117,"position":2},"title":"MUEREN 2 PERSONAS TRAS LA CA\u00cdDA DE UN VEH\u00cdCULO A UN ARROYO EN LA RUTA 2","author":"Alejandro Sosa Ruda","date":"8 mayo, 2020","format":false,"excerpt":"Dos personas fallecidas fue el saldo que dej\u00f3 la ca\u00edda que protagoniz\u00f3 este jueves una camioneta Toyota Hilux blanca del puente del Arroyo Grande, que se encuentra en el partido de Mar Chiquita. Fuentes oficiales le confirmaron a 0223 ambas muertes, aunque no brindaron datos sobre su identidad. Por estas\u2026","rel":"","context":"En \u00abPOLICIALES\u00bb","block_context":{"text":"POLICIALES","link":"https:\/\/larevistadigital.com.ar\/blog\/category\/policiales\/"},"img":{"alt_text":"","src":"https:\/\/i0.wp.com\/larevistadigital.com.ar\/blog\/wp-content\/uploads\/b5780d1399fec90eb9b109ea3e8e7e7898a7d094.jpg?fit=1140%2C758&ssl=1&resize=350%2C200","width":350,"height":200,"srcset":"https:\/\/i0.wp.com\/larevistadigital.com.ar\/blog\/wp-content\/uploads\/b5780d1399fec90eb9b109ea3e8e7e7898a7d094.jpg?fit=1140%2C758&ssl=1&resize=350%2C200 1x, https:\/\/i0.wp.com\/larevistadigital.com.ar\/blog\/wp-content\/uploads\/b5780d1399fec90eb9b109ea3e8e7e7898a7d094.jpg?fit=1140%2C758&ssl=1&resize=525%2C300 1.5x, https:\/\/i0.wp.com\/larevistadigital.com.ar\/blog\/wp-content\/uploads\/b5780d1399fec90eb9b109ea3e8e7e7898a7d094.jpg?fit=1140%2C758&ssl=1&resize=700%2C400 2x, https:\/\/i0.wp.com\/larevistadigital.com.ar\/blog\/wp-content\/uploads\/b5780d1399fec90eb9b109ea3e8e7e7898a7d094.jpg?fit=1140%2C758&ssl=1&resize=1050%2C600 3x"},"classes":[]},{"id":42231,"url":"https:\/\/larevistadigital.com.ar\/blog\/chascomus-colocan-islas-flotantes-artificiales-en-la-laguna\/","url_meta":{"origin":29117,"position":3},"title":"Chascom\u00fas: Colocan islas flotantes artificiales en la laguna","author":"Alejandro Sosa Ruda","date":"24 octubre, 2025","format":false,"excerpt":"Se trata de una investigaci\u00f3n del Instituto Nacional del Agua (INA) que pone a prueba este sistema innovador frente a las particularidades climatol\u00f3gicas. 24 de Octubre de 2025 CHASCOM\u00daS -\u00a0 \u00a0En el d\u00eda de ayer investigadores del INA junto al personal del \u00e1rea de Ambiente municipal, comenzaron la construcci\u00f3n de\u2026","rel":"","context":"En \u00abCHASCOM\u00daS\u00bb","block_context":{"text":"CHASCOM\u00daS","link":"https:\/\/larevistadigital.com.ar\/blog\/category\/chascomus\/"},"img":{"alt_text":"","src":"https:\/\/i0.wp.com\/larevistadigital.com.ar\/blog\/wp-content\/uploads\/68fbab3eb3c4b.png?fit=668%2C445&ssl=1&resize=350%2C200","width":350,"height":200,"srcset":"https:\/\/i0.wp.com\/larevistadigital.com.ar\/blog\/wp-content\/uploads\/68fbab3eb3c4b.png?fit=668%2C445&ssl=1&resize=350%2C200 1x, https:\/\/i0.wp.com\/larevistadigital.com.ar\/blog\/wp-content\/uploads\/68fbab3eb3c4b.png?fit=668%2C445&ssl=1&resize=525%2C300 1.5x"},"classes":[]},{"id":24955,"url":"https:\/\/larevistadigital.com.ar\/blog\/san-vicente-un-muerto-por-tragico-accidente-en-la-ruta-210\/","url_meta":{"origin":29117,"position":4},"title":"SAN VICENTE: UN MUERTO POR TR\u00c1GICO ACCIDENTE EN LA RUTA 210","author":"Alejandro Sosa Ruda","date":"4 abril, 2022","format":false,"excerpt":"Ocurri\u00f3 ayer por la tarde a 200 metros del puente de ruta 6. El conductor de la moto falleci\u00f3 en el acto. Un tr\u00e1gico accidente conmociona a la regi\u00f3n, luego de que un motociclista que circulaba por la ruta 210 -en sentido Alejandro Korn -\u00a0Brandsen-, en una Suzuki de alta\u2026","rel":"","context":"En \u00abPOLICIALES\u00bb","block_context":{"text":"POLICIALES","link":"https:\/\/larevistadigital.com.ar\/blog\/category\/policiales\/"},"img":{"alt_text":"","src":"https:\/\/i0.wp.com\/larevistadigital.com.ar\/blog\/wp-content\/uploads\/Captura-de-pantalla-2022-04-04-125311.jpg?fit=1200%2C597&ssl=1&resize=350%2C200","width":350,"height":200,"srcset":"https:\/\/i0.wp.com\/larevistadigital.com.ar\/blog\/wp-content\/uploads\/Captura-de-pantalla-2022-04-04-125311.jpg?fit=1200%2C597&ssl=1&resize=350%2C200 1x, https:\/\/i0.wp.com\/larevistadigital.com.ar\/blog\/wp-content\/uploads\/Captura-de-pantalla-2022-04-04-125311.jpg?fit=1200%2C597&ssl=1&resize=525%2C300 1.5x, https:\/\/i0.wp.com\/larevistadigital.com.ar\/blog\/wp-content\/uploads\/Captura-de-pantalla-2022-04-04-125311.jpg?fit=1200%2C597&ssl=1&resize=700%2C400 2x, https:\/\/i0.wp.com\/larevistadigital.com.ar\/blog\/wp-content\/uploads\/Captura-de-pantalla-2022-04-04-125311.jpg?fit=1200%2C597&ssl=1&resize=1050%2C600 3x"},"classes":[]},{"id":10182,"url":"https:\/\/larevistadigital.com.ar\/blog\/dos-muertos-por-el-narcotrafico-en-san-vicente\/","url_meta":{"origin":29117,"position":5},"title":"DOS MUERTOS POR EL NARCOTR\u00c1FICO EN SAN VICENTE","author":"Alejandro Sosa Ruda","date":"15 mayo, 2019","format":false,"excerpt":"Macabro hallazgo en San Vicente. Encontraron dos cad\u00e1veres de dos hombres que estaban desaparecidos hace 5 d\u00edas. Las investigaciones indican que los decesos fueron producto de cr\u00edmenes del narcotr\u00e1fico. Ambos sujetos eran oriundos del Partido de San Mart\u00edn, y fueron hallados en dos lugares distintos del distrito, tras los rastrillajes\u2026","rel":"","context":"En \u00abPOLICIALES\u00bb","block_context":{"text":"POLICIALES","link":"https:\/\/larevistadigital.com.ar\/blog\/category\/policiales\/"},"img":{"alt_text":"","src":"https:\/\/i0.wp.com\/larevistadigital.com.ar\/blog\/wp-content\/uploads\/2019\/05\/WhatsApp-Image-2019-03-05-at-15.22.32-1024x575-1.jpeg?fit=1024%2C575&ssl=1&resize=350%2C200","width":350,"height":200,"srcset":"https:\/\/i0.wp.com\/larevistadigital.com.ar\/blog\/wp-content\/uploads\/2019\/05\/WhatsApp-Image-2019-03-05-at-15.22.32-1024x575-1.jpeg?fit=1024%2C575&ssl=1&resize=350%2C200 1x, https:\/\/i0.wp.com\/larevistadigital.com.ar\/blog\/wp-content\/uploads\/2019\/05\/WhatsApp-Image-2019-03-05-at-15.22.32-1024x575-1.jpeg?fit=1024%2C575&ssl=1&resize=525%2C300 1.5x, https:\/\/i0.wp.com\/larevistadigital.com.ar\/blog\/wp-content\/uploads\/2019\/05\/WhatsApp-Image-2019-03-05-at-15.22.32-1024x575-1.jpeg?fit=1024%2C575&ssl=1&resize=700%2C400 2x"},"classes":[]}],"_links":{"self":[{"href":"https:\/\/larevistadigital.com.ar\/blog\/wp-json\/wp\/v2\/posts\/29117","targetHints":{"allow":["GET"]}}],"collection":[{"href":"https:\/\/larevistadigital.com.ar\/blog\/wp-json\/wp\/v2\/posts"}],"about":[{"href":"https:\/\/larevistadigital.com.ar\/blog\/wp-json\/wp\/v2\/types\/post"}],"author":[{"embeddable":true,"href":"https:\/\/larevistadigital.com.ar\/blog\/wp-json\/wp\/v2\/users\/3"}],"replies":[{"embeddable":true,"href":"https:\/\/larevistadigital.com.ar\/blog\/wp-json\/wp\/v2\/comments?post=29117"}],"version-history":[{"count":1,"href":"https:\/\/larevistadigital.com.ar\/blog\/wp-json\/wp\/v2\/posts\/29117\/revisions"}],"predecessor-version":[{"id":29119,"href":"https:\/\/larevistadigital.com.ar\/blog\/wp-json\/wp\/v2\/posts\/29117\/revisions\/29119"}],"wp:featuredmedia":[{"embeddable":true,"href":"https:\/\/larevistadigital.com.ar\/blog\/wp-json\/wp\/v2\/media\/29118"}],"wp:attachment":[{"href":"https:\/\/larevistadigital.com.ar\/blog\/wp-json\/wp\/v2\/media?parent=29117"}],"wp:term":[{"taxonomy":"category","embeddable":true,"href":"https:\/\/larevistadigital.com.ar\/blog\/wp-json\/wp\/v2\/categories?post=29117"},{"taxonomy":"post_tag","embeddable":true,"href":"https:\/\/larevistadigital.com.ar\/blog\/wp-json\/wp\/v2\/tags?post=29117"}],"curies":[{"name":"wp","href":"https:\/\/api.w.org\/{rel}","templated":true}]}}