{"id":29172,"date":"2022-11-29T03:32:14","date_gmt":"2022-11-29T03:32:14","guid":{"rendered":"https:\/\/larevistadigital.com.ar\/blog\/?p=29172"},"modified":"2022-11-29T03:32:14","modified_gmt":"2022-11-29T03:32:14","slug":"un-puma-conmociono-balcarce-y-luego-de-un-operativo-lograron-capturarlo","status":"publish","type":"post","link":"https:\/\/larevistadigital.com.ar\/blog\/un-puma-conmociono-balcarce-y-luego-de-un-operativo-lograron-capturarlo\/","title":{"rendered":"UN PUMA CONMOCION\u00d3 BALCARCE Y LUEGO DE UN OPERATIVO LOGRARON CAPTURARLO"},"content":{"rendered":"<h2 class=\"nota__hero__summary\">Intervino personal especializado y logr\u00f3 liberarlo en una zona rural.<\/h2>\n<p>29 de noviembre de 2022<\/p>\n<p><strong>BALCARCE &#8211;\u00a0<\/strong> Personal especializado de <strong>Fauna de Tandil\u00a0<\/strong>logr\u00f3 liberar durante la madrugada a un\u00a0<strong>puma que se hab\u00eda trepado a un \u00e1rbol<\/strong>\u00a0en el barrio Pueblo Nuevo de Balcarce.<\/p>\n<blockquote>\n<h3>Seg\u00fan inform\u00f3 La Capital de Mar del Plata, la presencia del felino fue registrada anoche en Avenida Eva Per\u00f3n y 114 y gener\u00f3 revuelo entre los vecinos del lugar.<\/h3>\n<\/blockquote>\n<p>Frente a este contexto, el animal se trep\u00f3 a un tronco en busca de refugio y\u00a0<strong>personal policial mont\u00f3 un vallado<\/strong>\u00a0para evitar que m\u00e1s personas se acercaran.<\/p>\n<blockquote>\n<h3>Tras dispararle con dardos sedantes, especialistas\u00a0<strong>lograron contenerlo<\/strong>\u00a0con una red y encerrarlo en un canil, para luego trasladarlo en la zona serrana conocida como paraje \u201cLa Martha\u201d.<\/h3>\n<\/blockquote>\n<p>Seg\u00fan escribi\u00f3 el bi\u00f3logo balcarce\u00f1o <strong>Juane Dajil<\/strong> en sus redes sociales, si bien el puma (puma concolor) es una especie aut\u00f3ctona del lugar, que haya aparecido en esa parte de la ciudad se debe a que <strong><em>\u201calguien lo ten\u00eda en su casa\u00a0(mascotismo) o alguien lo trajo hasta la ciudad y se le escap\u00f3\u201d.<\/em><\/strong><\/p>\n<p><em><strong>\u201cEstos animales tratan de evitar las urbanizaciones\u201d<\/strong><\/em>, ampli\u00f3, mientras que aclar\u00f3 que \u201cno ataca a los seres humanos\u201d y pidi\u00f3 ser \u201cm\u00e1s responsables con nuestra biodiversidad\u201d.<\/p>\n","protected":false},"excerpt":{"rendered":"<div class=\"mh-excerpt\"><p>Intervino personal especializado y logr\u00f3 liberarlo en una zona rural. 29 de noviembre de 2022 BALCARCE &#8211;\u00a0 Personal especializado de Fauna de Tandil\u00a0logr\u00f3 liberar durante la madrugada a un\u00a0puma que se hab\u00eda trepado a un <a class=\"mh-excerpt-more\" href=\"https:\/\/larevistadigital.com.ar\/blog\/un-puma-conmociono-balcarce-y-luego-de-un-operativo-lograron-capturarlo\/\" title=\"UN PUMA CONMOCION\u00d3 BALCARCE Y LUEGO DE UN OPERATIVO LOGRARON CAPTURARLO\">[Leer M\u00e1s]<\/a><\/p>\n<\/div>","protected":false},"author":3,"featured_media":29173,"comment_status":"open","ping_status":"open","sticky":false,"template":"","format":"standard","meta":{"_jetpack_memberships_contains_paid_content":false,"footnotes":"","jetpack_publicize_message":"","jetpack_publicize_feature_enabled":true,"jetpack_social_post_already_shared":true,"jetpack_social_options":{"image_generator_settings":{"template":"highway","default_image_id":0,"font":"","enabled":false},"version":2}},"categories":[11,50],"tags":[],"class_list":{"0":"post-29172","1":"post","2":"type-post","3":"status-publish","4":"format-standard","5":"has-post-thumbnail","7":"category-curiosas","8":"category-interes-general"},"jetpack_publicize_connections":[],"jetpack_featured_media_url":"https:\/\/i0.wp.com\/larevistadigital.com.ar\/blog\/wp-content\/uploads\/a744038d08daeba47522a71de4ff3e82e615fb43.jpg?fit=1140%2C833&ssl=1","jetpack_sharing_enabled":true,"jetpack_shortlink":"https:\/\/wp.me\/p8qtrQ-7Aw","jetpack-related-posts":[{"id":26385,"url":"https:\/\/larevistadigital.com.ar\/blog\/balcarce-roban-y-picanean-a-un-productor-rural\/","url_meta":{"origin":29172,"position":0},"title":"BALCARCE: ROBAN Y PICANEAN A UN PRODUCTOR RURAL","author":"Alejandro Sosa Ruda","date":"5 julio, 2022","format":false,"excerpt":"Fue sorprendido junto a su esposa en el establecimiento rural \u201cLa Florida\u201d. Al menos tres delincuentes irrumpieron y los atacaron con ferocidad. BALCARCE -\u00a0 Un productor agropecuario y su esposa fueron abordados por tres delincuentes el viernes a la noche en el establecimiento rural \u201cLa Florida\u201d, quienes los ataron y\u2026","rel":"","context":"En \u00abPOLICIALES\u00bb","block_context":{"text":"POLICIALES","link":"https:\/\/larevistadigital.com.ar\/blog\/category\/policiales\/"},"img":{"alt_text":"","src":"https:\/\/i0.wp.com\/larevistadigital.com.ar\/blog\/wp-content\/uploads\/1620734311775.jpg?fit=1200%2C777&ssl=1&resize=350%2C200","width":350,"height":200,"srcset":"https:\/\/i0.wp.com\/larevistadigital.com.ar\/blog\/wp-content\/uploads\/1620734311775.jpg?fit=1200%2C777&ssl=1&resize=350%2C200 1x, https:\/\/i0.wp.com\/larevistadigital.com.ar\/blog\/wp-content\/uploads\/1620734311775.jpg?fit=1200%2C777&ssl=1&resize=525%2C300 1.5x, https:\/\/i0.wp.com\/larevistadigital.com.ar\/blog\/wp-content\/uploads\/1620734311775.jpg?fit=1200%2C777&ssl=1&resize=700%2C400 2x, https:\/\/i0.wp.com\/larevistadigital.com.ar\/blog\/wp-content\/uploads\/1620734311775.jpg?fit=1200%2C777&ssl=1&resize=1050%2C600 3x"},"classes":[]},{"id":25339,"url":"https:\/\/larevistadigital.com.ar\/blog\/apunalo-a-su-pareja-y-luego-prendio-fuego-la-casa-para-suicidarse\/","url_meta":{"origin":29172,"position":1},"title":"APU\u00d1AL\u00d3 A SU PAREJA Y LUEGO PRENDI\u00d3 FUEGO LA CASA PARA SUICIDARSE","author":"Alejandro Sosa Ruda","date":"22 mayo, 2022","format":false,"excerpt":"Un hombre de 30 a\u00f1os lucha por su vida con el 70% del cuerpo quemado. La mujer de 29 se encuentra fuera de peligro. BALCARCE-\u00a0 Un hecho de singular violencia se origin\u00f3 en el marco de una situaci\u00f3n de violencia de g\u00e9nero donde una mujer result\u00f3 herida de arma blanca\u2026","rel":"","context":"En \u00abREGIONALES\u00bb","block_context":{"text":"REGIONALES","link":"https:\/\/larevistadigital.com.ar\/blog\/category\/regionales\/"},"img":{"alt_text":"","src":"https:\/\/i0.wp.com\/larevistadigital.com.ar\/blog\/wp-content\/uploads\/Captura-de-pantalla-2022-05-22-181805.png?fit=807%2C397&ssl=1&resize=350%2C200","width":350,"height":200,"srcset":"https:\/\/i0.wp.com\/larevistadigital.com.ar\/blog\/wp-content\/uploads\/Captura-de-pantalla-2022-05-22-181805.png?fit=807%2C397&ssl=1&resize=350%2C200 1x, https:\/\/i0.wp.com\/larevistadigital.com.ar\/blog\/wp-content\/uploads\/Captura-de-pantalla-2022-05-22-181805.png?fit=807%2C397&ssl=1&resize=525%2C300 1.5x, https:\/\/i0.wp.com\/larevistadigital.com.ar\/blog\/wp-content\/uploads\/Captura-de-pantalla-2022-05-22-181805.png?fit=807%2C397&ssl=1&resize=700%2C400 2x"},"classes":[]},{"id":44105,"url":"https:\/\/larevistadigital.com.ar\/blog\/balcarce-atropellaron-a-un-nene-y-el-conductor-escapo-sin-asistirlo\/","url_meta":{"origin":29172,"position":2},"title":"Balcarce: atropellaron a un nene y el conductor escap\u00f3 sin asistirlo","author":"Alejandro Sosa Ruda","date":"22 febrero, 2026","format":false,"excerpt":"El hecho ocurri\u00f3 en 21 y Caseros. El menor fue derivado a Mar del Plata por la gravedad de las lesiones. Buscan al automovilista, que habr\u00eda huido en una Renault Duster. Un menor de edad fue embestido por un veh\u00edculo en la intersecci\u00f3n de calle 21 y Caseros, en Balcarce,\u2026","rel":"","context":"En \u00abPOLICIALES\u00bb","block_context":{"text":"POLICIALES","link":"https:\/\/larevistadigital.com.ar\/blog\/category\/policiales\/"},"img":{"alt_text":"","src":"https:\/\/i0.wp.com\/larevistadigital.com.ar\/blog\/wp-content\/uploads\/Captura-de-pantalla-2026-02-22-175424.jpg?fit=780%2C482&ssl=1&resize=350%2C200","width":350,"height":200,"srcset":"https:\/\/i0.wp.com\/larevistadigital.com.ar\/blog\/wp-content\/uploads\/Captura-de-pantalla-2026-02-22-175424.jpg?fit=780%2C482&ssl=1&resize=350%2C200 1x, https:\/\/i0.wp.com\/larevistadigital.com.ar\/blog\/wp-content\/uploads\/Captura-de-pantalla-2026-02-22-175424.jpg?fit=780%2C482&ssl=1&resize=525%2C300 1.5x, https:\/\/i0.wp.com\/larevistadigital.com.ar\/blog\/wp-content\/uploads\/Captura-de-pantalla-2026-02-22-175424.jpg?fit=780%2C482&ssl=1&resize=700%2C400 2x"},"classes":[]},{"id":28708,"url":"https:\/\/larevistadigital.com.ar\/blog\/mar-del-plata-hallan-muerto-en-el-puerto-a-un-joven-de-balcarce\/","url_meta":{"origin":29172,"position":3},"title":"MAR DEL PLATA: HALLAN MUERTO EN EL PUERTO A UN JOVEN DE BALCARCE","author":"Alejandro Sosa Ruda","date":"31 octubre, 2022","format":false,"excerpt":"Se trata de establecer las causas pero se presume que fue atropellado por un automovilista que huy\u00f3 del lugar. 31 de octubre de 2022 MAR DEL PLATA -\u00a0 Un joven de 24 a\u00f1os, oriundo de la localidad de Balcarce, fue hallado sin vida en una calle del Puerto y por\u2026","rel":"","context":"En \u00abINTERES GENERAL\u00bb","block_context":{"text":"INTERES GENERAL","link":"https:\/\/larevistadigital.com.ar\/blog\/category\/interes-general\/"},"img":{"alt_text":"","src":"https:\/\/i0.wp.com\/larevistadigital.com.ar\/blog\/wp-content\/uploads\/ambulancia-same.png?fit=806%2C432&ssl=1&resize=350%2C200","width":350,"height":200,"srcset":"https:\/\/i0.wp.com\/larevistadigital.com.ar\/blog\/wp-content\/uploads\/ambulancia-same.png?fit=806%2C432&ssl=1&resize=350%2C200 1x, https:\/\/i0.wp.com\/larevistadigital.com.ar\/blog\/wp-content\/uploads\/ambulancia-same.png?fit=806%2C432&ssl=1&resize=525%2C300 1.5x, https:\/\/i0.wp.com\/larevistadigital.com.ar\/blog\/wp-content\/uploads\/ambulancia-same.png?fit=806%2C432&ssl=1&resize=700%2C400 2x"},"classes":[]},{"id":38637,"url":"https:\/\/larevistadigital.com.ar\/blog\/detienen-a-dos-presos-de-batan-y-a-una-mujer-por-extorsionar-a-un-hombre-que-les-pago-400-000\/","url_meta":{"origin":29172,"position":4},"title":"Detienen a dos presos de Bat\u00e1n y a una mujer por extorsionar a un hombre que les pag\u00f3 $400.000.-","author":"Alejandro Sosa Ruda","date":"8 febrero, 2025","format":false,"excerpt":"Todo comenz\u00f3 con una denuncia del a\u00f1o pasado, tambi\u00e9n allanaron en Gesell y\u00a0 Miramar. 08 de Febrero de 2025 BALCARCE -\u00a0 Un hombre pag\u00f3 $400.000.- luego de haber recibido amenazas extorsivas de supuestos polic\u00edas, por lo que en el mes de septiembre del a\u00f1o pasado, radic\u00f3 una denuncia que deriv\u00f3\u2026","rel":"","context":"En \u00abPOLICIALES\u00bb","block_context":{"text":"POLICIALES","link":"https:\/\/larevistadigital.com.ar\/blog\/category\/policiales\/"},"img":{"alt_text":"","src":"https:\/\/i0.wp.com\/larevistadigital.com.ar\/blog\/wp-content\/uploads\/473c99c9882be7dd5e4f0f12149a9be35f74a0f1.jpg?fit=1140%2C741&ssl=1&resize=350%2C200","width":350,"height":200,"srcset":"https:\/\/i0.wp.com\/larevistadigital.com.ar\/blog\/wp-content\/uploads\/473c99c9882be7dd5e4f0f12149a9be35f74a0f1.jpg?fit=1140%2C741&ssl=1&resize=350%2C200 1x, https:\/\/i0.wp.com\/larevistadigital.com.ar\/blog\/wp-content\/uploads\/473c99c9882be7dd5e4f0f12149a9be35f74a0f1.jpg?fit=1140%2C741&ssl=1&resize=525%2C300 1.5x, https:\/\/i0.wp.com\/larevistadigital.com.ar\/blog\/wp-content\/uploads\/473c99c9882be7dd5e4f0f12149a9be35f74a0f1.jpg?fit=1140%2C741&ssl=1&resize=700%2C400 2x, https:\/\/i0.wp.com\/larevistadigital.com.ar\/blog\/wp-content\/uploads\/473c99c9882be7dd5e4f0f12149a9be35f74a0f1.jpg?fit=1140%2C741&ssl=1&resize=1050%2C600 3x"},"classes":[]},{"id":25692,"url":"https:\/\/larevistadigital.com.ar\/blog\/encontraron-en-balcarce-al-jubilado-que-era-buscado-desde-el-domingo-en-mar-del-plata\/","url_meta":{"origin":29172,"position":5},"title":"ENCONTRARON EN BALCARCE AL JUBILADO QUE ERA BUSCADO DESDE EL DOMINGO EN MAR DEL PLATA","author":"Alejandro Sosa Ruda","date":"8 junio, 2022","format":false,"excerpt":"Fue encontrado en su auto en la ruta 226 luego de tres d\u00edas de b\u00fasqueda. Estaba desorientado. Un hombre de 84 a\u00f1os que era buscado desde el domingo por su familia en Berisso\u00a0fue hallado este martes a bordo de su autom\u00f3vil en la ruta 226. Santiago Roque Llanos\u00a0apareci\u00f3 este martes\u2026","rel":"","context":"En \u00abREGIONALES\u00bb","block_context":{"text":"REGIONALES","link":"https:\/\/larevistadigital.com.ar\/blog\/category\/regionales\/"},"img":{"alt_text":"","src":"https:\/\/i0.wp.com\/larevistadigital.com.ar\/blog\/wp-content\/uploads\/Captura-de-pantalla-2022-06-08-095524.png?fit=798%2C491&ssl=1&resize=350%2C200","width":350,"height":200,"srcset":"https:\/\/i0.wp.com\/larevistadigital.com.ar\/blog\/wp-content\/uploads\/Captura-de-pantalla-2022-06-08-095524.png?fit=798%2C491&ssl=1&resize=350%2C200 1x, https:\/\/i0.wp.com\/larevistadigital.com.ar\/blog\/wp-content\/uploads\/Captura-de-pantalla-2022-06-08-095524.png?fit=798%2C491&ssl=1&resize=525%2C300 1.5x, https:\/\/i0.wp.com\/larevistadigital.com.ar\/blog\/wp-content\/uploads\/Captura-de-pantalla-2022-06-08-095524.png?fit=798%2C491&ssl=1&resize=700%2C400 2x"},"classes":[]}],"_links":{"self":[{"href":"https:\/\/larevistadigital.com.ar\/blog\/wp-json\/wp\/v2\/posts\/29172","targetHints":{"allow":["GET"]}}],"collection":[{"href":"https:\/\/larevistadigital.com.ar\/blog\/wp-json\/wp\/v2\/posts"}],"about":[{"href":"https:\/\/larevistadigital.com.ar\/blog\/wp-json\/wp\/v2\/types\/post"}],"author":[{"embeddable":true,"href":"https:\/\/larevistadigital.com.ar\/blog\/wp-json\/wp\/v2\/users\/3"}],"replies":[{"embeddable":true,"href":"https:\/\/larevistadigital.com.ar\/blog\/wp-json\/wp\/v2\/comments?post=29172"}],"version-history":[{"count":1,"href":"https:\/\/larevistadigital.com.ar\/blog\/wp-json\/wp\/v2\/posts\/29172\/revisions"}],"predecessor-version":[{"id":29174,"href":"https:\/\/larevistadigital.com.ar\/blog\/wp-json\/wp\/v2\/posts\/29172\/revisions\/29174"}],"wp:featuredmedia":[{"embeddable":true,"href":"https:\/\/larevistadigital.com.ar\/blog\/wp-json\/wp\/v2\/media\/29173"}],"wp:attachment":[{"href":"https:\/\/larevistadigital.com.ar\/blog\/wp-json\/wp\/v2\/media?parent=29172"}],"wp:term":[{"taxonomy":"category","embeddable":true,"href":"https:\/\/larevistadigital.com.ar\/blog\/wp-json\/wp\/v2\/categories?post=29172"},{"taxonomy":"post_tag","embeddable":true,"href":"https:\/\/larevistadigital.com.ar\/blog\/wp-json\/wp\/v2\/tags?post=29172"}],"curies":[{"name":"wp","href":"https:\/\/api.w.org\/{rel}","templated":true}]}}