{"id":29187,"date":"2022-11-30T23:21:21","date_gmt":"2022-11-30T23:21:21","guid":{"rendered":"https:\/\/larevistadigital.com.ar\/blog\/?p=29187"},"modified":"2022-12-01T15:02:26","modified_gmt":"2022-12-01T15:02:26","slug":"conocido-periodista-costero-fue-condenado-a-10-anos-de-prision-de-cumplimiento-efectivo-por-abuso-sexual","status":"publish","type":"post","link":"https:\/\/larevistadigital.com.ar\/blog\/conocido-periodista-costero-fue-condenado-a-10-anos-de-prision-de-cumplimiento-efectivo-por-abuso-sexual\/","title":{"rendered":"CONOCIDO PERIODISTA COSTERO FUE CONDENADO A 10 A\u00d1OS DE PRISI\u00d3N DE CUMPLIMIENTO EFECTIVO POR ABUSO SEXUAL"},"content":{"rendered":"<h2 class=\"fparrafo ctext fz18 lh25\">Despu\u00e9s de m\u00e1s de tres a\u00f1os de idas y venidas de la Justicia, finalmente este martes se confirm\u00f3 la condena al periodista costero Eduardo Arias, a quien el Tribunal en lo Criminal N\u00b0 1 de Dolores, lo conden\u00f3 a 10 a\u00f1os de prisi\u00f3n de cumplimiento efectivo, despu\u00e9s de haber sido encontrado culpable de abuso sexual contra su propia hijastra.<\/h2>\n<p>30 de noviembre de 2022<\/p>\n<p><strong>DOLORES &#8211;\u00a0 <\/strong>Recordamos que en el mes de septiembre de 2019, el periodista <strong>Eduardo Arias<\/strong> (61), conocido en Mar de Aj\u00f3 por ser el propietario de FM MAS 89.9, fue detenido por la polic\u00eda luego de haber sido denunciado por el delito de abuso sexual gravemente ultrajante y agravado por haber sido contra una menor, aprovechando la relaci\u00f3n de convivencia, ya que se trataba de su hijastra.<\/p>\n<blockquote>\n<h3 class=\"selectionShareable\">En la denuncia la joven asegur\u00f3 que Arias hab\u00eda abusado de ella en forma reiterada, desde los 6 hasta los 9 a\u00f1os de edad.<\/h3>\n<\/blockquote>\n<p class=\"selectionShareable\">Luego de un proceso de investigaciones y pericias psicol\u00f3gicas, que llev\u00f3 alrededor de tres a\u00f1os, finalmente este martes la Justicia determin\u00f3 la culpabilidad de Arias quien fue condenado a 10 a\u00f1os de prisi\u00f3n efectiva en la Unidad Penitenciaria N\u00b0 44 de Bat\u00e1n.<\/p>\n<blockquote>\n<h3 class=\"selectionShareable\">El delito por el cual recibi\u00f3 dicha condena, est\u00e1 caratulado como <em><strong>\u201cabuso sexual gravemente ultrajante por su duraci\u00f3n y las circunstancias de su realizaci\u00f3n, agravado por haber sido cometido contra una menor de 18 a\u00f1os aprovechando la relaci\u00f3n de convivencia preexistente\u201d<\/strong><\/em>, en forma reiterada, previsto y reprimido en el art. 119 y art. 55 del C\u00f3digo Penal.<\/h3>\n<\/blockquote>\n<p class=\"selectionShareable\">De todas formas, la sentencia no ha quedado firme, ya que inmediatamente fue apelada por los abogados defensores del acusado. (<b>InfoGEI<\/b>)Jd<\/p>\n","protected":false},"excerpt":{"rendered":"<div class=\"mh-excerpt\"><p>Despu\u00e9s de m\u00e1s de tres a\u00f1os de idas y venidas de la Justicia, finalmente este martes se confirm\u00f3 la condena al periodista costero Eduardo Arias, a quien el Tribunal en lo Criminal N\u00b0 1 de <a class=\"mh-excerpt-more\" href=\"https:\/\/larevistadigital.com.ar\/blog\/conocido-periodista-costero-fue-condenado-a-10-anos-de-prision-de-cumplimiento-efectivo-por-abuso-sexual\/\" title=\"CONOCIDO PERIODISTA COSTERO FUE CONDENADO A 10 A\u00d1OS DE PRISI\u00d3N DE CUMPLIMIENTO EFECTIVO POR ABUSO SEXUAL\">[Leer M\u00e1s]<\/a><\/p>\n<\/div>","protected":false},"author":3,"featured_media":29188,"comment_status":"open","ping_status":"open","sticky":false,"template":"","format":"standard","meta":{"_jetpack_memberships_contains_paid_content":false,"footnotes":"","jetpack_publicize_message":"","jetpack_publicize_feature_enabled":true,"jetpack_social_post_already_shared":true,"jetpack_social_options":{"image_generator_settings":{"template":"highway","default_image_id":0,"font":"","enabled":false},"version":2}},"categories":[43,44,51],"tags":[],"class_list":{"0":"post-29187","1":"post","2":"type-post","3":"status-publish","4":"format-standard","5":"has-post-thumbnail","7":"category-dolores","8":"category-policiales","9":"category-regionales"},"jetpack_publicize_connections":[],"jetpack_featured_media_url":"https:\/\/i0.wp.com\/larevistadigital.com.ar\/blog\/wp-content\/uploads\/20221130081057_eduardo-arias-condena.jpg?fit=880%2C512&ssl=1","jetpack_sharing_enabled":true,"jetpack_shortlink":"https:\/\/wp.me\/p8qtrQ-7AL","jetpack-related-posts":[{"id":34873,"url":"https:\/\/larevistadigital.com.ar\/blog\/pinamar-condenan-a-ex-concejal-por-abuso-agravado-contra-una-menor-a-16-anos-de-carcel\/","url_meta":{"origin":29187,"position":0},"title":"PINAMAR: CONDENAN A EX CONCEJAL POR ABUSO AGRAVADO CONTRA UNA MENOR A 16 A\u00d1OS DE CARCEL","author":"Alejandro Sosa Ruda","date":"18 diciembre, 2023","format":false,"excerpt":"Claudio Galarza estaba detenido desde 2018. Roc\u00edo Ayel\u00e9n Salazar, su pareja, fue sentenciada a 10 a\u00f1os de prisi\u00f3n por facilitar el abuso. 18 de diciembre de 2023 PINAMAR -\u00a0\u00a0Claudio Marcelo Galarza, ex concejal de Pinamar, fue condenado a 16 a\u00f1os de prisi\u00f3n por abuso sexual agravado en perjuicio de una\u2026","rel":"","context":"En \u00abPOLICIALES\u00bb","block_context":{"text":"POLICIALES","link":"https:\/\/larevistadigital.com.ar\/blog\/category\/policiales\/"},"img":{"alt_text":"","src":"https:\/\/i0.wp.com\/larevistadigital.com.ar\/blog\/wp-content\/uploads\/20231215150651_whatsapp-image-2023-12-15-at-15-04-30.jpg?fit=880%2C512&ssl=1&resize=350%2C200","width":350,"height":200,"srcset":"https:\/\/i0.wp.com\/larevistadigital.com.ar\/blog\/wp-content\/uploads\/20231215150651_whatsapp-image-2023-12-15-at-15-04-30.jpg?fit=880%2C512&ssl=1&resize=350%2C200 1x, https:\/\/i0.wp.com\/larevistadigital.com.ar\/blog\/wp-content\/uploads\/20231215150651_whatsapp-image-2023-12-15-at-15-04-30.jpg?fit=880%2C512&ssl=1&resize=525%2C300 1.5x, https:\/\/i0.wp.com\/larevistadigital.com.ar\/blog\/wp-content\/uploads\/20231215150651_whatsapp-image-2023-12-15-at-15-04-30.jpg?fit=880%2C512&ssl=1&resize=700%2C400 2x"},"classes":[]},{"id":40339,"url":"https:\/\/larevistadigital.com.ar\/blog\/mar-de-ajo-durante-9-anos-abuso-de-sus-hijos-e-hijastra-le-dieron-11-anos\/","url_meta":{"origin":29187,"position":1},"title":"Mar de Aj\u00f3: Durante 9 a\u00f1os, abus\u00f3 de sus hijos e hijastra. Le dieron 11 a\u00f1os.","author":"Alejandro Sosa Ruda","date":"5 julio, 2025","format":false,"excerpt":"El fallo fu\u00e9 un\u00e1nime y conden\u00f3 al acusado. \u00bfEs justo? 05 de Julio de 2025 MAR DE AJ\u00d3 -\u00a0 Un sujeto abus\u00f3 sexualmente de sus dos hijos, y una hijastra entre los a\u00f1os 2010 y 2019 en distintas viviendas de la ciudad de Mar de Aj\u00f3 en el Partido de\u2026","rel":"","context":"En \u00abPOLICIALES\u00bb","block_context":{"text":"POLICIALES","link":"https:\/\/larevistadigital.com.ar\/blog\/category\/policiales\/"},"img":{"alt_text":"","src":"https:\/\/i0.wp.com\/larevistadigital.com.ar\/blog\/wp-content\/uploads\/Abusador-de-Mar-de-Ajo.jpg?fit=1140%2C721&ssl=1&resize=350%2C200","width":350,"height":200,"srcset":"https:\/\/i0.wp.com\/larevistadigital.com.ar\/blog\/wp-content\/uploads\/Abusador-de-Mar-de-Ajo.jpg?fit=1140%2C721&ssl=1&resize=350%2C200 1x, https:\/\/i0.wp.com\/larevistadigital.com.ar\/blog\/wp-content\/uploads\/Abusador-de-Mar-de-Ajo.jpg?fit=1140%2C721&ssl=1&resize=525%2C300 1.5x, https:\/\/i0.wp.com\/larevistadigital.com.ar\/blog\/wp-content\/uploads\/Abusador-de-Mar-de-Ajo.jpg?fit=1140%2C721&ssl=1&resize=700%2C400 2x, https:\/\/i0.wp.com\/larevistadigital.com.ar\/blog\/wp-content\/uploads\/Abusador-de-Mar-de-Ajo.jpg?fit=1140%2C721&ssl=1&resize=1050%2C600 3x"},"classes":[]},{"id":18933,"url":"https:\/\/larevistadigital.com.ar\/blog\/detienen-a-ex-funcionario-judicial-de-dolores-por-violacion-luego-de-permanecer-5-anos-profugo\/","url_meta":{"origin":29187,"position":2},"title":"DETIENEN A EX FUNCIONARIO JUDICIAL DE DOLORES POR VIOLACI\u00d3N, LUEGO DE PERMANECER 5 A\u00d1OS PR\u00d3FUGO","author":"Alejandro Sosa Ruda","date":"19 febrero, 2021","format":false,"excerpt":"Hab\u00eda sido sentenciado a 9 a\u00f1os en junio de 2015 por abuso sexual a dos ni\u00f1as. Fue detenido en Tandil. DOLORES - Un ex funcionario judicial de Dolores condenado por la violaci\u00f3n de dos menores que se encontraba pr\u00f3fugo desde hace cinco a\u00f1os fue detenido ayer en Tandil. Miguel \u00c1ngel\u2026","rel":"","context":"En \u00abDOLORES\u00bb","block_context":{"text":"DOLORES","link":"https:\/\/larevistadigital.com.ar\/blog\/category\/dolores\/"},"img":{"alt_text":"","src":"https:\/\/i0.wp.com\/larevistadigital.com.ar\/blog\/wp-content\/uploads\/9a797013a690a26831e1a1d38fb60d7e671b3072.jpeg?fit=1140%2C846&ssl=1&resize=350%2C200","width":350,"height":200,"srcset":"https:\/\/i0.wp.com\/larevistadigital.com.ar\/blog\/wp-content\/uploads\/9a797013a690a26831e1a1d38fb60d7e671b3072.jpeg?fit=1140%2C846&ssl=1&resize=350%2C200 1x, https:\/\/i0.wp.com\/larevistadigital.com.ar\/blog\/wp-content\/uploads\/9a797013a690a26831e1a1d38fb60d7e671b3072.jpeg?fit=1140%2C846&ssl=1&resize=525%2C300 1.5x, https:\/\/i0.wp.com\/larevistadigital.com.ar\/blog\/wp-content\/uploads\/9a797013a690a26831e1a1d38fb60d7e671b3072.jpeg?fit=1140%2C846&ssl=1&resize=700%2C400 2x, https:\/\/i0.wp.com\/larevistadigital.com.ar\/blog\/wp-content\/uploads\/9a797013a690a26831e1a1d38fb60d7e671b3072.jpeg?fit=1140%2C846&ssl=1&resize=1050%2C600 3x"},"classes":[]},{"id":13867,"url":"https:\/\/larevistadigital.com.ar\/blog\/fuertes-condenas-a-cinco-imputados-por-abuso-y-corrupcion-de-menores-en-gesell\/","url_meta":{"origin":29187,"position":3},"title":"FUERTES CONDENAS A CINCO IMPUTADOS POR ABUSO Y CORRUPCI\u00d3N DE MENORES EN GESELL","author":"Alejandro Sosa Ruda","date":"27 diciembre, 2019","format":false,"excerpt":"Uno de los condenados por \u201cabuso sexual y corrupci\u00f3n de menores\u201d registra condena por \u201ctrata de blanca\u201d en Dolores Resulta m\u00e1s que llamativo que a dos o tres a\u00f1os de aquella condena estuviera involucrado en este nuevo caso, en el que el Tribunal en lo Criminal n\u0665 2 impuso a\u2026","rel":"","context":"En \u00abPOLICIALES\u00bb","block_context":{"text":"POLICIALES","link":"https:\/\/larevistadigital.com.ar\/blog\/category\/policiales\/"},"img":{"alt_text":"","src":"https:\/\/i0.wp.com\/larevistadigital.com.ar\/blog\/wp-content\/uploads\/Tribunal-Criminal-2.jpg?fit=825%2C412&ssl=1&resize=350%2C200","width":350,"height":200,"srcset":"https:\/\/i0.wp.com\/larevistadigital.com.ar\/blog\/wp-content\/uploads\/Tribunal-Criminal-2.jpg?fit=825%2C412&ssl=1&resize=350%2C200 1x, https:\/\/i0.wp.com\/larevistadigital.com.ar\/blog\/wp-content\/uploads\/Tribunal-Criminal-2.jpg?fit=825%2C412&ssl=1&resize=525%2C300 1.5x, https:\/\/i0.wp.com\/larevistadigital.com.ar\/blog\/wp-content\/uploads\/Tribunal-Criminal-2.jpg?fit=825%2C412&ssl=1&resize=700%2C400 2x"},"classes":[]},{"id":25790,"url":"https:\/\/larevistadigital.com.ar\/blog\/chascomus-detienen-a-un-individuo-por-abuso-sexual\/","url_meta":{"origin":29187,"position":4},"title":"CHASCOM\u00daS: DETIENEN A UN INDIVIDUO POR ABUSO SEXUAL","author":"Alejandro Sosa Ruda","date":"12 junio, 2022","format":false,"excerpt":"CHASCOM\u00daS -\u00a0 El jueves 9\/6 personal del GTO de la Polic\u00eda Comunal, dio cumplimiento a una Orden de Allanamiento y detenci\u00f3n expedida por Juzgado de Garant\u00edas N\u00b0 5 Dolores, donde se produjo la detenci\u00f3n de un individuo mayor de edad. Se lo acusa de haber cometido \"ABUSO SEXUAL AGRAVADO POR\u2026","rel":"","context":"En \u00abCHASCOM\u00daS\u00bb","block_context":{"text":"CHASCOM\u00daS","link":"https:\/\/larevistadigital.com.ar\/blog\/category\/chascomus\/"},"img":{"alt_text":"","src":"https:\/\/i0.wp.com\/larevistadigital.com.ar\/blog\/wp-content\/uploads\/esposasi.jpeg?fit=1200%2C675&ssl=1&resize=350%2C200","width":350,"height":200,"srcset":"https:\/\/i0.wp.com\/larevistadigital.com.ar\/blog\/wp-content\/uploads\/esposasi.jpeg?fit=1200%2C675&ssl=1&resize=350%2C200 1x, https:\/\/i0.wp.com\/larevistadigital.com.ar\/blog\/wp-content\/uploads\/esposasi.jpeg?fit=1200%2C675&ssl=1&resize=525%2C300 1.5x, https:\/\/i0.wp.com\/larevistadigital.com.ar\/blog\/wp-content\/uploads\/esposasi.jpeg?fit=1200%2C675&ssl=1&resize=700%2C400 2x, https:\/\/i0.wp.com\/larevistadigital.com.ar\/blog\/wp-content\/uploads\/esposasi.jpeg?fit=1200%2C675&ssl=1&resize=1050%2C600 3x"},"classes":[]},{"id":40868,"url":"https:\/\/larevistadigital.com.ar\/blog\/condena-historica-19-anos-de-prision-para-claudio-contardi-por-abuso-sexual-a-julieta-prandi\/","url_meta":{"origin":29187,"position":5},"title":"Condena hist\u00f3rica: 19 a\u00f1os de prisi\u00f3n para Claudio Contardi por abuso sexual a Julieta Prandi","author":"Alejandro Sosa Ruda","date":"13 agosto, 2025","format":false,"excerpt":"El Tribunal Oral en lo Criminal N\u00ba 2 de Z\u00e1rate-Campana orden\u00f3 la detenci\u00f3n inmediata del empresario, exmarido de la actriz, por \u201cabuso sexual con acceso carnal agravado\u201d. 13 de Agosto de 2025 El empresario Claudio Contardi fue condenado este mi\u00e9rcoles a 19 a\u00f1os de prisi\u00f3n tras ser hallado culpable del\u2026","rel":"","context":"En \u00abINTERES GENERAL\u00bb","block_context":{"text":"INTERES GENERAL","link":"https:\/\/larevistadigital.com.ar\/blog\/category\/interes-general\/"},"img":{"alt_text":"","src":"https:\/\/i0.wp.com\/larevistadigital.com.ar\/blog\/wp-content\/uploads\/julieta-Prandi.jpg?fit=686%2C384&ssl=1&resize=350%2C200","width":350,"height":200,"srcset":"https:\/\/i0.wp.com\/larevistadigital.com.ar\/blog\/wp-content\/uploads\/julieta-Prandi.jpg?fit=686%2C384&ssl=1&resize=350%2C200 1x, https:\/\/i0.wp.com\/larevistadigital.com.ar\/blog\/wp-content\/uploads\/julieta-Prandi.jpg?fit=686%2C384&ssl=1&resize=525%2C300 1.5x"},"classes":[]}],"_links":{"self":[{"href":"https:\/\/larevistadigital.com.ar\/blog\/wp-json\/wp\/v2\/posts\/29187","targetHints":{"allow":["GET"]}}],"collection":[{"href":"https:\/\/larevistadigital.com.ar\/blog\/wp-json\/wp\/v2\/posts"}],"about":[{"href":"https:\/\/larevistadigital.com.ar\/blog\/wp-json\/wp\/v2\/types\/post"}],"author":[{"embeddable":true,"href":"https:\/\/larevistadigital.com.ar\/blog\/wp-json\/wp\/v2\/users\/3"}],"replies":[{"embeddable":true,"href":"https:\/\/larevistadigital.com.ar\/blog\/wp-json\/wp\/v2\/comments?post=29187"}],"version-history":[{"count":1,"href":"https:\/\/larevistadigital.com.ar\/blog\/wp-json\/wp\/v2\/posts\/29187\/revisions"}],"predecessor-version":[{"id":29189,"href":"https:\/\/larevistadigital.com.ar\/blog\/wp-json\/wp\/v2\/posts\/29187\/revisions\/29189"}],"wp:featuredmedia":[{"embeddable":true,"href":"https:\/\/larevistadigital.com.ar\/blog\/wp-json\/wp\/v2\/media\/29188"}],"wp:attachment":[{"href":"https:\/\/larevistadigital.com.ar\/blog\/wp-json\/wp\/v2\/media?parent=29187"}],"wp:term":[{"taxonomy":"category","embeddable":true,"href":"https:\/\/larevistadigital.com.ar\/blog\/wp-json\/wp\/v2\/categories?post=29187"},{"taxonomy":"post_tag","embeddable":true,"href":"https:\/\/larevistadigital.com.ar\/blog\/wp-json\/wp\/v2\/tags?post=29187"}],"curies":[{"name":"wp","href":"https:\/\/api.w.org\/{rel}","templated":true}]}}