{"id":29190,"date":"2022-11-30T23:26:59","date_gmt":"2022-11-30T23:26:59","guid":{"rendered":"https:\/\/larevistadigital.com.ar\/blog\/?p=29190"},"modified":"2022-11-30T23:26:59","modified_gmt":"2022-11-30T23:26:59","slug":"una-buena-modifican-la-ley-de-adopcion-con-menos-obstaculos-mas-educacion-y-mas-derechos","status":"publish","type":"post","link":"https:\/\/larevistadigital.com.ar\/blog\/una-buena-modifican-la-ley-de-adopcion-con-menos-obstaculos-mas-educacion-y-mas-derechos\/","title":{"rendered":"UNA BUENA&#8230; MODIFICAN LA LEY DE ADOPCI\u00d3N CON MENOS OBST\u00c1CULOS, M\u00c1S EDUCACI\u00d3N Y M\u00c1S DERECHOS."},"content":{"rendered":"<h2 class=\"fparrafo ctext fz18 lh25\">El Senado de la Provincia de Buenos Aires ha dado media sanci\u00f3n por unanimidad al proyecto del Senador bahiense por el Frente de Todos, Marcelo Feli\u00fa, que modifica la vigente Ley de Adopci\u00f3n con la intenci\u00f3n de agilizar y mejorar en varios aspectos el proceso de adopci\u00f3n.<\/h2>\n<p>30 de noviembre de 2022<\/p>\n<p><strong>BUENOS AIRES &#8211;\u00a0 <\/strong>La Ley 14.528, de la que<strong> Feli\u00fa<\/strong> tambi\u00e9n fue uno de los impulsores, fue sancionada hace ya una d\u00e9cada, y las reformas a las que el Senado bonaerense ha dado media sanci\u00f3n buscan la unificaci\u00f3n de plazos con la legislaci\u00f3n nacional, acortando alg\u00fan plazo del procedimiento de adopci\u00f3n, procurando agilizar los dict\u00e1menes, dentro del debido resguardo del Inter\u00e9s Superior del Ni\u00f1o.<\/p>\n<blockquote>\n<h3 class=\"selectionShareable\"><strong>Los tr\u00e1mites de adopci\u00f3n incluyen una serie de pasos burocr\u00e1ticos que hacen que sea un proceso complejo, en el que los m\u00e1s afectados son los ni\u00f1os, ni\u00f1as y adolescentes que esperan que se resuelva su situaci\u00f3n, ante su situaci\u00f3n de vulnerabilidad.<\/strong><\/h3>\n<\/blockquote>\n<p class=\"selectionShareable\">Las modificaciones incluyen m\u00e1s derechos para ni\u00f1os, ni\u00f1as y adolescentes en el proceso adoptivo, resaltan el rol preponderante de los Servicios Locales de Promoci\u00f3n y Protecci\u00f3n de Derechos, incorporan la posibilidad del dictado de otras figuras sustitutivas a las medida de abrigo ante situaciones de alta vulnerabilidad y cuando no se encuentran reunidas las condiciones de adoptabilidad, adem\u00e1s de profundizar la necesidad de capacitaci\u00f3n a todas las partes intervinientes, en especial de los pretensos adoptantes, para derribar mitos que obstaculizan la decisi\u00f3n de inscribirse para adoptar.<\/p>\n<p class=\"selectionShareable\"><span style=\"color: #ff0000\"><b>Generaci\u00f3n de condiciones<\/b><\/span><\/p>\n<p class=\"selectionShareable\">Un aspecto particularmente dif\u00edcil de resolver en los procesos de adopci\u00f3n es la generaci\u00f3n de condiciones adecuadas para el desarrollo del v\u00ednculo entre adoptantes y adoptados. En ese sentido, la reforma a la ley introduce como concepto novedoso para el sistema bonaerense el otorgamiento de licencias especiales en el sector p\u00fablico para los adoptantes, tanto para las guardas pre adoptivas como para la adopci\u00f3n y las tramitaciones administrativas.<\/p>\n<blockquote>\n<h3 class=\"selectionShareable\">Se aspira, con esta licencia, a obtener el espacio y el tiempo necesarios para desarrollar los v\u00ednculos familiares. A su vez, la reforma de la ley de adopci\u00f3n sugiere que en los respectivos convenios colectivos de trabajo se adopte igual postura en relaci\u00f3n a las licencias especiales.<\/h3>\n<\/blockquote>\n<p class=\"selectionShareable\"><span style=\"color: #ff0000\"><b>Patrocinio gratuito<\/b><\/span><\/p>\n<p class=\"selectionShareable\">En comunicaci\u00f3n con la agencia de noticias de InfoGEI, una fuente cercana al senador se\u00f1al\u00f3 que con esta reforma <em><strong>\u201cse garantiza el patrocinio gratuito y se reafirma el principio que rige la ley del Inter\u00e9s Superior del Ni\u00f1o, dando participaci\u00f3n a los ni\u00f1os, ni\u00f1as y adolescentes en los procesos de declaraci\u00f3n de adoptabilidad y adopci\u00f3n, a la vez que se les brinda la asistencia de un letrado especializado en ni\u00f1ez y adolescencia\u201d.<\/strong><\/em><\/p>\n<blockquote>\n<h3 class=\"selectionShareable\"><em><strong>\u201cTenemos que ser sensibles a los cambios necesarios para mejorar el proceso de adopci\u00f3n. Cada d\u00eda que a partir de hoy se gana puede significar que un ni\u00f1o en situaci\u00f3n de abandono acceda a tener la familia a la que tiene derecho\u00bb,<\/strong><\/em> se\u00f1ala <strong>Feli\u00fa<\/strong>.<\/h3>\n<\/blockquote>\n<p class=\"selectionShareable\"><span style=\"color: #ff0000\"><b>Imaginario social<\/b><\/span><\/p>\n<p class=\"selectionShareable\">Al respecto, <strong>Marcelo Feli\u00fa<\/strong> explica que <strong><em>\u201chay un imaginario social que a\u00fan entiende a la adopci\u00f3n como un derecho de los adultos cuando en realidad es un derecho de los ni\u00f1os y ni\u00f1as que no pueden ser asumidos por sus familias de origen a tener una familia\u201d.<\/em><\/strong><\/p>\n<p class=\"selectionShareable\">El senador <strong>Feli\u00fa<\/strong> destac\u00f3 el trabajo de fondo que tuvo la iniciativa, que fue el resultado de un trabajo colectivo de todos los espacios pol\u00edticos del Senado, a los que se sumaron las voces de ONG vinculadas al tema, funcionarios del Registro de Adoptantes de la Suprema Corte de la Provincia de Buenos Aires, aportes de magistrados del fuero de familia y profesionales que trabajan en los servicios locales de protecci\u00f3n y promoci\u00f3n de derechos de ni\u00f1os, ni\u00f1as y adolescentes.<\/p>\n<p class=\"selectionShareable\"><span style=\"color: #ff0000\"><b>Trabajo de todos<\/b><\/span><\/p>\n<p class=\"selectionShareable\">En ese sentido, <strong>Feli\u00fa<\/strong> agradeci\u00f3 el gran trabajo de todos los espacios pol\u00edticos, y de los profesionales, referentes y expertos en la materia. <strong><em>\u201cFrente a la necesidad y la demanda de modificaciones para agilizar y mejorar la ley prim\u00f3 el di\u00e1logo y el inter\u00e9s com\u00fan por sobre los intereses personales o partidarios. La voluntad de acuerdo y el trabajo de muchos permitieron este avance en el proceso de adopci\u00f3n en la Provincia de Buenos Aires\u201d<\/em><\/strong> cerr\u00f3. (<b>InfoGEI<\/b>)Jd<\/p>\n","protected":false},"excerpt":{"rendered":"<div class=\"mh-excerpt\"><p>El Senado de la Provincia de Buenos Aires ha dado media sanci\u00f3n por unanimidad al proyecto del Senador bahiense por el Frente de Todos, Marcelo Feli\u00fa, que modifica la vigente Ley de Adopci\u00f3n con la <a class=\"mh-excerpt-more\" href=\"https:\/\/larevistadigital.com.ar\/blog\/una-buena-modifican-la-ley-de-adopcion-con-menos-obstaculos-mas-educacion-y-mas-derechos\/\" title=\"UNA BUENA&#8230; MODIFICAN LA LEY DE ADOPCI\u00d3N CON MENOS OBST\u00c1CULOS, M\u00c1S EDUCACI\u00d3N Y M\u00c1S DERECHOS.\">[Leer M\u00e1s]<\/a><\/p>\n<\/div>","protected":false},"author":3,"featured_media":29191,"comment_status":"open","ping_status":"open","sticky":false,"template":"","format":"standard","meta":{"_jetpack_memberships_contains_paid_content":false,"footnotes":"","jetpack_publicize_message":"","jetpack_publicize_feature_enabled":true,"jetpack_social_post_already_shared":true,"jetpack_social_options":{"image_generator_settings":{"template":"highway","default_image_id":0,"font":"","enabled":false},"version":2}},"categories":[50,24],"tags":[],"class_list":{"0":"post-29190","1":"post","2":"type-post","3":"status-publish","4":"format-standard","5":"has-post-thumbnail","7":"category-interes-general","8":"category-politica-provincial"},"jetpack_publicize_connections":[],"jetpack_featured_media_url":"https:\/\/i0.wp.com\/larevistadigital.com.ar\/blog\/wp-content\/uploads\/20221130061347_marcelo-feliu-modifica-ley-adopcion-senado-bonaerense.jpg?fit=880%2C512&ssl=1","jetpack_sharing_enabled":true,"jetpack_shortlink":"https:\/\/wp.me\/p8qtrQ-7AO","jetpack-related-posts":[{"id":35808,"url":"https:\/\/larevistadigital.com.ar\/blog\/el-gobierno-envio-el-ultimo-borrador-de-la-ley-bases\/","url_meta":{"origin":29190,"position":0},"title":"EL GOBIERNO ENVI\u00d3 EL \u00daLTIMO BORRADOR DE LA LEY BASES","author":"Alejandro Sosa Ruda","date":"10 abril, 2024","format":false,"excerpt":"El Ejecutivo present\u00f3 el borrador a los gobernadores y jefes de bloques en Diputados. 10 de abril de 2024 BUENOS AIRES -\u00a0 Se aproximan d\u00edas de incertidumbre por la postura de los patag\u00f3nicos sobre Ganancias. Est\u00e1n convencidos de que Miguel Pichetto les facilitar\u00e1 la media sanci\u00f3n en Diputados, con excepci\u00f3n\u2026","rel":"","context":"En \u00abINTERES GENERAL\u00bb","block_context":{"text":"INTERES GENERAL","link":"https:\/\/larevistadigital.com.ar\/blog\/category\/interes-general\/"},"img":{"alt_text":"","src":"https:\/\/i0.wp.com\/larevistadigital.com.ar\/blog\/wp-content\/uploads\/32.jpg?fit=674%2C433&ssl=1&resize=350%2C200","width":350,"height":200,"srcset":"https:\/\/i0.wp.com\/larevistadigital.com.ar\/blog\/wp-content\/uploads\/32.jpg?fit=674%2C433&ssl=1&resize=350%2C200 1x, https:\/\/i0.wp.com\/larevistadigital.com.ar\/blog\/wp-content\/uploads\/32.jpg?fit=674%2C433&ssl=1&resize=525%2C300 1.5x"},"classes":[]},{"id":34523,"url":"https:\/\/larevistadigital.com.ar\/blog\/media-sancion-avanza-el-proyecto-para-incluir-info-nutricional-en-las-cartas-de-los-restaurantes\/","url_meta":{"origin":29190,"position":1},"title":"(MEDIA SANCI\u00d3N) AVANZA EL PROYECTO PARA INCLU\u00cdR INFO NUTRICIONAL EN LAS CARTAS DE LOS RESTAURANTES","author":"Alejandro Sosa Ruda","date":"14 noviembre, 2023","format":false,"excerpt":"El proyecto, que obtuvo media sanci\u00f3n en el Senado provincial, promueve que las personas consumidoras accedan a la informaci\u00f3n nutricional de los platos en las cartas de men\u00fa, incorporando la obligatoriedad de brindar dicha informaci\u00f3n en el caso de los establecimientos gastron\u00f3micos de mayor envergadura, mientras que ser\u00e1 optativo para\u2026","rel":"","context":"En \u00abINTERES GENERAL\u00bb","block_context":{"text":"INTERES GENERAL","link":"https:\/\/larevistadigital.com.ar\/blog\/category\/interes-general\/"},"img":{"alt_text":"","src":"https:\/\/i0.wp.com\/larevistadigital.com.ar\/blog\/wp-content\/uploads\/20231113190124_senadora-demaria.jpg?fit=880%2C512&ssl=1&resize=350%2C200","width":350,"height":200,"srcset":"https:\/\/i0.wp.com\/larevistadigital.com.ar\/blog\/wp-content\/uploads\/20231113190124_senadora-demaria.jpg?fit=880%2C512&ssl=1&resize=350%2C200 1x, https:\/\/i0.wp.com\/larevistadigital.com.ar\/blog\/wp-content\/uploads\/20231113190124_senadora-demaria.jpg?fit=880%2C512&ssl=1&resize=525%2C300 1.5x, https:\/\/i0.wp.com\/larevistadigital.com.ar\/blog\/wp-content\/uploads\/20231113190124_senadora-demaria.jpg?fit=880%2C512&ssl=1&resize=700%2C400 2x"},"classes":[]},{"id":5769,"url":"https:\/\/larevistadigital.com.ar\/blog\/fue-aprobada-en-diputados-la-ley-del-aborto-legal\/","url_meta":{"origin":29190,"position":2},"title":"FUE APROBADA EN DIPUTADOS LA LEY DEL ABORTO LEGAL","author":"Alejandro Sosa Ruda","date":"14 junio, 2018","format":false,"excerpt":"Finalmente fue aprobada en general por los Diputados Nacionales la Ley que aprueba el aborto legal, con lo que consigue de esta manera media sanci\u00f3n. El resultado fue de 131 votos por la afirmativa y 123 por la negativa, quedando de esta manera aprobado en la c\u00e1mara mencionada. Luego de\u2026","rel":"","context":"En \u00abDESTACADAS\u00bb","block_context":{"text":"DESTACADAS","link":"https:\/\/larevistadigital.com.ar\/blog\/category\/destacadas\/"},"img":{"alt_text":"","src":"https:\/\/i0.wp.com\/larevistadigital.com.ar\/blog\/wp-content\/uploads\/2018\/06\/pa%C3%B1uelazo.jpg?fit=930%2C525&ssl=1&resize=350%2C200","width":350,"height":200,"srcset":"https:\/\/i0.wp.com\/larevistadigital.com.ar\/blog\/wp-content\/uploads\/2018\/06\/pa%C3%B1uelazo.jpg?fit=930%2C525&ssl=1&resize=350%2C200 1x, https:\/\/i0.wp.com\/larevistadigital.com.ar\/blog\/wp-content\/uploads\/2018\/06\/pa%C3%B1uelazo.jpg?fit=930%2C525&ssl=1&resize=525%2C300 1.5x, https:\/\/i0.wp.com\/larevistadigital.com.ar\/blog\/wp-content\/uploads\/2018\/06\/pa%C3%B1uelazo.jpg?fit=930%2C525&ssl=1&resize=700%2C400 2x"},"classes":[]},{"id":12241,"url":"https:\/\/larevistadigital.com.ar\/blog\/brandsen-fue-dada-en-adopcion-hace-34-anos-y-busca-a-sus-padres-biologicos\/","url_meta":{"origin":29190,"position":3},"title":"BRANDSEN: FUE DADA EN ADOPCI\u00d3N HACE 34 A\u00d1OS, Y BUSCA A SUS PADRES BIOL\u00d3GICOS","author":"Alejandro Sosa Ruda","date":"23 septiembre, 2019","format":false,"excerpt":"Yamila Marianela Gonzalez Piguillem, naci\u00f3 el 28 de febrero de 1985 en la ciudad de\u00a0Brandsen, esos son los datos que le dieron a los 16 a\u00f1os las personas que la hab\u00edan criado, luego de que ella sospechara que era adoptada. Hoy, con 34 a\u00f1os, sigue en la b\u00fasqueda por saber\u2026","rel":"","context":"En \u00abREGIONALES\u00bb","block_context":{"text":"REGIONALES","link":"https:\/\/larevistadigital.com.ar\/blog\/category\/regionales\/"},"img":{"alt_text":"","src":"https:\/\/i0.wp.com\/larevistadigital.com.ar\/blog\/wp-content\/uploads\/20190922_043425.jpg?fit=966%2C614&ssl=1&resize=350%2C200","width":350,"height":200,"srcset":"https:\/\/i0.wp.com\/larevistadigital.com.ar\/blog\/wp-content\/uploads\/20190922_043425.jpg?fit=966%2C614&ssl=1&resize=350%2C200 1x, https:\/\/i0.wp.com\/larevistadigital.com.ar\/blog\/wp-content\/uploads\/20190922_043425.jpg?fit=966%2C614&ssl=1&resize=525%2C300 1.5x, https:\/\/i0.wp.com\/larevistadigital.com.ar\/blog\/wp-content\/uploads\/20190922_043425.jpg?fit=966%2C614&ssl=1&resize=700%2C400 2x"},"classes":[]},{"id":26760,"url":"https:\/\/larevistadigital.com.ar\/blog\/media-sancion-diputados-aprobaron-y-enviaron-al-senado-el-proyecto-de-sos-rural\/","url_meta":{"origin":29190,"position":4},"title":"MEDIA SANCI\u00d3N: DIPUTADOS APROBARON Y ENVIARON AL SENADO EL PROYECTO DE SOS RURAL\u00bb","author":"Alejandro Sosa Ruda","date":"20 julio, 2022","format":false,"excerpt":"La iniciativa, que crea por ley un sistema de identificaci\u00f3n de tranqueras para garantizar la llegada de los servicios de emergencia a todos los inmuebles del \u00e1rea rural de la provincia de Buenos Aires, ya hab\u00eda sido aprobada por la C\u00e1mara baja en noviembre de 2020, pero termin\u00f3 durmiendo el\u2026","rel":"","context":"En \u00abINTERES GENERAL\u00bb","block_context":{"text":"INTERES GENERAL","link":"https:\/\/larevistadigital.com.ar\/blog\/category\/interes-general\/"},"img":{"alt_text":"","src":"https:\/\/i0.wp.com\/larevistadigital.com.ar\/blog\/wp-content\/uploads\/20220720170135_diputados-aprobaron-y-giraron-al-senado-el-proyecto-de-sos-rural.jpg?fit=880%2C512&ssl=1&resize=350%2C200","width":350,"height":200,"srcset":"https:\/\/i0.wp.com\/larevistadigital.com.ar\/blog\/wp-content\/uploads\/20220720170135_diputados-aprobaron-y-giraron-al-senado-el-proyecto-de-sos-rural.jpg?fit=880%2C512&ssl=1&resize=350%2C200 1x, https:\/\/i0.wp.com\/larevistadigital.com.ar\/blog\/wp-content\/uploads\/20220720170135_diputados-aprobaron-y-giraron-al-senado-el-proyecto-de-sos-rural.jpg?fit=880%2C512&ssl=1&resize=525%2C300 1.5x, https:\/\/i0.wp.com\/larevistadigital.com.ar\/blog\/wp-content\/uploads\/20220720170135_diputados-aprobaron-y-giraron-al-senado-el-proyecto-de-sos-rural.jpg?fit=880%2C512&ssl=1&resize=700%2C400 2x"},"classes":[]},{"id":22449,"url":"https:\/\/larevistadigital.com.ar\/blog\/enganoso-anuncio-del-intendente-gaston-acerca-de-la-rifa-del-campo-que-adeuda-chascomus\/","url_meta":{"origin":29190,"position":5},"title":"ENGA\u00d1OSO ANUNCIO DEL INTENDENTE GAST\u00d3N ACERCA DE LA RIFA DEL CAMPO QUE ADEUDA CHASCOM\u00daS","author":"Alejandro Sosa Ruda","date":"23 octubre, 2021","format":false,"excerpt":"En realidad, hay un \"proyecto de ley\" que en la nota adjuntamos, de un diputado massista que cuenta con media sanci\u00f3n, y espera tratamiento en el senado. Habla de suspender el pago por dos a\u00f1os... CHASCOM\u00daS -\u00a0 El intendente de Chascom\u00fas, Javier Gast\u00f3n, hizo un posteo, donde se manifest\u00f3 muy\u2026","rel":"","context":"En \u00abDESTACADAS\u00bb","block_context":{"text":"DESTACADAS","link":"https:\/\/larevistadigital.com.ar\/blog\/category\/destacadas\/"},"img":{"alt_text":"","src":"https:\/\/i0.wp.com\/larevistadigital.com.ar\/blog\/wp-content\/uploads\/MENTIROSO-MENTIROSO.jpg?fit=736%2C558&ssl=1&resize=350%2C200","width":350,"height":200,"srcset":"https:\/\/i0.wp.com\/larevistadigital.com.ar\/blog\/wp-content\/uploads\/MENTIROSO-MENTIROSO.jpg?fit=736%2C558&ssl=1&resize=350%2C200 1x, https:\/\/i0.wp.com\/larevistadigital.com.ar\/blog\/wp-content\/uploads\/MENTIROSO-MENTIROSO.jpg?fit=736%2C558&ssl=1&resize=525%2C300 1.5x, https:\/\/i0.wp.com\/larevistadigital.com.ar\/blog\/wp-content\/uploads\/MENTIROSO-MENTIROSO.jpg?fit=736%2C558&ssl=1&resize=700%2C400 2x"},"classes":[]}],"_links":{"self":[{"href":"https:\/\/larevistadigital.com.ar\/blog\/wp-json\/wp\/v2\/posts\/29190","targetHints":{"allow":["GET"]}}],"collection":[{"href":"https:\/\/larevistadigital.com.ar\/blog\/wp-json\/wp\/v2\/posts"}],"about":[{"href":"https:\/\/larevistadigital.com.ar\/blog\/wp-json\/wp\/v2\/types\/post"}],"author":[{"embeddable":true,"href":"https:\/\/larevistadigital.com.ar\/blog\/wp-json\/wp\/v2\/users\/3"}],"replies":[{"embeddable":true,"href":"https:\/\/larevistadigital.com.ar\/blog\/wp-json\/wp\/v2\/comments?post=29190"}],"version-history":[{"count":1,"href":"https:\/\/larevistadigital.com.ar\/blog\/wp-json\/wp\/v2\/posts\/29190\/revisions"}],"predecessor-version":[{"id":29192,"href":"https:\/\/larevistadigital.com.ar\/blog\/wp-json\/wp\/v2\/posts\/29190\/revisions\/29192"}],"wp:featuredmedia":[{"embeddable":true,"href":"https:\/\/larevistadigital.com.ar\/blog\/wp-json\/wp\/v2\/media\/29191"}],"wp:attachment":[{"href":"https:\/\/larevistadigital.com.ar\/blog\/wp-json\/wp\/v2\/media?parent=29190"}],"wp:term":[{"taxonomy":"category","embeddable":true,"href":"https:\/\/larevistadigital.com.ar\/blog\/wp-json\/wp\/v2\/categories?post=29190"},{"taxonomy":"post_tag","embeddable":true,"href":"https:\/\/larevistadigital.com.ar\/blog\/wp-json\/wp\/v2\/tags?post=29190"}],"curies":[{"name":"wp","href":"https:\/\/api.w.org\/{rel}","templated":true}]}}