{"id":29287,"date":"2022-12-07T17:43:42","date_gmt":"2022-12-07T17:43:42","guid":{"rendered":"https:\/\/larevistadigital.com.ar\/blog\/?p=29287"},"modified":"2022-12-07T17:43:42","modified_gmt":"2022-12-07T17:43:42","slug":"peru-el-presidente-disolvio-el-congreso-y-la-oposicion-denuncia-un-golpe-de-estado","status":"publish","type":"post","link":"https:\/\/larevistadigital.com.ar\/blog\/peru-el-presidente-disolvio-el-congreso-y-la-oposicion-denuncia-un-golpe-de-estado\/","title":{"rendered":"PER\u00da: EL PRESIDENTE DISOLVI\u00d3 EL CONGRESO Y LA OPOSICI\u00d3N DENUNCIA UN GOLPE DE ESTADO"},"content":{"rendered":"<h2>El mandatario enfrentaba una tercera moci\u00f3n de vacancia presidencial, sin embargo, decidi\u00f3 adelantarse a la votaci\u00f3n del Congreso programado para este mi\u00e9rcoles siete. El Jefe de Estado es acusado de diversos delitos de corrupci\u00f3n.<\/h2>\n<p>7 de diciembre de 2022<\/p>\n<p><strong>PER\u00da &#8211;\u00a0<\/strong> <b>Pedro Castillo<\/b>\u00a0envi\u00f3 un<b>\u00a0mensaje a la Naci\u00f3n<\/b>\u00a0este mi\u00e9rcoles siete de diciembre y anunci\u00f3 la disoluci\u00f3n del\u00a0<b>Congreso de la Rep\u00fablica.<\/b><\/p>\n<p class=\"paragraph\">El investigado por el\u00a0<b>Ministerio P\u00fablico<\/b>\u00a0minimiz\u00f3 las acusaciones en su contra, que fueron en aumento en los \u00faltimos d\u00edas de parte de exfuncionarios como\u00a0<b>Jos\u00e9 Luis Fern\u00e1ndez Latorre<\/b>, exjefe de la<b>\u00a0Direcci\u00f3n Nacional de Inteligencia (DINI)<\/b>, y<b>\u00a0<\/b>se adelant\u00f3 de esta manera a la votaci\u00f3n agendada para la vacancia presidencial en esta misma fecha.<\/p>\n<div class=\"inline ad-wrapper\">\n<blockquote>\n<h3 class=\"dfpAd display_inline_block ad_margin_wrapper\"><b>\u201cTomamos la decisi\u00f3n de establecer un gobierno de excepci\u00f3n orientado a establecer el Estado de Derecho. (&#8230;) Disolver temporalmente el Congreso e instaurar un gobierno de emergencia excepcional\u201d<\/b>, afirm\u00f3.<\/h3>\n<\/blockquote>\n<\/div>\n<p class=\"paragraph\"><b>Adem\u00e1s, anunci\u00f3 un toque de queda que regir\u00e1 a partir de las diez de la noche.\u00a0<\/b>Los legisladores que se encontraban en la Comisi\u00f3n de Fiscalizaci\u00f3n, escuchando el testimonio del exfuncionario\u00a0<b>Salatiel Marrufo<\/b>, expresaron su rechazo a la medida y lo declararon inconstitucional.<\/p>\n<blockquote>\n<h3 class=\"paragraph\"><em>\u201cEst\u00e1 violando normas constitucionales, emplazamos a las\u00a0<b>Fuerzas Armadas<\/b>\u00a0para defender la constitucionalidad\u201d<\/em>, manifest\u00f3 el congresista\u00a0<b>H\u00e9ctor Ventura, titular del grupo de trabajo.<\/b><\/h3>\n<\/blockquote>\n<p class=\"paragraph\">Durante su discurso,\u00a0<b>Castillo Terrones<\/b>\u00a0deslegitim\u00f3 a distintas instituciones del Estado, entre ellas, el m\u00e1ximo representante de la Constituci\u00f3n.<b>\u00a0<\/b>\u201cEl Congreso ha roto el equilibrio de poderes y el Estado de Derecho para instaurar la dictadura congresal con el aval, como ellos mismos manifiestan, de su Tribunal Constitucional\u201d, manifest\u00f3.<\/p>\n<blockquote>\n<h3 class=\"paragraph\"><b>Castillo tambi\u00e9n anunci\u00f3 un \u201creordenamiento\u201d de diversas entidades del Estado Peruano.<\/b><\/h3>\n<\/blockquote>\n<h3 class=\"header\"><span style=\"color: #ff0000\">Anunci\u00f3 disoluci\u00f3n durante las declaraciones de Salatiel Marrufo<\/span><\/h3>\n<blockquote>\n<h3 class=\"paragraph\"><b>Castillo Terrones\u00a0<\/b>apareci\u00f3 sorpresivamente ante la ciudadan\u00eda durante la sesi\u00f3n de la Comisi\u00f3n de Fiscalizaci\u00f3n este martes siete.<\/h3>\n<\/blockquote>\n<p class=\"paragraph\">El exjefe de asesores del\u00a0<b>Ministerio de Vivienda, Construcci\u00f3n y Saneamiento<\/b>, que lleva cerca de dos meses detenido, rend\u00eda su testimonio ante el grupo de trabajo. El exfuncionario se encuentra bajo la modalidad de\u00a0<b>colaboraci\u00f3n eficaz en el Ministerio P\u00fablico,<\/b>\u00a0es decir, asumi\u00f3 ya sus responsabilidades en hechos criminales y brinda informaci\u00f3n sobre distintos casos que involucran a otros bur\u00f3cratas.<\/p>\n<p class=\"paragraph\"><em><strong>\u201c(Se entregaban) 50 mil soles mensuales (a Pedro Castillo) para efectos de que mantenga en el cargo a\u00a0Geiner Alvarado\u00a0como ministro de Vivienda, estas sumas eran entregadas por\u00a0Alvarado\u00a0en nueve oportunidades despu\u00e9s de cada Consejo de Ministros, usualmente fines de mes o inicios de mes. 450 mil soles por este concepto\u201d<\/strong><\/em>, manifest\u00f3 <strong>Marrufo<\/strong>.<\/p>\n<blockquote>\n<h3>En medio de estas declaraciones, durante las preguntas que los diversos congresistas planteaban a\u00a0<b>Marrufo<\/b>, Castillo Terrones anunci\u00f3 la disoluci\u00f3n inconstitucional del Parlamento.<\/h3>\n<\/blockquote>\n<p class=\"paragraph\">El exfuncionario no solo implic\u00f3 a <strong>Castillo<\/strong>, sino tambi\u00e9n a su hermana, <strong>Gloria Castillo Terrones<\/strong>. Sobre ella, detall\u00f3<b>\u00a0<\/b>que le entreg\u00f3 ocho entregas 60 mil soles, en total, 480 mil.<\/p>\n<p class=\"paragraph\"><strong><em>\u201cTengo pruebas y las suficientes.\u00a0Ya han sido entregadas al Ministerio P\u00fablico e insto a que se soliciten (desde el Congreso)\u201d, asever\u00f3 durante su exposici\u00f3n. \u201cEstoy recluido, aqu\u00ed no tengo los audios, las pruebas, ante el pedido de si tengo pruebas: s\u00ed, tengo pruebas<\/em><\/strong>\u201d, a\u00f1adi\u00f3.<\/p>\n","protected":false},"excerpt":{"rendered":"<div class=\"mh-excerpt\"><p>El mandatario enfrentaba una tercera moci\u00f3n de vacancia presidencial, sin embargo, decidi\u00f3 adelantarse a la votaci\u00f3n del Congreso programado para este mi\u00e9rcoles siete. El Jefe de Estado es acusado de diversos delitos de corrupci\u00f3n. 7 <a class=\"mh-excerpt-more\" href=\"https:\/\/larevistadigital.com.ar\/blog\/peru-el-presidente-disolvio-el-congreso-y-la-oposicion-denuncia-un-golpe-de-estado\/\" title=\"PER\u00da: EL PRESIDENTE DISOLVI\u00d3 EL CONGRESO Y LA OPOSICI\u00d3N DENUNCIA UN GOLPE DE ESTADO\">[Leer M\u00e1s]<\/a><\/p>\n<\/div>","protected":false},"author":3,"featured_media":29289,"comment_status":"open","ping_status":"open","sticky":false,"template":"","format":"standard","meta":{"_jetpack_memberships_contains_paid_content":false,"footnotes":"","jetpack_publicize_message":"","jetpack_publicize_feature_enabled":true,"jetpack_social_post_already_shared":true,"jetpack_social_options":{"image_generator_settings":{"template":"highway","default_image_id":0,"font":"","enabled":false},"version":2}},"categories":[50,12],"tags":[],"class_list":{"0":"post-29287","1":"post","2":"type-post","3":"status-publish","4":"format-standard","5":"has-post-thumbnail","7":"category-interes-general","8":"category-politica"},"jetpack_publicize_connections":[],"jetpack_featured_media_url":"https:\/\/i0.wp.com\/larevistadigital.com.ar\/blog\/wp-content\/uploads\/563UKQD2BBBRRAEBNLT3U2VUYQ.jpg?fit=2047%2C1365&ssl=1","jetpack_sharing_enabled":true,"jetpack_shortlink":"https:\/\/wp.me\/p8qtrQ-7Cn","jetpack-related-posts":[{"id":29301,"url":"https:\/\/larevistadigital.com.ar\/blog\/urgente-peru-el-congreso-sesiono-y-destituyo-al-presidente-castillo-pese-a-que-el-mismo-lo-habia-disuelto\/","url_meta":{"origin":29287,"position":0},"title":"URGENTE PER\u00da: EL CONGRESO SESION\u00d3 Y DESTITUY\u00d3 AL PRESIDENTE CASTILLO, PESE A QUE EL MISMO LO HAB\u00cdA \u00abDISUELTO\u00bb","author":"Alejandro Sosa Ruda","date":"7 diciembre, 2022","format":false,"excerpt":"El presidente peruano fue destituido y se orden\u00f3 la detenci\u00f3n del mismo. Los peruanos se dividen en manifestaciones en las calles. Permaneci\u00f3 en el poder por el lapso de un a\u00f1o y cinco meses. 7 de diciembre de 2022 PER\u00da\u00a0 - El congreso peruano, sesion\u00f3 y decidi\u00f3 destituir al presidente\u2026","rel":"","context":"En \u00abDESTACADAS\u00bb","block_context":{"text":"DESTACADAS","link":"https:\/\/larevistadigital.com.ar\/blog\/category\/destacadas\/"},"img":{"alt_text":"","src":"https:\/\/i0.wp.com\/larevistadigital.com.ar\/blog\/wp-content\/uploads\/59914503_101.jpg?fit=1024%2C576&ssl=1&resize=350%2C200","width":350,"height":200,"srcset":"https:\/\/i0.wp.com\/larevistadigital.com.ar\/blog\/wp-content\/uploads\/59914503_101.jpg?fit=1024%2C576&ssl=1&resize=350%2C200 1x, https:\/\/i0.wp.com\/larevistadigital.com.ar\/blog\/wp-content\/uploads\/59914503_101.jpg?fit=1024%2C576&ssl=1&resize=525%2C300 1.5x, https:\/\/i0.wp.com\/larevistadigital.com.ar\/blog\/wp-content\/uploads\/59914503_101.jpg?fit=1024%2C576&ssl=1&resize=700%2C400 2x"},"classes":[]},{"id":17646,"url":"https:\/\/larevistadigital.com.ar\/blog\/excelente-propuesta-lanzamiento-del-congreso-educativo-provincial-con-la-participacion-de-emilio-monzo-que-estara-a-cargo-del-cierre\/","url_meta":{"origin":29287,"position":1},"title":"EXCELENTE PROPUESTA : LANZAMIENTO DEL CONGRESO EDUCATIVO PROVINCIAL CON LA PARTICIPACI\u00d3N DE EMILIO MONZ\u00d3 QUE ESTAR\u00c1 A CARGO DEL CIERRE","author":"Alejandro Sosa Ruda","date":"12 noviembre, 2020","format":false,"excerpt":"En el marco de los proyectos que tienen que ver con la educaci\u00f3n, Emilio Monz\u00f3 estar\u00e1 cerrando este important\u00edsimo Congreso Virtual, en que pod\u00e9s inscribirte y formar parte. Para no perd\u00e9rselo. El mi\u00e9rcoles 18 de Noviembre a las 19 hs Fundaci\u00f3n INNPOA va a lanzar en forma virtual el CONGRESO\u2026","rel":"","context":"En \u00abINTERES GENERAL\u00bb","block_context":{"text":"INTERES GENERAL","link":"https:\/\/larevistadigital.com.ar\/blog\/category\/interes-general\/"},"img":{"alt_text":"","src":"https:\/\/i0.wp.com\/larevistadigital.com.ar\/blog\/wp-content\/uploads\/CEP.jpg?fit=1200%2C628&ssl=1&resize=350%2C200","width":350,"height":200,"srcset":"https:\/\/i0.wp.com\/larevistadigital.com.ar\/blog\/wp-content\/uploads\/CEP.jpg?fit=1200%2C628&ssl=1&resize=350%2C200 1x, https:\/\/i0.wp.com\/larevistadigital.com.ar\/blog\/wp-content\/uploads\/CEP.jpg?fit=1200%2C628&ssl=1&resize=525%2C300 1.5x, https:\/\/i0.wp.com\/larevistadigital.com.ar\/blog\/wp-content\/uploads\/CEP.jpg?fit=1200%2C628&ssl=1&resize=700%2C400 2x, https:\/\/i0.wp.com\/larevistadigital.com.ar\/blog\/wp-content\/uploads\/CEP.jpg?fit=1200%2C628&ssl=1&resize=1050%2C600 3x"},"classes":[]},{"id":42706,"url":"https:\/\/larevistadigital.com.ar\/blog\/en-medio-de-otra-interna-peronista-kicillof-aplaudio-la-arenga-de-secco-que-lo-postulo-candidato-presidencial-2027\/","url_meta":{"origin":29287,"position":2},"title":"En medio de otra interna peronista, Kicillof aplaudi\u00f3 la arenga de Secco que lo postul\u00f3 candidato presidencial 2027","author":"Alejandro Sosa Ruda","date":"2 diciembre, 2025","format":false,"excerpt":"El intendente Secco lo proclam\u00f3 como candidato presidencial y el Gobernador aval\u00f3 con aplausos en plena interna peronista por el endeudamiento bonaerense. Semana clave con sesi\u00f3n extraordinaria el mi\u00e9rcoles y recambio legislativo el jueves En un nuevo episodio de apoyo al Gobernador, el s\u00e1bado\u00a0Axel Kicillof\u00a0fue nuevamente propuesto como candidato presidencial\u2026","rel":"","context":"En \u00abDESTACADAS\u00bb","block_context":{"text":"DESTACADAS","link":"https:\/\/larevistadigital.com.ar\/blog\/category\/destacadas\/"},"img":{"alt_text":"","src":"https:\/\/i0.wp.com\/larevistadigital.com.ar\/blog\/wp-content\/uploads\/Captura-de-pantalla-2025-12-02-000355.jpg?fit=800%2C449&ssl=1&resize=350%2C200","width":350,"height":200,"srcset":"https:\/\/i0.wp.com\/larevistadigital.com.ar\/blog\/wp-content\/uploads\/Captura-de-pantalla-2025-12-02-000355.jpg?fit=800%2C449&ssl=1&resize=350%2C200 1x, https:\/\/i0.wp.com\/larevistadigital.com.ar\/blog\/wp-content\/uploads\/Captura-de-pantalla-2025-12-02-000355.jpg?fit=800%2C449&ssl=1&resize=525%2C300 1.5x, https:\/\/i0.wp.com\/larevistadigital.com.ar\/blog\/wp-content\/uploads\/Captura-de-pantalla-2025-12-02-000355.jpg?fit=800%2C449&ssl=1&resize=700%2C400 2x"},"classes":[]},{"id":37703,"url":"https:\/\/larevistadigital.com.ar\/blog\/kicillof-encabezo-el-cierre-del-congreso-de-satsaid\/","url_meta":{"origin":29287,"position":3},"title":"Kicillof encabez\u00f3 el cierre del Congreso de SATSAID","author":"Alejandro Sosa Ruda","date":"1 noviembre, 2024","format":false,"excerpt":"El gobernador de la provincia de Buenos Aires, Axel Kicillof, encabez\u00f3 este mi\u00e9rcoles el acto de cierre del Congreso del Sindicato Argentino de Televisi\u00f3n, Servicios Audiovisuales, Interactivos y de Datos (SATSAID), en el que participaron m\u00e1s de 350 representantes gremiales de todo el pa\u00eds. 01 de noviembre de 2024 En\u2026","rel":"","context":"En \u00abPOLITICA PROVINCIAL\u00bb","block_context":{"text":"POLITICA PROVINCIAL","link":"https:\/\/larevistadigital.com.ar\/blog\/category\/politica\/politica-provincial\/"},"img":{"alt_text":"","src":"https:\/\/i0.wp.com\/larevistadigital.com.ar\/blog\/wp-content\/uploads\/20241031154009_kicillof-congreso-satsaid.jpg?fit=880%2C512&ssl=1&resize=350%2C200","width":350,"height":200,"srcset":"https:\/\/i0.wp.com\/larevistadigital.com.ar\/blog\/wp-content\/uploads\/20241031154009_kicillof-congreso-satsaid.jpg?fit=880%2C512&ssl=1&resize=350%2C200 1x, https:\/\/i0.wp.com\/larevistadigital.com.ar\/blog\/wp-content\/uploads\/20241031154009_kicillof-congreso-satsaid.jpg?fit=880%2C512&ssl=1&resize=525%2C300 1.5x, https:\/\/i0.wp.com\/larevistadigital.com.ar\/blog\/wp-content\/uploads\/20241031154009_kicillof-congreso-satsaid.jpg?fit=880%2C512&ssl=1&resize=700%2C400 2x"},"classes":[]},{"id":29148,"url":"https:\/\/larevistadigital.com.ar\/blog\/cicop-para-los-dias-1-y-7-de-diciembre\/","url_meta":{"origin":29287,"position":4},"title":"CICOP PARA A LOS PROFESIONALES DE LA SALUD, LOS D\u00cdAS 1\u00b0 Y 7 DE DICIEMBRE","author":"Alejandro Sosa Ruda","date":"29 noviembre, 2022","format":false,"excerpt":"El gremio de profesionales de la salud p\u00fablica bonaerense comienza diciembre con dos paros \"por recomposici\u00f3n salarial en salud, aprobaci\u00f3n del proyecto de pase de Ley 10.430 a 10.471, por pase a planta de todos los becarios y becarias, contra el Impuesto a las Ganancias, por la extensi\u00f3n del Desgaste\u2026","rel":"","context":"En \u00abGREMIALES\u00bb","block_context":{"text":"GREMIALES","link":"https:\/\/larevistadigital.com.ar\/blog\/category\/gremiales\/"},"img":{"alt_text":"","src":"https:\/\/i0.wp.com\/larevistadigital.com.ar\/blog\/wp-content\/uploads\/mail-1.png?fit=1200%2C1199&ssl=1&resize=350%2C200","width":350,"height":200,"srcset":"https:\/\/i0.wp.com\/larevistadigital.com.ar\/blog\/wp-content\/uploads\/mail-1.png?fit=1200%2C1199&ssl=1&resize=350%2C200 1x, https:\/\/i0.wp.com\/larevistadigital.com.ar\/blog\/wp-content\/uploads\/mail-1.png?fit=1200%2C1199&ssl=1&resize=525%2C300 1.5x, https:\/\/i0.wp.com\/larevistadigital.com.ar\/blog\/wp-content\/uploads\/mail-1.png?fit=1200%2C1199&ssl=1&resize=700%2C400 2x, https:\/\/i0.wp.com\/larevistadigital.com.ar\/blog\/wp-content\/uploads\/mail-1.png?fit=1200%2C1199&ssl=1&resize=1050%2C600 3x"},"classes":[]},{"id":6695,"url":"https:\/\/larevistadigital.com.ar\/blog\/con-presencia-chascomunense-se-realizo-congreso-provincial-del-partido-gen\/","url_meta":{"origin":29287,"position":5},"title":"CON PRESENCIA CHASCOMUNENSE SE REALIZO CONGRESO PROVINCIAL DEL PARTIDO GEN","author":"Alejandro Sosa Ruda","date":"30 septiembre, 2018","format":false,"excerpt":"En la ma\u00f1ana de este s\u00e1bado 29 y como estaba previsto, se llev\u00f3 a cabo en La Plata, el Congreso Provincial del Partido GEN, cumpliendo con la convocatoria seg\u00fan lo establece el estatuto partidario. Se desarroll\u00f3 en el sal\u00f3n del Club Claridad de la Capital bonaerense y con la presencia\u2026","rel":"","context":"En \u00abPOLITICA\u00bb","block_context":{"text":"POLITICA","link":"https:\/\/larevistadigital.com.ar\/blog\/category\/politica\/"},"img":{"alt_text":"","src":"https:\/\/i0.wp.com\/larevistadigital.com.ar\/blog\/wp-content\/uploads\/2018\/09\/WhatsApp-Image-2018-09-29-at-21.38.32.jpeg?fit=1024%2C613&ssl=1&resize=350%2C200","width":350,"height":200,"srcset":"https:\/\/i0.wp.com\/larevistadigital.com.ar\/blog\/wp-content\/uploads\/2018\/09\/WhatsApp-Image-2018-09-29-at-21.38.32.jpeg?fit=1024%2C613&ssl=1&resize=350%2C200 1x, https:\/\/i0.wp.com\/larevistadigital.com.ar\/blog\/wp-content\/uploads\/2018\/09\/WhatsApp-Image-2018-09-29-at-21.38.32.jpeg?fit=1024%2C613&ssl=1&resize=525%2C300 1.5x, https:\/\/i0.wp.com\/larevistadigital.com.ar\/blog\/wp-content\/uploads\/2018\/09\/WhatsApp-Image-2018-09-29-at-21.38.32.jpeg?fit=1024%2C613&ssl=1&resize=700%2C400 2x"},"classes":[]}],"_links":{"self":[{"href":"https:\/\/larevistadigital.com.ar\/blog\/wp-json\/wp\/v2\/posts\/29287","targetHints":{"allow":["GET"]}}],"collection":[{"href":"https:\/\/larevistadigital.com.ar\/blog\/wp-json\/wp\/v2\/posts"}],"about":[{"href":"https:\/\/larevistadigital.com.ar\/blog\/wp-json\/wp\/v2\/types\/post"}],"author":[{"embeddable":true,"href":"https:\/\/larevistadigital.com.ar\/blog\/wp-json\/wp\/v2\/users\/3"}],"replies":[{"embeddable":true,"href":"https:\/\/larevistadigital.com.ar\/blog\/wp-json\/wp\/v2\/comments?post=29287"}],"version-history":[{"count":1,"href":"https:\/\/larevistadigital.com.ar\/blog\/wp-json\/wp\/v2\/posts\/29287\/revisions"}],"predecessor-version":[{"id":29290,"href":"https:\/\/larevistadigital.com.ar\/blog\/wp-json\/wp\/v2\/posts\/29287\/revisions\/29290"}],"wp:featuredmedia":[{"embeddable":true,"href":"https:\/\/larevistadigital.com.ar\/blog\/wp-json\/wp\/v2\/media\/29289"}],"wp:attachment":[{"href":"https:\/\/larevistadigital.com.ar\/blog\/wp-json\/wp\/v2\/media?parent=29287"}],"wp:term":[{"taxonomy":"category","embeddable":true,"href":"https:\/\/larevistadigital.com.ar\/blog\/wp-json\/wp\/v2\/categories?post=29287"},{"taxonomy":"post_tag","embeddable":true,"href":"https:\/\/larevistadigital.com.ar\/blog\/wp-json\/wp\/v2\/tags?post=29287"}],"curies":[{"name":"wp","href":"https:\/\/api.w.org\/{rel}","templated":true}]}}