{"id":29292,"date":"2022-12-07T18:12:47","date_gmt":"2022-12-07T18:12:47","guid":{"rendered":"https:\/\/larevistadigital.com.ar\/blog\/?p=29292"},"modified":"2022-12-07T18:14:26","modified_gmt":"2022-12-07T18:14:26","slug":"chascomus-violento-choque-a-la-altura-del-control-policial-de-samborombon","status":"publish","type":"post","link":"https:\/\/larevistadigital.com.ar\/blog\/chascomus-violento-choque-a-la-altura-del-control-policial-de-samborombon\/","title":{"rendered":"CHASCOM\u00daS: VIOLENTO CHOQUE A LA ALTURA DEL CONTROL POLICIAL DE SAMBOROMBON"},"content":{"rendered":"<h2>Fue a la altura de Samborombon, y hubieron heridos. Participaron tres autos.<\/h2>\n<p>7 de diciembre de 2022<\/p>\n<p><strong>CHASCOM\u00daS &#8211;<\/strong>\u00a0 Se viene el fin de semana largo, y hubo un violento choque a la altura del control vial que se encuentra metros antes de la estaci\u00f3n de peaje en Samborombon.<\/p>\n<blockquote>\n<h3>El accidente se produjo aproximadamente a las 9:30 hs., cuando desde La Revista Digital informamos del hecho por la salida de los Bomberos Voluntarios de Chascom\u00fas.<\/h3>\n<\/blockquote>\n<p><img data-recalc-dims=\"1\" loading=\"lazy\" decoding=\"async\" class=\"alignnone size-full wp-image-29293\" src=\"https:\/\/i0.wp.com\/larevistadigital.com.ar\/blog\/wp-content\/uploads\/ruta22-1024x576-1.jpg?resize=1024%2C576&#038;ssl=1\" alt=\"\" width=\"1024\" height=\"576\" srcset=\"https:\/\/i0.wp.com\/larevistadigital.com.ar\/blog\/wp-content\/uploads\/ruta22-1024x576-1.jpg?w=1024&amp;ssl=1 1024w, https:\/\/i0.wp.com\/larevistadigital.com.ar\/blog\/wp-content\/uploads\/ruta22-1024x576-1.jpg?resize=300%2C169&amp;ssl=1 300w, https:\/\/i0.wp.com\/larevistadigital.com.ar\/blog\/wp-content\/uploads\/ruta22-1024x576-1.jpg?resize=768%2C432&amp;ssl=1 768w, https:\/\/i0.wp.com\/larevistadigital.com.ar\/blog\/wp-content\/uploads\/ruta22-1024x576-1.jpg?resize=678%2C381&amp;ssl=1 678w\" sizes=\"auto, (max-width: 1000px) 100vw, 1000px\" \/><\/p>\n<p>Todo ocurri\u00f3 a metros del peaje troncal de Samboromb\u00f3n -sentido a Mar del Plata-, cuando por causas que se investigan un Fiat Siena <strong> perdi\u00f3 el control y embisti\u00f3 a dos autos que iban por delante de \u00e9l: un Pegueot 208 y un Citroen C3. Impactaron en el kilometro 89, donde se realizaba un control vehicular <\/strong>por parte de personal de tr\u00e1nsito de la Polic\u00eda bonaerense.<\/p>\n<blockquote>\n<h3>Producto del impacto, uno de los vehiculos despist\u00f3 y embisti\u00f3 a un efectivo de la Polic\u00eda Bonaerense que estaba de servicio por el fin de semana largo. En ese momento, se encontraba parado sobre la banquina y hac\u00eda circular el transito. Afortunadamente, el agente se encuentra<b>\u00a0fuera de peligro\u00a0<\/b>y fue derivado con politraumatismos al Hospital de Chascom\u00fas.<\/h3>\n<\/blockquote>\n<p>Por su parte, los conductores del Fiat Siena -un hombre de avanzada edad, seg\u00fan le confiaron a Infobae &#8211; y del Citr\u00f6en C3 tambi\u00e9n sufrieron politraumatismo, est\u00e1n fuera de peligro y fueron trasladados al mismo centro de salud.<\/p>\n","protected":false},"excerpt":{"rendered":"<div class=\"mh-excerpt\"><p>Fue a la altura de Samborombon, y hubieron heridos. Participaron tres autos. 7 de diciembre de 2022 CHASCOM\u00daS &#8211;\u00a0 Se viene el fin de semana largo, y hubo un violento choque a la altura del <a class=\"mh-excerpt-more\" href=\"https:\/\/larevistadigital.com.ar\/blog\/chascomus-violento-choque-a-la-altura-del-control-policial-de-samborombon\/\" title=\"CHASCOM\u00daS: VIOLENTO CHOQUE A LA ALTURA DEL CONTROL POLICIAL DE SAMBOROMBON\">[Leer M\u00e1s]<\/a><\/p>\n<\/div>","protected":false},"author":3,"featured_media":29294,"comment_status":"open","ping_status":"open","sticky":false,"template":"","format":"standard","meta":{"_jetpack_memberships_contains_paid_content":false,"footnotes":"","jetpack_publicize_message":"","jetpack_publicize_feature_enabled":true,"jetpack_social_post_already_shared":true,"jetpack_social_options":{"image_generator_settings":{"template":"highway","default_image_id":0,"font":"","enabled":false},"version":2}},"categories":[41,44],"tags":[],"class_list":{"0":"post-29292","1":"post","2":"type-post","3":"status-publish","4":"format-standard","5":"has-post-thumbnail","7":"category-destacadas","8":"category-policiales"},"jetpack_publicize_connections":[],"jetpack_featured_media_url":"https:\/\/i0.wp.com\/larevistadigital.com.ar\/blog\/wp-content\/uploads\/ruta2-1.jpg?fit=1200%2C675&ssl=1","jetpack_sharing_enabled":true,"jetpack_shortlink":"https:\/\/wp.me\/p8qtrQ-7Cs","jetpack-related-posts":[{"id":2209,"url":"https:\/\/larevistadigital.com.ar\/blog\/importante-cantidad-de-marihuana-y-cocaina-se-secuestro-en-el-peaje-samborombon\/","url_meta":{"origin":29292,"position":0},"title":"IMPORTANTE CANTIDAD DE MARIHUANA Y COCAINA SE SECUESTRO EN EL PEAJE SAMBOROMBON","author":"editor","date":"5 mayo, 2017","format":false,"excerpt":"LA DROGA SECUESTRADA IRIA CON DESTINO A CHASCOM\u00daS Y MAR DEL TUYU En la fecha de ayer 4 de mayo personal del gabinete criminologico de comisar\u00eda de Chascom\u00fas junto con personal destacamento vial Samboromb\u00f3n y cr\u00eda Brandsen a ra\u00edz de informaci\u00f3n obtenida montan operativo interceptaci\u00f3n de veh\u00edculos en cercan\u00edas de\u2026","rel":"","context":"En \u00abCASTELLI\u00bb","block_context":{"text":"CASTELLI","link":"https:\/\/larevistadigital.com.ar\/blog\/category\/castelli\/"},"img":{"alt_text":"","src":"https:\/\/i0.wp.com\/larevistadigital.com.ar\/blog\/wp-content\/uploads\/2017\/05\/89abb2df-95ca-4a15-a2b5-86e586e83428.jpg?fit=1040%2C585&ssl=1&resize=350%2C200","width":350,"height":200,"srcset":"https:\/\/i0.wp.com\/larevistadigital.com.ar\/blog\/wp-content\/uploads\/2017\/05\/89abb2df-95ca-4a15-a2b5-86e586e83428.jpg?fit=1040%2C585&ssl=1&resize=350%2C200 1x, https:\/\/i0.wp.com\/larevistadigital.com.ar\/blog\/wp-content\/uploads\/2017\/05\/89abb2df-95ca-4a15-a2b5-86e586e83428.jpg?fit=1040%2C585&ssl=1&resize=525%2C300 1.5x, https:\/\/i0.wp.com\/larevistadigital.com.ar\/blog\/wp-content\/uploads\/2017\/05\/89abb2df-95ca-4a15-a2b5-86e586e83428.jpg?fit=1040%2C585&ssl=1&resize=700%2C400 2x"},"classes":[]},{"id":41007,"url":"https:\/\/larevistadigital.com.ar\/blog\/detuvieron-a-un-automovilista-en-el-peaje-de-samborombon-por-un-robo-agravado-en-lezama\/","url_meta":{"origin":29292,"position":1},"title":"Detuvieron a un automovilista en el peaje de Samboromb\u00f3n por un robo agravado en Lezama","author":"Alejandro Sosa Ruda","date":"20 agosto, 2025","format":false,"excerpt":"El hombre, oriundo de Villa Elisa, fue interceptado en un operativo cerrojo de la Polic\u00eda en la Ruta 2. El hecho investigado ocurri\u00f3 en agosto de 2024, cuando tres delincuentes asaltaron una vivienda en Lezama. 20 de agosto de 2025 CHASCOM\u00daS -\u00a0 \u00a0Un automovilista oriundo de la localidad de Villa\u2026","rel":"","context":"En \u00abINTERES GENERAL\u00bb","block_context":{"text":"INTERES GENERAL","link":"https:\/\/larevistadigital.com.ar\/blog\/category\/interes-general\/"},"img":{"alt_text":"","src":"https:\/\/i0.wp.com\/larevistadigital.com.ar\/blog\/wp-content\/uploads\/c61b352c4c92352806b4793db9e625ede332cc32.jpg?fit=1140%2C749&ssl=1&resize=350%2C200","width":350,"height":200,"srcset":"https:\/\/i0.wp.com\/larevistadigital.com.ar\/blog\/wp-content\/uploads\/c61b352c4c92352806b4793db9e625ede332cc32.jpg?fit=1140%2C749&ssl=1&resize=350%2C200 1x, https:\/\/i0.wp.com\/larevistadigital.com.ar\/blog\/wp-content\/uploads\/c61b352c4c92352806b4793db9e625ede332cc32.jpg?fit=1140%2C749&ssl=1&resize=525%2C300 1.5x, https:\/\/i0.wp.com\/larevistadigital.com.ar\/blog\/wp-content\/uploads\/c61b352c4c92352806b4793db9e625ede332cc32.jpg?fit=1140%2C749&ssl=1&resize=700%2C400 2x, https:\/\/i0.wp.com\/larevistadigital.com.ar\/blog\/wp-content\/uploads\/c61b352c4c92352806b4793db9e625ede332cc32.jpg?fit=1140%2C749&ssl=1&resize=1050%2C600 3x"},"classes":[]},{"id":14584,"url":"https:\/\/larevistadigital.com.ar\/blog\/vuelca-micro-en-ruta-2-a-la-altura-del-puente-samborombon-hasta-el-momento-hay-2-muertos\/","url_meta":{"origin":29292,"position":2},"title":"VUELCA MICRO EN RUTA 2 A LA ALTURA DEL PUENTE SAMBOROMBON. HASTA EL MOMENTO HAY 2 MUERTOS","author":"Alejandro Sosa Ruda","date":"4 febrero, 2020","format":false,"excerpt":"Un micro, perteneciente a la empresa V\u00eda Bariloche, volc\u00f3 aproximadamente a las 6 de la ma\u00f1ana en la ruta 2, mano a Capital Federal, sobre el puente del r\u00edo Samboromb\u00f3n a la altura del kil\u00f3metro 93. En principio de hablaba de 13 heridos, cinco de ellos de gravedad que fueron\u2026","rel":"","context":"En \u00abDESTACADAS\u00bb","block_context":{"text":"DESTACADAS","link":"https:\/\/larevistadigital.com.ar\/blog\/category\/destacadas\/"},"img":{"alt_text":"","src":"https:\/\/i0.wp.com\/larevistadigital.com.ar\/blog\/wp-content\/uploads\/0037365036.jpg?fit=1140%2C640&ssl=1&resize=350%2C200","width":350,"height":200,"srcset":"https:\/\/i0.wp.com\/larevistadigital.com.ar\/blog\/wp-content\/uploads\/0037365036.jpg?fit=1140%2C640&ssl=1&resize=350%2C200 1x, https:\/\/i0.wp.com\/larevistadigital.com.ar\/blog\/wp-content\/uploads\/0037365036.jpg?fit=1140%2C640&ssl=1&resize=525%2C300 1.5x, https:\/\/i0.wp.com\/larevistadigital.com.ar\/blog\/wp-content\/uploads\/0037365036.jpg?fit=1140%2C640&ssl=1&resize=700%2C400 2x, https:\/\/i0.wp.com\/larevistadigital.com.ar\/blog\/wp-content\/uploads\/0037365036.jpg?fit=1140%2C640&ssl=1&resize=1050%2C600 3x"},"classes":[]},{"id":14564,"url":"https:\/\/larevistadigital.com.ar\/blog\/despiste-en-ruta-2-cerca-del-peaje-de-samborombon\/","url_meta":{"origin":29292,"position":3},"title":"DESPISTE EN RUTA 2, CERCA DEL PEAJE DE SAMBOROMBON","author":"Alejandro Sosa Ruda","date":"3 febrero, 2020","format":false,"excerpt":"Nuestro colega, Sergio \"Tony\" Peralta nos hizo llegar la informaci\u00f3n y unas fotograf\u00edas de un accidente ocurrido en la tarde del d\u00eda de hoy. Se trata de un autom\u00f3vil marca Volswagen, modelo Gol color negro, que por causas que se tratan de establecer despist\u00f3 violentamente, dando varios tumbos quedando finalmente\u2026","rel":"","context":"En \u00abINTERES GENERAL\u00bb","block_context":{"text":"INTERES GENERAL","link":"https:\/\/larevistadigital.com.ar\/blog\/category\/interes-general\/"},"img":{"alt_text":"","src":"https:\/\/i0.wp.com\/larevistadigital.com.ar\/blog\/wp-content\/uploads\/WhatsApp-Image-2020-02-03-at-18.47.32-1.jpeg?fit=820%2C989&ssl=1&resize=350%2C200","width":350,"height":200,"srcset":"https:\/\/i0.wp.com\/larevistadigital.com.ar\/blog\/wp-content\/uploads\/WhatsApp-Image-2020-02-03-at-18.47.32-1.jpeg?fit=820%2C989&ssl=1&resize=350%2C200 1x, https:\/\/i0.wp.com\/larevistadigital.com.ar\/blog\/wp-content\/uploads\/WhatsApp-Image-2020-02-03-at-18.47.32-1.jpeg?fit=820%2C989&ssl=1&resize=525%2C300 1.5x, https:\/\/i0.wp.com\/larevistadigital.com.ar\/blog\/wp-content\/uploads\/WhatsApp-Image-2020-02-03-at-18.47.32-1.jpeg?fit=820%2C989&ssl=1&resize=700%2C400 2x"},"classes":[]},{"id":1299,"url":"https:\/\/larevistadigital.com.ar\/blog\/tarifa-diferencial-de-peaje-a-vecinos-de-chascomus-hay-que-reempadronarse\/","url_meta":{"origin":29292,"position":4},"title":"TARIFA DIFERENCIAL DE PEAJE A VECINOS DE CHASCOMUS: HAY QUE REEMPADRONARSE","author":"Alejandro Sosa Ruda","date":"19 marzo, 2017","format":false,"excerpt":"De acuerdo a lo informado por AUBASA, los vecinos que est\u00e9n beneficiados con una tarifa diferencial por ser residentes en Chascom\u00fas, deber\u00e1n \u201creempadronarse\u201d en un plazo que llega al 15 de mayo de este a\u00f1o. Por lo tanto, quienes residen en la ciudad, o viajan de manera asidua por trabajo,\u2026","rel":"","context":"En \u00abCHASCOM\u00daS\u00bb","block_context":{"text":"CHASCOM\u00daS","link":"https:\/\/larevistadigital.com.ar\/blog\/category\/chascomus\/"},"img":{"alt_text":"","src":"https:\/\/i0.wp.com\/larevistadigital.com.ar\/blog\/wp-content\/uploads\/2017\/03\/nota-1298254-aumentaron-peajes-autovia-ruta-634317.jpg?fit=1200%2C1200&ssl=1&resize=350%2C200","width":350,"height":200,"srcset":"https:\/\/i0.wp.com\/larevistadigital.com.ar\/blog\/wp-content\/uploads\/2017\/03\/nota-1298254-aumentaron-peajes-autovia-ruta-634317.jpg?fit=1200%2C1200&ssl=1&resize=350%2C200 1x, https:\/\/i0.wp.com\/larevistadigital.com.ar\/blog\/wp-content\/uploads\/2017\/03\/nota-1298254-aumentaron-peajes-autovia-ruta-634317.jpg?fit=1200%2C1200&ssl=1&resize=525%2C300 1.5x, https:\/\/i0.wp.com\/larevistadigital.com.ar\/blog\/wp-content\/uploads\/2017\/03\/nota-1298254-aumentaron-peajes-autovia-ruta-634317.jpg?fit=1200%2C1200&ssl=1&resize=700%2C400 2x, https:\/\/i0.wp.com\/larevistadigital.com.ar\/blog\/wp-content\/uploads\/2017\/03\/nota-1298254-aumentaron-peajes-autovia-ruta-634317.jpg?fit=1200%2C1200&ssl=1&resize=1050%2C600 3x"},"classes":[]},{"id":14382,"url":"https:\/\/larevistadigital.com.ar\/blog\/por-el-fin-de-semana-viajan-mas-de-2500-autos-por-hora-hacia-la-costa-atlantica\/","url_meta":{"origin":29292,"position":5},"title":"POR EL FIN DE SEMANA VIAJAN M\u00c1S DE 2500 AUTOS POR HORA HACIA LA COSTA ATL\u00c1NTICA","author":"Alejandro Sosa Ruda","date":"26 enero, 2020","format":false,"excerpt":"Con tr\u00e1nsito intenso, buen tiempo y algunas demoras en zona de Samboromb\u00f3n, Lezama y Castelli,\u00a0AUBASA\u00a0registra un importante paso de veh\u00edculos hacia la Costa Atl\u00e1ntica en la ma\u00f1ana de este s\u00e1bado. La empresa estatal concesionaria de la Autopista Buenos Aires La Plata y las rutas del Corredor del Atl\u00e1ntico inform\u00f3 que\u2026","rel":"","context":"En \u00abINTERES GENERAL\u00bb","block_context":{"text":"INTERES GENERAL","link":"https:\/\/larevistadigital.com.ar\/blog\/category\/interes-general\/"},"img":{"alt_text":"","src":"https:\/\/i0.wp.com\/larevistadigital.com.ar\/blog\/wp-content\/uploads\/Transito-Ruta-1.jpeg?fit=1200%2C656&ssl=1&resize=350%2C200","width":350,"height":200,"srcset":"https:\/\/i0.wp.com\/larevistadigital.com.ar\/blog\/wp-content\/uploads\/Transito-Ruta-1.jpeg?fit=1200%2C656&ssl=1&resize=350%2C200 1x, https:\/\/i0.wp.com\/larevistadigital.com.ar\/blog\/wp-content\/uploads\/Transito-Ruta-1.jpeg?fit=1200%2C656&ssl=1&resize=525%2C300 1.5x, https:\/\/i0.wp.com\/larevistadigital.com.ar\/blog\/wp-content\/uploads\/Transito-Ruta-1.jpeg?fit=1200%2C656&ssl=1&resize=700%2C400 2x, https:\/\/i0.wp.com\/larevistadigital.com.ar\/blog\/wp-content\/uploads\/Transito-Ruta-1.jpeg?fit=1200%2C656&ssl=1&resize=1050%2C600 3x"},"classes":[]}],"_links":{"self":[{"href":"https:\/\/larevistadigital.com.ar\/blog\/wp-json\/wp\/v2\/posts\/29292","targetHints":{"allow":["GET"]}}],"collection":[{"href":"https:\/\/larevistadigital.com.ar\/blog\/wp-json\/wp\/v2\/posts"}],"about":[{"href":"https:\/\/larevistadigital.com.ar\/blog\/wp-json\/wp\/v2\/types\/post"}],"author":[{"embeddable":true,"href":"https:\/\/larevistadigital.com.ar\/blog\/wp-json\/wp\/v2\/users\/3"}],"replies":[{"embeddable":true,"href":"https:\/\/larevistadigital.com.ar\/blog\/wp-json\/wp\/v2\/comments?post=29292"}],"version-history":[{"count":3,"href":"https:\/\/larevistadigital.com.ar\/blog\/wp-json\/wp\/v2\/posts\/29292\/revisions"}],"predecessor-version":[{"id":29297,"href":"https:\/\/larevistadigital.com.ar\/blog\/wp-json\/wp\/v2\/posts\/29292\/revisions\/29297"}],"wp:featuredmedia":[{"embeddable":true,"href":"https:\/\/larevistadigital.com.ar\/blog\/wp-json\/wp\/v2\/media\/29294"}],"wp:attachment":[{"href":"https:\/\/larevistadigital.com.ar\/blog\/wp-json\/wp\/v2\/media?parent=29292"}],"wp:term":[{"taxonomy":"category","embeddable":true,"href":"https:\/\/larevistadigital.com.ar\/blog\/wp-json\/wp\/v2\/categories?post=29292"},{"taxonomy":"post_tag","embeddable":true,"href":"https:\/\/larevistadigital.com.ar\/blog\/wp-json\/wp\/v2\/tags?post=29292"}],"curies":[{"name":"wp","href":"https:\/\/api.w.org\/{rel}","templated":true}]}}