{"id":29298,"date":"2022-12-07T19:31:24","date_gmt":"2022-12-07T19:31:24","guid":{"rendered":"https:\/\/larevistadigital.com.ar\/blog\/?p=29298"},"modified":"2022-12-08T00:13:18","modified_gmt":"2022-12-08T00:13:18","slug":"chascomus-el-municipio-instalara-una-pantalla-gigante-para-que-se-pueda-ver-en-la-laguna-el-partido-de-argentina-ante-paises-bajos","status":"publish","type":"post","link":"https:\/\/larevistadigital.com.ar\/blog\/chascomus-el-municipio-instalara-una-pantalla-gigante-para-que-se-pueda-ver-en-la-laguna-el-partido-de-argentina-ante-paises-bajos\/","title":{"rendered":"CHASCOM\u00daS: EL MUNICIPIO INSTALAR\u00c1 UNA PANTALLA GIGANTE PARA QUE SE PUEDA VER EN LA LAGUNA EL PARTIDO DE ARGENTINA ANTE PA\u00cdSES BAJOS"},"content":{"rendered":"<h2>Invitan a turistas y vecinos a compartir el partido que podr\u00eda poner a nuestra selecci\u00f3n en Semifinales.<\/h2>\n<p>7 de diciembre de 2022<\/p>\n<p><strong>CHASCOM\u00daS &#8211;\u00a0<\/strong> Se conoci\u00f3 la decisi\u00f3n del Municipio de Chascom\u00fas de instalar una pantalla gigante, a efectos que la gente, vecinos y turistas puedan compartir y disfrutar el partido en el que la Selecci\u00f3n Argentina se\u00a0 medir\u00e1 con la de Holanda, para definir quien pasa a las semifinales en la Copa Mundial de Qatar 2022.<\/p>\n<p>La cita entonces es el viernes a partir de las 16 hs.\u00a0 detr\u00e1s del museo Pampeano, y se espera a toda la ciudad para alentar a la Selecci\u00f3n en su sue\u00f1o de lograr un nuevo paso hacia la ansiada copa.<\/p>\n<p>fuente: elcronistachascom\u00fas<\/p>\n<p>&nbsp;<\/p>\n","protected":false},"excerpt":{"rendered":"<div class=\"mh-excerpt\"><p>Invitan a turistas y vecinos a compartir el partido que podr\u00eda poner a nuestra selecci\u00f3n en Semifinales. 7 de diciembre de 2022 CHASCOM\u00daS &#8211;\u00a0 Se conoci\u00f3 la decisi\u00f3n del Municipio de Chascom\u00fas de instalar una <a class=\"mh-excerpt-more\" href=\"https:\/\/larevistadigital.com.ar\/blog\/chascomus-el-municipio-instalara-una-pantalla-gigante-para-que-se-pueda-ver-en-la-laguna-el-partido-de-argentina-ante-paises-bajos\/\" title=\"CHASCOM\u00daS: EL MUNICIPIO INSTALAR\u00c1 UNA PANTALLA GIGANTE PARA QUE SE PUEDA VER EN LA LAGUNA EL PARTIDO DE ARGENTINA ANTE PA\u00cdSES BAJOS\">[Leer M\u00e1s]<\/a><\/p>\n<\/div>","protected":false},"author":3,"featured_media":29299,"comment_status":"open","ping_status":"open","sticky":false,"template":"","format":"standard","meta":{"_jetpack_memberships_contains_paid_content":false,"footnotes":"","jetpack_publicize_message":"","jetpack_publicize_feature_enabled":true,"jetpack_social_post_already_shared":true,"jetpack_social_options":{"image_generator_settings":{"template":"highway","default_image_id":0,"font":"","enabled":false},"version":2}},"categories":[50],"tags":[],"class_list":{"0":"post-29298","1":"post","2":"type-post","3":"status-publish","4":"format-standard","5":"has-post-thumbnail","7":"category-interes-general"},"jetpack_publicize_connections":[],"jetpack_featured_media_url":"https:\/\/i0.wp.com\/larevistadigital.com.ar\/blog\/wp-content\/uploads\/ARGENTINA-PANTALLA-GIGANTE-2-1068x621-1.jpg?fit=1068%2C621&ssl=1","jetpack_sharing_enabled":true,"jetpack_shortlink":"https:\/\/wp.me\/p8qtrQ-7Cy","jetpack-related-posts":[{"id":29371,"url":"https:\/\/larevistadigital.com.ar\/blog\/fotos-y-videos-chascomus-de-festejo-por-el-pase-de-argentina-a-semifinales-por-sofia-otero\/","url_meta":{"origin":29298,"position":0},"title":"[FOTOS Y VIDEOS] CHASCOM\u00daS DE FESTEJO POR EL PASE DE ARGENTINA A SEMIFINALES (por Sof\u00eda Otero)","author":"Alejandro Sosa Ruda","date":"9 diciembre, 2022","format":false,"excerpt":"Luego del sufrimiento de los tiros del punto penal, la ciudad volvi\u00f3 a reunirse en torno al Reloj de los Italianos. Fotos y videos de Sof\u00eda Otero y Carlos Lasserre. 9 de diciembre de 2022 CHASCOM\u00daS -\u00a0 Se sufri\u00f3. Much\u00edsimo. Pero se consigui\u00f3 el premio del pase a semifinales del\u2026","rel":"","context":"En \u00abCHASCOM\u00daS\u00bb","block_context":{"text":"CHASCOM\u00daS","link":"https:\/\/larevistadigital.com.ar\/blog\/category\/chascomus\/"},"img":{"alt_text":"","src":"https:\/\/i0.wp.com\/larevistadigital.com.ar\/blog\/wp-content\/uploads\/WhatsApp-Image-2022-12-09-at-19.43.47-e1670629428798.jpeg?fit=899%2C1071&ssl=1&resize=350%2C200","width":350,"height":200,"srcset":"https:\/\/i0.wp.com\/larevistadigital.com.ar\/blog\/wp-content\/uploads\/WhatsApp-Image-2022-12-09-at-19.43.47-e1670629428798.jpeg?fit=899%2C1071&ssl=1&resize=350%2C200 1x, https:\/\/i0.wp.com\/larevistadigital.com.ar\/blog\/wp-content\/uploads\/WhatsApp-Image-2022-12-09-at-19.43.47-e1670629428798.jpeg?fit=899%2C1071&ssl=1&resize=525%2C300 1.5x, https:\/\/i0.wp.com\/larevistadigital.com.ar\/blog\/wp-content\/uploads\/WhatsApp-Image-2022-12-09-at-19.43.47-e1670629428798.jpeg?fit=899%2C1071&ssl=1&resize=700%2C400 2x"},"classes":[]},{"id":23011,"url":"https:\/\/larevistadigital.com.ar\/blog\/se-sorteo-la-copa-argentina-2022-aca-todos-los-cruces\/","url_meta":{"origin":29298,"position":1},"title":"SE SORTE\u00d3 LA COPA ARGENTINA 2022: AC\u00c1 TODOS LOS CRUCES","author":"Alejandro Sosa Ruda","date":"24 diciembre, 2021","format":false,"excerpt":"En el predio de la AFA se conoci\u00f3 el fixture del certamen que brinda una plaza para la Copa Libertadores de Am\u00e9rica 2023. River y Boca reci\u00e9n podr\u00edan cruzarse reci\u00e9n en semifinales. Se sorte\u00f3 la\u00a0Copa Argentina 2022, luego de lo que fue la\u00a0coronaci\u00f3n de Boca en la edici\u00f3n 2021. Desde\u00a0el\u2026","rel":"","context":"En \u00abDEPORTES\u00bb","block_context":{"text":"DEPORTES","link":"https:\/\/larevistadigital.com.ar\/blog\/category\/deportes\/"},"img":{"alt_text":"","src":"https:\/\/i0.wp.com\/larevistadigital.com.ar\/blog\/wp-content\/uploads\/copa-argentina-2020.jpg?fit=640%2C360&ssl=1&resize=350%2C200","width":350,"height":200,"srcset":"https:\/\/i0.wp.com\/larevistadigital.com.ar\/blog\/wp-content\/uploads\/copa-argentina-2020.jpg?fit=640%2C360&ssl=1&resize=350%2C200 1x, https:\/\/i0.wp.com\/larevistadigital.com.ar\/blog\/wp-content\/uploads\/copa-argentina-2020.jpg?fit=640%2C360&ssl=1&resize=525%2C300 1.5x"},"classes":[]},{"id":29462,"url":"https:\/\/larevistadigital.com.ar\/blog\/qatar-2022-fotos-y-videos-chascomus-festeja-el-triunfo-de-argentina-y-el-pase-a-la-final\/","url_meta":{"origin":29298,"position":2},"title":"QATAR 2022: [FOTOS Y VIDEOS] CHASCOM\u00daS FESTEJA EL TRI\u00daNFO DE ARGENTINA Y EL PASE A LA FINAL.","author":"Alejandro Sosa Ruda","date":"13 diciembre, 2022","format":false,"excerpt":"La selecci\u00f3n Argentina gan\u00f3, gust\u00f3 y gole\u00f3 con una soberbia actuaci\u00f3n de Juli\u00e1n Alvarez, y un Messi en su mejor nivel. La ciudad se convoc\u00f3 al Reloj de los Italianos y Fernanda Bertoletti realiz\u00f3 una cr\u00f3nica para La Revista Digital. 13 de diciembre de 2022 CHASCOM\u00daS -\u00a0 Luego del emocionante\u2026","rel":"","context":"En \u00abCHASCOM\u00daS\u00bb","block_context":{"text":"CHASCOM\u00daS","link":"https:\/\/larevistadigital.com.ar\/blog\/category\/chascomus\/"},"img":{"alt_text":"","src":"https:\/\/i0.wp.com\/larevistadigital.com.ar\/blog\/wp-content\/uploads\/WhatsApp-Image-2022-12-13-at-18.17.22.jpeg?fit=1200%2C675&ssl=1&resize=350%2C200","width":350,"height":200,"srcset":"https:\/\/i0.wp.com\/larevistadigital.com.ar\/blog\/wp-content\/uploads\/WhatsApp-Image-2022-12-13-at-18.17.22.jpeg?fit=1200%2C675&ssl=1&resize=350%2C200 1x, https:\/\/i0.wp.com\/larevistadigital.com.ar\/blog\/wp-content\/uploads\/WhatsApp-Image-2022-12-13-at-18.17.22.jpeg?fit=1200%2C675&ssl=1&resize=525%2C300 1.5x, https:\/\/i0.wp.com\/larevistadigital.com.ar\/blog\/wp-content\/uploads\/WhatsApp-Image-2022-12-13-at-18.17.22.jpeg?fit=1200%2C675&ssl=1&resize=700%2C400 2x, https:\/\/i0.wp.com\/larevistadigital.com.ar\/blog\/wp-content\/uploads\/WhatsApp-Image-2022-12-13-at-18.17.22.jpeg?fit=1200%2C675&ssl=1&resize=1050%2C600 3x"},"classes":[]},{"id":38309,"url":"https:\/\/larevistadigital.com.ar\/blog\/eternos-laureles-la-copa-del-mundo-la-copa-america-y-la-finalissima-llegan-a-chascomus\/","url_meta":{"origin":29298,"position":3},"title":"\u201cEternos laureles\u201d: la Copa del Mundo, la Copa Am\u00e9rica y la Finalissima llegan a Chascom\u00fas","author":"Alejandro Sosa Ruda","date":"18 diciembre, 2024","format":false,"excerpt":"La exposici\u00f3n libre y gratuita se desarrollar\u00e1 en el Estadio Municipal, Juan Silverio Oroz con actividades\u00a0 para toda la familia 18 de Diciembre de 2024 CHASCOM\u00daS -\u00a0 El s\u00e1bado 22 de febrero, chascomunenses y turistas podr\u00e1n sacarse fotos y visualizar de cerca los m\u00e1ximos trofeos obtenidos en los \u00faltimos a\u00f1os\u2026","rel":"","context":"En \u00abDEPORTES\u00bb","block_context":{"text":"DEPORTES","link":"https:\/\/larevistadigital.com.ar\/blog\/category\/deportes\/"},"img":{"alt_text":"","src":"https:\/\/i0.wp.com\/larevistadigital.com.ar\/blog\/wp-content\/uploads\/67630779ca3b6.png?fit=668%2C445&ssl=1&resize=350%2C200","width":350,"height":200,"srcset":"https:\/\/i0.wp.com\/larevistadigital.com.ar\/blog\/wp-content\/uploads\/67630779ca3b6.png?fit=668%2C445&ssl=1&resize=350%2C200 1x, https:\/\/i0.wp.com\/larevistadigital.com.ar\/blog\/wp-content\/uploads\/67630779ca3b6.png?fit=668%2C445&ssl=1&resize=525%2C300 1.5x"},"classes":[]},{"id":29380,"url":"https:\/\/larevistadigital.com.ar\/blog\/chascomus-nuevo-suicidio-en-la-ciudad-ahora-una-mujer-de-49-anos\/","url_meta":{"origin":29298,"position":4},"title":"CHASCOM\u00daS: NUEVO SUICIDIO EN LA CIUDAD. AHORA UNA MUJER DE 49 A\u00d1OS","author":"Alejandro Sosa Ruda","date":"10 diciembre, 2022","format":false,"excerpt":"La mujer tom\u00f3 la triste decisi\u00f3n, mientras su pareja miraba el partido de la selecci\u00f3n. El hombre trat\u00f3 de reanimarla, pero lamentablemente no pudo conseguirlo. 9 de diciembre de 2022 CHASCOM\u00daS -\u00a0 Aproximadamente a las 18:30 horas y por un llamado al 911, personal policial concurre a calle Venezuela, donde\u2026","rel":"","context":"En \u00abDESTACADAS\u00bb","block_context":{"text":"DESTACADAS","link":"https:\/\/larevistadigital.com.ar\/blog\/category\/destacadas\/"},"img":{"alt_text":"","src":"https:\/\/i0.wp.com\/larevistadigital.com.ar\/blog\/wp-content\/uploads\/20221202161712_patrullero2.jpg?fit=880%2C512&ssl=1&resize=350%2C200","width":350,"height":200,"srcset":"https:\/\/i0.wp.com\/larevistadigital.com.ar\/blog\/wp-content\/uploads\/20221202161712_patrullero2.jpg?fit=880%2C512&ssl=1&resize=350%2C200 1x, https:\/\/i0.wp.com\/larevistadigital.com.ar\/blog\/wp-content\/uploads\/20221202161712_patrullero2.jpg?fit=880%2C512&ssl=1&resize=525%2C300 1.5x, https:\/\/i0.wp.com\/larevistadigital.com.ar\/blog\/wp-content\/uploads\/20221202161712_patrullero2.jpg?fit=880%2C512&ssl=1&resize=700%2C400 2x"},"classes":[]},{"id":10887,"url":"https:\/\/larevistadigital.com.ar\/blog\/argentina-semifinalista-el-martes-enfrentara-a-brasil\/","url_meta":{"origin":29298,"position":5},"title":"ARGENTINA SEMIFINALISTA: EL MARTES ENFRENTAR\u00c1 A BRASIL","author":"Alejandro Sosa Ruda","date":"28 junio, 2019","format":false,"excerpt":"La Selecci\u00f3n venci\u00f3 a Venezuela por 2 a 0 y sac\u00f3 su pasaporte a semifinales donde jugar\u00e1 con su cl\u00e1sico rival. El equipo fue de mayor a menor pero pudo sentenciarlo en la segunda etapa. Ag\u00fcero y Lo Celso los gritos de la Selecci\u00f3n. Luego de un buen primer tiempo\u2026","rel":"","context":"En \u00abDESTACADAS\u00bb","block_context":{"text":"DESTACADAS","link":"https:\/\/larevistadigital.com.ar\/blog\/category\/destacadas\/"},"img":{"alt_text":"","src":"https:\/\/i0.wp.com\/larevistadigital.com.ar\/blog\/wp-content\/uploads\/Screenshot_1-15.jpg?fit=842%2C471&ssl=1&resize=350%2C200","width":350,"height":200,"srcset":"https:\/\/i0.wp.com\/larevistadigital.com.ar\/blog\/wp-content\/uploads\/Screenshot_1-15.jpg?fit=842%2C471&ssl=1&resize=350%2C200 1x, https:\/\/i0.wp.com\/larevistadigital.com.ar\/blog\/wp-content\/uploads\/Screenshot_1-15.jpg?fit=842%2C471&ssl=1&resize=525%2C300 1.5x, https:\/\/i0.wp.com\/larevistadigital.com.ar\/blog\/wp-content\/uploads\/Screenshot_1-15.jpg?fit=842%2C471&ssl=1&resize=700%2C400 2x"},"classes":[]}],"_links":{"self":[{"href":"https:\/\/larevistadigital.com.ar\/blog\/wp-json\/wp\/v2\/posts\/29298","targetHints":{"allow":["GET"]}}],"collection":[{"href":"https:\/\/larevistadigital.com.ar\/blog\/wp-json\/wp\/v2\/posts"}],"about":[{"href":"https:\/\/larevistadigital.com.ar\/blog\/wp-json\/wp\/v2\/types\/post"}],"author":[{"embeddable":true,"href":"https:\/\/larevistadigital.com.ar\/blog\/wp-json\/wp\/v2\/users\/3"}],"replies":[{"embeddable":true,"href":"https:\/\/larevistadigital.com.ar\/blog\/wp-json\/wp\/v2\/comments?post=29298"}],"version-history":[{"count":3,"href":"https:\/\/larevistadigital.com.ar\/blog\/wp-json\/wp\/v2\/posts\/29298\/revisions"}],"predecessor-version":[{"id":29306,"href":"https:\/\/larevistadigital.com.ar\/blog\/wp-json\/wp\/v2\/posts\/29298\/revisions\/29306"}],"wp:featuredmedia":[{"embeddable":true,"href":"https:\/\/larevistadigital.com.ar\/blog\/wp-json\/wp\/v2\/media\/29299"}],"wp:attachment":[{"href":"https:\/\/larevistadigital.com.ar\/blog\/wp-json\/wp\/v2\/media?parent=29298"}],"wp:term":[{"taxonomy":"category","embeddable":true,"href":"https:\/\/larevistadigital.com.ar\/blog\/wp-json\/wp\/v2\/categories?post=29298"},{"taxonomy":"post_tag","embeddable":true,"href":"https:\/\/larevistadigital.com.ar\/blog\/wp-json\/wp\/v2\/tags?post=29298"}],"curies":[{"name":"wp","href":"https:\/\/api.w.org\/{rel}","templated":true}]}}