{"id":29301,"date":"2022-12-07T19:17:31","date_gmt":"2022-12-07T19:17:31","guid":{"rendered":"https:\/\/larevistadigital.com.ar\/blog\/?p=29301"},"modified":"2022-12-07T19:17:31","modified_gmt":"2022-12-07T19:17:31","slug":"urgente-peru-el-congreso-sesiono-y-destituyo-al-presidente-castillo-pese-a-que-el-mismo-lo-habia-disuelto","status":"publish","type":"post","link":"https:\/\/larevistadigital.com.ar\/blog\/urgente-peru-el-congreso-sesiono-y-destituyo-al-presidente-castillo-pese-a-que-el-mismo-lo-habia-disuelto\/","title":{"rendered":"URGENTE PER\u00da: EL CONGRESO SESION\u00d3 Y DESTITUY\u00d3 AL PRESIDENTE CASTILLO, PESE A QUE EL MISMO LO HAB\u00cdA \u00abDISUELTO\u00bb"},"content":{"rendered":"<h2>El presidente peruano fue destituido y se orden\u00f3 la detenci\u00f3n del mismo. Los peruanos se dividen en manifestaciones en las calles. Permaneci\u00f3 en el poder por el lapso de un a\u00f1o y cinco meses.<\/h2>\n<p>7 de diciembre de 2022<\/p>\n<p><strong>PER\u00da\u00a0 &#8211;<\/strong> El congreso peruano, sesion\u00f3 y decidi\u00f3 destituir al presidente Pedro Castillo, quien ya se retir\u00f3 del Palacio y en estos momentos habr\u00eda sido detenido.<\/p>\n<blockquote>\n<h3><strong>Medios locales indican que Castillo se habr\u00eda entregado en Prefectura.<\/strong><\/h3>\n<\/blockquote>\n<p>Ya fue convocada la vicepresidente Dina Boluarte que ser\u00e1 quien reemplace a Castillo en la primera magistratura del pa\u00eds hermano.<\/p>\n<p>AMPLIAREMOS (NOTILLA EN DESARROLLO)<\/p>\n<p>&nbsp;<\/p>\n","protected":false},"excerpt":{"rendered":"<div class=\"mh-excerpt\"><p>El presidente peruano fue destituido y se orden\u00f3 la detenci\u00f3n del mismo. Los peruanos se dividen en manifestaciones en las calles. Permaneci\u00f3 en el poder por el lapso de un a\u00f1o y cinco meses. 7 <a class=\"mh-excerpt-more\" href=\"https:\/\/larevistadigital.com.ar\/blog\/urgente-peru-el-congreso-sesiono-y-destituyo-al-presidente-castillo-pese-a-que-el-mismo-lo-habia-disuelto\/\" title=\"URGENTE PER\u00da: EL CONGRESO SESION\u00d3 Y DESTITUY\u00d3 AL PRESIDENTE CASTILLO, PESE A QUE EL MISMO LO HAB\u00cdA \u00abDISUELTO\u00bb\">[Leer M\u00e1s]<\/a><\/p>\n<\/div>","protected":false},"author":3,"featured_media":29302,"comment_status":"open","ping_status":"open","sticky":false,"template":"","format":"standard","meta":{"_jetpack_memberships_contains_paid_content":false,"footnotes":"","jetpack_publicize_message":"","jetpack_publicize_feature_enabled":true,"jetpack_social_post_already_shared":true,"jetpack_social_options":{"image_generator_settings":{"template":"highway","default_image_id":0,"font":"","enabled":false},"version":2}},"categories":[41],"tags":[],"class_list":{"0":"post-29301","1":"post","2":"type-post","3":"status-publish","4":"format-standard","5":"has-post-thumbnail","7":"category-destacadas"},"jetpack_publicize_connections":[],"jetpack_featured_media_url":"https:\/\/i0.wp.com\/larevistadigital.com.ar\/blog\/wp-content\/uploads\/59914503_101.jpg?fit=1024%2C576&ssl=1","jetpack_sharing_enabled":true,"jetpack_shortlink":"https:\/\/wp.me\/p8qtrQ-7CB","jetpack-related-posts":[{"id":29287,"url":"https:\/\/larevistadigital.com.ar\/blog\/peru-el-presidente-disolvio-el-congreso-y-la-oposicion-denuncia-un-golpe-de-estado\/","url_meta":{"origin":29301,"position":0},"title":"PER\u00da: EL PRESIDENTE DISOLVI\u00d3 EL CONGRESO Y LA OPOSICI\u00d3N DENUNCIA UN GOLPE DE ESTADO","author":"Alejandro Sosa Ruda","date":"7 diciembre, 2022","format":false,"excerpt":"El mandatario enfrentaba una tercera moci\u00f3n de vacancia presidencial, sin embargo, decidi\u00f3 adelantarse a la votaci\u00f3n del Congreso programado para este mi\u00e9rcoles siete. El Jefe de Estado es acusado de diversos delitos de corrupci\u00f3n. 7 de diciembre de 2022 PER\u00da -\u00a0 Pedro Castillo\u00a0envi\u00f3 un\u00a0mensaje a la Naci\u00f3n\u00a0este mi\u00e9rcoles siete de\u2026","rel":"","context":"En \u00abINTERES GENERAL\u00bb","block_context":{"text":"INTERES GENERAL","link":"https:\/\/larevistadigital.com.ar\/blog\/category\/interes-general\/"},"img":{"alt_text":"","src":"https:\/\/i0.wp.com\/larevistadigital.com.ar\/blog\/wp-content\/uploads\/563UKQD2BBBRRAEBNLT3U2VUYQ.jpg?fit=1200%2C800&ssl=1&resize=350%2C200","width":350,"height":200,"srcset":"https:\/\/i0.wp.com\/larevistadigital.com.ar\/blog\/wp-content\/uploads\/563UKQD2BBBRRAEBNLT3U2VUYQ.jpg?fit=1200%2C800&ssl=1&resize=350%2C200 1x, https:\/\/i0.wp.com\/larevistadigital.com.ar\/blog\/wp-content\/uploads\/563UKQD2BBBRRAEBNLT3U2VUYQ.jpg?fit=1200%2C800&ssl=1&resize=525%2C300 1.5x, https:\/\/i0.wp.com\/larevistadigital.com.ar\/blog\/wp-content\/uploads\/563UKQD2BBBRRAEBNLT3U2VUYQ.jpg?fit=1200%2C800&ssl=1&resize=700%2C400 2x, https:\/\/i0.wp.com\/larevistadigital.com.ar\/blog\/wp-content\/uploads\/563UKQD2BBBRRAEBNLT3U2VUYQ.jpg?fit=1200%2C800&ssl=1&resize=1050%2C600 3x"},"classes":[]},{"id":2754,"url":"https:\/\/larevistadigital.com.ar\/blog\/con-varios-pedidos-al-ejecutivo-sesiono-anoche-el-concejo-deliberante\/","url_meta":{"origin":29301,"position":1},"title":"Con varios pedidos al Ejecutivo, sesion\u00f3 anoche el Concejo Deliberante","author":"admin","date":"14 julio, 2017","format":false,"excerpt":"Anoche se llev\u00f3 adelante la s\u00e9ptima sesi\u00f3n ordinaria del Concejo Deliberante contando con la totalidad de los concejales presentes.\u00a0Anoche se llev\u00f3 adelante la s\u00e9ptima sesi\u00f3n ordinaria del Concejo Deliberante contando con la totalidad de los concejales presentes.\u00a0 All\u00ed entre varios temas tratados, se fueron aprobados varios proyectos de comunicaci\u00f3n que\u2026","rel":"","context":"En \u00abPOLITICA\u00bb","block_context":{"text":"POLITICA","link":"https:\/\/larevistadigital.com.ar\/blog\/category\/politica\/"},"img":{"alt_text":"","src":"https:\/\/i0.wp.com\/larevistadigital.com.ar\/blog\/wp-content\/uploads\/2017\/07\/consejo_14dejulio_elfuerte.jpg?fit=737%2C415&ssl=1&resize=350%2C200","width":350,"height":200,"srcset":"https:\/\/i0.wp.com\/larevistadigital.com.ar\/blog\/wp-content\/uploads\/2017\/07\/consejo_14dejulio_elfuerte.jpg?fit=737%2C415&ssl=1&resize=350%2C200 1x, https:\/\/i0.wp.com\/larevistadigital.com.ar\/blog\/wp-content\/uploads\/2017\/07\/consejo_14dejulio_elfuerte.jpg?fit=737%2C415&ssl=1&resize=525%2C300 1.5x, https:\/\/i0.wp.com\/larevistadigital.com.ar\/blog\/wp-content\/uploads\/2017\/07\/consejo_14dejulio_elfuerte.jpg?fit=737%2C415&ssl=1&resize=700%2C400 2x"},"classes":[]},{"id":23910,"url":"https:\/\/larevistadigital.com.ar\/blog\/chascomus-mateo-salinas-fue-desalojado-del-castillo-de-la-amistad-que-ocupaba-hace-tiempo\/","url_meta":{"origin":29301,"position":2},"title":"CHASCOM\u00daS: MATEO SALINAS FUE DESALOJADO DEL CASTILLO DE LA AMISTAD, QUE OCUPABA HACE TIEMPO","author":"Alejandro Sosa Ruda","date":"10 febrero, 2022","format":false,"excerpt":"CHASCOM\u00daS -\u00a0 El artista local Mateo Salinas, hizo una publicaci\u00f3n en su perfil de la red social Facebook, quej\u00e1ndose por haber sido desalojado del Castillo de la Amistad, lugar que ocupaba desde hace tiempo, y que dec\u00eda \"cuidar\". En su publicaci\u00f3n expres\u00f3 \"Hoy el intendente de Chascom\u00fas, va por la\u2026","rel":"","context":"En \u00abINTERES GENERAL\u00bb","block_context":{"text":"INTERES GENERAL","link":"https:\/\/larevistadigital.com.ar\/blog\/category\/interes-general\/"},"img":{"alt_text":"","src":"https:\/\/i0.wp.com\/larevistadigital.com.ar\/blog\/wp-content\/uploads\/273600708_10224770467561750_6520725313495587614_n.jpg?fit=1200%2C900&ssl=1&resize=350%2C200","width":350,"height":200,"srcset":"https:\/\/i0.wp.com\/larevistadigital.com.ar\/blog\/wp-content\/uploads\/273600708_10224770467561750_6520725313495587614_n.jpg?fit=1200%2C900&ssl=1&resize=350%2C200 1x, https:\/\/i0.wp.com\/larevistadigital.com.ar\/blog\/wp-content\/uploads\/273600708_10224770467561750_6520725313495587614_n.jpg?fit=1200%2C900&ssl=1&resize=525%2C300 1.5x, https:\/\/i0.wp.com\/larevistadigital.com.ar\/blog\/wp-content\/uploads\/273600708_10224770467561750_6520725313495587614_n.jpg?fit=1200%2C900&ssl=1&resize=700%2C400 2x, https:\/\/i0.wp.com\/larevistadigital.com.ar\/blog\/wp-content\/uploads\/273600708_10224770467561750_6520725313495587614_n.jpg?fit=1200%2C900&ssl=1&resize=1050%2C600 3x"},"classes":[]},{"id":28728,"url":"https:\/\/larevistadigital.com.ar\/blog\/tras-dos-anos-sin-actividad-joven-parlamentario-sesiono-en-el-concejo-deliberante\/","url_meta":{"origin":29301,"position":3},"title":"TRAS DOS A\u00d1OS SIN ACTIVIDAD, \u00abJOVEN PARLAMENTARIO\u00bb SESION\u00d3 EN EL CONCEJO DELIBERANTE","author":"Alejandro Sosa Ruda","date":"1 noviembre, 2022","format":false,"excerpt":"Con once proyectos presentados por alumnos de cinco escuelas secundarias del distrito, durante la ma\u00f1ana del martes se llev\u00f3 a cabo en el recinto del legislativo local una nueva instancia del programa que busca promover en los j\u00f3venes los valores democr\u00e1ticos, el derecho a participar en los temas comunitarios y\u2026","rel":"","context":"En \u00abCHASCOM\u00daS\u00bb","block_context":{"text":"CHASCOM\u00daS","link":"https:\/\/larevistadigital.com.ar\/blog\/category\/chascomus\/"},"img":{"alt_text":"","src":"https:\/\/i0.wp.com\/larevistadigital.com.ar\/blog\/wp-content\/uploads\/a.png?fit=700%2C494&ssl=1&resize=350%2C200","width":350,"height":200,"srcset":"https:\/\/i0.wp.com\/larevistadigital.com.ar\/blog\/wp-content\/uploads\/a.png?fit=700%2C494&ssl=1&resize=350%2C200 1x, https:\/\/i0.wp.com\/larevistadigital.com.ar\/blog\/wp-content\/uploads\/a.png?fit=700%2C494&ssl=1&resize=525%2C300 1.5x, https:\/\/i0.wp.com\/larevistadigital.com.ar\/blog\/wp-content\/uploads\/a.png?fit=700%2C494&ssl=1&resize=700%2C400 2x"},"classes":[]},{"id":22197,"url":"https:\/\/larevistadigital.com.ar\/blog\/precio-amigo-o-la-triste-historia-de-la-agonia-del-patrimonio-municipal-por-el-gris\/","url_meta":{"origin":29301,"position":4},"title":"\u00abPRECIO AMIGO\u00bb O LA TRISTE HISTORIA DE LA AGON\u00cdA DEL PATRIMONIO MUNICIPAL  (Por \u00abEl gris\u00bb)","author":"Alejandro Sosa Ruda","date":"30 septiembre, 2021","format":false,"excerpt":"Por \"El Gris\" CHASCOM\u00daS - En estos \u00faltimos d\u00edas, m\u00e1s precisamente el 28 de setiembre, el Multimedios LA NACION, publica una nota titulada \u201cQue fue del ins\u00f3lito Castillo que alberg\u00f3 a un reino con trono, ministros y t\u00edtulos de nobleza\u201d. (\u00a0https:\/\/www.lanacion.com.ar\/revista-lugares\/chascomus-que-fue-del-insolito-castillo-que-albergo-a-un-reino-con-trono-ministros-y-titulos-de-nid28092021\/#:~:text=Desde%20la%20municipalidad,a%20precio%20amigo ) Sobre el tema, y haciendo referencia a esta\u2026","rel":"","context":"En \u00abCHASCOM\u00daS\u00bb","block_context":{"text":"CHASCOM\u00daS","link":"https:\/\/larevistadigital.com.ar\/blog\/category\/chascomus\/"},"img":{"alt_text":"","src":"https:\/\/i0.wp.com\/larevistadigital.com.ar\/blog\/wp-content\/uploads\/CASTILLO-USURPADO.jpg?fit=800%2C533&ssl=1&resize=350%2C200","width":350,"height":200,"srcset":"https:\/\/i0.wp.com\/larevistadigital.com.ar\/blog\/wp-content\/uploads\/CASTILLO-USURPADO.jpg?fit=800%2C533&ssl=1&resize=350%2C200 1x, https:\/\/i0.wp.com\/larevistadigital.com.ar\/blog\/wp-content\/uploads\/CASTILLO-USURPADO.jpg?fit=800%2C533&ssl=1&resize=525%2C300 1.5x, https:\/\/i0.wp.com\/larevistadigital.com.ar\/blog\/wp-content\/uploads\/CASTILLO-USURPADO.jpg?fit=800%2C533&ssl=1&resize=700%2C400 2x"},"classes":[]},{"id":4048,"url":"https:\/\/larevistadigital.com.ar\/blog\/proyecto-mas-interesante-habla-recuperar-la-historia-del-castillo\/","url_meta":{"origin":29301,"position":5},"title":"\u201cEs un proyecto m\u00e1s que interesante, que habla de recuperar la historia del Castillo\u201d","author":"admin","date":"27 noviembre, 2017","format":false,"excerpt":"Leandro Otondo, Secretario de Planificaci\u00f3n y Turismo As\u00ed se refiri\u00f3 a lo que ser\u00e1 esta nueva propuesta para el Castillo de la Amistad que tendr\u00e1 una inversi\u00f3n de m\u00e1s de 10 millones\u00a0 de pesos, con un plazo de concesi\u00f3n de 18 a\u00f1os, m\u00e1s 6 de pr\u00f3rroga. El Secretario de Planificaci\u00f3n\u2026","rel":"","context":"En \u00abCHASCOM\u00daS\u00bb","block_context":{"text":"CHASCOM\u00daS","link":"https:\/\/larevistadigital.com.ar\/blog\/category\/chascomus\/"},"img":{"alt_text":"","src":"https:\/\/i0.wp.com\/larevistadigital.com.ar\/blog\/wp-content\/uploads\/2017\/11\/castillo_27denoviembrede2017_elfuerte.jpg?fit=737%2C415&ssl=1&resize=350%2C200","width":350,"height":200,"srcset":"https:\/\/i0.wp.com\/larevistadigital.com.ar\/blog\/wp-content\/uploads\/2017\/11\/castillo_27denoviembrede2017_elfuerte.jpg?fit=737%2C415&ssl=1&resize=350%2C200 1x, https:\/\/i0.wp.com\/larevistadigital.com.ar\/blog\/wp-content\/uploads\/2017\/11\/castillo_27denoviembrede2017_elfuerte.jpg?fit=737%2C415&ssl=1&resize=525%2C300 1.5x, https:\/\/i0.wp.com\/larevistadigital.com.ar\/blog\/wp-content\/uploads\/2017\/11\/castillo_27denoviembrede2017_elfuerte.jpg?fit=737%2C415&ssl=1&resize=700%2C400 2x"},"classes":[]}],"_links":{"self":[{"href":"https:\/\/larevistadigital.com.ar\/blog\/wp-json\/wp\/v2\/posts\/29301","targetHints":{"allow":["GET"]}}],"collection":[{"href":"https:\/\/larevistadigital.com.ar\/blog\/wp-json\/wp\/v2\/posts"}],"about":[{"href":"https:\/\/larevistadigital.com.ar\/blog\/wp-json\/wp\/v2\/types\/post"}],"author":[{"embeddable":true,"href":"https:\/\/larevistadigital.com.ar\/blog\/wp-json\/wp\/v2\/users\/3"}],"replies":[{"embeddable":true,"href":"https:\/\/larevistadigital.com.ar\/blog\/wp-json\/wp\/v2\/comments?post=29301"}],"version-history":[{"count":1,"href":"https:\/\/larevistadigital.com.ar\/blog\/wp-json\/wp\/v2\/posts\/29301\/revisions"}],"predecessor-version":[{"id":29303,"href":"https:\/\/larevistadigital.com.ar\/blog\/wp-json\/wp\/v2\/posts\/29301\/revisions\/29303"}],"wp:featuredmedia":[{"embeddable":true,"href":"https:\/\/larevistadigital.com.ar\/blog\/wp-json\/wp\/v2\/media\/29302"}],"wp:attachment":[{"href":"https:\/\/larevistadigital.com.ar\/blog\/wp-json\/wp\/v2\/media?parent=29301"}],"wp:term":[{"taxonomy":"category","embeddable":true,"href":"https:\/\/larevistadigital.com.ar\/blog\/wp-json\/wp\/v2\/categories?post=29301"},{"taxonomy":"post_tag","embeddable":true,"href":"https:\/\/larevistadigital.com.ar\/blog\/wp-json\/wp\/v2\/tags?post=29301"}],"curies":[{"name":"wp","href":"https:\/\/api.w.org\/{rel}","templated":true}]}}