{"id":29308,"date":"2022-12-08T15:00:57","date_gmt":"2022-12-08T15:00:57","guid":{"rendered":"https:\/\/larevistadigital.com.ar\/blog\/?p=29308"},"modified":"2022-12-08T15:23:52","modified_gmt":"2022-12-08T15:23:52","slug":"esto-paso-un-dia-como-hoy-8-de-diciembre","status":"publish","type":"post","link":"https:\/\/larevistadigital.com.ar\/blog\/esto-paso-un-dia-como-hoy-8-de-diciembre\/","title":{"rendered":"ESTO PAS\u00d3 UN D\u00cdA COMO HOY, 8 DE DICIEMBRE&#8230;"},"content":{"rendered":"<h2>Desde\u00a0<b>sucesos legendarios, duras tragedias e importantes avances cient\u00edficos<\/b>, hasta nacimientos y muertes de personajes relevantes como l\u00edderes sociales, cient\u00edficos y artistas, es lo que nos traen las efem\u00e9rides de este jueves.<\/h2>\n<p>08 de diciembre de 2022<\/p>\n<p><b>1491<\/b>: Entran en Granada (Espa\u00f1a) siete caballeros cristianos \u2015entre ellos Hern\u00e1n P\u00e9rez del Pulgar\u2015 para conferenciar secretamente con Boabdil acerca de las condiciones de entrega de la ciudad.<\/p>\n<p><b>1541<\/b>: Fundaci\u00f3n de Zapopan<\/p>\n<p><b>1548<\/b>: En el actual Ecuador Alonso de Mercadillo funda la ciudad de Loja<\/p>\n<p><b>1585<\/b>: En los Pa\u00edses Bajos espa\u00f1oles se produce el Milagro de Empel, por el cual la Inmaculada Concepci\u00f3n es proclamada patrona de los Tercios espa\u00f1oles.<\/p>\n<p><b>1596<\/b>: En la Ciudad de M\u00e9xico, la Inquisici\u00f3n espa\u00f1ola ejecuta en la hoguera al poeta jud\u00edo espa\u00f1ol Luis de Carvajal (el Mozo).<\/p>\n<p><b>1659<\/b>: En la aldea mexicana de Paso del Norte (hoy Ciudad Ju\u00e1rez), el fraile franciscano Garc\u00eda de San Francisco funda la Misi\u00f3n de Nuestra Se\u00f1ora de Guadalupe de Mansos del Paso del R\u00edo del Norte.<\/p>\n<p><b>1703<\/b>: Entre el 5 y el 9 de diciembre (\u00ab24 a 28 de noviembre\u00bb seg\u00fan el calendario juliano vigente en esas fechas en Europa) en las Islas brit\u00e1nicas se produce la Gran Tormenta de 1703 \u2015la m\u00e1s violenta registrada en la Historia de la regi\u00f3n\u2015. Comenz\u00f3 el 5 de diciembre, abarcando un \u00e1rea de 500\u00a0km de anchura, desde Gales, el centro y el sur de Inglaterra, el mar del Norte, los Pa\u00edses Bajos y el norte de Alemania. Se informaron tornados. El periodista y escritor brit\u00e1nico Daniel Defoe (autor de Robinson Crusoe) escribi\u00f3 que fue \u00abla m\u00e1s terrible tormenta que haya visto el mundo\u00bb. Se hundieron muchos barcos de las flotas de guerra neerlandesas y brit\u00e1nicas, con centenares de ahogados. En muchos lugares se produjeron marejadas cicl\u00f3nicas. Las inundaciones generadas ahogaron a un n\u00famero indeterminado de personas (entre 8000 y 15\u00a0000).<\/p>\n<p><b>1744<\/b>: En Chile, el gobernador Jos\u00e9 Antonio Manso de Velasco funda la ciudad de Copiap\u00f3.<\/p>\n<p><b>1811<\/b>: En Wrightwood (California), a las 9:45 un terremoto de magnitud 7,0 en la escala sismol\u00f3gica de Richter destruye la iglesia de la misi\u00f3n San Juan Capistrano y deja un saldo de 40\u00a0muertos.<\/p>\n<p><b>1829<\/b>: En Argentina comienza el primer gobierno de Juan Manuel de Rosas.<\/p>\n<p><b>1839<\/b>: En Badajoz, el alcalde Jos\u00e9 Mar\u00eda L\u00f3pez y Rastrollo inaugura el Cementerio de San Juan de Badajoz.<\/p>\n<p><b>1851<\/b>: En Italia, dos tornados recorren la costa occidental de Sicilia. Mueren m\u00e1s de 500\u00a0personas.<\/p>\n<p><b>1851<\/b>: En la actual provincia de Linares (Chile) tiene lugar la batalla de Loncomilla, en el marco de la Revoluci\u00f3n de 1851.<\/p>\n<p><b>1854<\/b>: En Roma, el papa P\u00edo IX proclama el dogma de la Inmaculada Concepci\u00f3n, que sostiene que Mar\u00eda, madre de Jes\u00fas de Nazaret, naci\u00f3 libre de pecado original.<\/p>\n<p><b>1863<\/b>: En Santiago de Chile, se incendia la iglesia de la Compa\u00f1\u00eda de Jes\u00fas.<\/p>\n<p><b>1881<\/b>: En Roma se funda la Sociedad del Divino Salvador.<\/p>\n<p><b>1914<\/b>: En Islas Malvinas, Gran Breta\u00f1a vence al Imperio alem\u00e1n en la batalla de las Malvinas.<\/p>\n<p><b>1933<\/b>: Se estrena la pel\u00edcula El camino de Sagebrush, protagonizada por John Wayne.<\/p>\n<p><b>1939<\/b>: En Per\u00fa, Manuel Prado Ugarteche asume la presidencia.<\/p>\n<p><b>1940<\/b>: En Santiago, La U gana por primera vez el torneo de Primera Divisi\u00f3n de Chile.<\/p>\n<p><b>1941<\/b>: El Congreso de los Estados Unidos aprueba una declaraci\u00f3n de guerra contra Jap\u00f3n, que implica oficialmente a Estados Unidos en la Segunda Guerra Mundial. Alemania declara a su vez la guerra a los Estados Unidos.<\/p>\n<p><b>1941<\/b>: Comienza la campa\u00f1a japonesa de Filipinas.<\/p>\n<p><b>1949<\/b>: La China nacionalista traslada su capital a Taip\u00e9i (Taiw\u00e1n).<\/p>\n<p><b>1954<\/b>: En M\u00e9xico se establece por decreto gubernamental la fundaci\u00f3n de la Universidad de Chihuahua que actualmente es la Universidad Aut\u00f3noma de Chihuahua.<\/p>\n<p><b>1965<\/b>: En la Ciudad del Vaticano se clausura del concilio Vaticano II bajo el papado de Pablo VI.<\/p>\n<p><b>1968<\/b>: En un pozo a 111\u00a0metros bajo tierra, en el \u00e1rea U20u del Sitio de pruebas at\u00f3micas de Nevada (a unos 100\u00a0km al noroeste de la ciudad de Las Vegas), a las 8:00 (hora local) Estados Unidos detona su bomba at\u00f3mica Schooner, de 30\u00a0kt. Es la bomba\u00a0n.\u00ba\u00a0595 de las 1131 que Estados Unidos deton\u00f3 entre 1945 y 1992.<\/p>\n<p><b>1971<\/b>: En Lima (Per\u00fa), el abogado Luis Fernando F\u00edgari (24) funda la congregaci\u00f3n Sodalicio de Vida Cristiana para atraer j\u00f3venes a la grey cat\u00f3lica.<\/p>\n<p><b>1974<\/b>: En Grecia se realiza un refer\u00e9ndum institucional.<\/p>\n<p><b>1976<\/b>: En un pozo a 427\u00a0metros bajo tierra, en el \u00e1rea U7ab del Sitio de pruebas at\u00f3micas de Nevada (a unos 100\u00a0km al noroeste de la ciudad de Las Vegas), a las 6:49 (hora local) Estados Unidos detona su bomba at\u00f3mica\u00a0n.\u00ba\u00a0877: Redmud, de 20\u00a0kt.<\/p>\n<p><b>1978<\/b>: En Chile se realiza la primera versi\u00f3n de la Telet\u00f3n chilena.<\/p>\n<p><b>1980<\/b>: En Nueva York, Mark Chapman asesina a John Lennon, exintegrante de la banda brit\u00e1nica de rock The Beatles.<\/p>\n<p><b>1980<\/b>: En la Ciudad de M\u00e9xico, se inauguran las actuales instalaciones de la Escuela Nacional Preparatoria 3 \u00abJusto Sierra\u00bb de la UNAM.<\/p>\n<p><b>1982<\/b>: En la aldea Las Dos Erres, en el departamento guatemalteco de La Libertad (Pet\u00e9n), el Gobierno del general Efra\u00edn R\u00edos Montt lleva a cabo el tercer y \u00faltimo d\u00eda de la Masacre de Las Dos Erres, en que torturar\u00e1n y asesinar\u00e1n a toda la poblaci\u00f3n de la aldea (m\u00e1s de 400\u00a0personas).<\/p>\n<p><b>1987<\/b>: En la ciudad de Lima (Per\u00fa), a las 20:14 cae un avi\u00f3n teniendo entre sus pasajeros al equipo de f\u00fatbol profesional Club Alianza Lima.<\/p>\n<p><b>1991<\/b>: Los presidentes de Rusia, Ucrania y Bielorrusia firmaron el Tratado de Belavezha que declar\u00f3 la Uni\u00f3n Sovi\u00e9tica disuelta y se estableci\u00f3 la Comunidad de Estados Independientes (CEI) en su lugar.<\/p>\n<p><b>1993<\/b>: El Presidente de los Estados Unidos Bill Clinton aprueba el decreto NAFTA (North American Free Trade Agreement) o Tratado de Libre Comercio de Am\u00e9rica del Norte).<\/p>\n<p><b>1995<\/b>: En Par\u00eds (Francia), Jean-Dominique Bauby (1952-1997), editor de la revista Elle, experimenta un ataque cerebrovascular que lo dejar\u00e1 paralizado el resto de su vida; y lo llevar\u00e1 a escribir su autobiograf\u00eda.<\/p>\n<p><b>1999<\/b>: El Club Talleres de Argentina se consagr\u00f3 campe\u00f3n de la Copa Conmebol 1999, siendo este el 1.er\u00a0t\u00edtulo internacional, tanto para el club como para el f\u00fatbol cordob\u00e9s.<\/p>\n<p><b>2004<\/b>: En Cuzco (Per\u00fa) se constituye la Uni\u00f3n de Naciones Suramericanas mediante la Declaraci\u00f3n de Cuzco.<\/p>\n<p><b>2004<\/b>: En el local Alrosa Villa, en Columbus (Ohio), Dimebag Darrell \u2015guitarrista de Pantera y Damageplan\u2015 es asesinado al comienzo de un recital de Damageplan por un fan\u00e1tico.<\/p>\n<p><b>2010<\/b>: En Chile, se provoca un incendio en el centro de reclusi\u00f3n San Miguel, donde fallecen 81\u00a0reos calcinados y asfixiados.<\/p>\n<p><b>2010<\/b>: En Avellaneda (Gran Buenos Aires), el Club Atl\u00e9tico Independiente obtiene la Copa Sudamericana al vencer por tiros desde el punto de penal al Goi\u00e1s Esporte Clube (de Brasil).<\/p>\n<p><b>2011<\/b>: En Blacksburg (Estados Unidos), un hombre inicia un tiroteo y mata a dos polic\u00edas.<\/p>\n<p><b>2012<\/b>: En Caracas (Venezuela), el presidente Hugo Ch\u00e1vez realiza su \u00faltima aparici\u00f3n en p\u00fablico y designa a Nicol\u00e1s Maduro como su sucesor. (fallecer\u00e1 el 5\u00a0de\u00a0marzo de 2013).<\/p>\n<p><b>2013<\/b>: En Venezuela se realiza la elecci\u00f3n que definir\u00e1 los alcaldes y concejales de las diferentes alcald\u00edas en el pa\u00eds.<\/p>\n<p><b>2014<\/b>: En Guadalajara, Jalisco, M\u00e9xico fallece Samuel Joaqu\u00edn Flores en su domicilio ubicado en la colonia Hermosa Provincia, sede mundial de La Luz del Mundo.<\/p>\n<p><b>2015<\/b>: Jubileo de la Misericordia abre sus puertas.<\/p>\n<p><b>2019<\/b>: En Atlanta, Estados Unidos se llev\u00f3 a cabo la 68\u00b0 edici\u00f3n del certamen Miss Universo donde result\u00f3 ganadora Zozibini Tunzi de Sud\u00e1frica.<\/p>\n<p><b>2019<\/b>: Inicio de la epidemia de neumon\u00eda por coronavirus en China.<\/p>\n<p><b>2020<\/b>: En Reino Unido se vacun\u00f3 por COVID-19 a la primera mujer en el mundo, una se\u00f1ora de 90 a\u00f1os, se us\u00f3 la vacuna de Pfizer.<\/p>\n<p><b>2021<\/b>: En M\u00e9xico, es nombrado Jorge Carlos Patr\u00f3n Wong, arzobispo de Xalapa.<\/p>\n<h2><span style=\"color: #ff0000\">Cumplea\u00f1os<\/span><\/h2>\n<p><b>65<\/b>: Horacio, poeta romano (f. 8\u00a0a.\u00a0C.).<\/p>\n<p><b>1443<\/b>: Rodrigo Ponce de Le\u00f3n, militar espa\u00f1ol (f. 1492).<\/p>\n<p><b>1542<\/b>: Mar\u00eda Estuardo, reina escocesa entre 1542 y 1567 (f. 1587).<\/p>\n<p><b>1626<\/b>: Cristina de Suecia, reina sueca (f. 1689).<\/p>\n<p><b>1699<\/b>: Mar\u00eda Josefa de Austria, arist\u00f3crata austriaca (f. 1757).<\/p>\n<p><b>1708<\/b>: Francisco I, emperador germ\u00e1nico (f. 1765).<\/p>\n<p><b>1723<\/b>: Paul Henri Thiry d&#8217;Holbach, fil\u00f3sofo franc\u00e9s de origen alem\u00e1n (f. 1789).<\/p>\n<p><b>1765<\/b>: Eli Whitney, inventor estadounidense (f. 1825).<\/p>\n<p><b>1784<\/b>: Luis Beltr\u00e1n, fraile y militar argentino (f. 1827).<\/p>\n<p><b>1808<\/b>: Mariano P\u00e9rez Cuenca, eclesi\u00e1stico y escritor espa\u00f1ol (f. 1883).<\/p>\n<p><b>1815<\/b>: Adolph von Menzel, pintor alem\u00e1n (f. 1905).<\/p>\n<p><b>1832<\/b>: Bj\u00f8rnstjerne Bj\u00f8rnson, pol\u00edtico y escritor noruego, premio nobel de literatura en 1903 (f. 1910).<\/p>\n<p><b>1839<\/b>: Ram\u00f3n Garc\u00eda Chav\u00e1rri, pol\u00edtico mexicano (f. 1909).<\/p>\n<p><b>1842<\/b>: Charles Grad, pol\u00edtico, viajero y escritor franc\u00e9s (f. 1890).<\/p>\n<p><b>1861<\/b>: William Crapo Durant, empresario estadounidense (f. 1947).<\/p>\n<p><b>1861<\/b>: Aristide Maillol, escultor franc\u00e9s (f. 1944).<\/p>\n<p><b>1861<\/b>: Georges M\u00e9li\u00e8s, cineasta franc\u00e9s (f. 1938).<\/p>\n<p><b>1864<\/b>: Camille Claudel, escultora francesa (f. 1943).<\/p>\n<p><b>1865<\/b>: Jacques Hadamard, matem\u00e1tico franc\u00e9s (f. 1963).<\/p>\n<p><b>1865<\/b>: Jean Sibelius, compositor finland\u00e9s (f. 1957).<\/p>\n<p><b>1879<\/b>: Fernando de los R\u00edos, pol\u00edtico e ide\u00f3logo socialista espa\u00f1ol (f. 1949).<\/p>\n<p><b>1881<\/b>: Padraic Colum, poeta y dramaturgo irlando-estadounidense (f. 1972).<\/p>\n<p><b>1881<\/b>: Albert Gleizes, pintor cubista franc\u00e9s (f. 1953).<\/p>\n<p><b>1882<\/b>: Manuel M. Ponce, m\u00fasico y compositor mexicano (f. 1948).<\/p>\n<p><b>1886<\/b>: Diego Rivera, muralista mexicano (f. 1957).<\/p>\n<p><b>1890<\/b>: Bohuslav Martin\u016f, compositor checo (f. 1959).<\/p>\n<p><b>1894<\/b>: Elzie Crisler Segar, historietista estadounidense (f. 1938).<\/p>\n<p><b>1896<\/b>: Juan Francisco Azc\u00e1rate, ingeniero mexicano (f. 1987).<\/p>\n<p><b>1899<\/b>: Anselmo Alliegro y Mil\u00e1, pol\u00edtico y presidente cubano en 1959 (f. 1961).<\/p>\n<p><b>1902<\/b>: Wilfredo Lam, pintor surrealista cubano (f. 1982).<\/p>\n<p><b>1908<\/b>: Manuel Urrutia Lle\u00f3, pol\u00edtico cubano, presidente en 1959 (f. 1981).<\/p>\n<p><b>1911<\/b>: Lee J. Cobb, actor estadounidense (f. 1976).<\/p>\n<p><b>1916<\/b>: Richard Fleischer, cineasta estadounidense (f. 2006).<\/p>\n<p><b>1919<\/b>: Miguel Ram\u00f3n Izquierdo, pol\u00edtico espa\u00f1ol (f. 2007).<\/p>\n<p><b>1919<\/b>: Julia Robinson, matem\u00e1tica estadounidense (f. 1975).<\/p>\n<p><b>1922<\/b>: Lucian Freud, pintor brit\u00e1nico (f. 2011).<\/p>\n<p><b>1923<\/b>: Olga Gallego Dom\u00ednguez, historiadora, acad\u00e9mica y escritora gallega (f. 2010).<\/p>\n<p><b>1925<\/b>: Sammy Davis, Jr., actor y cantante estadounidense (f. 1990).<\/p>\n<p><b>1925<\/b>: Carmen Mart\u00edn Gaite, escritora espa\u00f1ola (f. 2000).<\/p>\n<p><b>1926<\/b>: Jos\u00e9 Mar\u00eda Laso, fil\u00f3sofo y militante comunista espa\u00f1ol (f. 2009).<\/p>\n<p><b>1927<\/b>: Niklas Luhmann, soci\u00f3logo alem\u00e1n (f. 1998).<\/p>\n<p><b>1927<\/b>: Vlad\u00edmir Shat\u00e1lov, cosmonauta sovi\u00e9tico (f. 2021).<\/p>\n<p><b>1928<\/b>: Jimmy Smith, organista de jazz estadounidense (f. 2005).<\/p>\n<p><b>1930<\/b>: Maximilian Schell, cineasta y actor austriaco (f. 2014).<\/p>\n<p><b>1930<\/b>: Jos\u00e9 Mar\u00eda Carrascal, periodista espa\u00f1ol.<\/p>\n<p><b>1932<\/b>: H\u00e9ctor Duvauchelle actor chileno (f. 1983).<\/p>\n<p><b>1932<\/b>: Francisco Tom\u00e1s y Valiente, magistrado espa\u00f1ol (f. 1996).<\/p>\n<p><b>1935<\/b>: Hans-J\u00fcrgen Syberberg, cineasta alem\u00e1n.<\/p>\n<p><b>1936<\/b>: David Carradine, actor estadounidense (f. 2009).<\/p>\n<p><b>1939<\/b>: James Galway, flautista brit\u00e1nico.<\/p>\n<p><b>1939<\/b>: Dariush Mehrjui, cineasta iran\u00ed<\/p>\n<p><b>1941<\/b>: Geoff Hurst, futbolista brit\u00e1nico.<\/p>\n<p><b>1943<\/b>: Jim Morrison, cantante estadounidense, de la banda The Doors (f. 1971).<\/p>\n<p><b>1943<\/b>: Ram\u00f3n Grosso, futbolista espa\u00f1ol (f. 2002).<\/p>\n<p><b>1943<\/b>: Jos\u00e9 Carbajal, m\u00fasico uruguayo (f. 2010).<\/p>\n<p><b>1944<\/b>: George Baker, cantautor y productor neerland\u00e9s.<\/p>\n<p><b>1945<\/b>: John Banville, novelista irland\u00e9s.<\/p>\n<p><b>1945<\/b>: Ram\u00f3n Ayala, cantautor mexicano.<\/p>\n<p><b>1947<\/b>: Thomas R. Cech, bioqu\u00edmico estadounidense, premio nobel de qu\u00edmica en 1989.<\/p>\n<p><b>1949<\/b>: Robert J. Sternberg, psic\u00f3logo estadounidense.<\/p>\n<p><b>1950<\/b>: Dan Hartman, m\u00fasico estadounidense (f. 1994).<\/p>\n<p><b>1951<\/b>: Bill Bryson, escritor brit\u00e1nico.<\/p>\n<p><b>1952<\/b>: Javier C\u00e1rdenas Mart\u00ednez, futbolista mexicano (f. 2022).<\/p>\n<p><b>1953<\/b>: Kim Basinger, actriz estadounidense.<\/p>\n<p><b>1953<\/b>: Manuel G\u00f3mez Pereira, cineasta espa\u00f1ol.<\/p>\n<p><b>1953<\/b>: Sento, historietista espa\u00f1ol.<\/p>\n<p><b>1956<\/b>: Pierre Pincemaille, m\u00fasico franc\u00e9s (f. 2018).<\/p>\n<p><b>1956<\/b>: Warren Cuccurullo, guitarrista \u00edtalo-estadounidense, de la banda Duran Duran.<\/p>\n<p><b>1956<\/b>: Fernando Cabrera, m\u00fasico uruguayo<\/p>\n<p><b>1957<\/b>: Phil Collen, guitarrista brit\u00e1nico, de la banda Def Leppard.<\/p>\n<p><b>1959<\/b>: Fernando Fher Olvera, cantante mexicano, de la banda Man\u00e1.<\/p>\n<p><b>1959<\/b>: Barbara Bucholz, m\u00fasica, ejecutante de terem\u00edn y compositora alemana (f. 2012).<\/p>\n<p><b>1961<\/b>: Ann Coulter, periodista estadounidense.<\/p>\n<p><b>1962<\/b>: Marty Friedman, m\u00fasico estadounidense, de las bandas Megadeth y Cacophony.<\/p>\n<p><b>1964<\/b>: Teri Hatcher, actriz estadounidense.<\/p>\n<p><b>1964<\/b>: \u00d3scar Ram\u00edrez, jugador y entrenador de f\u00fatbol costarricense.<\/p>\n<p><b>1965<\/b>: David Harewood, actor brit\u00e1nico.<\/p>\n<p><b>1966<\/b>: Sin\u00e9ad O&#8217;Connor, cantautora irlandesa.<\/p>\n<p><b>1966<\/b>: Matthew Labyorteaux, actor estadounidense.<\/p>\n<p><b>1967<\/b>: Maher al-Assad, militar sirio.<\/p>\n<p><b>1967<\/b>: Ralph Santolla, guitarrista estadounidense de heavy metal.<\/p>\n<p><b>1967<\/b>: Kotono Mitsuishi, seiy\u016b y narradora japonesa.<\/p>\n<p><b>1968<\/b>: Michael Cole, comentarista estadounidense.<\/p>\n<p><b>1970<\/b>: Juan Manuel de Prada, escritor espa\u00f1ol.<\/p>\n<p><b>1971<\/b>: Enrique Ponce, torero espa\u00f1ol.<\/p>\n<p><b>1972<\/b>: Marco Abreu, futbolista angole\u00f1o.<\/p>\n<p><b>1973<\/b>: Chiqui Ledesma (Mar\u00eda de los \u00c1ngeles Ledesma), cantante argentina.<\/p>\n<p><b>1973<\/b>: Paola D\u00edaz, actriz, bailarina y presentadora colombiana.<\/p>\n<p><b>1973<\/b>: Corey Taylor, vocalista estadounidense, de las bandas Slipknot y Stone Sour.<\/p>\n<p><b>1974<\/b>: Maya Mishalska, actriz, violinista y conductora mexicana.<\/p>\n<p><b>1974<\/b>: Nick Zinner, guitarrista estadounidense, de la banda Yeah Yeah Yeahs.<\/p>\n<p><b>1974<\/b>: Cristian Castro, cantante mexicano.<\/p>\n<p><b>1975<\/b>: Andrea Garc\u00eda, actriz, conductora y modelo mexicana.<\/p>\n<p><b>1976<\/b>: Horacio Bernardo, escritor uruguayo.<\/p>\n<p><b>1976<\/b>: Dominic Monaghan, actor brit\u00e1nico.<\/p>\n<p><b>1977<\/b>: Elsa Ben\u00edtez, modelo mexicana.<\/p>\n<p><b>1977<\/b>: S\u00e9bastien Chabal, jugador de rugby franc\u00e9s.<\/p>\n<p><b>1977<\/b>: Pablo Lescano, cantante y m\u00fasico argentino, de la banda Damas Gratis.<\/p>\n<p><b>1977<\/b>: Ryan Newman, piloto estadounidense.<\/p>\n<p><b>1978<\/b>: Ian Somerhalder, actor estadounidense.<\/p>\n<p><b>1978<\/b>: Diego Cadavid, actor colombiano de cine y televisi\u00f3n.<\/p>\n<p><b>1979<\/b>: Christian Wilhelmsson, futbolista sueco.<\/p>\n<p><b>1982<\/b>: Halil Alt\u0131ntop, futbolista turco.<\/p>\n<p><b>1982<\/b>: Hamit Alt\u0131ntop, futbolista turco.<\/p>\n<p><b>1982<\/b>: Nicki Minaj, rapera y compositora trinitense.<\/p>\n<p><b>1983<\/b>: Andrea Guerrero, es una periodista y presentadora de deportes colombiana. Directora de Deportes RCN.<\/p>\n<p><b>1983<\/b>: Neel Jani, piloto automovil\u00edstico suizo.<\/p>\n<p><b>1983<\/b>: Val\u00e9ry M\u00e9zague, futbolista camerun\u00e9s (f. 2014).<\/p>\n<p><b>1984<\/b>: Sam Hunt, cantante, compositor y exjugador de f\u00fatbol americano universitario estadounidense.<\/p>\n<p><b>1985<\/b>: Josh Donaldson, beisbolista estadounidense.<\/p>\n<p><b>1985<\/b>: Dwight Howard, baloncestista estadounidense.<\/p>\n<p><b>1986<\/b>: Kate Voegele, cantautora, guitarrista y actriz estadounidense.<\/p>\n<p><b>1988<\/b>: Pee Wee, cantante mexicano de origen estadounidense.<\/p>\n<p><b>1988<\/b>: Aaron Jakubenko, actor de origen australiano<\/p>\n<p><b>1989<\/b>: Artem Gomelko, futbolista bielorruso.<\/p>\n<p><b>1992<\/b>: Jordan Nobbs, futbolista inglesa.<\/p>\n<p><b>1992<\/b>: Katie Stevens, actriz y cantante estadounidense.<\/p>\n<p><b>1993<\/b>: AnnaSophia Robb, actriz estadounidense.<\/p>\n<p><b>1994<\/b>: Raheem Sterling, futbolista ingl\u00e9s.<\/p>\n<p><b>1998<\/b>: Owen Teague, actor estadounidense.<\/p>\n<p><b>2002<\/b>: Daria Panenkova, patinadora de hielo rusa.<\/p>\n<h2><span style=\"color: #ff0000\">Fallecimientos<\/span><\/h2>\n<p><b>899<\/b>: Arnulfo de Carintia, emperador carolingio (n. 850).<\/p>\n<p><b>1495<\/b>: Alfonso II, rey napolitano (n. 1448).<\/p>\n<p><b>1496<\/b>: Jos\u00e9 Lumbroso (Luis de Carvajal, el Mozo), poeta jud\u00edo hispano-mexicano (n. \u00bf?).<\/p>\n<p><b>1632<\/b>: Albert Girard, matem\u00e1tico franc\u00e9s (n. 1595).<\/p>\n<p><b>1632<\/b>: Philippe van Lansberge, matem\u00e1tico flamenco (n. 1561).<\/p>\n<p><b>1695<\/b>: Barth\u00e9lemy d\u2019Herbelot de Molainville, orientalista franc\u00e9s (n. 1625).<\/p>\n<p><b>1793<\/b>: Madame du Barry, cortesana francesa (n. 1743).<\/p>\n<p><b>1830<\/b>: Benjamin Constant de Rebecque, pol\u00edtico y escritor franc\u00e9s de origen suizo (n. 1767).<\/p>\n<p><b>1859<\/b>: Thomas de Quincey, escritor brit\u00e1nico (n. 1785).<\/p>\n<p><b>1864<\/b>: George Boole, matem\u00e1tico y l\u00f3gico brit\u00e1nico (n. 1815).<\/p>\n<p><b>1894<\/b>: Pafnuti Chebyshov, matem\u00e1tico ruso (n. 1821).<\/p>\n<p><b>1903<\/b>: Herbert Spencer, fil\u00f3sofo y soci\u00f3logo brit\u00e1nico (n. 1820).<\/p>\n<p><b>1907<\/b>: \u00d3scar II, rey sueco (n. 1829).<\/p>\n<p><b>1916<\/b>: Germ\u00e1n Riesco, Presidente de Chile 1901-1906 (n. 1854).<\/p>\n<p><b>1920<\/b>: Jes\u00fas Urueta, escritor, orador, pol\u00edtico, periodista y diplom\u00e1tico mexicano (n. 1867).<\/p>\n<p><b>1925<\/b>: Marguerite Marsh, actriz estadounidense (n. 1888).<\/p>\n<p><b>1929<\/b>: Jos\u00e9 Vicente Concha, jurisconsulto y diplom\u00e1tico colombiano (n. 1867).<\/p>\n<p><b>1937<\/b>: P\u00e1vel Florenski, religioso, fil\u00f3sofo y matem\u00e1tico ruso (n. 1882).<\/p>\n<p><b>1939<\/b>: Jean Grave, anarquista franc\u00e9s (n. 1854).<\/p>\n<p><b>1945<\/b>: Aleksandr Ziloti, pianista, director de orquesta y compositor ruso (n. 1863).<\/p>\n<p><b>1955<\/b>: Hermann Weyl, matem\u00e1tico alem\u00e1n (n. 1885).<\/p>\n<p><b>1958<\/b>: Tris Speaker, beisbolista estadounidense (n. 1888).<\/p>\n<p><b>1959<\/b>: Margarita Holgu\u00edn Caro, fue una pintora y pol\u00edtica colombiana. (n. 1875).<\/p>\n<p><b>1969<\/b>: Higinio Angl\u00e9s, sacerdote y music\u00f3logo espa\u00f1ol (n. 1888).<\/p>\n<p><b>1975<\/b>: Raimundo Mart\u00edn, obispo mexicano (n. 1882).<\/p>\n<p><b>1977<\/b>: Roberto Airaldi, actor argentino (n. 1902).<\/p>\n<p><b>1977<\/b>: Juan Gavala y Laborde, ingeniero espa\u00f1ol (n. 1885).<\/p>\n<p><b>1978<\/b>: Golda Meir, primera ministra israel\u00ed (n. 1898).<\/p>\n<p><b>1980<\/b>: John Lennon, cantante y compositor brit\u00e1nico, de la banda The Beatles (n. 1940).<\/p>\n<p><b>1982<\/b>: Sid\u00f3nio Muralha, escritor portugu\u00e9s (n. 1920).<\/p>\n<p><b>1983<\/b>: Slim Pickens, actor estadounidense (n. 1919).<\/p>\n<p><b>1984<\/b>: Luther Adler, actor estadounidense (n. 1903).<\/p>\n<p><b>1984<\/b>: Mary Ter\u00e1n de Weiss, tenista argentina (n. 1918).<\/p>\n<p><b>1987<\/b>: El equipo entero del club peruano de f\u00fatbol Club Alianza Lima (Tragedia a\u00e9rea del Club Alianza Lima), al caer el avi\u00f3n en el que regresaban a Lima.<\/p>\n<p><b>1990<\/b>: Bor\u00eds Kojn\u00f3, libretista ruso (n. 1904).<\/p>\n<p><b>1990<\/b>: Martin Ritt, cineasta estadounidense (n. 1914).<\/p>\n<p><b>1993<\/b>: \u00c1mbar La Fox, vedette argentina (n. 1935).<\/p>\n<p><b>1993<\/b>: Arturo Sergio Visca, escritor uruguayo (n. 1917).<\/p>\n<p><b>1994<\/b>: Antonio Carlos Jobim, compositor y pianista brasile\u00f1o (n. 1927).<\/p>\n<p><b>1994<\/b>: Enrique L\u00edster, militar y pol\u00edtico espa\u00f1ol (n. 1907).<\/p>\n<p><b>1997<\/b>: Carlos Rafael Rodr\u00edguez, pol\u00edtico y economista cubano (n. 1913).<\/p>\n<p><b>2003<\/b>: Rub\u00e9n Gonz\u00e1lez, pianista cubano (n. 1919).<\/p>\n<p><b>2003<\/b>: Antonio Quilis, fil\u00f3logo espa\u00f1ol (n. 1933).<\/p>\n<p><b>2004<\/b>: Dimebag Darrell, guitarrista estadounidense, de las bandas Pantera y Damageplan (n. 1966).<\/p>\n<p><b>2004<\/b>: Jos\u00e9 Libertella, m\u00fasico tanguero y bandoneonista argentino (n. 1933).<\/p>\n<p><b>2005<\/b>: Julio S\u00e1nchez Vargas, pol\u00edtico mexicano (n. 1914).<\/p>\n<p><b>2006<\/b>: Jos\u00e9 D\u00edaz Mac\u00edas, futbolista espa\u00f1ol (n. 1946).<\/p>\n<p><b>2008<\/b>: Flurin Caviezel, escritor suizo (n. 1934).<\/p>\n<p><b>2008<\/b>: Robert Prosky, actor estadounidense (n. 1930).<\/p>\n<p><b>2015<\/b>: Douglas Tompkins, ecologista estadounidense (n. 1943).<\/p>\n<p><b>2016<\/b>: John Glenn, astronauta y empresario estadounidense (n. 1921).<\/p>\n<p><b>2019<\/b>: Carroll Spinney, titiritero, dibujante, autor y orador estadounidense (n. 1933).<\/p>\n<p><b>2019<\/b>: Juice Wrld, rapero y compositor estadounidense (n. 1998).<\/p>\n<p><b>2020<\/b>: Alejandro Sabella, futbolista y entrenador argentino (n. 1954).<\/p>\n<p><b>2021<\/b>: Andrzej Zieli\u0144ski, velocista, atleta y medallista ol\u00edmpico polaco (n. 1936).<\/p>\n","protected":false},"excerpt":{"rendered":"<div class=\"mh-excerpt\"><p>Desde\u00a0sucesos legendarios, duras tragedias e importantes avances cient\u00edficos, hasta nacimientos y muertes de personajes relevantes como l\u00edderes sociales, cient\u00edficos y artistas, es lo que nos traen las efem\u00e9rides de este jueves. 08 de diciembre de <a class=\"mh-excerpt-more\" href=\"https:\/\/larevistadigital.com.ar\/blog\/esto-paso-un-dia-como-hoy-8-de-diciembre\/\" title=\"ESTO PAS\u00d3 UN D\u00cdA COMO HOY, 8 DE DICIEMBRE&#8230;\">[Leer M\u00e1s]<\/a><\/p>\n<\/div>","protected":false},"author":3,"featured_media":16747,"comment_status":"open","ping_status":"open","sticky":false,"template":"","format":"standard","meta":{"_jetpack_memberships_contains_paid_content":false,"footnotes":"","jetpack_publicize_message":"","jetpack_publicize_feature_enabled":true,"jetpack_social_post_already_shared":true,"jetpack_social_options":{"image_generator_settings":{"template":"highway","default_image_id":0,"font":"","enabled":false},"version":2}},"categories":[15],"tags":[],"class_list":{"0":"post-29308","1":"post","2":"type-post","3":"status-publish","4":"format-standard","5":"has-post-thumbnail","7":"category-cultura"},"jetpack_publicize_connections":[],"jetpack_featured_media_url":"https:\/\/i0.wp.com\/larevistadigital.com.ar\/blog\/wp-content\/uploads\/LOGO-EFEMERIDES.jpg?fit=1268%2C664&ssl=1","jetpack_sharing_enabled":true,"jetpack_shortlink":"https:\/\/wp.me\/p8qtrQ-7CI","jetpack-related-posts":[{"id":29488,"url":"https:\/\/larevistadigital.com.ar\/blog\/un-pequeno-tsunami-habria-sido-lo-que-provoco-destrozos-en-playas-de-mar-del-plata\/","url_meta":{"origin":29308,"position":0},"title":"UN \u00abPEQUE\u00d1O TSUNAMI\u00bb HABR\u00cdA SIDO LO QUE PROVOC\u00d3 DESTROZOS EN PLAYAS DE MAR DEL PLATA.","author":"Alejandro Sosa Ruda","date":"15 diciembre, 2022","format":false,"excerpt":"Las playas de la zona sur de la ciudad de Mar del Plata se vieron afectadas por olas con la altura suficiente para generar da\u00f1os en la infraestructura de algunos balnearios. Cient\u00edficos del Gabinete de Oceanograf\u00eda del Instituto Nacional de Investigaci\u00f3n y Desarrollo Pesquero (INIDEP) informan que el fen\u00f3meno pudo\u2026","rel":"","context":"En \u00abREGIONALES\u00bb","block_context":{"text":"REGIONALES","link":"https:\/\/larevistadigital.com.ar\/blog\/category\/regionales\/"},"img":{"alt_text":"","src":"https:\/\/i0.wp.com\/larevistadigital.com.ar\/blog\/wp-content\/uploads\/20221214191125_un-meteotsunami-el-fenomeno-que-habria-generado-destrozos-en-playas-de-mar-del-plata.png?fit=880%2C512&ssl=1&resize=350%2C200","width":350,"height":200,"srcset":"https:\/\/i0.wp.com\/larevistadigital.com.ar\/blog\/wp-content\/uploads\/20221214191125_un-meteotsunami-el-fenomeno-que-habria-generado-destrozos-en-playas-de-mar-del-plata.png?fit=880%2C512&ssl=1&resize=350%2C200 1x, https:\/\/i0.wp.com\/larevistadigital.com.ar\/blog\/wp-content\/uploads\/20221214191125_un-meteotsunami-el-fenomeno-que-habria-generado-destrozos-en-playas-de-mar-del-plata.png?fit=880%2C512&ssl=1&resize=525%2C300 1.5x, https:\/\/i0.wp.com\/larevistadigital.com.ar\/blog\/wp-content\/uploads\/20221214191125_un-meteotsunami-el-fenomeno-que-habria-generado-destrozos-en-playas-de-mar-del-plata.png?fit=880%2C512&ssl=1&resize=700%2C400 2x"},"classes":[]},{"id":29227,"url":"https:\/\/larevistadigital.com.ar\/blog\/qatar-2022-aca-te-mostramos-como-quedaron-definidos-los-cruces-de-los-octavos-de-final\/","url_meta":{"origin":29308,"position":1},"title":"QATAR 2022: AC\u00c1 TE MOSTRAMOS COMO QUEDARON DEFINIDOS LOS CRUCES DE LOS OCTAVOS DE FINAL","author":"Alejandro Sosa Ruda","date":"3 diciembre, 2022","format":false,"excerpt":"Tras una jornada hist\u00f3rica, Uruguay\u00a0se qued\u00f3 en las puertas de verse las caras con Brasil en la siguiente ronda. Argentina va este s\u00e1bado ante Australia. 02 de diciembre de 2022 Este viernes se completaron los cruces de los octavos de final del Mundial de Qatar 2022. En una jornada para\u2026","rel":"","context":"En \u00abDEPORTES\u00bb","block_context":{"text":"DEPORTES","link":"https:\/\/larevistadigital.com.ar\/blog\/category\/deportes\/"},"img":{"alt_text":"","src":"https:\/\/i0.wp.com\/larevistadigital.com.ar\/blog\/wp-content\/uploads\/1530987173581.jpg?fit=1200%2C594&ssl=1&resize=350%2C200","width":350,"height":200,"srcset":"https:\/\/i0.wp.com\/larevistadigital.com.ar\/blog\/wp-content\/uploads\/1530987173581.jpg?fit=1200%2C594&ssl=1&resize=350%2C200 1x, https:\/\/i0.wp.com\/larevistadigital.com.ar\/blog\/wp-content\/uploads\/1530987173581.jpg?fit=1200%2C594&ssl=1&resize=525%2C300 1.5x, https:\/\/i0.wp.com\/larevistadigital.com.ar\/blog\/wp-content\/uploads\/1530987173581.jpg?fit=1200%2C594&ssl=1&resize=700%2C400 2x, https:\/\/i0.wp.com\/larevistadigital.com.ar\/blog\/wp-content\/uploads\/1530987173581.jpg?fit=1200%2C594&ssl=1&resize=1050%2C600 3x"},"classes":[]},{"id":42944,"url":"https:\/\/larevistadigital.com.ar\/blog\/con-la-asuncion-de-cote-rossi-la-ciudad-de-chascomus-vuelve-a-tener-un-diputado\/","url_meta":{"origin":29308,"position":2},"title":"Con la asuncion de \u00abCote\u00bb Rossi, la ciudad de Chascomus vuelve a tener un diputado","author":"Alejandro Sosa Ruda","date":"17 diciembre, 2025","format":false,"excerpt":"El nativo de Chascom\u00fas, jur\u00f3 como diputado provincial, en reemplazo del diputado marplatense Gustavo Pulti. 17 de Diciembre de 2025 En horas de la tarde de este martes 16 de diciembre se llev\u00f3 a cabo una sesi\u00f3n extraordinaria de la C\u00e1mara de Diputados de la Provincia de Buenos Aires. Durante\u2026","rel":"","context":"En \u00abDESTACADAS\u00bb","block_context":{"text":"DESTACADAS","link":"https:\/\/larevistadigital.com.ar\/blog\/category\/destacadas\/"},"img":{"alt_text":"","src":"https:\/\/i0.wp.com\/larevistadigital.com.ar\/blog\/wp-content\/uploads\/WhatsApp-Image-2025-12-17-at-09.10.13.jpeg?fit=1200%2C800&ssl=1&resize=350%2C200","width":350,"height":200,"srcset":"https:\/\/i0.wp.com\/larevistadigital.com.ar\/blog\/wp-content\/uploads\/WhatsApp-Image-2025-12-17-at-09.10.13.jpeg?fit=1200%2C800&ssl=1&resize=350%2C200 1x, https:\/\/i0.wp.com\/larevistadigital.com.ar\/blog\/wp-content\/uploads\/WhatsApp-Image-2025-12-17-at-09.10.13.jpeg?fit=1200%2C800&ssl=1&resize=525%2C300 1.5x, https:\/\/i0.wp.com\/larevistadigital.com.ar\/blog\/wp-content\/uploads\/WhatsApp-Image-2025-12-17-at-09.10.13.jpeg?fit=1200%2C800&ssl=1&resize=700%2C400 2x, https:\/\/i0.wp.com\/larevistadigital.com.ar\/blog\/wp-content\/uploads\/WhatsApp-Image-2025-12-17-at-09.10.13.jpeg?fit=1200%2C800&ssl=1&resize=1050%2C600 3x"},"classes":[]},{"id":29267,"url":"https:\/\/larevistadigital.com.ar\/blog\/esto-paso-un-dia-como-hoy-6-de-diciembre\/","url_meta":{"origin":29308,"position":3},"title":"ESTO PAS\u00d3 UN D\u00cdA COMO HOY, 6 DE DICIEMBRE&#8230;","author":"Alejandro Sosa Ruda","date":"6 diciembre, 2022","format":false,"excerpt":"En otro 6 de diciembre, pero de 2002, hace veinte a\u00f1os, los pa\u00edses de Mercosur y la Comunidad Andina de Naciones firman en Brasilia un acuerdo para construir una zona de libre comercio suramericana. OTRAS EFEM\u00c9RIDES 1534.- Fundaci\u00f3n de la ciudad de San Francisco de Quito (Ecuador) por Sebasti\u00e1n de\u2026","rel":"","context":"En \u00abCULTURA\u00bb","block_context":{"text":"CULTURA","link":"https:\/\/larevistadigital.com.ar\/blog\/category\/cultura\/"},"img":{"alt_text":"","src":"https:\/\/i0.wp.com\/larevistadigital.com.ar\/blog\/wp-content\/uploads\/LOGO-EFEMERIDES.jpg?fit=1200%2C628&ssl=1&resize=350%2C200","width":350,"height":200,"srcset":"https:\/\/i0.wp.com\/larevistadigital.com.ar\/blog\/wp-content\/uploads\/LOGO-EFEMERIDES.jpg?fit=1200%2C628&ssl=1&resize=350%2C200 1x, https:\/\/i0.wp.com\/larevistadigital.com.ar\/blog\/wp-content\/uploads\/LOGO-EFEMERIDES.jpg?fit=1200%2C628&ssl=1&resize=525%2C300 1.5x, https:\/\/i0.wp.com\/larevistadigital.com.ar\/blog\/wp-content\/uploads\/LOGO-EFEMERIDES.jpg?fit=1200%2C628&ssl=1&resize=700%2C400 2x, https:\/\/i0.wp.com\/larevistadigital.com.ar\/blog\/wp-content\/uploads\/LOGO-EFEMERIDES.jpg?fit=1200%2C628&ssl=1&resize=1050%2C600 3x"},"classes":[]},{"id":29407,"url":"https:\/\/larevistadigital.com.ar\/blog\/felicitaciones-pergamino-recibio-el-premio-ciudad-inteligente\/","url_meta":{"origin":29308,"position":4},"title":"FELICITACIONES: PERGAMINO RECIBI\u00d3 EL PREMIO \u00abCIUDAD INTELIGENTE\u00bb","author":"Alejandro Sosa Ruda","date":"11 diciembre, 2022","format":false,"excerpt":"Fue entregado por Prince Consulting, Red de Ciudades Inteligentes de Argentina - RECIA y la Fundaci\u00f3n Sociedad de la Informaci\u00f3n para las Am\u00e9ricas. Se premian anualmente las iniciativas, pol\u00edticas y programas, as\u00ed como las aplicaciones y soluciones tecnol\u00f3gicas destacadas de diversas ciudades del pa\u00eds. 10 de diciembre de 2022 PERGAMINO\u2026","rel":"","context":"En \u00abSOCIEDAD\u00bb","block_context":{"text":"SOCIEDAD","link":"https:\/\/larevistadigital.com.ar\/blog\/category\/sociedad\/"},"img":{"alt_text":"","src":"https:\/\/i0.wp.com\/larevistadigital.com.ar\/blog\/wp-content\/uploads\/20221209152403_perga.jpg?fit=880%2C512&ssl=1&resize=350%2C200","width":350,"height":200,"srcset":"https:\/\/i0.wp.com\/larevistadigital.com.ar\/blog\/wp-content\/uploads\/20221209152403_perga.jpg?fit=880%2C512&ssl=1&resize=350%2C200 1x, https:\/\/i0.wp.com\/larevistadigital.com.ar\/blog\/wp-content\/uploads\/20221209152403_perga.jpg?fit=880%2C512&ssl=1&resize=525%2C300 1.5x, https:\/\/i0.wp.com\/larevistadigital.com.ar\/blog\/wp-content\/uploads\/20221209152403_perga.jpg?fit=880%2C512&ssl=1&resize=700%2C400 2x"},"classes":[]},{"id":344,"url":"https:\/\/larevistadigital.com.ar\/blog\/fueron-clausuradas-gobierno-la-ciudad-40-obras-mes-enero\/","url_meta":{"origin":29308,"position":5},"title":"Fueron clausuradas  por el gobierno de la ciudad 40 obras durante el mes de enero","author":"editor","date":"20 febrero, 2017","format":false,"excerpt":"Durante el mes de enero, el gobierno de la ciudad aut\u00f3noma de Buenos Aires, clausur\u00f3 40 obras de construcci\u00f3n. Aqu\u00ed los motivos de las sanciones. En el marco de un cronograma de inspecciones regular, llevado adelante por la Sub secretar\u00eda de Trabajo y comercio que conduce Ezequiel Jarvis, en el\u2026","rel":"","context":"En \u00abPOLITICA\u00bb","block_context":{"text":"POLITICA","link":"https:\/\/larevistadigital.com.ar\/blog\/category\/politica\/"},"img":{"alt_text":"","src":"https:\/\/i0.wp.com\/larevistadigital.com.ar\/blog\/wp-content\/uploads\/2017\/02\/ob1200217.jpg?fit=959%2C563&ssl=1&resize=350%2C200","width":350,"height":200,"srcset":"https:\/\/i0.wp.com\/larevistadigital.com.ar\/blog\/wp-content\/uploads\/2017\/02\/ob1200217.jpg?fit=959%2C563&ssl=1&resize=350%2C200 1x, https:\/\/i0.wp.com\/larevistadigital.com.ar\/blog\/wp-content\/uploads\/2017\/02\/ob1200217.jpg?fit=959%2C563&ssl=1&resize=525%2C300 1.5x, https:\/\/i0.wp.com\/larevistadigital.com.ar\/blog\/wp-content\/uploads\/2017\/02\/ob1200217.jpg?fit=959%2C563&ssl=1&resize=700%2C400 2x"},"classes":[]}],"_links":{"self":[{"href":"https:\/\/larevistadigital.com.ar\/blog\/wp-json\/wp\/v2\/posts\/29308","targetHints":{"allow":["GET"]}}],"collection":[{"href":"https:\/\/larevistadigital.com.ar\/blog\/wp-json\/wp\/v2\/posts"}],"about":[{"href":"https:\/\/larevistadigital.com.ar\/blog\/wp-json\/wp\/v2\/types\/post"}],"author":[{"embeddable":true,"href":"https:\/\/larevistadigital.com.ar\/blog\/wp-json\/wp\/v2\/users\/3"}],"replies":[{"embeddable":true,"href":"https:\/\/larevistadigital.com.ar\/blog\/wp-json\/wp\/v2\/comments?post=29308"}],"version-history":[{"count":2,"href":"https:\/\/larevistadigital.com.ar\/blog\/wp-json\/wp\/v2\/posts\/29308\/revisions"}],"predecessor-version":[{"id":29310,"href":"https:\/\/larevistadigital.com.ar\/blog\/wp-json\/wp\/v2\/posts\/29308\/revisions\/29310"}],"wp:featuredmedia":[{"embeddable":true,"href":"https:\/\/larevistadigital.com.ar\/blog\/wp-json\/wp\/v2\/media\/16747"}],"wp:attachment":[{"href":"https:\/\/larevistadigital.com.ar\/blog\/wp-json\/wp\/v2\/media?parent=29308"}],"wp:term":[{"taxonomy":"category","embeddable":true,"href":"https:\/\/larevistadigital.com.ar\/blog\/wp-json\/wp\/v2\/categories?post=29308"},{"taxonomy":"post_tag","embeddable":true,"href":"https:\/\/larevistadigital.com.ar\/blog\/wp-json\/wp\/v2\/tags?post=29308"}],"curies":[{"name":"wp","href":"https:\/\/api.w.org\/{rel}","templated":true}]}}