{"id":29311,"date":"2022-12-08T16:34:47","date_gmt":"2022-12-08T16:34:47","guid":{"rendered":"https:\/\/larevistadigital.com.ar\/blog\/?p=29311"},"modified":"2022-12-08T16:34:47","modified_gmt":"2022-12-08T16:34:47","slug":"por-el-alto-consumo-en-verano-se-instalaran-generadores-de-energia-en-14-municipios-bonaerenses","status":"publish","type":"post","link":"https:\/\/larevistadigital.com.ar\/blog\/por-el-alto-consumo-en-verano-se-instalaran-generadores-de-energia-en-14-municipios-bonaerenses\/","title":{"rendered":"POR EL ALTO CONSUMO EN VERANO, SE INSTALARAN GENERADORES DE ENERG\u00cdA EN 14 MUNICIPIOS BONAERENSES"},"content":{"rendered":"<h2 class=\"fparrafo ctext fz18 lh25\">La Subsecretar\u00eda de Energ\u00eda los colocar\u00e1 en puntos cr\u00edticos del territorio bonaerense y el beneficio tambi\u00e9n alcanza a usuarios de cooperativas.<\/h2>\n<p>8 de diciembre de 2022<\/p>\n<p class=\"selectionShareable\">La Subsecretar\u00eda de Energ\u00eda de la Provincia de Buenos Aires comenzar\u00e1 a implementar el \u201cPrograma de Generaci\u00f3n El\u00e9ctrica Distribuida Temporal\u201d o \u201cPlan Verano\u201d, para reforzar la generaci\u00f3n el\u00e9ctrica distribuida en puntos cr\u00edticos del territorio bonaerense.<\/p>\n<blockquote>\n<h3 class=\"selectionShareable\">Con el objetivo de mejorar la calidad del servicio en la temporada de mayor demanda, la Direcci\u00f3n Provincial de Energ\u00eda (DPE) solicit\u00f3 a la concesionaria del servicio de Transporte de Energ\u00eda El\u00e9ctrica por distribuci\u00f3n troncal en la Provincia de Buenos Aires (Transba), los estudios de cargabilidad de las redes de Alta Tensi\u00f3n para analizar y prever el mapa de nodos cr\u00edticos.<\/h3>\n<\/blockquote>\n<p class=\"selectionShareable\">La ubicaci\u00f3n de las Unidades Generadoras beneficiar\u00e1 a 14 municipios bonaerenses: 25 de Mayo, Bragado, Capit\u00e1n Sarmiento, Carlos Casares, Carmen de Areco, Chacabuco, Chivilcoy, General Viamonte, Mercedes, Navarro, Nueve de Julio, Pehuaj\u00f3, Pergamino y San Antonio de Areco.<\/p>\n<blockquote>\n<h3 class=\"selectionShareable\">En relaci\u00f3n a las cooperativas de distribuci\u00f3n municipal, el beneficio alcanza a la Coop. El\u00e9ctrica Obras y Servicios P\u00fablicos de San Antonio de Areco, Coop. El\u00e9ctrica y de Cr\u00e9dito Carmen de Areco, Coop. El\u00e9ctrica Mariano Moreno, Coop. Rural El\u00e9ctrica Bragado, Coop. El\u00e9ctrica Pehuaj\u00f3, Coop. El\u00e9ctrica Carlos Casares Ltda, Coop. Rural El\u00e9ctrica Bragado, Coop. El\u00e9ctrica Viamonte, Coop de Obras y Servicios P\u00fablicos de Baigorrita, Coop El\u00e9ctrica Zavalia, Coop. El\u00e9ctrica Moquehu\u00e1, Coop. El\u00e9ctrica Limitada de Norberto de la Riestra, Coop. El\u00e9ctrica Julio Levin Coop. El\u00e9ctrica de Chacabuco y Coop. El\u00e9ctrica Pergamino.<\/h3>\n<\/blockquote>\n<p class=\"selectionShareable\">Para concretar una implementaci\u00f3n eficaz, los estudios realizados por la transportista y los escenarios previstos por las Distribuidoras el\u00e9ctricas provinciales y municipales fueron tomados en cuenta para confirmar los puntos de instalaci\u00f3n de los generadores. (<b>InfoGEI<\/b>) Mg<\/p>\n","protected":false},"excerpt":{"rendered":"<div class=\"mh-excerpt\"><p>La Subsecretar\u00eda de Energ\u00eda los colocar\u00e1 en puntos cr\u00edticos del territorio bonaerense y el beneficio tambi\u00e9n alcanza a usuarios de cooperativas. 8 de diciembre de 2022 La Subsecretar\u00eda de Energ\u00eda de la Provincia de Buenos <a class=\"mh-excerpt-more\" href=\"https:\/\/larevistadigital.com.ar\/blog\/por-el-alto-consumo-en-verano-se-instalaran-generadores-de-energia-en-14-municipios-bonaerenses\/\" title=\"POR EL ALTO CONSUMO EN VERANO, SE INSTALARAN GENERADORES DE ENERG\u00cdA EN 14 MUNICIPIOS BONAERENSES\">[Leer M\u00e1s]<\/a><\/p>\n<\/div>","protected":false},"author":3,"featured_media":29312,"comment_status":"open","ping_status":"open","sticky":false,"template":"","format":"standard","meta":{"_jetpack_memberships_contains_paid_content":false,"footnotes":"","jetpack_publicize_message":"","jetpack_publicize_feature_enabled":true,"jetpack_social_post_already_shared":true,"jetpack_social_options":{"image_generator_settings":{"template":"highway","default_image_id":0,"font":"","enabled":false},"version":2}},"categories":[24,51],"tags":[],"class_list":{"0":"post-29311","1":"post","2":"type-post","3":"status-publish","4":"format-standard","5":"has-post-thumbnail","7":"category-politica-provincial","8":"category-regionales"},"jetpack_publicize_connections":[],"jetpack_featured_media_url":"https:\/\/i0.wp.com\/larevistadigital.com.ar\/blog\/wp-content\/uploads\/20221206183207_tension-electrica-apertura.jpg?fit=880%2C512&ssl=1","jetpack_sharing_enabled":true,"jetpack_shortlink":"https:\/\/wp.me\/p8qtrQ-7CL","jetpack-related-posts":[{"id":42501,"url":"https:\/\/larevistadigital.com.ar\/blog\/la-provincia-construira-cinco-nuevos-parques-solares\/","url_meta":{"origin":29311,"position":0},"title":"La Provincia construir\u00e1 cinco nuevos parques solares","author":"Alejandro Sosa Ruda","date":"17 noviembre, 2025","format":false,"excerpt":"Los establecimientos, que se desarrollar\u00e1n en los municipios de Alberti, Azul, Coronel Rosales, Punta Indio y San Cayetano, permitir\u00e1n fortalecer las redes de distribuci\u00f3n de energ\u00eda el\u00e9ctrica bonaerense. El Gobierno de la Provincia de Buenos Aires, a trav\u00e9s del Ministerio de Infraestructura y Servicios P\u00fablicos y de la Subsecretar\u00eda de\u2026","rel":"","context":"En \u00abPOLITICA PROVINCIAL\u00bb","block_context":{"text":"POLITICA PROVINCIAL","link":"https:\/\/larevistadigital.com.ar\/blog\/category\/politica\/politica-provincial\/"},"img":{"alt_text":"","src":"https:\/\/i0.wp.com\/larevistadigital.com.ar\/blog\/wp-content\/uploads\/WhatsApp-Image-2025-11-12-at-16.59.36-1-min.jpeg?fit=700%2C394&ssl=1&resize=350%2C200","width":350,"height":200,"srcset":"https:\/\/i0.wp.com\/larevistadigital.com.ar\/blog\/wp-content\/uploads\/WhatsApp-Image-2025-11-12-at-16.59.36-1-min.jpeg?fit=700%2C394&ssl=1&resize=350%2C200 1x, https:\/\/i0.wp.com\/larevistadigital.com.ar\/blog\/wp-content\/uploads\/WhatsApp-Image-2025-11-12-at-16.59.36-1-min.jpeg?fit=700%2C394&ssl=1&resize=525%2C300 1.5x, https:\/\/i0.wp.com\/larevistadigital.com.ar\/blog\/wp-content\/uploads\/WhatsApp-Image-2025-11-12-at-16.59.36-1-min.jpeg?fit=700%2C394&ssl=1&resize=700%2C400 2x"},"classes":[]},{"id":43355,"url":"https:\/\/larevistadigital.com.ar\/blog\/nuevo-regimen-para-generar-energia-renovable-en-forma-comunitaria\/","url_meta":{"origin":29311,"position":1},"title":"Nuevo r\u00e9gimen para generar energ\u00eda renovable en forma comunitaria","author":"Alejandro Sosa Ruda","date":"14 enero, 2026","format":false,"excerpt":"La Provincia de Buenos Aires formaliz\u00f3 un esquema colectivo con reglas t\u00e9cnicas y fiscales para compartir inversiones y compensar excedentes el\u00e9ctricos. 14 de enero de 2026 El gobierno de la provincia de Buenos Aires reglament\u00f3 un nuevo r\u00e9gimen que habilita a vecinos, pymes, consorcios y asociaciones a generar energ\u00eda renovable\u2026","rel":"","context":"En \u00abPOLITICA PROVINCIAL\u00bb","block_context":{"text":"POLITICA PROVINCIAL","link":"https:\/\/larevistadigital.com.ar\/blog\/category\/politica\/politica-provincial\/"},"img":{"alt_text":"","src":"https:\/\/i0.wp.com\/larevistadigital.com.ar\/blog\/wp-content\/uploads\/Captura-de-pantalla-2026-01-14-192232.jpg?fit=793%2C437&ssl=1&resize=350%2C200","width":350,"height":200,"srcset":"https:\/\/i0.wp.com\/larevistadigital.com.ar\/blog\/wp-content\/uploads\/Captura-de-pantalla-2026-01-14-192232.jpg?fit=793%2C437&ssl=1&resize=350%2C200 1x, https:\/\/i0.wp.com\/larevistadigital.com.ar\/blog\/wp-content\/uploads\/Captura-de-pantalla-2026-01-14-192232.jpg?fit=793%2C437&ssl=1&resize=525%2C300 1.5x, https:\/\/i0.wp.com\/larevistadigital.com.ar\/blog\/wp-content\/uploads\/Captura-de-pantalla-2026-01-14-192232.jpg?fit=793%2C437&ssl=1&resize=700%2C400 2x"},"classes":[]},{"id":34119,"url":"https:\/\/larevistadigital.com.ar\/blog\/en-territorio-bonaerense-construiran-un-centro-de-energias-renovables\/","url_meta":{"origin":29311,"position":2},"title":"EN TERRITORIO BONAERENSE CONSTRUIR\u00c1N UN CENTRO DE ENERG\u00cdAS RENOVABLES","author":"Alejandro Sosa Ruda","date":"19 octubre, 2023","format":false,"excerpt":"Con una inversi\u00f3n superior a los 1400 millones de pesos, el gobierno bonaerense construir\u00e1 un parque fotovoltaico para la autogeneraci\u00f3n e inyecci\u00f3n de excedentes a la red de distribuci\u00f3n. 19 de octubre de 2023 BUENOS AIRES -\u00a0 Con la presencia de diferentes autoridades del gobierno bonaerense, se present\u00f3 en la\u2026","rel":"","context":"En \u00abREGIONALES\u00bb","block_context":{"text":"REGIONALES","link":"https:\/\/larevistadigital.com.ar\/blog\/category\/regionales\/"},"img":{"alt_text":"","src":"https:\/\/i0.wp.com\/larevistadigital.com.ar\/blog\/wp-content\/uploads\/20231019171904_whatsapp-image-2023-10-18-at-13-37-08.jpg?fit=880%2C512&ssl=1&resize=350%2C200","width":350,"height":200,"srcset":"https:\/\/i0.wp.com\/larevistadigital.com.ar\/blog\/wp-content\/uploads\/20231019171904_whatsapp-image-2023-10-18-at-13-37-08.jpg?fit=880%2C512&ssl=1&resize=350%2C200 1x, https:\/\/i0.wp.com\/larevistadigital.com.ar\/blog\/wp-content\/uploads\/20231019171904_whatsapp-image-2023-10-18-at-13-37-08.jpg?fit=880%2C512&ssl=1&resize=525%2C300 1.5x, https:\/\/i0.wp.com\/larevistadigital.com.ar\/blog\/wp-content\/uploads\/20231019171904_whatsapp-image-2023-10-18-at-13-37-08.jpg?fit=880%2C512&ssl=1&resize=700%2C400 2x"},"classes":[]},{"id":42342,"url":"https:\/\/larevistadigital.com.ar\/blog\/la-provincia-desarrolla-el-primer-dispositivo-de-energia-undimotriz-del-pais\/","url_meta":{"origin":29311,"position":3},"title":"La Provincia desarrolla el primer dispositivo de energ\u00eda undimotriz del pa\u00eds","author":"Alejandro Sosa Ruda","date":"1 noviembre, 2025","format":false,"excerpt":"Este innovador sistema, que permite generar electricidad mediante el movimiento de las olas, ser\u00e1 instalado en la Escollera Norte de Mar del Plata, partido de Gral. Pueyrredon. 01 de Noviembre de 2025 BUENOS AIRES -\u00a0La Provincia de Buenos Aires, a trav\u00e9s de la Subsecretar\u00eda de Energ\u00eda del Ministerio de Infraestructura\u2026","rel":"","context":"En \u00abREGIONALES\u00bb","block_context":{"text":"REGIONALES","link":"https:\/\/larevistadigital.com.ar\/blog\/category\/regionales\/"},"img":{"alt_text":"","src":"https:\/\/i0.wp.com\/larevistadigital.com.ar\/blog\/wp-content\/uploads\/1_4.jpeg?fit=602%2C500&ssl=1&resize=350%2C200","width":350,"height":200,"srcset":"https:\/\/i0.wp.com\/larevistadigital.com.ar\/blog\/wp-content\/uploads\/1_4.jpeg?fit=602%2C500&ssl=1&resize=350%2C200 1x, https:\/\/i0.wp.com\/larevistadigital.com.ar\/blog\/wp-content\/uploads\/1_4.jpeg?fit=602%2C500&ssl=1&resize=525%2C300 1.5x"},"classes":[]},{"id":34937,"url":"https:\/\/larevistadigital.com.ar\/blog\/firman-convenio-energetico-que-beneficiara-a-370-000-bonaerenses\/","url_meta":{"origin":29311,"position":4},"title":"FIRMAN CONVENIO ENERG\u00c9TICO QUE BENEFICIAR\u00c1 A 370.000 BONAERENSES","author":"Alejandro Sosa Ruda","date":"27 diciembre, 2023","format":false,"excerpt":"El Ministerio de Infraestructura y Servicios P\u00fablicos, a trav\u00e9s de la Subsecretar\u00eda de Energ\u00eda, inici\u00f3 el proceso para la licitaci\u00f3n de la construcci\u00f3n de una L\u00ednea de Alta Tensi\u00f3n (LAT) que reforzar\u00e1 el abastecimiento de energ\u00eda y evitar\u00e1 las restricciones de demanda en las distintas localidades de los municipios 9\u2026","rel":"","context":"En \u00abREGIONALES\u00bb","block_context":{"text":"REGIONALES","link":"https:\/\/larevistadigital.com.ar\/blog\/category\/regionales\/"},"img":{"alt_text":"","src":"https:\/\/i0.wp.com\/larevistadigital.com.ar\/blog\/wp-content\/uploads\/20231227144512_energia-licitacion-construccion-linea-alta-tension.jpg?fit=880%2C512&ssl=1&resize=350%2C200","width":350,"height":200,"srcset":"https:\/\/i0.wp.com\/larevistadigital.com.ar\/blog\/wp-content\/uploads\/20231227144512_energia-licitacion-construccion-linea-alta-tension.jpg?fit=880%2C512&ssl=1&resize=350%2C200 1x, https:\/\/i0.wp.com\/larevistadigital.com.ar\/blog\/wp-content\/uploads\/20231227144512_energia-licitacion-construccion-linea-alta-tension.jpg?fit=880%2C512&ssl=1&resize=525%2C300 1.5x, https:\/\/i0.wp.com\/larevistadigital.com.ar\/blog\/wp-content\/uploads\/20231227144512_energia-licitacion-construccion-linea-alta-tension.jpg?fit=880%2C512&ssl=1&resize=700%2C400 2x"},"classes":[]},{"id":28608,"url":"https:\/\/larevistadigital.com.ar\/blog\/saladillo-se-inauguro-el-parque-solar-que-abastecera-de-energia-al-pueblo-de-cazon\/","url_meta":{"origin":29311,"position":5},"title":"SALADILLO: SE INAUGUR\u00d3 EL PARQUE SOLAR QUE ABASTECER\u00c1 DE ENERG\u00cdA AL PUEBLO DE CAZ\u00d3N","author":"Alejandro Sosa Ruda","date":"25 octubre, 2022","format":false,"excerpt":"La nueva planta cuenta con una inversi\u00f3n mayor a los 60 millones de pesos. Abastecer\u00e1 a m\u00e1s de 150 familias y brindar\u00e1 una soluci\u00f3n renovable a la demanda energ\u00e9tica de la regi\u00f3n. 25 de octubre de 2022 SALADILLO -\u00a0 El Parque Solar \u201cMario Cabitto\u201d en la localidad de Caz\u00f3n, partido\u2026","rel":"","context":"En \u00abREGIONALES\u00bb","block_context":{"text":"REGIONALES","link":"https:\/\/larevistadigital.com.ar\/blog\/category\/regionales\/"},"img":{"alt_text":"","src":"https:\/\/i0.wp.com\/larevistadigital.com.ar\/blog\/wp-content\/uploads\/1666707270.jpeg?fit=848%2C477&ssl=1&resize=350%2C200","width":350,"height":200,"srcset":"https:\/\/i0.wp.com\/larevistadigital.com.ar\/blog\/wp-content\/uploads\/1666707270.jpeg?fit=848%2C477&ssl=1&resize=350%2C200 1x, https:\/\/i0.wp.com\/larevistadigital.com.ar\/blog\/wp-content\/uploads\/1666707270.jpeg?fit=848%2C477&ssl=1&resize=525%2C300 1.5x, https:\/\/i0.wp.com\/larevistadigital.com.ar\/blog\/wp-content\/uploads\/1666707270.jpeg?fit=848%2C477&ssl=1&resize=700%2C400 2x"},"classes":[]}],"_links":{"self":[{"href":"https:\/\/larevistadigital.com.ar\/blog\/wp-json\/wp\/v2\/posts\/29311","targetHints":{"allow":["GET"]}}],"collection":[{"href":"https:\/\/larevistadigital.com.ar\/blog\/wp-json\/wp\/v2\/posts"}],"about":[{"href":"https:\/\/larevistadigital.com.ar\/blog\/wp-json\/wp\/v2\/types\/post"}],"author":[{"embeddable":true,"href":"https:\/\/larevistadigital.com.ar\/blog\/wp-json\/wp\/v2\/users\/3"}],"replies":[{"embeddable":true,"href":"https:\/\/larevistadigital.com.ar\/blog\/wp-json\/wp\/v2\/comments?post=29311"}],"version-history":[{"count":1,"href":"https:\/\/larevistadigital.com.ar\/blog\/wp-json\/wp\/v2\/posts\/29311\/revisions"}],"predecessor-version":[{"id":29313,"href":"https:\/\/larevistadigital.com.ar\/blog\/wp-json\/wp\/v2\/posts\/29311\/revisions\/29313"}],"wp:featuredmedia":[{"embeddable":true,"href":"https:\/\/larevistadigital.com.ar\/blog\/wp-json\/wp\/v2\/media\/29312"}],"wp:attachment":[{"href":"https:\/\/larevistadigital.com.ar\/blog\/wp-json\/wp\/v2\/media?parent=29311"}],"wp:term":[{"taxonomy":"category","embeddable":true,"href":"https:\/\/larevistadigital.com.ar\/blog\/wp-json\/wp\/v2\/categories?post=29311"},{"taxonomy":"post_tag","embeddable":true,"href":"https:\/\/larevistadigital.com.ar\/blog\/wp-json\/wp\/v2\/tags?post=29311"}],"curies":[{"name":"wp","href":"https:\/\/api.w.org\/{rel}","templated":true}]}}