{"id":29314,"date":"2022-12-08T16:42:42","date_gmt":"2022-12-08T16:42:42","guid":{"rendered":"https:\/\/larevistadigital.com.ar\/blog\/?p=29314"},"modified":"2022-12-08T16:42:42","modified_gmt":"2022-12-08T16:42:42","slug":"mar-del-plata-fuerte-rechazo-a-la-decision-que-habilita-la-explotacion-petrolera","status":"publish","type":"post","link":"https:\/\/larevistadigital.com.ar\/blog\/mar-del-plata-fuerte-rechazo-a-la-decision-que-habilita-la-explotacion-petrolera\/","title":{"rendered":"MAR DEL PLATA: FUERTE RECHAZO A LA DECISI\u00d3N QUE HABILITA LA EXPLOTACI\u00d3N PETROLERA."},"content":{"rendered":"<h3 class=\"fparrafo ctext fz18 lh25\">\u201cEste fallo es una condena para el Mar Argentino. La C\u00e1mara cede ante las constantes presiones del gobierno y la industria. Decidi\u00f3 dejar sin efecto la cautelar y aprobar la exploraci\u00f3n s\u00edsmica, sin argumentaci\u00f3n que sustente este decisi\u00f3n e ignorando deliberadamente los fundamentos presentados que demuestran la afectaci\u00f3n directa de esta actividad al clima, el mar, la biodiversidad marina y las comunidades\u201d, sostuvieron desde Greenpeace.<\/h3>\n<p>7 de diciembre de 2022<\/p>\n<p class=\"selectionShareable\"><strong>MAR DEL PLATA &#8211;\u00a0<\/strong> La organizaci\u00f3n ambientalista Greenpeace manifest\u00f3 su completo rechazo hacia la decisi\u00f3n de la C\u00e1mara Federal de Apelaciones de dejar sin efecto la medida cautelar que suspend\u00eda la exploraci\u00f3n s\u00edsmica en el Mar Argentino, pese al dictamen de primera instancia y al reclamo de la ciudadan\u00eda por frenar estos proyectos.<\/p>\n<p class=\"selectionShareable\"><strong><em>\u201cEste fallo es una condena para el Mar Argentino. La C\u00e1mara cede ante las constantes presiones del gobierno y la industria. Decidi\u00f3 dejar sin efecto la cautelar y aprobar la exploraci\u00f3n s\u00edsmica, sin argumentaci\u00f3n que sustente este decisi\u00f3n e ignorando deliberadamente los fundamentos presentados que demuestran la afectaci\u00f3n directa de esta actividad al clima, el mar, la biodiversidad marina y las comunidades\u201d<\/em><\/strong>, sostuvo <strong>Luisina Vueso<\/strong>, coordinadora de la campa\u00f1a de oc\u00e9anos de Greenpeace.<\/p>\n<blockquote>\n<h3 class=\"selectionShareable\">Pese a esta decisi\u00f3n, desde la organizaci\u00f3n afirmaron que esto es s\u00f3lo una etapa dentro de un largo proceso judicial, y que har\u00e1n uso de las siguientes instancias que permitan revocar esta situaci\u00f3n, exigiendo la cancelaci\u00f3n de los proyectos offshore en el Mar Argentino incluso ante la Corte Suprema de Justicia de la Naci\u00f3n.<\/h3>\n<\/blockquote>\n<p class=\"selectionShareable\"><em><strong>\u201cComo organizaci\u00f3n independiente pol\u00edtica y econ\u00f3micamente, que lleva a\u00f1os junto a las comunidades luchando para detener la exploraci\u00f3n s\u00edsmica en Mar Argentino, reafirmamos m\u00e1s que nunca nuestro compromiso de continuar para detener la exploraci\u00f3n petrolera y haciendo frente al fort\u00edsimo lobby empresarial. Este proyecto implica la destrucci\u00f3n de uno de los ecosistemas m\u00e1s relevantes del Atl\u00e1ntico Sur para abultar el fondo soberano de un pa\u00eds rico de Europa\u201d<\/strong><\/em>, agreg\u00f3 la vocera de la ONG.<\/p>\n<p class=\"selectionShareable\">Tras conocerse la noticia ciudadanos marplatenses se movilizaron hacia la C\u00e1mara, como en cada \u201c#Atlanticazo\u201d, para reclamar la nulidad de estos proyectos. La causa ingres\u00f3 en el Juzgado Federal N\u00b02 de Mar del Plata en febrero. En su resoluci\u00f3n del 18 de octubre, el Juez Mart\u00edn, a cargo de la causa, consider\u00f3 que la declaratoria de impacto ambiental presentada por Equinor y aprobada por el Ministerio de Ambiente no solo no cumpl\u00eda con los requisitos exigidos por la justicia, sino que expl\u00edcitamente reconoc\u00eda un da\u00f1o a la ballena Franca Austral y el ecosistema marino. Sin embargo, dicha resoluci\u00f3n fue apelada por la Empresa y el Estado, y la C\u00e1mara de Apelaciones hoy concedi\u00f3 el permiso para hacer exploraci\u00f3n s\u00edsmica en los bloques 100, 108 y 114 de la cuenca Argentina Norte. (<b>InfoGEI<\/b>) Mg<\/p>\n","protected":false},"excerpt":{"rendered":"<div class=\"mh-excerpt\"><p>\u201cEste fallo es una condena para el Mar Argentino. La C\u00e1mara cede ante las constantes presiones del gobierno y la industria. Decidi\u00f3 dejar sin efecto la cautelar y aprobar la exploraci\u00f3n s\u00edsmica, sin argumentaci\u00f3n que <a class=\"mh-excerpt-more\" href=\"https:\/\/larevistadigital.com.ar\/blog\/mar-del-plata-fuerte-rechazo-a-la-decision-que-habilita-la-explotacion-petrolera\/\" title=\"MAR DEL PLATA: FUERTE RECHAZO A LA DECISI\u00d3N QUE HABILITA LA EXPLOTACI\u00d3N PETROLERA.\">[Leer M\u00e1s]<\/a><\/p>\n<\/div>","protected":false},"author":3,"featured_media":29315,"comment_status":"open","ping_status":"open","sticky":false,"template":"","format":"standard","meta":{"_jetpack_memberships_contains_paid_content":false,"footnotes":"","jetpack_publicize_message":"","jetpack_publicize_feature_enabled":true,"jetpack_social_post_already_shared":true,"jetpack_social_options":{"image_generator_settings":{"template":"highway","default_image_id":0,"font":"","enabled":false},"version":2}},"categories":[51],"tags":[],"class_list":{"0":"post-29314","1":"post","2":"type-post","3":"status-publish","4":"format-standard","5":"has-post-thumbnail","7":"category-regionales"},"jetpack_publicize_connections":[],"jetpack_featured_media_url":"https:\/\/i0.wp.com\/larevistadigital.com.ar\/blog\/wp-content\/uploads\/20221206161436_mar-argentino-plataformas-petroleo-2-855x500-1.jpg?fit=880%2C512&ssl=1","jetpack_sharing_enabled":true,"jetpack_shortlink":"https:\/\/wp.me\/p8qtrQ-7CO","jetpack-related-posts":[{"id":37657,"url":"https:\/\/larevistadigital.com.ar\/blog\/nuevo-intento-para-encontrar-petroleo-frente-a-las-costas-marplatenses\/","url_meta":{"origin":29314,"position":0},"title":"Nuevo intento para encontrar petr\u00f3leo frente a las costas marplatenses","author":"Alejandro Sosa Ruda","date":"30 octubre, 2024","format":false,"excerpt":"Esta vez, la petrolera Shell comenzar\u00e1 en 60 d\u00edas a realizar una exploraci\u00f3n s\u00edsmica 3D en dos \u00e1reas de la Cuenca Argentina Norte (CAN), a unos 200 kil\u00f3metros de la costa de Mar del Plata. 30 De octubre de 2024 Aunque el \u00e1rea offshore argentina tiene un gran potencial en\u2026","rel":"","context":"En \u00abREGIONALES\u00bb","block_context":{"text":"REGIONALES","link":"https:\/\/larevistadigital.com.ar\/blog\/category\/regionales\/"},"img":{"alt_text":"","src":"https:\/\/i0.wp.com\/larevistadigital.com.ar\/blog\/wp-content\/uploads\/20241030105658_exploracion-sismica-shell-petroleo-costa-mar-del-plata.jpg?fit=880%2C512&ssl=1&resize=350%2C200","width":350,"height":200,"srcset":"https:\/\/i0.wp.com\/larevistadigital.com.ar\/blog\/wp-content\/uploads\/20241030105658_exploracion-sismica-shell-petroleo-costa-mar-del-plata.jpg?fit=880%2C512&ssl=1&resize=350%2C200 1x, https:\/\/i0.wp.com\/larevistadigital.com.ar\/blog\/wp-content\/uploads\/20241030105658_exploracion-sismica-shell-petroleo-costa-mar-del-plata.jpg?fit=880%2C512&ssl=1&resize=525%2C300 1.5x, https:\/\/i0.wp.com\/larevistadigital.com.ar\/blog\/wp-content\/uploads\/20241030105658_exploracion-sismica-shell-petroleo-costa-mar-del-plata.jpg?fit=880%2C512&ssl=1&resize=700%2C400 2x"},"classes":[]},{"id":36299,"url":"https:\/\/larevistadigital.com.ar\/blog\/mar-del-plata-amplio-rechazo-a-la-ley-bases-no-tienen-nada-bueno-para-los-trabajadores\/","url_meta":{"origin":29314,"position":1},"title":"MAR DEL PLATA: AMPLIO RECHAZO A LA LEY BASES: \u00abNO TIENEN NADA BUENO PARA LOS TRABAJADORES\u00bb","author":"Alejandro Sosa Ruda","date":"13 junio, 2024","format":false,"excerpt":"Encabezados por las centrales obreras y distintos gremios, una multitud\u00a0se concentr\u00f3 en el Palacio Municipal para manifestarse en contra del proyecto que se trata en la C\u00e1mara de Senadores. 13 de Junio de 2024 MAR DEL PLATA -\u00a0 Miles de marplatenses se concentraron\u00a0durante la tarde de este mi\u00e9rcoles en inmediaciones\u2026","rel":"","context":"En \u00abREGIONALES\u00bb","block_context":{"text":"REGIONALES","link":"https:\/\/larevistadigital.com.ar\/blog\/category\/regionales\/"},"img":{"alt_text":"","src":"https:\/\/i0.wp.com\/larevistadigital.com.ar\/blog\/wp-content\/uploads\/Captura-de-pantalla-2024-06-13-001757.png?fit=806%2C484&ssl=1&resize=350%2C200","width":350,"height":200,"srcset":"https:\/\/i0.wp.com\/larevistadigital.com.ar\/blog\/wp-content\/uploads\/Captura-de-pantalla-2024-06-13-001757.png?fit=806%2C484&ssl=1&resize=350%2C200 1x, https:\/\/i0.wp.com\/larevistadigital.com.ar\/blog\/wp-content\/uploads\/Captura-de-pantalla-2024-06-13-001757.png?fit=806%2C484&ssl=1&resize=525%2C300 1.5x, https:\/\/i0.wp.com\/larevistadigital.com.ar\/blog\/wp-content\/uploads\/Captura-de-pantalla-2024-06-13-001757.png?fit=806%2C484&ssl=1&resize=700%2C400 2x"},"classes":[]},{"id":35368,"url":"https:\/\/larevistadigital.com.ar\/blog\/mar-del-plata-preocupacion-fuerte-crecida-del-mar-y-grandes-olas-sin-danos-estructurales\/","url_meta":{"origin":29314,"position":2},"title":"MAR DEL PLATA: PREOCUPACI\u00d3N&#8230;FUERTE CRECIDA DEL MAR, Y GRANDES OLAS SIN DA\u00d1OS ESTRUCTURALES","author":"Alejandro Sosa Ruda","date":"5 marzo, 2024","format":false,"excerpt":"Se mantienen las expectativas por las repercusiones que puede generar en la ciudad un cicl\u00f3n extratropical que se desarrolla dentro del oc\u00e9ano Atl\u00e1ntico. Especialistas indican que \u201cel efecto m\u00e1s fuerte deber\u00eda ser no mucho m\u00e1s all\u00e1 de la madrugada de este martes\u201d. En la zona de Mogotes el agua lleg\u00f3\u2026","rel":"","context":"En \u00abREGIONALES\u00bb","block_context":{"text":"REGIONALES","link":"https:\/\/larevistadigital.com.ar\/blog\/category\/regionales\/"},"img":{"alt_text":"","src":"https:\/\/i0.wp.com\/larevistadigital.com.ar\/blog\/wp-content\/uploads\/Captura-de-pantalla-2024-03-05-083625.png?fit=806%2C444&ssl=1&resize=350%2C200","width":350,"height":200,"srcset":"https:\/\/i0.wp.com\/larevistadigital.com.ar\/blog\/wp-content\/uploads\/Captura-de-pantalla-2024-03-05-083625.png?fit=806%2C444&ssl=1&resize=350%2C200 1x, https:\/\/i0.wp.com\/larevistadigital.com.ar\/blog\/wp-content\/uploads\/Captura-de-pantalla-2024-03-05-083625.png?fit=806%2C444&ssl=1&resize=525%2C300 1.5x, https:\/\/i0.wp.com\/larevistadigital.com.ar\/blog\/wp-content\/uploads\/Captura-de-pantalla-2024-03-05-083625.png?fit=806%2C444&ssl=1&resize=700%2C400 2x"},"classes":[]},{"id":20917,"url":"https:\/\/larevistadigital.com.ar\/blog\/leyenda-del-boxeo-argentino-murio-en-mar-del-plata-el-ex-campeon-mundial-sergio-victor-palma\/","url_meta":{"origin":29314,"position":3},"title":"LEYENDA DEL BOXEO ARGENTINO: MURI\u00d3 EN MAR DEL PLATA EL EX CAMPE\u00d3N MUNDIAL SERGIO V\u00cdCTOR PALMA","author":"Alejandro Sosa Ruda","date":"28 junio, 2021","format":false,"excerpt":"Ten\u00eda 65 a\u00f1os y hab\u00eda sido internado con coronavirus varios d\u00edas atr\u00e1s. Viv\u00eda en esta ciudad desde 2013. Fue el primer boxeador argentino en consagrarse campe\u00f3n mundial en Estados Unidos. MAR DEL PLATA - El ex campe\u00f3n del mundo de boxeo, Sergio V\u00edctor Palma, falleci\u00f3 este lunes a los 65\u2026","rel":"","context":"En \u00abINTERES GENERAL\u00bb","block_context":{"text":"INTERES GENERAL","link":"https:\/\/larevistadigital.com.ar\/blog\/category\/interes-general\/"},"img":{"alt_text":"","src":"https:\/\/i0.wp.com\/larevistadigital.com.ar\/blog\/wp-content\/uploads\/sergio-victor-palma-1.jpg?fit=1200%2C900&ssl=1&resize=350%2C200","width":350,"height":200,"srcset":"https:\/\/i0.wp.com\/larevistadigital.com.ar\/blog\/wp-content\/uploads\/sergio-victor-palma-1.jpg?fit=1200%2C900&ssl=1&resize=350%2C200 1x, https:\/\/i0.wp.com\/larevistadigital.com.ar\/blog\/wp-content\/uploads\/sergio-victor-palma-1.jpg?fit=1200%2C900&ssl=1&resize=525%2C300 1.5x, https:\/\/i0.wp.com\/larevistadigital.com.ar\/blog\/wp-content\/uploads\/sergio-victor-palma-1.jpg?fit=1200%2C900&ssl=1&resize=700%2C400 2x, https:\/\/i0.wp.com\/larevistadigital.com.ar\/blog\/wp-content\/uploads\/sergio-victor-palma-1.jpg?fit=1200%2C900&ssl=1&resize=1050%2C600 3x"},"classes":[]},{"id":29242,"url":"https:\/\/larevistadigital.com.ar\/blog\/mar-del-plata-amplio-rechazo-al-proyecto-de-cobrarle-una-tasa-a-los-turistas\/","url_meta":{"origin":29314,"position":4},"title":"MAR DEL PLATA: AMPLIO RECHAZO AL PROYECTO DE COBRARLE UNA TASA A LOS TURISTAS","author":"Alejandro Sosa Ruda","date":"4 diciembre, 2022","format":false,"excerpt":"El proyecto del concejal Nicol\u00e1s Laur\u00eda (Crear Juntos), ex aliado pol\u00edtico del Intendente del Pro, Guillermo Montenegro, para cobrarle una tasa a los turistas recibi\u00f3 un fuerte rechazo de sectores empresarios, gremiales y pol\u00edticos. 4 de diciembre de 2022 MAR DEL PLATA -\u00a0 La Asociaci\u00f3n Empresaria Hotelera Gastron\u00f3mica record\u00f3 que,\u2026","rel":"","context":"En \u00abSin categor\u00eda\u00bb","block_context":{"text":"Sin categor\u00eda","link":"https:\/\/larevistadigital.com.ar\/blog\/category\/sin-categoria\/"},"img":{"alt_text":"","src":"https:\/\/i0.wp.com\/larevistadigital.com.ar\/blog\/wp-content\/uploads\/20221203141316_lauria-impuesto-turismo2.jpg?fit=880%2C512&ssl=1&resize=350%2C200","width":350,"height":200,"srcset":"https:\/\/i0.wp.com\/larevistadigital.com.ar\/blog\/wp-content\/uploads\/20221203141316_lauria-impuesto-turismo2.jpg?fit=880%2C512&ssl=1&resize=350%2C200 1x, https:\/\/i0.wp.com\/larevistadigital.com.ar\/blog\/wp-content\/uploads\/20221203141316_lauria-impuesto-turismo2.jpg?fit=880%2C512&ssl=1&resize=525%2C300 1.5x, https:\/\/i0.wp.com\/larevistadigital.com.ar\/blog\/wp-content\/uploads\/20221203141316_lauria-impuesto-turismo2.jpg?fit=880%2C512&ssl=1&resize=700%2C400 2x"},"classes":[]},{"id":20925,"url":"https:\/\/larevistadigital.com.ar\/blog\/mar-dle-plata-al-menos-30-escuelas-suspendieron-las-clases-por-cuenta-propia-debido-al-fuerte-temporal\/","url_meta":{"origin":29314,"position":5},"title":"MAR DLE PLATA: AL MENOS 30 ESCUELAS SUSPENDIERON LAS CLASES POR CUENTA PROPIA DEBIDO AL FUERTE TEMPORAL","author":"Alejandro Sosa Ruda","date":"28 junio, 2021","format":false,"excerpt":"Lo confirmaron desde el Consejo Escolar y cuestionaron que el Municipio no decidiera suspender las clases en forma preventiva. En algunas escuelas se volaron techos e ingres\u00f3 agua o est\u00e1n sin luz. Varios establecimientos postergaron para este martes la vuelta a la presencialidad \"para cuidar a sus comunidades\". MAR DEL\u2026","rel":"","context":"En \u00abREGIONALES\u00bb","block_context":{"text":"REGIONALES","link":"https:\/\/larevistadigital.com.ar\/blog\/category\/regionales\/"},"img":{"alt_text":"","src":"https:\/\/i0.wp.com\/larevistadigital.com.ar\/blog\/wp-content\/uploads\/ESCUELAS-MDQ.png?fit=960%2C743&ssl=1&resize=350%2C200","width":350,"height":200,"srcset":"https:\/\/i0.wp.com\/larevistadigital.com.ar\/blog\/wp-content\/uploads\/ESCUELAS-MDQ.png?fit=960%2C743&ssl=1&resize=350%2C200 1x, https:\/\/i0.wp.com\/larevistadigital.com.ar\/blog\/wp-content\/uploads\/ESCUELAS-MDQ.png?fit=960%2C743&ssl=1&resize=525%2C300 1.5x, https:\/\/i0.wp.com\/larevistadigital.com.ar\/blog\/wp-content\/uploads\/ESCUELAS-MDQ.png?fit=960%2C743&ssl=1&resize=700%2C400 2x"},"classes":[]}],"_links":{"self":[{"href":"https:\/\/larevistadigital.com.ar\/blog\/wp-json\/wp\/v2\/posts\/29314","targetHints":{"allow":["GET"]}}],"collection":[{"href":"https:\/\/larevistadigital.com.ar\/blog\/wp-json\/wp\/v2\/posts"}],"about":[{"href":"https:\/\/larevistadigital.com.ar\/blog\/wp-json\/wp\/v2\/types\/post"}],"author":[{"embeddable":true,"href":"https:\/\/larevistadigital.com.ar\/blog\/wp-json\/wp\/v2\/users\/3"}],"replies":[{"embeddable":true,"href":"https:\/\/larevistadigital.com.ar\/blog\/wp-json\/wp\/v2\/comments?post=29314"}],"version-history":[{"count":1,"href":"https:\/\/larevistadigital.com.ar\/blog\/wp-json\/wp\/v2\/posts\/29314\/revisions"}],"predecessor-version":[{"id":29316,"href":"https:\/\/larevistadigital.com.ar\/blog\/wp-json\/wp\/v2\/posts\/29314\/revisions\/29316"}],"wp:featuredmedia":[{"embeddable":true,"href":"https:\/\/larevistadigital.com.ar\/blog\/wp-json\/wp\/v2\/media\/29315"}],"wp:attachment":[{"href":"https:\/\/larevistadigital.com.ar\/blog\/wp-json\/wp\/v2\/media?parent=29314"}],"wp:term":[{"taxonomy":"category","embeddable":true,"href":"https:\/\/larevistadigital.com.ar\/blog\/wp-json\/wp\/v2\/categories?post=29314"},{"taxonomy":"post_tag","embeddable":true,"href":"https:\/\/larevistadigital.com.ar\/blog\/wp-json\/wp\/v2\/tags?post=29314"}],"curies":[{"name":"wp","href":"https:\/\/api.w.org\/{rel}","templated":true}]}}