{"id":29317,"date":"2022-12-08T16:55:16","date_gmt":"2022-12-08T16:55:16","guid":{"rendered":"https:\/\/larevistadigital.com.ar\/blog\/?p=29317"},"modified":"2022-12-08T16:55:16","modified_gmt":"2022-12-08T16:55:16","slug":"mas-de-2-300-vehiculos-por-hora-en-las-rutas-hacia-las-playas-bonaerenses","status":"publish","type":"post","link":"https:\/\/larevistadigital.com.ar\/blog\/mas-de-2-300-vehiculos-por-hora-en-las-rutas-hacia-las-playas-bonaerenses\/","title":{"rendered":"MAS DE 2.300 VEH\u00cdCULOS POR HORA EN LAS RUTAS HACIA LAS PLAYAS BONAERENSES"},"content":{"rendered":"<h2 class=\"fparrafo ctext fz18 lh25\">Sanboromb\u00f3n y Maip\u00fa, los dos puntos m\u00e1s colapsados por el c\u00famulo de autom\u00f3viles, junto con la autopista Buenos Aires-La Plata, que presenta demoras cerca de tres kil\u00f3metros sentido a la Costa.<\/h2>\n<p>8 de diciembre de 2022<\/p>\n<p class=\"selectionShareable\"><b>\u00a0<\/b>Las rutas hacia la costa atl\u00e1ntica bonaerense presentaban en la ma\u00f1ana de este jueves un tr\u00e1nsito intenso debido a la gran cantidad de personas que se dirige a los diferentes balnearios en el marco del fin de semana largo por los feriados de este jueves y viernes, con un promedio de 2.300 autom\u00f3viles por hora en el peaje de Samboromb\u00f3n.<\/p>\n<blockquote>\n<h3 class=\"selectionShareable\">Seg\u00fan inform\u00f3 la empresa concesionaria Aubasa, la circulaci\u00f3n vehicular estaba cargada en la autopista Buenos Aires-La Plata, la Autov\u00eda 2 y tambi\u00e9n la ruta 11, sentido Partido de la Costa, con demoras mayores en algunos tramos.<\/h3>\n<\/blockquote>\n<p class=\"selectionShareable\">Uno de los puntos de mayor concentraci\u00f3n es el peaje de Samboromb\u00f3n, donde entre las 7 y las 8 se registr\u00f3 un promedio de 2.313 veh\u00edculos por hora.<\/p>\n<blockquote>\n<h3 class=\"selectionShareable\">En tanto, tambi\u00e9n por la Autov\u00eda 2, en el peaje de Maip\u00fa, se verificaron cerca de 878 veh\u00edculos mientras en la ruta 11, por La Huella, el promedio vehicular fue de 1.311 por hora de veh\u00edculos que se dirigen al partido de La Costa Atl\u00e1ntica.<\/h3>\n<\/blockquote>\n<p class=\"selectionShareable\">La autopista Buenos Aires-La Plata present\u00f3 cerca de tres kil\u00f3metros de demora cerca de las 7, pero ya logr\u00f3 reducirse a un kil\u00f3metro a partir de las 9, a la altura del ramal Guti\u00e9rrez con destino a Autov\u00eda 2, en el peaje Hudson.<\/p>\n<blockquote>\n<h3 class=\"selectionShareable\">En el marco de este nuevo fin de semana largo, el Ministerio de Transporte de Naci\u00f3n lanz\u00f3 el pasado mi\u00e9rcoles un operativo para controlar el nivel de alcoholemia en sangre y la documentaci\u00f3n a viajeros en las rutas del pa\u00eds<\/h3>\n<\/blockquote>\n<p class=\"selectionShareable\">El operativo abarca inspecciones vehiculares en puntos estrat\u00e9gicos y motos de la ANSV que fiscalizan la circulaci\u00f3n indebida por las banquinas.<\/p>\n<p class=\"selectionShareable\">Tambi\u00e9n se utilizar\u00e1n drones con el objetivo de detectar y sancionar a quienes circulan de manera irresponsable poniendo en riesgo la vida de otras personas, seg\u00fan se inform\u00f3. (<b>InfoGEI<\/b>) Mg<\/p>\n","protected":false},"excerpt":{"rendered":"<div class=\"mh-excerpt\"><p>Sanboromb\u00f3n y Maip\u00fa, los dos puntos m\u00e1s colapsados por el c\u00famulo de autom\u00f3viles, junto con la autopista Buenos Aires-La Plata, que presenta demoras cerca de tres kil\u00f3metros sentido a la Costa. 8 de diciembre de <a class=\"mh-excerpt-more\" href=\"https:\/\/larevistadigital.com.ar\/blog\/mas-de-2-300-vehiculos-por-hora-en-las-rutas-hacia-las-playas-bonaerenses\/\" title=\"MAS DE 2.300 VEH\u00cdCULOS POR HORA EN LAS RUTAS HACIA LAS PLAYAS BONAERENSES\">[Leer M\u00e1s]<\/a><\/p>\n<\/div>","protected":false},"author":3,"featured_media":29318,"comment_status":"open","ping_status":"open","sticky":false,"template":"","format":"standard","meta":{"_jetpack_memberships_contains_paid_content":false,"footnotes":"","jetpack_publicize_message":"","jetpack_publicize_feature_enabled":true,"jetpack_social_post_already_shared":true,"jetpack_social_options":{"image_generator_settings":{"template":"highway","default_image_id":0,"font":"","enabled":false},"version":2}},"categories":[51,30],"tags":[],"class_list":{"0":"post-29317","1":"post","2":"type-post","3":"status-publish","4":"format-standard","5":"has-post-thumbnail","7":"category-regionales","8":"category-turismo"},"jetpack_publicize_connections":[],"jetpack_featured_media_url":"https:\/\/i0.wp.com\/larevistadigital.com.ar\/blog\/wp-content\/uploads\/20221208114735_peae.jpg?fit=880%2C512&ssl=1","jetpack_sharing_enabled":true,"jetpack_shortlink":"https:\/\/wp.me\/p8qtrQ-7CR","jetpack-related-posts":[{"id":14382,"url":"https:\/\/larevistadigital.com.ar\/blog\/por-el-fin-de-semana-viajan-mas-de-2500-autos-por-hora-hacia-la-costa-atlantica\/","url_meta":{"origin":29317,"position":0},"title":"POR EL FIN DE SEMANA VIAJAN M\u00c1S DE 2500 AUTOS POR HORA HACIA LA COSTA ATL\u00c1NTICA","author":"Alejandro Sosa Ruda","date":"26 enero, 2020","format":false,"excerpt":"Con tr\u00e1nsito intenso, buen tiempo y algunas demoras en zona de Samboromb\u00f3n, Lezama y Castelli,\u00a0AUBASA\u00a0registra un importante paso de veh\u00edculos hacia la Costa Atl\u00e1ntica en la ma\u00f1ana de este s\u00e1bado. La empresa estatal concesionaria de la Autopista Buenos Aires La Plata y las rutas del Corredor del Atl\u00e1ntico inform\u00f3 que\u2026","rel":"","context":"En \u00abINTERES GENERAL\u00bb","block_context":{"text":"INTERES GENERAL","link":"https:\/\/larevistadigital.com.ar\/blog\/category\/interes-general\/"},"img":{"alt_text":"","src":"https:\/\/i0.wp.com\/larevistadigital.com.ar\/blog\/wp-content\/uploads\/Transito-Ruta-1.jpeg?fit=1200%2C656&ssl=1&resize=350%2C200","width":350,"height":200,"srcset":"https:\/\/i0.wp.com\/larevistadigital.com.ar\/blog\/wp-content\/uploads\/Transito-Ruta-1.jpeg?fit=1200%2C656&ssl=1&resize=350%2C200 1x, https:\/\/i0.wp.com\/larevistadigital.com.ar\/blog\/wp-content\/uploads\/Transito-Ruta-1.jpeg?fit=1200%2C656&ssl=1&resize=525%2C300 1.5x, https:\/\/i0.wp.com\/larevistadigital.com.ar\/blog\/wp-content\/uploads\/Transito-Ruta-1.jpeg?fit=1200%2C656&ssl=1&resize=700%2C400 2x, https:\/\/i0.wp.com\/larevistadigital.com.ar\/blog\/wp-content\/uploads\/Transito-Ruta-1.jpeg?fit=1200%2C656&ssl=1&resize=1050%2C600 3x"},"classes":[]},{"id":14515,"url":"https:\/\/larevistadigital.com.ar\/blog\/febrero-empezo-con-la-ruta-2-colapsada-de-vehiculos-hacia-la-costa-atlantica\/","url_meta":{"origin":29317,"position":1},"title":"FEBRERO EMPEZ\u00d3 CON LA RUTA 2 COLAPSADA DE VEH\u00cdCULOS HACIA LA COSTA ATL\u00c1NTICA","author":"Alejandro Sosa Ruda","date":"1 febrero, 2020","format":false,"excerpt":"La autov\u00eda se encuentra intensamente\u00a0transitada desde anoche. Hay demoras. Piden paciencia a los conductores. M\u00e1s de 2600 autos por hora atraviesan la ruta en direcci\u00f3n a Mar del Plata.\u00a0 Termin\u00f3 enero y comenz\u00f3 febrero, no solo con\u00a0un alentador pron\u00f3stico en cuanto al clima, sino tambi\u00e9n en relaci\u00f3n a las expectativas\u2026","rel":"","context":"En \u00abINTERES GENERAL\u00bb","block_context":{"text":"INTERES GENERAL","link":"https:\/\/larevistadigital.com.ar\/blog\/category\/interes-general\/"},"img":{"alt_text":"","src":"https:\/\/i0.wp.com\/larevistadigital.com.ar\/blog\/wp-content\/uploads\/Screenshot_2-79.jpg?fit=1012%2C645&ssl=1&resize=350%2C200","width":350,"height":200,"srcset":"https:\/\/i0.wp.com\/larevistadigital.com.ar\/blog\/wp-content\/uploads\/Screenshot_2-79.jpg?fit=1012%2C645&ssl=1&resize=350%2C200 1x, https:\/\/i0.wp.com\/larevistadigital.com.ar\/blog\/wp-content\/uploads\/Screenshot_2-79.jpg?fit=1012%2C645&ssl=1&resize=525%2C300 1.5x, https:\/\/i0.wp.com\/larevistadigital.com.ar\/blog\/wp-content\/uploads\/Screenshot_2-79.jpg?fit=1012%2C645&ssl=1&resize=700%2C400 2x"},"classes":[]},{"id":26013,"url":"https:\/\/larevistadigital.com.ar\/blog\/se-infracciono-durante-el-fin-de-semana-largo-a-40-banquineros-con-multas-de-hasta-123-400\/","url_meta":{"origin":29317,"position":2},"title":"SE INFRACCION\u00d3 DURANTE EL FIN DE SEMANA LARGO A 40 BANQUINEROS CON MULTAS DE HASTA $123.400.-","author":"Alejandro Sosa Ruda","date":"21 junio, 2022","format":false,"excerpt":"El operativo vial se realiz\u00f3 en las rutas rumbo a la Costa Atl\u00e1ntica. Destacaron que hubo una importante merma en el n\u00famero de infractores. La\u00a0Agencia Nacional de Seguridad Vial\u00a0(ANSV) mont\u00f3 un importante operativo de control y detect\u00f3 entre el jueves y el lunes\u00a0un total de 40 conductores\u00a0que transitaban por las\u2026","rel":"","context":"En \u00abDESTACADAS\u00bb","block_context":{"text":"DESTACADAS","link":"https:\/\/larevistadigital.com.ar\/blog\/category\/destacadas\/"},"img":{"alt_text":"","src":"https:\/\/i0.wp.com\/larevistadigital.com.ar\/blog\/wp-content\/uploads\/628dfade0934897d2b6c9b3b2591638eb0fbf31f.jpg?fit=1140%2C599&ssl=1&resize=350%2C200","width":350,"height":200,"srcset":"https:\/\/i0.wp.com\/larevistadigital.com.ar\/blog\/wp-content\/uploads\/628dfade0934897d2b6c9b3b2591638eb0fbf31f.jpg?fit=1140%2C599&ssl=1&resize=350%2C200 1x, https:\/\/i0.wp.com\/larevistadigital.com.ar\/blog\/wp-content\/uploads\/628dfade0934897d2b6c9b3b2591638eb0fbf31f.jpg?fit=1140%2C599&ssl=1&resize=525%2C300 1.5x, https:\/\/i0.wp.com\/larevistadigital.com.ar\/blog\/wp-content\/uploads\/628dfade0934897d2b6c9b3b2591638eb0fbf31f.jpg?fit=1140%2C599&ssl=1&resize=700%2C400 2x, https:\/\/i0.wp.com\/larevistadigital.com.ar\/blog\/wp-content\/uploads\/628dfade0934897d2b6c9b3b2591638eb0fbf31f.jpg?fit=1140%2C599&ssl=1&resize=1050%2C600 3x"},"classes":[]},{"id":43402,"url":"https:\/\/larevistadigital.com.ar\/blog\/restringen-el-transito-de-camiones-por-cambio-de-quincena-en-la-provincia-de-buenos-aires\/","url_meta":{"origin":29317,"position":3},"title":"Restringen el tr\u00e1nsito de camiones por cambio de quincena en la provincia de Buenos Aires","author":"Alejandro Sosa Ruda","date":"16 enero, 2026","format":false,"excerpt":"La medida vuelve a entrar en vigencia con el objetivo de prevenir siniestros en caminos tur\u00edsticos de la provincia. Son millones los argentinos que est\u00e1n vacacionando en la Costa Atl\u00e1ntica bonaerense y otros tantos los que se preparan para comenzar sus vacaciones. En este contexto, el ministerio de Infraestructura y\u2026","rel":"","context":"En \u00abINTERES GENERAL\u00bb","block_context":{"text":"INTERES GENERAL","link":"https:\/\/larevistadigital.com.ar\/blog\/category\/interes-general\/"},"img":{"alt_text":"","src":"https:\/\/i0.wp.com\/larevistadigital.com.ar\/blog\/wp-content\/uploads\/Captura-de-pantalla-2026-01-16-010138.jpg?fit=621%2C373&ssl=1&resize=350%2C200","width":350,"height":200,"srcset":"https:\/\/i0.wp.com\/larevistadigital.com.ar\/blog\/wp-content\/uploads\/Captura-de-pantalla-2026-01-16-010138.jpg?fit=621%2C373&ssl=1&resize=350%2C200 1x, https:\/\/i0.wp.com\/larevistadigital.com.ar\/blog\/wp-content\/uploads\/Captura-de-pantalla-2026-01-16-010138.jpg?fit=621%2C373&ssl=1&resize=525%2C300 1.5x"},"classes":[]},{"id":9266,"url":"https:\/\/larevistadigital.com.ar\/blog\/los-peajes-de-la-autopista-buenos-aires-la-plata-aumentaran-un-33\/","url_meta":{"origin":29317,"position":4},"title":"LOS PEAJES DE LA AUTOPISTA BUENOS AIRES-LA PLATA AUMENTAR\u00c1N UN 33%","author":"Alejandro Sosa Ruda","date":"22 marzo, 2019","format":false,"excerpt":"Parece de nunca acabar, pero lamentablemente ha vueltoa\u00a0 ocurrir: La\u00a0tarifa\u00a0de los\u00a0peajes de la Autopista Buenos Aires \u2013 La Plata\u00a0y el\u00a0Corredor del Atl\u00e1ntico\u00a0aumentar\u00e1n un 33%, seg\u00fan la actualizaci\u00f3n de precios que fue presentada en las audiencias p\u00fablicas que se llevaron a cabo en la ciudad de La Plata. Los autos pasar\u00e1n\u2026","rel":"","context":"En \u00abDESTACADAS\u00bb","block_context":{"text":"DESTACADAS","link":"https:\/\/larevistadigital.com.ar\/blog\/category\/destacadas\/"},"img":{"alt_text":"","src":"https:\/\/i0.wp.com\/larevistadigital.com.ar\/blog\/wp-content\/uploads\/2019\/03\/20181001105050_.0004956188.jpg?fit=780%2C440&ssl=1&resize=350%2C200","width":350,"height":200,"srcset":"https:\/\/i0.wp.com\/larevistadigital.com.ar\/blog\/wp-content\/uploads\/2019\/03\/20181001105050_.0004956188.jpg?fit=780%2C440&ssl=1&resize=350%2C200 1x, https:\/\/i0.wp.com\/larevistadigital.com.ar\/blog\/wp-content\/uploads\/2019\/03\/20181001105050_.0004956188.jpg?fit=780%2C440&ssl=1&resize=525%2C300 1.5x, https:\/\/i0.wp.com\/larevistadigital.com.ar\/blog\/wp-content\/uploads\/2019\/03\/20181001105050_.0004956188.jpg?fit=780%2C440&ssl=1&resize=700%2C400 2x"},"classes":[]},{"id":29585,"url":"https:\/\/larevistadigital.com.ar\/blog\/fatal-accidente-en-la-autopista-la-plata-buenos-aires\/","url_meta":{"origin":29317,"position":5},"title":"FATAL ACCIDENTE EN LA AUTOPISTA LA PLATA-BUENOS AIRES","author":"Alejandro Sosa Ruda","date":"23 diciembre, 2022","format":false,"excerpt":"Ocurri\u00f3 en la autopista La Plata - Buenos Aires y hubo una persona fallecida. 23 de diciembre de 2022 Un accidente con un fatal desenlace se produjo hoy por la ma\u00f1ana, cuando un autom\u00f3vil impact\u00f3 contra un cami\u00f3n de volquetes que estaba detenido en la Autopista La Plata - Buenos\u2026","rel":"","context":"En \u00abDESTACADAS\u00bb","block_context":{"text":"DESTACADAS","link":"https:\/\/larevistadigital.com.ar\/blog\/category\/destacadas\/"},"img":{"alt_text":"","src":"https:\/\/i0.wp.com\/larevistadigital.com.ar\/blog\/wp-content\/uploads\/ACCIDENTE-AUTOPISTA-LP-BA.jpg?fit=900%2C562&ssl=1&resize=350%2C200","width":350,"height":200,"srcset":"https:\/\/i0.wp.com\/larevistadigital.com.ar\/blog\/wp-content\/uploads\/ACCIDENTE-AUTOPISTA-LP-BA.jpg?fit=900%2C562&ssl=1&resize=350%2C200 1x, https:\/\/i0.wp.com\/larevistadigital.com.ar\/blog\/wp-content\/uploads\/ACCIDENTE-AUTOPISTA-LP-BA.jpg?fit=900%2C562&ssl=1&resize=525%2C300 1.5x, https:\/\/i0.wp.com\/larevistadigital.com.ar\/blog\/wp-content\/uploads\/ACCIDENTE-AUTOPISTA-LP-BA.jpg?fit=900%2C562&ssl=1&resize=700%2C400 2x"},"classes":[]}],"_links":{"self":[{"href":"https:\/\/larevistadigital.com.ar\/blog\/wp-json\/wp\/v2\/posts\/29317","targetHints":{"allow":["GET"]}}],"collection":[{"href":"https:\/\/larevistadigital.com.ar\/blog\/wp-json\/wp\/v2\/posts"}],"about":[{"href":"https:\/\/larevistadigital.com.ar\/blog\/wp-json\/wp\/v2\/types\/post"}],"author":[{"embeddable":true,"href":"https:\/\/larevistadigital.com.ar\/blog\/wp-json\/wp\/v2\/users\/3"}],"replies":[{"embeddable":true,"href":"https:\/\/larevistadigital.com.ar\/blog\/wp-json\/wp\/v2\/comments?post=29317"}],"version-history":[{"count":1,"href":"https:\/\/larevistadigital.com.ar\/blog\/wp-json\/wp\/v2\/posts\/29317\/revisions"}],"predecessor-version":[{"id":29319,"href":"https:\/\/larevistadigital.com.ar\/blog\/wp-json\/wp\/v2\/posts\/29317\/revisions\/29319"}],"wp:featuredmedia":[{"embeddable":true,"href":"https:\/\/larevistadigital.com.ar\/blog\/wp-json\/wp\/v2\/media\/29318"}],"wp:attachment":[{"href":"https:\/\/larevistadigital.com.ar\/blog\/wp-json\/wp\/v2\/media?parent=29317"}],"wp:term":[{"taxonomy":"category","embeddable":true,"href":"https:\/\/larevistadigital.com.ar\/blog\/wp-json\/wp\/v2\/categories?post=29317"},{"taxonomy":"post_tag","embeddable":true,"href":"https:\/\/larevistadigital.com.ar\/blog\/wp-json\/wp\/v2\/tags?post=29317"}],"curies":[{"name":"wp","href":"https:\/\/api.w.org\/{rel}","templated":true}]}}