{"id":29320,"date":"2022-12-08T17:23:22","date_gmt":"2022-12-08T17:23:22","guid":{"rendered":"https:\/\/larevistadigital.com.ar\/blog\/?p=29320"},"modified":"2022-12-08T17:23:22","modified_gmt":"2022-12-08T17:23:22","slug":"dolores-la-justicia-confirmo-la-condena-a-el-pepo-por-la-muerte-de-dos-integrantes-de-su-banda","status":"publish","type":"post","link":"https:\/\/larevistadigital.com.ar\/blog\/dolores-la-justicia-confirmo-la-condena-a-el-pepo-por-la-muerte-de-dos-integrantes-de-su-banda\/","title":{"rendered":"DOLORES: LA JUSTICIA CONFIRM\u00d3 LA CONDENA A \u00abEL PEPO\u00bb POR LA MUERTE DE DOS INTEGRANTES DE SU BANDA."},"content":{"rendered":"<h2 class=\"nota__hero__summary\">La sentencia lo obliga a seguir con un tratamiento psiqui\u00e1trico y psicol\u00f3gico y le proh\u00edbe conducir por diez a\u00f1os.<\/h2>\n<p>8 de diciembre de 2022<\/p>\n<p>La Justicia confirm\u00f3 la condena al cantante <strong>Rub\u00e9n Dar\u00edo Casti\u00f1eiras<\/strong>, conocido como\u00a0<strong>\u201cEl Pepo\u201d<\/strong>, a\u00a0<strong>4 a\u00f1os y siete meses de c\u00e1rcel<\/strong>\u00a0por la muerte de dos integrantes de su banda en un incidente vial en la ruta 63, ocurrido en julio de 2019.<\/p>\n<blockquote>\n<h3>La pena hab\u00eda sido acordada por el m\u00fasico y la fiscal\u00eda en la causa por\u00a0<strong>doble homicidio culposo<\/strong>\u00a0por el siniestro en el que fallecieron el m\u00e1nager del grupo, Ignacio Abosaleh, y el trompetista Nicol\u00e1s Carabajal.<\/h3>\n<\/blockquote>\n<p>En el fallo del Juzgado en lo Correccional N\u00ba 3 de Dolores, se confirm\u00f3 que \u201cEl Pepo\u201d\u00a0<strong>manejaba drogado con coca\u00edna y alcoholizado<\/strong>, con 1,02 gramos de alcohol por litro de sangre y a m\u00e1s de 30 kil\u00f3metros en exceso de la velocidad permitida.<\/p>\n<blockquote>\n<h3>La sentencia obliga a Pepo a seguir con\u00a0<strong>un tratamiento psiqui\u00e1trico y psicol\u00f3gico y le proh\u00edbe conducir por diez a\u00f1os<\/strong>. En diciembre de 2019 se le hab\u00eda concedido la prisi\u00f3n domiciliaria por una fractura de peron\u00e9 que hab\u00eda sufrido en el penal donde se encontraba detenido.<\/h3>\n<\/blockquote>\n<p>El fallo tambi\u00e9n deja constancia sobre la actitud que tuvo Casti\u00f1eiras despu\u00e9s del vuelco cuando dijo que el que manejaba la camioneta era Abosaleh y no \u00e9l.<\/p>\n<blockquote>\n<h3>Para evitar el juicio oral, el m\u00fasico solicit\u00f3\u00a0<strong>un juicio abreviado en el que acept\u00f3 el cargo de homicidio culposo\u00a0<\/strong>agravado por conducci\u00f3n imprudente, negligente y antirreglamentaria. Manejaba con el doble de alcohol en sangre de lo permitido por la ley y con estupefacientes.<\/h3>\n<\/blockquote>\n<p>El m\u00fasico fue beneficiado con arresto domiciliario a los cinco meses de estar en prisi\u00f3n para internarse en una cl\u00ednica por una fractura que sufri\u00f3 mientras estaba detenido. Hace poco logr\u00f3 mantener el\u00a0<strong>arresto domiciliario\u00a0<\/strong>y las salidas laborales a pesar de acusaciones que aseguraban que hab\u00eda intentado escaparse.<\/p>\n<p>fuente e imagen: entrel\u00edneas<\/p>\n","protected":false},"excerpt":{"rendered":"<div class=\"mh-excerpt\"><p>La sentencia lo obliga a seguir con un tratamiento psiqui\u00e1trico y psicol\u00f3gico y le proh\u00edbe conducir por diez a\u00f1os. 8 de diciembre de 2022 La Justicia confirm\u00f3 la condena al cantante Rub\u00e9n Dar\u00edo Casti\u00f1eiras, conocido <a class=\"mh-excerpt-more\" href=\"https:\/\/larevistadigital.com.ar\/blog\/dolores-la-justicia-confirmo-la-condena-a-el-pepo-por-la-muerte-de-dos-integrantes-de-su-banda\/\" title=\"DOLORES: LA JUSTICIA CONFIRM\u00d3 LA CONDENA A \u00abEL PEPO\u00bb POR LA MUERTE DE DOS INTEGRANTES DE SU BANDA.\">[Leer M\u00e1s]<\/a><\/p>\n<\/div>","protected":false},"author":3,"featured_media":29321,"comment_status":"open","ping_status":"open","sticky":false,"template":"","format":"standard","meta":{"_jetpack_memberships_contains_paid_content":false,"footnotes":"","jetpack_publicize_message":"","jetpack_publicize_feature_enabled":true,"jetpack_social_post_already_shared":true,"jetpack_social_options":{"image_generator_settings":{"template":"highway","default_image_id":0,"font":"","enabled":false},"version":2}},"categories":[44,51],"tags":[],"class_list":{"0":"post-29320","1":"post","2":"type-post","3":"status-publish","4":"format-standard","5":"has-post-thumbnail","7":"category-policiales","8":"category-regionales"},"jetpack_publicize_connections":[],"jetpack_featured_media_url":"https:\/\/i0.wp.com\/larevistadigital.com.ar\/blog\/wp-content\/uploads\/0108b3aaaa8a74f17140f615a2bf186053e74cfd-1.jpg?fit=1140%2C759&ssl=1","jetpack_sharing_enabled":true,"jetpack_shortlink":"https:\/\/wp.me\/p8qtrQ-7CU","jetpack-related-posts":[{"id":11405,"url":"https:\/\/larevistadigital.com.ar\/blog\/el-cantante-de-cumbia-el-pepo-se-encuentra-fuera-de-peligro-luego-del-accidente-con-su-camioneta-que-cobro-dos-victimas-fatales\/","url_meta":{"origin":29320,"position":0},"title":"EL CANTANTE DE CUMBIA \u00abEL PEPO\u00bb SE ENCUENTRA FUERA DE PELIGRO, LUEGO DEL ACCIDENTE CON SU CAMIONETA QUE COBR\u00d3 DOS V\u00cdCTIMAS FATALES","author":"Alejandro Sosa Ruda","date":"20 julio, 2019","format":false,"excerpt":"La camioneta era conducida por el cantante, quien se encuentra en estado de shock. Se dirig\u00eda hacia la costa atl\u00e1ntica con cuatro personas a bordo, y la polic\u00eda investiga las causas del tr\u00e1gico accidente que ocurri\u00f3 a la altura de Dolores. El cantante de cumbia, Ruben \u201cel Pepo\u201d Casti\u00f1eiras, sufri\u00f3\u2026","rel":"","context":"En \u00abINTERES GENERAL\u00bb","block_context":{"text":"INTERES GENERAL","link":"https:\/\/larevistadigital.com.ar\/blog\/category\/interes-general\/"},"img":{"alt_text":"","src":"https:\/\/i0.wp.com\/larevistadigital.com.ar\/blog\/wp-content\/uploads\/pepo.jpg?fit=1140%2C641&ssl=1&resize=350%2C200","width":350,"height":200,"srcset":"https:\/\/i0.wp.com\/larevistadigital.com.ar\/blog\/wp-content\/uploads\/pepo.jpg?fit=1140%2C641&ssl=1&resize=350%2C200 1x, https:\/\/i0.wp.com\/larevistadigital.com.ar\/blog\/wp-content\/uploads\/pepo.jpg?fit=1140%2C641&ssl=1&resize=525%2C300 1.5x, https:\/\/i0.wp.com\/larevistadigital.com.ar\/blog\/wp-content\/uploads\/pepo.jpg?fit=1140%2C641&ssl=1&resize=700%2C400 2x, https:\/\/i0.wp.com\/larevistadigital.com.ar\/blog\/wp-content\/uploads\/pepo.jpg?fit=1140%2C641&ssl=1&resize=1050%2C600 3x"},"classes":[]},{"id":11585,"url":"https:\/\/larevistadigital.com.ar\/blog\/dolores-el-alta-medica-del-pepo-sigue-dando-que-hablar\/","url_meta":{"origin":29320,"position":1},"title":"DOLORES: EL ALTA M\u00c9DICA DEL \u00abPEPO\u00bb, SIGUE DANDO QUE HABLAR","author":"Alejandro Sosa Ruda","date":"28 julio, 2019","format":false,"excerpt":"El alta m\u00e9dica del cantante Rub\u00e9n Dar\u00edo \u201cEl Pepo\u201d Casti\u00f1eiras, detenido por su presunta responsabilidad penal en el accidente de la Ruta 63 donde fallecieran dos personas, sigue dando que hablar, porque un c\u00famulo de sospechas ronda las \u00faltimas dolencias que dice padecer. En principio este jueves, luego que recibiera\u2026","rel":"","context":"En \u00abDOLORES\u00bb","block_context":{"text":"DOLORES","link":"https:\/\/larevistadigital.com.ar\/blog\/category\/dolores\/"},"img":{"alt_text":"","src":"https:\/\/i0.wp.com\/larevistadigital.com.ar\/blog\/wp-content\/uploads\/Hospital-660x330.jpg?fit=660%2C330&ssl=1&resize=350%2C200","width":350,"height":200,"srcset":"https:\/\/i0.wp.com\/larevistadigital.com.ar\/blog\/wp-content\/uploads\/Hospital-660x330.jpg?fit=660%2C330&ssl=1&resize=350%2C200 1x, https:\/\/i0.wp.com\/larevistadigital.com.ar\/blog\/wp-content\/uploads\/Hospital-660x330.jpg?fit=660%2C330&ssl=1&resize=525%2C300 1.5x"},"classes":[]},{"id":11623,"url":"https:\/\/larevistadigital.com.ar\/blog\/el-pepo-sera-finalmente-trasladado-a-la-comisaria-1ra-de-chascomus\/","url_meta":{"origin":29320,"position":2},"title":"EL PEPO SER\u00c1 FINALMENTE TRASLADADO A LA COMISAR\u00cdA 1RA. DE CHASCOM\u00daS","author":"Alejandro Sosa Ruda","date":"30 julio, 2019","format":false,"excerpt":"Luego de varias idas y vueltas, el cantante de cumbia \"El Pepo\" ser\u00e1 trasladado a la comisar\u00eda de Chascom\u00fas. Recordemos que el cantante se encontraba internado en Dolores por problemas de salud que le hab\u00edan impedido ser trasladado d\u00edas atr\u00e1s, pero ahora recibi\u00f3 el alta, y aproximadamente a las 11\u2026","rel":"","context":"En \u00abDESTACADAS\u00bb","block_context":{"text":"DESTACADAS","link":"https:\/\/larevistadigital.com.ar\/blog\/category\/destacadas\/"},"img":{"alt_text":"","src":"https:\/\/i0.wp.com\/larevistadigital.com.ar\/blog\/wp-content\/uploads\/63891.jpg?fit=1200%2C674&ssl=1&resize=350%2C200","width":350,"height":200,"srcset":"https:\/\/i0.wp.com\/larevistadigital.com.ar\/blog\/wp-content\/uploads\/63891.jpg?fit=1200%2C674&ssl=1&resize=350%2C200 1x, https:\/\/i0.wp.com\/larevistadigital.com.ar\/blog\/wp-content\/uploads\/63891.jpg?fit=1200%2C674&ssl=1&resize=525%2C300 1.5x, https:\/\/i0.wp.com\/larevistadigital.com.ar\/blog\/wp-content\/uploads\/63891.jpg?fit=1200%2C674&ssl=1&resize=700%2C400 2x, https:\/\/i0.wp.com\/larevistadigital.com.ar\/blog\/wp-content\/uploads\/63891.jpg?fit=1200%2C674&ssl=1&resize=1050%2C600 3x"},"classes":[]},{"id":11499,"url":"https:\/\/larevistadigital.com.ar\/blog\/el-pepo-a-punto-de-ser-trasladado-a-la-comisaria-de-chascomus\/","url_meta":{"origin":29320,"position":3},"title":"\u00abEL PEPO\u00bb A PUNTO DE SER TRASLADADO A LA COMISAR\u00cdA DE CHASCOM\u00daS","author":"Alejandro Sosa Ruda","date":"25 julio, 2019","format":false,"excerpt":"El cantante de cumbia\u00a0\"El Pepo\"\u00a0iba a ser trasladado este jueves a la Comisar\u00eda 1ra de Chascom\u00fas, pero\u00a0un cuadro de hipertensi\u00f3n oblig\u00f3 a que permanezca al menos un d\u00eda m\u00e1s en el Hospital San Roque de Dolores, seg\u00fan informaron fuentes judiciales y policiales. Estaba todo dado para que los m\u00e9dicos firmen\u2026","rel":"","context":"En \u00abINTERES GENERAL\u00bb","block_context":{"text":"INTERES GENERAL","link":"https:\/\/larevistadigital.com.ar\/blog\/category\/interes-general\/"},"img":{"alt_text":"","src":"https:\/\/i0.wp.com\/larevistadigital.com.ar\/blog\/wp-content\/uploads\/tmb1_pepo-se-encuentra-siendo-investigado-accidente-termino-dos-muertes-foto-tomada-de-instagramcom-rubendariocastineiras-813192-201117.jpg?fit=641%2C363&ssl=1&resize=350%2C200","width":350,"height":200,"srcset":"https:\/\/i0.wp.com\/larevistadigital.com.ar\/blog\/wp-content\/uploads\/tmb1_pepo-se-encuentra-siendo-investigado-accidente-termino-dos-muertes-foto-tomada-de-instagramcom-rubendariocastineiras-813192-201117.jpg?fit=641%2C363&ssl=1&resize=350%2C200 1x, https:\/\/i0.wp.com\/larevistadigital.com.ar\/blog\/wp-content\/uploads\/tmb1_pepo-se-encuentra-siendo-investigado-accidente-termino-dos-muertes-foto-tomada-de-instagramcom-rubendariocastineiras-813192-201117.jpg?fit=641%2C363&ssl=1&resize=525%2C300 1.5x"},"classes":[]},{"id":22576,"url":"https:\/\/larevistadigital.com.ar\/blog\/condenaron-a-el-pepo-a-tres-anos-y-nueve-meses-de-prision-por-el-accidente-fatal-que-protagonizo-en-la-ruta-63\/","url_meta":{"origin":29320,"position":4},"title":"CONDENARON A \u00abEL PEPO\u00bb A TRES A\u00d1OS Y NUEVE MESES DE PRISI\u00d3N POR EL ACCIDENTE FATAL QUE PROTAGONIZ\u00d3 EN LA RUTA 63","author":"Alejandro Sosa Ruda","date":"4 noviembre, 2021","format":false,"excerpt":"La sentencia se dio a conocer luego de que las partes acordaran un juicio abreviado. El cantante estaba imputado en la causa por homicidio culposo agravado. DOLORES -\u00a0 El popular cantante Rub\u00e9n Casti\u00f1eiras, conocido como\u00a0El Pepo, fue condenado a\u00a0cuatro a\u00f1os y nueve meses de prisi\u00f3n\u00a0en el marco de una causa\u2026","rel":"","context":"En \u00abINTERES GENERAL\u00bb","block_context":{"text":"INTERES GENERAL","link":"https:\/\/larevistadigital.com.ar\/blog\/category\/interes-general\/"},"img":{"alt_text":"","src":"https:\/\/i0.wp.com\/larevistadigital.com.ar\/blog\/wp-content\/uploads\/0108b3aaaa8a74f17140f615a2bf186053e74cfd.jpg?fit=1140%2C759&ssl=1&resize=350%2C200","width":350,"height":200,"srcset":"https:\/\/i0.wp.com\/larevistadigital.com.ar\/blog\/wp-content\/uploads\/0108b3aaaa8a74f17140f615a2bf186053e74cfd.jpg?fit=1140%2C759&ssl=1&resize=350%2C200 1x, https:\/\/i0.wp.com\/larevistadigital.com.ar\/blog\/wp-content\/uploads\/0108b3aaaa8a74f17140f615a2bf186053e74cfd.jpg?fit=1140%2C759&ssl=1&resize=525%2C300 1.5x, https:\/\/i0.wp.com\/larevistadigital.com.ar\/blog\/wp-content\/uploads\/0108b3aaaa8a74f17140f615a2bf186053e74cfd.jpg?fit=1140%2C759&ssl=1&resize=700%2C400 2x, https:\/\/i0.wp.com\/larevistadigital.com.ar\/blog\/wp-content\/uploads\/0108b3aaaa8a74f17140f615a2bf186053e74cfd.jpg?fit=1140%2C759&ssl=1&resize=1050%2C600 3x"},"classes":[]},{"id":11633,"url":"https:\/\/larevistadigital.com.ar\/blog\/chascomus-llego-el-pepo-a-la-comisaria-1ra-y-algunos-fueron-a-recibirlo-con-cantitos-y-aplausos\/","url_meta":{"origin":29320,"position":5},"title":"CHASCOM\u00daS: LLEG\u00d3 \u00abEL PEPO\u00bb A LA COMISAR\u00cdA 1RA. Y ALGUNOS FUERON A \u00abRECIBIRLO\u00bb CON CANTITOS Y APLAUSOS","author":"Alejandro Sosa Ruda","date":"31 julio, 2019","format":false,"excerpt":"Rub\u00e9n Casti\u00f1eiras fue dado de alta y qued\u00f3 detenido en la comisar\u00eda primera de Chascom\u00fas. El jueves se conocer\u00e1n los resultados de las pericias toxicol\u00f3gicas en la causa en que se lo investiga por doble homicidio culposo tras un accidente. Rub\u00e9n Dar\u00edo \"El Pepo\" Casti\u00f1eiras arrib\u00f3 esta ma\u00f1ana a Chascom\u00fas,\u2026","rel":"","context":"En \u00abDESTACADAS\u00bb","block_context":{"text":"DESTACADAS","link":"https:\/\/larevistadigital.com.ar\/blog\/category\/destacadas\/"},"img":{"alt_text":"","src":"https:\/\/i0.wp.com\/larevistadigital.com.ar\/blog\/wp-content\/uploads\/Screenshot_3-11.jpg?fit=843%2C473&ssl=1&resize=350%2C200","width":350,"height":200,"srcset":"https:\/\/i0.wp.com\/larevistadigital.com.ar\/blog\/wp-content\/uploads\/Screenshot_3-11.jpg?fit=843%2C473&ssl=1&resize=350%2C200 1x, https:\/\/i0.wp.com\/larevistadigital.com.ar\/blog\/wp-content\/uploads\/Screenshot_3-11.jpg?fit=843%2C473&ssl=1&resize=525%2C300 1.5x, https:\/\/i0.wp.com\/larevistadigital.com.ar\/blog\/wp-content\/uploads\/Screenshot_3-11.jpg?fit=843%2C473&ssl=1&resize=700%2C400 2x"},"classes":[]}],"_links":{"self":[{"href":"https:\/\/larevistadigital.com.ar\/blog\/wp-json\/wp\/v2\/posts\/29320","targetHints":{"allow":["GET"]}}],"collection":[{"href":"https:\/\/larevistadigital.com.ar\/blog\/wp-json\/wp\/v2\/posts"}],"about":[{"href":"https:\/\/larevistadigital.com.ar\/blog\/wp-json\/wp\/v2\/types\/post"}],"author":[{"embeddable":true,"href":"https:\/\/larevistadigital.com.ar\/blog\/wp-json\/wp\/v2\/users\/3"}],"replies":[{"embeddable":true,"href":"https:\/\/larevistadigital.com.ar\/blog\/wp-json\/wp\/v2\/comments?post=29320"}],"version-history":[{"count":1,"href":"https:\/\/larevistadigital.com.ar\/blog\/wp-json\/wp\/v2\/posts\/29320\/revisions"}],"predecessor-version":[{"id":29322,"href":"https:\/\/larevistadigital.com.ar\/blog\/wp-json\/wp\/v2\/posts\/29320\/revisions\/29322"}],"wp:featuredmedia":[{"embeddable":true,"href":"https:\/\/larevistadigital.com.ar\/blog\/wp-json\/wp\/v2\/media\/29321"}],"wp:attachment":[{"href":"https:\/\/larevistadigital.com.ar\/blog\/wp-json\/wp\/v2\/media?parent=29320"}],"wp:term":[{"taxonomy":"category","embeddable":true,"href":"https:\/\/larevistadigital.com.ar\/blog\/wp-json\/wp\/v2\/categories?post=29320"},{"taxonomy":"post_tag","embeddable":true,"href":"https:\/\/larevistadigital.com.ar\/blog\/wp-json\/wp\/v2\/tags?post=29320"}],"curies":[{"name":"wp","href":"https:\/\/api.w.org\/{rel}","templated":true}]}}