{"id":29323,"date":"2022-12-08T17:30:02","date_gmt":"2022-12-08T17:30:02","guid":{"rendered":"https:\/\/larevistadigital.com.ar\/blog\/?p=29323"},"modified":"2022-12-08T18:06:50","modified_gmt":"2022-12-08T18:06:50","slug":"murio-pinky-a-los-87-anos-icono-de-la-tv-argentina","status":"publish","type":"post","link":"https:\/\/larevistadigital.com.ar\/blog\/murio-pinky-a-los-87-anos-icono-de-la-tv-argentina\/","title":{"rendered":"MURI\u00d3 PINKY A LOS 87 A\u00d1OS. \u00cdCONO DE LA TV ARGENTINA."},"content":{"rendered":"<h2>Seg\u00fan el parte policial, el deceso se produjo este jueves a las 12.08 del mediod\u00eda. Falleci\u00f3 en su casa de Rep\u00fablica \u00c1rabe de Siria al 2800 acompa\u00f1ada de su hijo, que fue quien llam\u00f3 al 911.<\/h2>\n<p>8 de diciembre de 2022<\/p>\n<div class=\"owl-carousel-imagenes-nota-ampliada owl-theme owl-loaded owl-drag\">\n<div class=\"owl-stage-outer owl-height\">\n<div class=\"owl-stage\">\n<div class=\"owl-item active\">\n<div class=\"item\">\n<div class=\"img\"><strong>Lidia Satragno<\/strong>, m\u00e1s conocida como \u201cPinky\u201d, falleci\u00f3 al mediod\u00eda de este jueves en la ciudad de Buenos Aires.<\/div>\n<\/div>\n<\/div>\n<\/div>\n<\/div>\n<\/div>\n<div id=\"cuerpo-nota\">\n<blockquote>\n<h3>Seg\u00fan el parte policial, el deceso se produjo a 12.08. Un llamado de su hijo al 911 alert\u00f3 sobre la situaci\u00f3n.<\/h3>\n<\/blockquote>\n<p>Seg\u00fan sus allegados, la salud de este \u00edcono de la radio y la televisi\u00f3n argentina hab\u00eda comenzado a desmejorar en la pandemia.<\/p>\n<blockquote>\n<h3>Uno de los momentos m\u00e1s emblem\u00e1ticos de su carrera fue cuando le dio la \u00abbienvenida\u00bb a la televisi\u00f3n a color en Argentina.<\/h3>\n<\/blockquote>\n<p><em><strong>\u201cEstoy aqu\u00ed para despedir a una vieja amiga. Tengo que decirle adi\u00f3s a la televisi\u00f3n en blanco y negro\u201d<\/strong><\/em> dijo aquel 1 de mayo de 1980.<\/p>\n<p>Ante la atenta mirada de miles de televidentes, apareci\u00f3 flameante la bandera argentina con sus colores celeste y blanco.<\/p>\n<\/div>\n","protected":false},"excerpt":{"rendered":"<div class=\"mh-excerpt\"><p>Seg\u00fan el parte policial, el deceso se produjo este jueves a las 12.08 del mediod\u00eda. Falleci\u00f3 en su casa de Rep\u00fablica \u00c1rabe de Siria al 2800 acompa\u00f1ada de su hijo, que fue quien llam\u00f3 al <a class=\"mh-excerpt-more\" href=\"https:\/\/larevistadigital.com.ar\/blog\/murio-pinky-a-los-87-anos-icono-de-la-tv-argentina\/\" title=\"MURI\u00d3 PINKY A LOS 87 A\u00d1OS. \u00cdCONO DE LA TV ARGENTINA.\">[Leer M\u00e1s]<\/a><\/p>\n<\/div>","protected":false},"author":3,"featured_media":29324,"comment_status":"open","ping_status":"open","sticky":false,"template":"","format":"standard","meta":{"_jetpack_memberships_contains_paid_content":false,"footnotes":"","jetpack_publicize_message":"","jetpack_publicize_feature_enabled":true,"jetpack_social_post_already_shared":true,"jetpack_social_options":{"image_generator_settings":{"template":"highway","default_image_id":0,"font":"","enabled":false},"version":2}},"categories":[50],"tags":[],"class_list":{"0":"post-29323","1":"post","2":"type-post","3":"status-publish","4":"format-standard","5":"has-post-thumbnail","7":"category-interes-general"},"jetpack_publicize_connections":[],"jetpack_featured_media_url":"https:\/\/i0.wp.com\/larevistadigital.com.ar\/blog\/wp-content\/uploads\/lg.jpg?fit=1200%2C675&ssl=1","jetpack_sharing_enabled":true,"jetpack_shortlink":"https:\/\/wp.me\/p8qtrQ-7CX","jetpack-related-posts":[{"id":11496,"url":"https:\/\/larevistadigital.com.ar\/blog\/pareja-fallecio-por-inhalar-monoxido-de-carbono\/","url_meta":{"origin":29323,"position":0},"title":"PAREJA FALLECI\u00d3 POR INHALAR MON\u00d3XIDO DE CARBONO","author":"Alejandro Sosa Ruda","date":"25 julio, 2019","format":false,"excerpt":"Una pareja muri\u00f3 en horas de la ma\u00f1ana de este jueves en su casa ubicada en el barrio Libertad de la ciudad de Mar del Plata, como consecuencia de haber inhalado mon\u00f3xido de carbono. El tr\u00e1gico episodio se registr\u00f3 en un domicilio que se encuentra sobre la calle Necochea al\u2026","rel":"","context":"En \u00abREGIONALES\u00bb","block_context":{"text":"REGIONALES","link":"https:\/\/larevistadigital.com.ar\/blog\/category\/regionales\/"},"img":{"alt_text":"","src":"https:\/\/i0.wp.com\/larevistadigital.com.ar\/blog\/wp-content\/uploads\/1468595231694.jpg?fit=800%2C530&ssl=1&resize=350%2C200","width":350,"height":200,"srcset":"https:\/\/i0.wp.com\/larevistadigital.com.ar\/blog\/wp-content\/uploads\/1468595231694.jpg?fit=800%2C530&ssl=1&resize=350%2C200 1x, https:\/\/i0.wp.com\/larevistadigital.com.ar\/blog\/wp-content\/uploads\/1468595231694.jpg?fit=800%2C530&ssl=1&resize=525%2C300 1.5x, https:\/\/i0.wp.com\/larevistadigital.com.ar\/blog\/wp-content\/uploads\/1468595231694.jpg?fit=800%2C530&ssl=1&resize=700%2C400 2x"},"classes":[]},{"id":27774,"url":"https:\/\/larevistadigital.com.ar\/blog\/mar-del-plata-mato-a-su-madre-y-abuelo-e-hirio-a-su-abuela\/","url_meta":{"origin":29323,"position":1},"title":"MAR DEL PLATA: MAT\u00d3 A SU MADRE Y ABUELO, E HIRI\u00d3 A SU ABUELA","author":"Alejandro Sosa Ruda","date":"15 septiembre, 2022","format":false,"excerpt":"El autor de los hechos es un joven de 18 a\u00f1os intent\u00f3 huir por lo techos de la vivienda pero fue aprehendido por efectivos de la comisar\u00eda cuarta. 15 de septiembre de 2022 MAR DEL PLATA -\u00a0 Una mujer de 36 a\u00f1os falleci\u00f3 este mediod\u00eda producto de varias heridas de\u2026","rel":"","context":"En \u00abPOLICIALES\u00bb","block_context":{"text":"POLICIALES","link":"https:\/\/larevistadigital.com.ar\/blog\/category\/policiales\/"},"img":{"alt_text":"","src":"https:\/\/i0.wp.com\/larevistadigital.com.ar\/blog\/wp-content\/uploads\/2018\/03\/Policia-allanamiento-noche.jpg?fit=777%2C498&ssl=1&resize=350%2C200","width":350,"height":200,"srcset":"https:\/\/i0.wp.com\/larevistadigital.com.ar\/blog\/wp-content\/uploads\/2018\/03\/Policia-allanamiento-noche.jpg?fit=777%2C498&ssl=1&resize=350%2C200 1x, https:\/\/i0.wp.com\/larevistadigital.com.ar\/blog\/wp-content\/uploads\/2018\/03\/Policia-allanamiento-noche.jpg?fit=777%2C498&ssl=1&resize=525%2C300 1.5x, https:\/\/i0.wp.com\/larevistadigital.com.ar\/blog\/wp-content\/uploads\/2018\/03\/Policia-allanamiento-noche.jpg?fit=777%2C498&ssl=1&resize=700%2C400 2x"},"classes":[]},{"id":8693,"url":"https:\/\/larevistadigital.com.ar\/blog\/chascomus-un-hombre-fallecido-hace-dias-fue-encontrado-por-su-hijo-se-averiguan-las-causas-del-deceso\/","url_meta":{"origin":29323,"position":2},"title":"CHASCOM\u00daS: UN HOMBRE FALLECIDO HACE D\u00cdAS FUE ENCONTRADO POR SU HIJO. SE AVERIGUAN LAS CAUSAS DEL DECESO","author":"Alejandro Sosa Ruda","date":"24 febrero, 2019","format":false,"excerpt":"Se recibi\u00f3 un llamado al 911 por parte del hijo de Rub\u00e9n Ismael Fontana de 65 a\u00f1os de edad ya que lo hab\u00eda encontrado sin vida. Por\u00a0 ese motivo, acude al lugar Ocio de cuadr\u00edcula y una ambulancia de hospital certificando el deceso el cual llevaba unos d\u00edas por el\u2026","rel":"","context":"En \u00abPOLICIALES\u00bb","block_context":{"text":"POLICIALES","link":"https:\/\/larevistadigital.com.ar\/blog\/category\/policiales\/"},"img":{"alt_text":"","src":"https:\/\/i0.wp.com\/larevistadigital.com.ar\/blog\/wp-content\/uploads\/2017\/10\/CRESP%C3%93N-NEGRO.jpg?fit=900%2C900&ssl=1&resize=350%2C200","width":350,"height":200,"srcset":"https:\/\/i0.wp.com\/larevistadigital.com.ar\/blog\/wp-content\/uploads\/2017\/10\/CRESP%C3%93N-NEGRO.jpg?fit=900%2C900&ssl=1&resize=350%2C200 1x, https:\/\/i0.wp.com\/larevistadigital.com.ar\/blog\/wp-content\/uploads\/2017\/10\/CRESP%C3%93N-NEGRO.jpg?fit=900%2C900&ssl=1&resize=525%2C300 1.5x, https:\/\/i0.wp.com\/larevistadigital.com.ar\/blog\/wp-content\/uploads\/2017\/10\/CRESP%C3%93N-NEGRO.jpg?fit=900%2C900&ssl=1&resize=700%2C400 2x"},"classes":[]},{"id":42892,"url":"https:\/\/larevistadigital.com.ar\/blog\/murio-hector-alterio-una-leyenda-del-cine-y-el-teatro-argentino\/","url_meta":{"origin":29323,"position":3},"title":"Muri\u00f3 H\u00e9ctor Alterio, una leyenda del cine y el teatro argentino","author":"Alejandro Sosa Ruda","date":"13 diciembre, 2025","format":false,"excerpt":"El reconocido actor H\u00e9ctor Alterio falleci\u00f3 a los 96 a\u00f1os. Con m\u00e1s de 150 pel\u00edculas, una trayectoria internacional y frases que quedaron grabadas en la memoria colectiva, fue una de las figuras m\u00e1s influyentes de la cultura argentina del \u00faltimo siglo. 13 de Diciembre de 2025 El actor H\u00e9ctor Alterio\u2026","rel":"","context":"En \u00abINTERES GENERAL\u00bb","block_context":{"text":"INTERES GENERAL","link":"https:\/\/larevistadigital.com.ar\/blog\/category\/interes-general\/"},"img":{"alt_text":"","src":"https:\/\/i0.wp.com\/larevistadigital.com.ar\/blog\/wp-content\/uploads\/Captura-de-pantalla-2025-12-13-145839.jpg?fit=587%2C494&ssl=1&resize=350%2C200","width":350,"height":200,"srcset":"https:\/\/i0.wp.com\/larevistadigital.com.ar\/blog\/wp-content\/uploads\/Captura-de-pantalla-2025-12-13-145839.jpg?fit=587%2C494&ssl=1&resize=350%2C200 1x, https:\/\/i0.wp.com\/larevistadigital.com.ar\/blog\/wp-content\/uploads\/Captura-de-pantalla-2025-12-13-145839.jpg?fit=587%2C494&ssl=1&resize=525%2C300 1.5x"},"classes":[]},{"id":16983,"url":"https:\/\/larevistadigital.com.ar\/blog\/murio-raul-portal-creativo-innovador-y-creador-de-los-programas-de-archivo\/","url_meta":{"origin":29323,"position":4},"title":"MURI\u00d3 RA\u00daL PORTAL. CREATIVO, INNOVADOR Y CREADOR DE LOS PROGRAMAS DE ARCHIVO","author":"Alejandro Sosa Ruda","date":"14 octubre, 2020","format":false,"excerpt":"El espect\u00e1culo recibi\u00f3 hoy la triste noticia del fallecimiento de Ra\u00fal Portal. Un hombre sin dudas altamente creativo que dej\u00f3 su marca en la televisi\u00f3n del pa\u00eds, conformando y conduciendo ciclos que quedaron en la historia, como por ejemplo el recordado PNP (Perdona nuestros pecados) que fue el primer programa\u2026","rel":"","context":"En \u00abCULTURA\u00bb","block_context":{"text":"CULTURA","link":"https:\/\/larevistadigital.com.ar\/blog\/category\/cultura\/"},"img":{"alt_text":"","src":"https:\/\/i0.wp.com\/larevistadigital.com.ar\/blog\/wp-content\/uploads\/portal.jpg?fit=1200%2C720&ssl=1&resize=350%2C200","width":350,"height":200,"srcset":"https:\/\/i0.wp.com\/larevistadigital.com.ar\/blog\/wp-content\/uploads\/portal.jpg?fit=1200%2C720&ssl=1&resize=350%2C200 1x, https:\/\/i0.wp.com\/larevistadigital.com.ar\/blog\/wp-content\/uploads\/portal.jpg?fit=1200%2C720&ssl=1&resize=525%2C300 1.5x, https:\/\/i0.wp.com\/larevistadigital.com.ar\/blog\/wp-content\/uploads\/portal.jpg?fit=1200%2C720&ssl=1&resize=700%2C400 2x, https:\/\/i0.wp.com\/larevistadigital.com.ar\/blog\/wp-content\/uploads\/portal.jpg?fit=1200%2C720&ssl=1&resize=1050%2C600 3x"},"classes":[]},{"id":42282,"url":"https:\/\/larevistadigital.com.ar\/blog\/san-bernardo-hallaron-sin-vida-a-una-mujer-su-hijo-habria-convivido-con-el-cuerpo-durante-varios-dias\/","url_meta":{"origin":29323,"position":5},"title":"San Bernardo: Hallaron sin vida a una mujer su hijo habr\u00eda convivido con el cuerpo durante varios d\u00edas","author":"Alejandro Sosa Ruda","date":"29 octubre, 2025","format":false,"excerpt":"El impactante hallazgo ocurri\u00f3 en un departamento del Partido de La Costa. La mujer, de 82 a\u00f1os, fue encontrada en avanzado estado de descomposici\u00f3n. Su hijo, con presuntos problemas de salud mental, estaba en el lugar. 29 de Octubre 2025 Una mujer de 82 a\u00f1os fue encontrada sin vida dentro\u2026","rel":"","context":"En \u00abPOLICIALES\u00bb","block_context":{"text":"POLICIALES","link":"https:\/\/larevistadigital.com.ar\/blog\/category\/policiales\/"},"img":{"alt_text":"","src":"https:\/\/i0.wp.com\/larevistadigital.com.ar\/blog\/wp-content\/uploads\/1620734310362-1.jpg?fit=1200%2C594&ssl=1&resize=350%2C200","width":350,"height":200,"srcset":"https:\/\/i0.wp.com\/larevistadigital.com.ar\/blog\/wp-content\/uploads\/1620734310362-1.jpg?fit=1200%2C594&ssl=1&resize=350%2C200 1x, https:\/\/i0.wp.com\/larevistadigital.com.ar\/blog\/wp-content\/uploads\/1620734310362-1.jpg?fit=1200%2C594&ssl=1&resize=525%2C300 1.5x, https:\/\/i0.wp.com\/larevistadigital.com.ar\/blog\/wp-content\/uploads\/1620734310362-1.jpg?fit=1200%2C594&ssl=1&resize=700%2C400 2x, https:\/\/i0.wp.com\/larevistadigital.com.ar\/blog\/wp-content\/uploads\/1620734310362-1.jpg?fit=1200%2C594&ssl=1&resize=1050%2C600 3x"},"classes":[]}],"_links":{"self":[{"href":"https:\/\/larevistadigital.com.ar\/blog\/wp-json\/wp\/v2\/posts\/29323","targetHints":{"allow":["GET"]}}],"collection":[{"href":"https:\/\/larevistadigital.com.ar\/blog\/wp-json\/wp\/v2\/posts"}],"about":[{"href":"https:\/\/larevistadigital.com.ar\/blog\/wp-json\/wp\/v2\/types\/post"}],"author":[{"embeddable":true,"href":"https:\/\/larevistadigital.com.ar\/blog\/wp-json\/wp\/v2\/users\/3"}],"replies":[{"embeddable":true,"href":"https:\/\/larevistadigital.com.ar\/blog\/wp-json\/wp\/v2\/comments?post=29323"}],"version-history":[{"count":1,"href":"https:\/\/larevistadigital.com.ar\/blog\/wp-json\/wp\/v2\/posts\/29323\/revisions"}],"predecessor-version":[{"id":29325,"href":"https:\/\/larevistadigital.com.ar\/blog\/wp-json\/wp\/v2\/posts\/29323\/revisions\/29325"}],"wp:featuredmedia":[{"embeddable":true,"href":"https:\/\/larevistadigital.com.ar\/blog\/wp-json\/wp\/v2\/media\/29324"}],"wp:attachment":[{"href":"https:\/\/larevistadigital.com.ar\/blog\/wp-json\/wp\/v2\/media?parent=29323"}],"wp:term":[{"taxonomy":"category","embeddable":true,"href":"https:\/\/larevistadigital.com.ar\/blog\/wp-json\/wp\/v2\/categories?post=29323"},{"taxonomy":"post_tag","embeddable":true,"href":"https:\/\/larevistadigital.com.ar\/blog\/wp-json\/wp\/v2\/tags?post=29323"}],"curies":[{"name":"wp","href":"https:\/\/api.w.org\/{rel}","templated":true}]}}