{"id":29326,"date":"2022-12-08T18:06:15","date_gmt":"2022-12-08T18:06:15","guid":{"rendered":"https:\/\/larevistadigital.com.ar\/blog\/?p=29326"},"modified":"2022-12-08T18:06:15","modified_gmt":"2022-12-08T18:06:15","slug":"sala-de-pediatria-muchos-interrogantes-ninguna-respuesta-por-gustavo-lopez","status":"publish","type":"post","link":"https:\/\/larevistadigital.com.ar\/blog\/sala-de-pediatria-muchos-interrogantes-ninguna-respuesta-por-gustavo-lopez\/","title":{"rendered":"SALA DE PEDIATRIA: MUCHOS INTERROGANTES, NINGUNA RESPUESTA (Por Gustavo L\u00f3pez)"},"content":{"rendered":"<div class=\"x11i5rnm xat24cr x1mh8g0r x1vvkbs xtlvy1s x126k92a\">\n<h2 dir=\"auto\">El dirigente radical chascomunense hizo una nota de opini\u00f3n en sus redes, que nos pareci\u00f3 importante compartir, por lo que a continuaci\u00f3n se publica&#8230;<\/h2>\n<p>8 de diciembre de 2022<\/p>\n<div dir=\"auto\">En junio del corriente a\u00f1o, se aprueba en el Honorable Concejo Deliberante (HCD) una solicitud de informes sobre la construcci\u00f3n de Sala de Pediatr\u00eda (Sala de Internaci\u00f3n Pedi\u00e1trica y Maternidad del Hospital San Vicente de Paul), conteniendo distintos aspectos y valores del avance de obra, anticipos financieros, re determinaciones de precios entre otras cuestiones no aclaradas por la actual administraci\u00f3n.<\/div>\n<div dir=\"auto\"><\/div>\n<\/div>\n<div class=\"x11i5rnm xat24cr x1mh8g0r x1vvkbs xtlvy1s x126k92a\">\n<div dir=\"auto\">La mencionada obra sin concluir se licit\u00f3 en ENERO del 2018 por una suma de $ 27.985.658 y se adjudic\u00f3 el 06\/18 a la empresa PYPSA S.A por $ 38.946.911. La suma ofertada y aceptada por la Municipalidad de Chascom\u00fas super\u00f3 en un 39,17 % el presupuesto oficial, lo que implicar\u00eda una ilegalidad manifiesta.<\/div>\n<div dir=\"auto\">Esto es as\u00ed ya que la Ley Org\u00e1nica Municipal en su art\u00edculo 146 s\u00f3lo permite adjudicar obras siempre y cuando el monto ofertado no supere el presupuesto oficial en m\u00e1s de un 20%.<\/div>\n<div dir=\"auto\"><\/div>\n<\/div>\n<div class=\"x11i5rnm xat24cr x1mh8g0r x1vvkbs xtlvy1s x126k92a\">\n<div dir=\"auto\">Que la obra es necesaria, nadie lo discute. Como tampoco se discute que en casos de irregularidades manifiestas como la mencionada debe actuar de inmediato -de oficio- el organismo de control: el Honorable Tribunal de Cuentas (HTC).<\/div>\n<div dir=\"auto\"><\/div>\n<div dir=\"auto\">Desconozco de la intervenci\u00f3n del organismo de control mencionado, pero sin dudas si se informara verazmente le dar\u00eda la transparencia necesaria a este proceso.<\/div>\n<div dir=\"auto\"><\/div>\n<\/div>\n<div class=\"x11i5rnm xat24cr x1mh8g0r x1vvkbs xtlvy1s x126k92a\">\n<div dir=\"auto\">Ahora bien, si analizamos las sumas licitadas, ofertadas y los ajustes de precio llegamos a la siguiente situaci\u00f3n:<\/div>\n<div dir=\"auto\">Las sumas abonadas hasta 12\/19 a PYPSA S.A ($ 55.045.332) superan en un 96,72 % la licitaci\u00f3n oficial de $ 27.985.658. Incre\u00edble pero lamentablemente real.<\/div>\n<div dir=\"auto\"><\/div>\n<\/div>\n<div class=\"x11i5rnm xat24cr x1mh8g0r x1vvkbs xtlvy1s x126k92a\">\n<div dir=\"auto\">Ante una \u00abSala de Pediatr\u00eda\u00bb no concluida, que comenz\u00f3 a generar dudas en su ejecuci\u00f3n y una aparente falta de transparencia en la aplicaci\u00f3n de los recursos y, en su momento, tambi\u00e9n debe destacarse que existi\u00f3 un auxilio financiero de Naci\u00f3n -a trav\u00e9s del Ministerio de Obras P\u00fablicas- con un aporte de $ 89.259.808.<\/div>\n<div dir=\"auto\"><\/div>\n<div dir=\"auto\">\u00bfSaben a qui\u00e9n se adjudic\u00f3 la continuaci\u00f3n de la obra?. A la empresa PYPSA S.A, que seg\u00fan informaci\u00f3n no oficial del HCD se excedi\u00f3 en los plazos de ejecuci\u00f3n e incumpli\u00f3 acuerdos contractuales. Asimismo, es de destacar que PYPSA S.A tiene domicilio en la ciudad de La Plata y supuestamente est\u00e1 ligada a grupos de poder del oficialismo.<\/div>\n<div dir=\"auto\"><\/div>\n<div dir=\"auto\">Dos adjudicaciones a la misma empresa y al presente la Sala de Pediatr\u00eda se encuentra inconclusa: \u00bfEs una situaci\u00f3n institucional normal?. Obviamente que no.<\/div>\n<div dir=\"auto\"><\/div>\n<\/div>\n<div class=\"x11i5rnm xat24cr x1mh8g0r x1vvkbs xtlvy1s x126k92a\">\n<div dir=\"auto\">En di\u00e1logo con la prensa hace largo tiempo la Secretaria de Salud, Dra. Marcela Arias, manifest\u00f3: \u201cEn este momento estamos en la \u00faltima etapa. Se estima que para Octubre (2021) la Sala de Maternidad y Pediatr\u00eda, podr\u00eda estar ya terminada\u201d. Transcurrido un a\u00f1o la obra sigue inconclusa.<\/div>\n<div dir=\"auto\">Inconclusa, siendo que a la fecha se han aplicado recursos por un monto de $ 154.110.494 (la suma se engrosar\u00eda si se contara con toda la informaci\u00f3n).<\/div>\n<div dir=\"auto\">Si convertimos a valor d\u00f3lar los importes aprobados a la fecha de adjudicaci\u00f3n de la obra a la empresa PYPSA S.A llegamos a suma de U$S 2.085.327 (Dos millones ochenta y cinco mil trescientos veintisiete d\u00f3lares estadounidenses).<\/div>\n<div dir=\"auto\"><\/div>\n<\/div>\n<div class=\"x11i5rnm xat24cr x1mh8g0r x1vvkbs xtlvy1s x126k92a\">\n<div dir=\"auto\"><strong>Todav\u00eda quedan muchas dudas e interrogantes sin resolver, a saber:<\/strong><\/div>\n<div dir=\"auto\"><\/div>\n<div dir=\"auto\">&#8211; \u00bfPor qu\u00e9 se adjudic\u00f3 la obra por encima del presupuesto oficial sin respetar lo determinado por la Ley Org\u00e1nica Municipal?;<\/div>\n<div dir=\"auto\">&#8211; \u00bfC\u00f3mo se aplicaron los recursos y se ejecuto la Obra No Concluida?;<\/div>\n<div dir=\"auto\">&#8211; \u00bfPor qu\u00e9 la Secretaria de Salud plante\u00f3 que la Sala se culminar\u00eda en octubre del a\u00f1o 2021 y ello nunca ocurri\u00f3?;<\/div>\n<div dir=\"auto\">&#8211; \u00bfPor qu\u00e9 las erogaciones de los ejercicios 2018 al 2022 ascienden a m\u00e1s de $ 154.110.494 superando el presupuesto original de $ 27.985.658 en un 450,67 %?;<\/div>\n<div dir=\"auto\">&#8211; \u00bfPor qu\u00e9 los decretos de re determinaciones o ajustes de costo no fueron firmados por el Secretario de Gobierno, quien entre otras cosas debe velar por la legalidad de los actos p\u00fablicos?;<\/div>\n<div dir=\"auto\">&#8211; \u00bfPor qu\u00e9 no fue contestada la comunicaci\u00f3n 3070\/C aprobada por el HCD solicitando informaci\u00f3n sobre an\u00e1lisis de precios, valor de avance de la Sala, intimaciones cursadas a la empresa PYPSA S.A., por demoras e incumplimientos contractuales, entre otras cuestiones?<\/div>\n<div dir=\"auto\"><\/div>\n<div dir=\"auto\">Estas y otras preguntas que se realizan en las mesas de caf\u00e9, clubes, reuniones familiares, en el \u00e1mbito municipal y, por supuesto en medios de comunicaci\u00f3n o partidos pol\u00edticos, deben ser esclarecidas mediante las denuncias pertinentes ante el Honorable Tribunal de Cuentas y\/o ante los organismos competentes en la materia, por ende activarse todas las instancias de investigaci\u00f3n con amparo en la necesaria legalidad.<\/div>\n<div dir=\"auto\"><\/div>\n<\/div>\n<div class=\"x11i5rnm xat24cr x1mh8g0r x1vvkbs xtlvy1s x126k92a\">\n<div dir=\"auto\">La salud es un derecho de raigambre constitucional, de acceso directo y universal a nuestros vecinos, sin informaci\u00f3n adecuada y veraz todos los interrogantes esgrimidos corren el velo de una gesti\u00f3n poco apegada al di\u00e1logo y a la transparencia de los actos de gobierno.<\/div>\n<\/div>\n","protected":false},"excerpt":{"rendered":"<div class=\"mh-excerpt\"><p>El dirigente radical chascomunense hizo una nota de opini\u00f3n en sus redes, que nos pareci\u00f3 importante compartir, por lo que a continuaci\u00f3n se publica&#8230; 8 de diciembre de 2022 En junio del corriente a\u00f1o, se <a class=\"mh-excerpt-more\" href=\"https:\/\/larevistadigital.com.ar\/blog\/sala-de-pediatria-muchos-interrogantes-ninguna-respuesta-por-gustavo-lopez\/\" title=\"SALA DE PEDIATRIA: MUCHOS INTERROGANTES, NINGUNA RESPUESTA (Por Gustavo L\u00f3pez)\">[Leer M\u00e1s]<\/a><\/p>\n<\/div>","protected":false},"author":3,"featured_media":29327,"comment_status":"open","ping_status":"open","sticky":false,"template":"","format":"standard","meta":{"_jetpack_memberships_contains_paid_content":false,"footnotes":"","jetpack_publicize_message":"","jetpack_publicize_feature_enabled":true,"jetpack_social_post_already_shared":true,"jetpack_social_options":{"image_generator_settings":{"template":"highway","default_image_id":0,"font":"","enabled":false},"version":2}},"categories":[41,50],"tags":[],"class_list":{"0":"post-29326","1":"post","2":"type-post","3":"status-publish","4":"format-standard","5":"has-post-thumbnail","7":"category-destacadas","8":"category-interes-general"},"jetpack_publicize_connections":[],"jetpack_featured_media_url":"https:\/\/i0.wp.com\/larevistadigital.com.ar\/blog\/wp-content\/uploads\/sala-pediatria.jpg?fit=843%2C843&ssl=1","jetpack_sharing_enabled":true,"jetpack_shortlink":"https:\/\/wp.me\/p8qtrQ-7D0","jetpack-related-posts":[{"id":30180,"url":"https:\/\/larevistadigital.com.ar\/blog\/sala-de-pediatria-jugando-a-las-escondidas-por-gustavo-lopez\/","url_meta":{"origin":29326,"position":0},"title":"SALA DE PEDIATRIA: \u00abJUGANDO A LAS ESCONDIDAS\u00bb (POR GUSTAVO L\u00d3PEZ","author":"Alejandro Sosa Ruda","date":"16 febrero, 2023","format":false,"excerpt":"El ex-sectario de gobierno hizo llegar esta nota que a continuaci\u00f3n reproducimos. Mediante Decreto N\u00ba 1034\/22 del 03\/11\/2022 el Gobierno Municipal pretende hacernos -forzadamente- jugar a las escondidas, y remontarnos por un instante a esa infancia donde los jugadores escogen un participante que va a ser el que busque a\u2026","rel":"","context":"En \u00abINTERES GENERAL\u00bb","block_context":{"text":"INTERES GENERAL","link":"https:\/\/larevistadigital.com.ar\/blog\/category\/interes-general\/"},"img":{"alt_text":"","src":"https:\/\/i0.wp.com\/larevistadigital.com.ar\/blog\/wp-content\/uploads\/226303984_3088848334728579_5315602216682501337_n-2.jpg?fit=800%2C529&ssl=1&resize=350%2C200","width":350,"height":200,"srcset":"https:\/\/i0.wp.com\/larevistadigital.com.ar\/blog\/wp-content\/uploads\/226303984_3088848334728579_5315602216682501337_n-2.jpg?fit=800%2C529&ssl=1&resize=350%2C200 1x, https:\/\/i0.wp.com\/larevistadigital.com.ar\/blog\/wp-content\/uploads\/226303984_3088848334728579_5315602216682501337_n-2.jpg?fit=800%2C529&ssl=1&resize=525%2C300 1.5x, https:\/\/i0.wp.com\/larevistadigital.com.ar\/blog\/wp-content\/uploads\/226303984_3088848334728579_5315602216682501337_n-2.jpg?fit=800%2C529&ssl=1&resize=700%2C400 2x"},"classes":[]},{"id":22323,"url":"https:\/\/larevistadigital.com.ar\/blog\/la-sala-de-pediatria-y-la-verdad-de-las-cosas\/","url_meta":{"origin":29326,"position":1},"title":"LA SALA DE PEDIATR\u00cdA, Y LA VERDAD DE LAS COSAS","author":"Alejandro Sosa Ruda","date":"11 octubre, 2021","format":false,"excerpt":"La dirigente y ex funcionaria, escribi\u00f3 y envi\u00f3 una reflexi\u00f3n, donde comenta lo que ocurri\u00f3 con la Sala de Pediatr\u00eda, y que a la fecha se cobr\u00f3 con creces, aunque no se ha finalizado, dici\u00e9ndole al gobierno municipal: \"No hace falta mostrar tan abiertamente el nerviosismo de la derrota\" Primero\u2026","rel":"","context":"En \u00abINTERES GENERAL\u00bb","block_context":{"text":"INTERES GENERAL","link":"https:\/\/larevistadigital.com.ar\/blog\/category\/interes-general\/"},"img":{"alt_text":"","src":"https:\/\/i0.wp.com\/larevistadigital.com.ar\/blog\/wp-content\/uploads\/bbx_945643569_1_katop01.jpg?fit=800%2C579&ssl=1&resize=350%2C200","width":350,"height":200,"srcset":"https:\/\/i0.wp.com\/larevistadigital.com.ar\/blog\/wp-content\/uploads\/bbx_945643569_1_katop01.jpg?fit=800%2C579&ssl=1&resize=350%2C200 1x, https:\/\/i0.wp.com\/larevistadigital.com.ar\/blog\/wp-content\/uploads\/bbx_945643569_1_katop01.jpg?fit=800%2C579&ssl=1&resize=525%2C300 1.5x, https:\/\/i0.wp.com\/larevistadigital.com.ar\/blog\/wp-content\/uploads\/bbx_945643569_1_katop01.jpg?fit=800%2C579&ssl=1&resize=700%2C400 2x"},"classes":[]},{"id":14141,"url":"https:\/\/larevistadigital.com.ar\/blog\/chascomus-viajaron-en-busca-de-fondos-para-terminar-la-obra-y-equipar-la-sala-de-pediatria\/","url_meta":{"origin":29326,"position":2},"title":"CHASCOM\u00daS: VIAJARON EN BUSCA DE FONDOS PARA TERMINAR LA OBRA Y EQUIPAR LA SALA DE PEDIATR\u00cdA","author":"Alejandro Sosa Ruda","date":"13 enero, 2020","format":false,"excerpt":"La Secretaria de Salud, Dr. Marcela Arias, fue entrevistada en el programa \u201cAM Show\u201d que conducen Alberto Morel y Mart\u00edn Palmero, donde se refiri\u00f3 al encuentro que mantuvo junto al Intendente Javier Gast\u00f3n con el Ministro de Salud Nacional, Gin\u00e9s Gonz\u00e1lez Garc\u00eda. Arias indic\u00f3 que uno de los temas importantes\u2026","rel":"","context":"En \u00abDESTACADAS\u00bb","block_context":{"text":"DESTACADAS","link":"https:\/\/larevistadigital.com.ar\/blog\/category\/destacadas\/"},"img":{"alt_text":"","src":"https:\/\/i0.wp.com\/larevistadigital.com.ar\/blog\/wp-content\/uploads\/80891469_2908982622455937_5729617085898686464_n-1.jpg?fit=600%2C400&ssl=1&resize=350%2C200","width":350,"height":200,"srcset":"https:\/\/i0.wp.com\/larevistadigital.com.ar\/blog\/wp-content\/uploads\/80891469_2908982622455937_5729617085898686464_n-1.jpg?fit=600%2C400&ssl=1&resize=350%2C200 1x, https:\/\/i0.wp.com\/larevistadigital.com.ar\/blog\/wp-content\/uploads\/80891469_2908982622455937_5729617085898686464_n-1.jpg?fit=600%2C400&ssl=1&resize=525%2C300 1.5x"},"classes":[]},{"id":38402,"url":"https:\/\/larevistadigital.com.ar\/blog\/nacio-el-primer-bebe-en-la-sala-de-pediatria-y-maternidad-del-hospital\/","url_meta":{"origin":29326,"position":3},"title":"Naci\u00f3 el primer beb\u00e9 en la sala de pediatr\u00eda y maternidad del hospital","author":"Alejandro Sosa Ruda","date":"2 enero, 2025","format":false,"excerpt":"Se llama Emiliano y naci\u00f3 este jueves 2 de enero, a las 11,22 hs., en la Sala de Partos del sector de pediatr\u00eda y maternidad del Hospital Municipal \u201cSan Vicente de Paul\u201d 02 de Enero de 2025 CHASCOM\u00daS -\u00a0 Comenzamos el a\u00f1o con una hermosa noticia, Silvana Francese recibi\u00f3 a\u2026","rel":"","context":"En \u00abCHASCOM\u00daS\u00bb","block_context":{"text":"CHASCOM\u00daS","link":"https:\/\/larevistadigital.com.ar\/blog\/category\/chascomus\/"},"img":{"alt_text":"","src":"https:\/\/i0.wp.com\/larevistadigital.com.ar\/blog\/wp-content\/uploads\/6776cfecc6636.png?fit=668%2C445&ssl=1&resize=350%2C200","width":350,"height":200,"srcset":"https:\/\/i0.wp.com\/larevistadigital.com.ar\/blog\/wp-content\/uploads\/6776cfecc6636.png?fit=668%2C445&ssl=1&resize=350%2C200 1x, https:\/\/i0.wp.com\/larevistadigital.com.ar\/blog\/wp-content\/uploads\/6776cfecc6636.png?fit=668%2C445&ssl=1&resize=525%2C300 1.5x"},"classes":[]},{"id":12277,"url":"https:\/\/larevistadigital.com.ar\/blog\/desde-el-face-de-uxch-informan-que-el-director-del-hospital-alabo-a-su-jefe-y-destaco-los-trabajos-de-la-sala-de-pediatria\/","url_meta":{"origin":29326,"position":4},"title":"DESDE EL \u00abFACE\u00bb DE UXCH, INFORMAN QUE EL DIRECTOR DEL HOSPITAL ALAB\u00d3 A SU JEFE, Y DESTAC\u00d3 LOS TRABAJOS DE LA SALA DE PEDIATR\u00cdA","author":"Alejandro Sosa Ruda","date":"26 septiembre, 2019","format":false,"excerpt":"\u201cEste es un espacio que ampl\u00eda derechos, tanto para mujeres como para ni\u00f1os y ni\u00f1as, asegurando mayor protecci\u00f3n a nuestras familias\u201d, expres\u00f3 Jorge Rodr\u00edguez durante la recorrida realizada junto al intendente Javier Gast\u00f3n. Ambos estuvieron acompa\u00f1ados por los Secretarios de Salud, de Obras y de Servicios, Marcela Arias, Alejandro Arias\u2026","rel":"","context":"En \u00abCHASCOM\u00daS\u00bb","block_context":{"text":"CHASCOM\u00daS","link":"https:\/\/larevistadigital.com.ar\/blog\/category\/chascomus\/"},"img":{"alt_text":"","src":"https:\/\/i0.wp.com\/larevistadigital.com.ar\/blog\/wp-content\/uploads\/70785991_2459482874172468_8632476101332959232_o.jpg?fit=1200%2C800&ssl=1&resize=350%2C200","width":350,"height":200,"srcset":"https:\/\/i0.wp.com\/larevistadigital.com.ar\/blog\/wp-content\/uploads\/70785991_2459482874172468_8632476101332959232_o.jpg?fit=1200%2C800&ssl=1&resize=350%2C200 1x, https:\/\/i0.wp.com\/larevistadigital.com.ar\/blog\/wp-content\/uploads\/70785991_2459482874172468_8632476101332959232_o.jpg?fit=1200%2C800&ssl=1&resize=525%2C300 1.5x, https:\/\/i0.wp.com\/larevistadigital.com.ar\/blog\/wp-content\/uploads\/70785991_2459482874172468_8632476101332959232_o.jpg?fit=1200%2C800&ssl=1&resize=700%2C400 2x, https:\/\/i0.wp.com\/larevistadigital.com.ar\/blog\/wp-content\/uploads\/70785991_2459482874172468_8632476101332959232_o.jpg?fit=1200%2C800&ssl=1&resize=1050%2C600 3x"},"classes":[]},{"id":5369,"url":"https:\/\/larevistadigital.com.ar\/blog\/sala-de-pediatria-se-abrio-el-sobre-1-de-los-tres-oferentes\/","url_meta":{"origin":29326,"position":5},"title":"SALA DE PEDIATR\u00cdA | SE ABRI\u00d3 EL SOBRE 1 DE LOS TRES OFERENTES","author":"admin","date":"29 marzo, 2018","format":false,"excerpt":"Para la Licitaci\u00f3n de la Sala Pedi\u00e1trica en el Hospital, las empresas que presentaron sus propuestas con los antecedentes, documentaci\u00f3n impositiva y requisitos fueron Playa Construcciones SRL, Ridel SA y PyPSA SA. El pr\u00f3ximo mi\u00e9rcoles continuar\u00e1 el proceso licitatorio con la apertura del Sobre 2, donde estar\u00e1n especificadas las ofertas\u2026","rel":"","context":"En \u00abPOLITICA\u00bb","block_context":{"text":"POLITICA","link":"https:\/\/larevistadigital.com.ar\/blog\/category\/politica\/"},"img":{"alt_text":"","src":"https:\/\/i0.wp.com\/larevistadigital.com.ar\/blog\/wp-content\/uploads\/2018\/03\/29665555_1824361967584680_6814267058659754963_o.jpg?fit=1200%2C801&ssl=1&resize=350%2C200","width":350,"height":200,"srcset":"https:\/\/i0.wp.com\/larevistadigital.com.ar\/blog\/wp-content\/uploads\/2018\/03\/29665555_1824361967584680_6814267058659754963_o.jpg?fit=1200%2C801&ssl=1&resize=350%2C200 1x, https:\/\/i0.wp.com\/larevistadigital.com.ar\/blog\/wp-content\/uploads\/2018\/03\/29665555_1824361967584680_6814267058659754963_o.jpg?fit=1200%2C801&ssl=1&resize=525%2C300 1.5x, https:\/\/i0.wp.com\/larevistadigital.com.ar\/blog\/wp-content\/uploads\/2018\/03\/29665555_1824361967584680_6814267058659754963_o.jpg?fit=1200%2C801&ssl=1&resize=700%2C400 2x, https:\/\/i0.wp.com\/larevistadigital.com.ar\/blog\/wp-content\/uploads\/2018\/03\/29665555_1824361967584680_6814267058659754963_o.jpg?fit=1200%2C801&ssl=1&resize=1050%2C600 3x"},"classes":[]}],"_links":{"self":[{"href":"https:\/\/larevistadigital.com.ar\/blog\/wp-json\/wp\/v2\/posts\/29326","targetHints":{"allow":["GET"]}}],"collection":[{"href":"https:\/\/larevistadigital.com.ar\/blog\/wp-json\/wp\/v2\/posts"}],"about":[{"href":"https:\/\/larevistadigital.com.ar\/blog\/wp-json\/wp\/v2\/types\/post"}],"author":[{"embeddable":true,"href":"https:\/\/larevistadigital.com.ar\/blog\/wp-json\/wp\/v2\/users\/3"}],"replies":[{"embeddable":true,"href":"https:\/\/larevistadigital.com.ar\/blog\/wp-json\/wp\/v2\/comments?post=29326"}],"version-history":[{"count":1,"href":"https:\/\/larevistadigital.com.ar\/blog\/wp-json\/wp\/v2\/posts\/29326\/revisions"}],"predecessor-version":[{"id":29328,"href":"https:\/\/larevistadigital.com.ar\/blog\/wp-json\/wp\/v2\/posts\/29326\/revisions\/29328"}],"wp:featuredmedia":[{"embeddable":true,"href":"https:\/\/larevistadigital.com.ar\/blog\/wp-json\/wp\/v2\/media\/29327"}],"wp:attachment":[{"href":"https:\/\/larevistadigital.com.ar\/blog\/wp-json\/wp\/v2\/media?parent=29326"}],"wp:term":[{"taxonomy":"category","embeddable":true,"href":"https:\/\/larevistadigital.com.ar\/blog\/wp-json\/wp\/v2\/categories?post=29326"},{"taxonomy":"post_tag","embeddable":true,"href":"https:\/\/larevistadigital.com.ar\/blog\/wp-json\/wp\/v2\/tags?post=29326"}],"curies":[{"name":"wp","href":"https:\/\/api.w.org\/{rel}","templated":true}]}}