{"id":29329,"date":"2022-12-08T23:45:57","date_gmt":"2022-12-08T23:45:57","guid":{"rendered":"https:\/\/larevistadigital.com.ar\/blog\/?p=29329"},"modified":"2022-12-08T23:45:57","modified_gmt":"2022-12-08T23:45:57","slug":"truco-japones-para-bajar-la-temperatura-del-auto","status":"publish","type":"post","link":"https:\/\/larevistadigital.com.ar\/blog\/truco-japones-para-bajar-la-temperatura-del-auto\/","title":{"rendered":"TRUCO JAPONES PARA BAJAR LA TEMPERATURA DEL AUTO"},"content":{"rendered":"<p>8 de diciembre de 2022<\/p>\n<p>Los meteor\u00f3logos\u00a0<b>pronostican<\/b>\u00a0una extenuante\u00a0<a href=\"https:\/\/tn.com.ar\/sociedad\/2022\/12\/04\/esta-semana-habra-una-fuerte-ola-de-calor-en-todo-el-pais-con-temperaturas-de-hasta-40-en-algunas-provincias\/\" target=\"_blank\" rel=\"noopener\"><b>ola de calor<\/b><\/a><b>\u00a0<\/b>para esta semana en buena parte de la Argentina, con la\u00a0<b>excepci\u00f3n de la Patagonia.\u00a0<\/b>Estiman que las temperaturas\u00a0<b>oscilar\u00e1n<\/b>\u00a0<b>entre los 30 y los 42 grados<\/b>.<\/p>\n<blockquote>\n<h3 class=\"paragraph\">Los especialistas aseguran que una temperatura exterior de\u00a0<b>35 grados\u00a0<\/b>provoca, en una hora de exposici\u00f3n al sol, una temperatura de hasta\u00a0<b>55 grados en el interior de los autos.<\/b><\/h3>\n<\/blockquote>\n<p class=\"paragraph\">No es un dato menor: con el calor el conductor puede\u00a0<b>sufrir trastornos de atenci\u00f3n y en su capacidad psicof\u00edsica<\/b>\u00a0del mismo modo que si estuviera alcoholizado.<\/p>\n<blockquote>\n<h3 class=\"paragraph\">Una temperatura de 30 grados en el interior del auto tiene\u00a0<b>efectos semejantes a un nivel de alcoholemia de 0,5 en un litro de sangre<\/b>\u00a0en cuanto a p\u00e9rdida de capacidad para apreciar el entorno y reaccionar de una manera r\u00e1pida y uniforme, concluy\u00f3 un estudio realizado por el sitio espa\u00f1ol Autopista.<\/h3>\n<\/blockquote>\n<p class=\"paragraph\">Cuando el habit\u00e1culo alcanza los 30 grados,\u00a0<b>los errores de conducci\u00f3n aumentan un 20 por ciento y los tiempos de reacci\u00f3n, un 22<\/b>, afirma otra investigaci\u00f3n realizada en Alemania, que asegura: \u201cEl riesgo de choque se incrementa a partir de los 24 grados\u201d.<\/p>\n<h2 class=\"font--primary\"><span style=\"color: #ff0000\">C\u00f3mo es el truco japon\u00e9s para bajar el calor en el auto<\/span><\/h2>\n<p class=\"paragraph\">Parece gracioso, pero es altamente efectivo. Abrir y cerrar la puerta del acompa\u00f1ante unas cinco o seis veces antes de subir reducir\u00e1 notoriamente la temperatura.<\/p>\n<blockquote>\n<h3 class=\"paragraph\">En Jap\u00f3n hicieron una prueba y demostraron que, en un auto con temperatura interior de 41,6 grados, abrir y cerrar la puerta baj\u00f3 la misma a 33,5.<\/h3>\n<\/blockquote>\n<h3 class=\"paragraph\"><span style=\"color: #ff0000\">Otros tips para mantener el auto fresco:<\/span><\/h3>\n<ul class=\"ul__list list\">\n<li class=\"list__item\"><b>No estacionar al sol<\/b>: siempre que se pueda, se recomienda dejar el auto a la sombra.<\/li>\n<li class=\"list__item\"><b>Colocar parasoles en parabrisas y luneta<\/b>: son efectivos para aminorar el ingreso de los rayos solares al interior del veh\u00edculo. Tambi\u00e9n ayudan a conservar en buen estado los materiales del puesto de conducci\u00f3n.<\/li>\n<li class=\"list__item\"><b>Usar protectores de volante<\/b>: si el auto qued\u00f3 expuesto al sol mucho tiempo, la temperatura del volante puede superar los 70 grados.<\/li>\n<li class=\"list__item\"><b>Dejar las ventanillas levemente abiertas al estacionar<\/b>: permitir\u00e1 la circulaci\u00f3n del aire y, por ende, que baje el calor adentro del auto. Eso s\u00ed: aumenta el riesgo de robo.<\/li>\n<li class=\"list__item\"><b>Circular las primeras cinco cuadras con el aire prendido y las ventanas abiertas<\/b>: si el auto qued\u00f3 cerrado, se recomienda facilitar el cambio de aire de esta manera. Luego, subir los vidrios y dejar el aire encendido.<\/li>\n<\/ul>\n<h2 class=\"font--primary\"><span style=\"color: #ff0000\">Consejos para manejar en d\u00edas de calor<\/span><\/h2>\n<ul class=\"ul__list list\">\n<li class=\"list__item\"><b>Hidratarse bien<\/b>: antes y durante la conducci\u00f3n, se recomienda ingerir agua.<\/li>\n<li class=\"list__item\"><b>Evitar horarios picos, como el mediod\u00eda<\/b>: siempre que se pueda, no exponerse a este momento del d\u00eda.<\/li>\n<li class=\"list__item\"><b>No ingerir alimentos de altas calor\u00edas<\/b>: aumentar\u00e1 la sensaci\u00f3n de pesadez y somnolencia.<\/li>\n<li class=\"list__item\"><b>Usar ropa suelta, de tela liviana y clara<\/b>: el conductor podr\u00e1 sentirse m\u00e1s fresco.<\/li>\n<li class=\"list__item\"><b>No utilizar ojotas<\/b>: son peligrosas para la conducci\u00f3n.<\/li>\n<li class=\"list__item\"><b>No abrir el techo solar<\/b>: el auto debe circular siempre totalmente encapotado.<\/li>\n<li class=\"list__item\"><b>Programar paradas de descanso<\/b>: ante s\u00edntomas de cansancio o en viajes largos, se recomienda detenerse, refrescarse y luego continuar.<\/li>\n<\/ul>\n","protected":false},"excerpt":{"rendered":"<div class=\"mh-excerpt\"><p>8 de diciembre de 2022 Los meteor\u00f3logos\u00a0pronostican\u00a0una extenuante\u00a0ola de calor\u00a0para esta semana en buena parte de la Argentina, con la\u00a0excepci\u00f3n de la Patagonia.\u00a0Estiman que las temperaturas\u00a0oscilar\u00e1n\u00a0entre los 30 y los 42 grados. Los especialistas aseguran <a class=\"mh-excerpt-more\" href=\"https:\/\/larevistadigital.com.ar\/blog\/truco-japones-para-bajar-la-temperatura-del-auto\/\" title=\"TRUCO JAPONES PARA BAJAR LA TEMPERATURA DEL AUTO\">[Leer M\u00e1s]<\/a><\/p>\n<\/div>","protected":false},"author":3,"featured_media":29330,"comment_status":"open","ping_status":"open","sticky":false,"template":"","format":"standard","meta":{"_jetpack_memberships_contains_paid_content":false,"footnotes":"","jetpack_publicize_message":"","jetpack_publicize_feature_enabled":true,"jetpack_social_post_already_shared":true,"jetpack_social_options":{"image_generator_settings":{"template":"highway","default_image_id":0,"font":"","enabled":false},"version":2}},"categories":[50],"tags":[],"class_list":{"0":"post-29329","1":"post","2":"type-post","3":"status-publish","4":"format-standard","5":"has-post-thumbnail","7":"category-interes-general"},"jetpack_publicize_connections":[],"jetpack_featured_media_url":"https:\/\/i0.wp.com\/larevistadigital.com.ar\/blog\/wp-content\/uploads\/Captura-de-pantalla-2022-12-08-204058.jpg?fit=677%2C380&ssl=1","jetpack_sharing_enabled":true,"jetpack_shortlink":"https:\/\/wp.me\/p8qtrQ-7D3","jetpack-related-posts":[{"id":35245,"url":"https:\/\/larevistadigital.com.ar\/blog\/la-elevada-temperatura-del-mar-midio-en-enero-el-record-historico-desde-que-hay-registros\/","url_meta":{"origin":29329,"position":0},"title":"LA ELEVADA TEMPERATURA DEL MAR MIDI\u00d3 EN ENERO EL R\u00c9CORD HIST\u00d3RICO DESDE QUE HAY REGISTROS","author":"Alejandro Sosa Ruda","date":"14 febrero, 2024","format":false,"excerpt":"Lo revel\u00f3 el Inidep, desde donde se precis\u00f3 la marca hist\u00f3rica y el d\u00eda en que ocurri\u00f3. 14 de febrero de 2024 MAR DEL PLATA -\u00a0 La temperatura del mar en Mar del Plata alcanz\u00f3 su punto m\u00e1ximo registrado en enero, seg\u00fan inform\u00f3 el mi\u00e9rcoles el Instituto Nacional de Investigaci\u00f3n\u2026","rel":"","context":"En \u00abREGIONALES\u00bb","block_context":{"text":"REGIONALES","link":"https:\/\/larevistadigital.com.ar\/blog\/category\/regionales\/"},"img":{"alt_text":"","src":"https:\/\/i0.wp.com\/larevistadigital.com.ar\/blog\/wp-content\/uploads\/Playa-15_opt.jpg?fit=800%2C533&ssl=1&resize=350%2C200","width":350,"height":200,"srcset":"https:\/\/i0.wp.com\/larevistadigital.com.ar\/blog\/wp-content\/uploads\/Playa-15_opt.jpg?fit=800%2C533&ssl=1&resize=350%2C200 1x, https:\/\/i0.wp.com\/larevistadigital.com.ar\/blog\/wp-content\/uploads\/Playa-15_opt.jpg?fit=800%2C533&ssl=1&resize=525%2C300 1.5x, https:\/\/i0.wp.com\/larevistadigital.com.ar\/blog\/wp-content\/uploads\/Playa-15_opt.jpg?fit=800%2C533&ssl=1&resize=700%2C400 2x"},"classes":[]},{"id":30366,"url":"https:\/\/larevistadigital.com.ar\/blog\/trenque-lauquen-es-un-ejemplo-de-la-importancia-del-arbolado-en-dias-de-altas-temperaturas\/","url_meta":{"origin":29329,"position":1},"title":"TRENQUE LAUQUEN ES UN EJEMPLO DE LA IMPORTANCIA DEL ARBOLADO EN D\u00cdAS DE ALTAS TEMPERATURAS","author":"Alejandro Sosa Ruda","date":"3 marzo, 2023","format":false,"excerpt":"Personal de Espacios Verdes realiz\u00f3 un relevamiento en una jornada que alcanz\u00f3 los 39 grados, y dej\u00f3 al descubierto las grandes diferencias t\u00e9rmicas que existen entre una calle con buena cobertura arb\u00f3rea y otra donde casi no hay \u00e1rboles. 3 de marzo de 2023 TRENQUE LAUQUEN -\u00a0 Los beneficios del\u2026","rel":"","context":"En \u00abINTERES GENERAL\u00bb","block_context":{"text":"INTERES GENERAL","link":"https:\/\/larevistadigital.com.ar\/blog\/category\/interes-general\/"},"img":{"alt_text":"","src":"https:\/\/i0.wp.com\/larevistadigital.com.ar\/blog\/wp-content\/uploads\/20230303135942_bol.jpg?fit=880%2C512&ssl=1&resize=350%2C200","width":350,"height":200,"srcset":"https:\/\/i0.wp.com\/larevistadigital.com.ar\/blog\/wp-content\/uploads\/20230303135942_bol.jpg?fit=880%2C512&ssl=1&resize=350%2C200 1x, https:\/\/i0.wp.com\/larevistadigital.com.ar\/blog\/wp-content\/uploads\/20230303135942_bol.jpg?fit=880%2C512&ssl=1&resize=525%2C300 1.5x, https:\/\/i0.wp.com\/larevistadigital.com.ar\/blog\/wp-content\/uploads\/20230303135942_bol.jpg?fit=880%2C512&ssl=1&resize=700%2C400 2x"},"classes":[]},{"id":23325,"url":"https:\/\/larevistadigital.com.ar\/blog\/como-cuidar-a-las-mascotas-de-los-golpes-de-calor\/","url_meta":{"origin":29329,"position":2},"title":"\u00bfCOMO CUIDAR A LAS MASCOTAS DE LOS GOLPES DE CALOR?","author":"Alejandro Sosa Ruda","date":"12 enero, 2022","format":false,"excerpt":"Ante las altas temperaturas previstas para los pr\u00f3ximos d\u00edas, veterinarios brindaron recomendaciones para prevenir que nuestras mascotas sufran un golpe de calor. El Colegio de Veterinarios de la Provincia de Buenos Aires (CVPBA) difundi\u00f3 una serie de recomendaciones para que las mascotas no sufran un golpe de calor durante esta\u2026","rel":"","context":"En \u00abINTERES GENERAL\u00bb","block_context":{"text":"INTERES GENERAL","link":"https:\/\/larevistadigital.com.ar\/blog\/category\/interes-general\/"},"img":{"alt_text":"","src":"https:\/\/i0.wp.com\/larevistadigital.com.ar\/blog\/wp-content\/uploads\/20220111135434_calor.jpg?fit=880%2C512&ssl=1&resize=350%2C200","width":350,"height":200,"srcset":"https:\/\/i0.wp.com\/larevistadigital.com.ar\/blog\/wp-content\/uploads\/20220111135434_calor.jpg?fit=880%2C512&ssl=1&resize=350%2C200 1x, https:\/\/i0.wp.com\/larevistadigital.com.ar\/blog\/wp-content\/uploads\/20220111135434_calor.jpg?fit=880%2C512&ssl=1&resize=525%2C300 1.5x, https:\/\/i0.wp.com\/larevistadigital.com.ar\/blog\/wp-content\/uploads\/20220111135434_calor.jpg?fit=880%2C512&ssl=1&resize=700%2C400 2x"},"classes":[]},{"id":21706,"url":"https:\/\/larevistadigital.com.ar\/blog\/alerta-para-manana-en-mar-del-plata-por-vientos-de-mas-de-70-km-por-hora\/","url_meta":{"origin":29329,"position":3},"title":"ALERTA PARA MA\u00d1ANA EN MAR DEL PLATA POR VIENTOS DE M\u00c1S DE 70 KM POR HORA","author":"Alejandro Sosa Ruda","date":"25 agosto, 2021","format":false,"excerpt":"La temperatura bajo cero que se sinti\u00f3 en las primeras horas de este mi\u00e9rcoles en Mar del Plata estuvo acompa\u00f1ado por un tenue sol que hizo m\u00e1s llevadero el arranque del d\u00eda. Sin embargo, las novedades seg\u00fan el Servicio Meteorol\u00f3gico Nacional (SMN) llegar\u00e1n este jueves: hay alerta por vientos que\u2026","rel":"","context":"En \u00abREGIONALES\u00bb","block_context":{"text":"REGIONALES","link":"https:\/\/larevistadigital.com.ar\/blog\/category\/regionales\/"},"img":{"alt_text":"","src":"https:\/\/i0.wp.com\/larevistadigital.com.ar\/blog\/wp-content\/uploads\/ALERTA-METEOROLOGICO.jpg?fit=1140%2C758&ssl=1&resize=350%2C200","width":350,"height":200,"srcset":"https:\/\/i0.wp.com\/larevistadigital.com.ar\/blog\/wp-content\/uploads\/ALERTA-METEOROLOGICO.jpg?fit=1140%2C758&ssl=1&resize=350%2C200 1x, https:\/\/i0.wp.com\/larevistadigital.com.ar\/blog\/wp-content\/uploads\/ALERTA-METEOROLOGICO.jpg?fit=1140%2C758&ssl=1&resize=525%2C300 1.5x, https:\/\/i0.wp.com\/larevistadigital.com.ar\/blog\/wp-content\/uploads\/ALERTA-METEOROLOGICO.jpg?fit=1140%2C758&ssl=1&resize=700%2C400 2x, https:\/\/i0.wp.com\/larevistadigital.com.ar\/blog\/wp-content\/uploads\/ALERTA-METEOROLOGICO.jpg?fit=1140%2C758&ssl=1&resize=1050%2C600 3x"},"classes":[]},{"id":25251,"url":"https:\/\/larevistadigital.com.ar\/blog\/mar-del-plata-alerta-amarilla-por-fuertes-vientos\/","url_meta":{"origin":29329,"position":4},"title":"MAR DEL PLATA: ALERTA AMARILLA POR FUERTES VIENTOS","author":"Alejandro Sosa Ruda","date":"23 abril, 2022","format":false,"excerpt":"Los vientos podr\u00edan alcanzar velocidades de hasta 75 kil\u00f3metros por hora. Sin embargo, las temperaturas m\u00e1ximas de las jornadas se ubicar\u00edan por encima de los 20 grados. MAR DEL PLATA -\u00a0 El Servicio Meteorol\u00f3gico Nacional\u00a0(SMN) renov\u00f3 esta madrugada el\u00a0alerta amarillo por intensos vientos\u00a0para Mar del Plata y la zona, detallando\u2026","rel":"","context":"En \u00abINTERES GENERAL\u00bb","block_context":{"text":"INTERES GENERAL","link":"https:\/\/larevistadigital.com.ar\/blog\/category\/interes-general\/"},"img":{"alt_text":"","src":"https:\/\/i0.wp.com\/larevistadigital.com.ar\/blog\/wp-content\/uploads\/20293_alertai.jpg?fit=650%2C360&ssl=1&resize=350%2C200","width":350,"height":200,"srcset":"https:\/\/i0.wp.com\/larevistadigital.com.ar\/blog\/wp-content\/uploads\/20293_alertai.jpg?fit=650%2C360&ssl=1&resize=350%2C200 1x, https:\/\/i0.wp.com\/larevistadigital.com.ar\/blog\/wp-content\/uploads\/20293_alertai.jpg?fit=650%2C360&ssl=1&resize=525%2C300 1.5x"},"classes":[]},{"id":7568,"url":"https:\/\/larevistadigital.com.ar\/blog\/unos-mil-novillos-aparecieron-muertos\/","url_meta":{"origin":29329,"position":5},"title":"UNOS MIL NOVILLOS APARECIERON MUERTOS","author":"Alejandro Sosa Ruda","date":"4 enero, 2019","format":false,"excerpt":"Los casos se registraron en tres establecimientos. Cuales son las hip\u00f3tesis... Aproximadamente unos mil novillos aparecieron muertos en cuatro feedlots del sur de Santa Fe. Se cree que fue por la elevada temperatura que esta semana pas\u00f3 los 60 grados de t\u00e9rmica en esa provincia, o un hongo presente en\u2026","rel":"","context":"En \u00abCURIOSAS\u00bb","block_context":{"text":"CURIOSAS","link":"https:\/\/larevistadigital.com.ar\/blog\/category\/curiosas\/"},"img":{"alt_text":"","src":"https:\/\/i0.wp.com\/larevistadigital.com.ar\/blog\/wp-content\/uploads\/2019\/01\/0035974802.jpg?fit=1140%2C640&ssl=1&resize=350%2C200","width":350,"height":200,"srcset":"https:\/\/i0.wp.com\/larevistadigital.com.ar\/blog\/wp-content\/uploads\/2019\/01\/0035974802.jpg?fit=1140%2C640&ssl=1&resize=350%2C200 1x, https:\/\/i0.wp.com\/larevistadigital.com.ar\/blog\/wp-content\/uploads\/2019\/01\/0035974802.jpg?fit=1140%2C640&ssl=1&resize=525%2C300 1.5x, https:\/\/i0.wp.com\/larevistadigital.com.ar\/blog\/wp-content\/uploads\/2019\/01\/0035974802.jpg?fit=1140%2C640&ssl=1&resize=700%2C400 2x, https:\/\/i0.wp.com\/larevistadigital.com.ar\/blog\/wp-content\/uploads\/2019\/01\/0035974802.jpg?fit=1140%2C640&ssl=1&resize=1050%2C600 3x"},"classes":[]}],"_links":{"self":[{"href":"https:\/\/larevistadigital.com.ar\/blog\/wp-json\/wp\/v2\/posts\/29329","targetHints":{"allow":["GET"]}}],"collection":[{"href":"https:\/\/larevistadigital.com.ar\/blog\/wp-json\/wp\/v2\/posts"}],"about":[{"href":"https:\/\/larevistadigital.com.ar\/blog\/wp-json\/wp\/v2\/types\/post"}],"author":[{"embeddable":true,"href":"https:\/\/larevistadigital.com.ar\/blog\/wp-json\/wp\/v2\/users\/3"}],"replies":[{"embeddable":true,"href":"https:\/\/larevistadigital.com.ar\/blog\/wp-json\/wp\/v2\/comments?post=29329"}],"version-history":[{"count":1,"href":"https:\/\/larevistadigital.com.ar\/blog\/wp-json\/wp\/v2\/posts\/29329\/revisions"}],"predecessor-version":[{"id":29331,"href":"https:\/\/larevistadigital.com.ar\/blog\/wp-json\/wp\/v2\/posts\/29329\/revisions\/29331"}],"wp:featuredmedia":[{"embeddable":true,"href":"https:\/\/larevistadigital.com.ar\/blog\/wp-json\/wp\/v2\/media\/29330"}],"wp:attachment":[{"href":"https:\/\/larevistadigital.com.ar\/blog\/wp-json\/wp\/v2\/media?parent=29329"}],"wp:term":[{"taxonomy":"category","embeddable":true,"href":"https:\/\/larevistadigital.com.ar\/blog\/wp-json\/wp\/v2\/categories?post=29329"},{"taxonomy":"post_tag","embeddable":true,"href":"https:\/\/larevistadigital.com.ar\/blog\/wp-json\/wp\/v2\/tags?post=29329"}],"curies":[{"name":"wp","href":"https:\/\/api.w.org\/{rel}","templated":true}]}}