{"id":29332,"date":"2022-12-09T00:05:35","date_gmt":"2022-12-09T00:05:35","guid":{"rendered":"https:\/\/larevistadigital.com.ar\/blog\/?p=29332"},"modified":"2022-12-09T00:05:35","modified_gmt":"2022-12-09T00:05:35","slug":"insolito-quiso-pasar-a-los-bomberos-para-llegar-antes-al-incendio-perdio-el-control-y-volco","status":"publish","type":"post","link":"https:\/\/larevistadigital.com.ar\/blog\/insolito-quiso-pasar-a-los-bomberos-para-llegar-antes-al-incendio-perdio-el-control-y-volco\/","title":{"rendered":"INS\u00d3LITO: QUISO PASAR A LOS BOMBEROS PARA LLEGAR ANTES AL INCENDIO, PERDI\u00d3 EL CONTROL Y VOLC\u00d3&#8230;"},"content":{"rendered":"<h2 class=\"article__dropline\">Cont\u00f3 la historia en las redes sociales y recibi\u00f3 miles de comentarios.<\/h2>\n<p>8 de diciembre de 2022<\/p>\n<p>La historia bizarra del d\u00eda est\u00e1 protagonizada por una conductora que\u00a0<b>volc\u00f3 su auto mientras intentaba \u201cganarle\u201d a los camiones de bomberos\u00a0<\/b>y llegar primero a un incendio.<\/p>\n<blockquote>\n<h3 class=\"paragraph\">El incidente, que ocurri\u00f3 en el condado de Churchill, Nevada (Estados Unidos), llam\u00f3 la atenci\u00f3n de muchas personas en las redes sociales por su ridiculez y<b>\u00a0lo incre\u00edblemente equivocada que estaba la conductora<\/b>. Nadie entendi\u00f3 por qu\u00e9 hizo lo que hizo.<\/h3>\n<\/blockquote>\n<p class=\"paragraph\">La historia fue publicada en una p\u00e1gina de Facebook del condado de Churchill por la propia conductora. M\u00e1s tarde la borr\u00f3, pero varios usuarios llegaron a hacerle capturas de pantalla para compartirla.<\/p>\n<blockquote>\n<h3>Serena (as\u00ed se llama la mujer, cuyo apellido fue borrado de las capturas para proteger su identidad) cont\u00f3 que vio y escuch\u00f3 a los camiones de bomberos dirigi\u00e9ndose hasta un incendio.\u00a0<b>\u201cCed\u00ed a mi adrenalina de querer ayudar a quien sea que pueda\u201d<\/b>, confes\u00f3.<\/h3>\n<\/blockquote>\n<p class=\"paragraph\">Estaba tan nerviosa que comenz\u00f3 a seguir a los camiones de bomberos y en su fervor termin\u00f3\u00a0<b>\u201cpas\u00e1ndolos, tratando de ayudarlos a llegar a la escena\u201d<\/b>. No est\u00e1 claro c\u00f3mo pens\u00f3 que estaba ayudando a los camiones a llegar a la escena, pero parece haberse dado cuenta de que conduc\u00eda demasiado r\u00e1pido.<\/p>\n<blockquote>\n<h3 class=\"paragraph\"><b>\u201cTrat\u00e9 de reducir la velocidad y mantener el control\u201d<\/b>, dijo, y culp\u00f3 de la p\u00e9rdida de control a las malas llantas. <strong><em>\u201c\u00a1Hice todo lo que pude para no chocar y volcar, pero era el plan de Dios, as\u00ed que hice lo que pude para mantenerme a salvo y con vida!\u201d<\/em><\/strong><\/h3>\n<\/blockquote>\n<p class=\"paragraph\">A pesar del accidente,\u00a0<b>afirm\u00f3 en comentarios posteriores que no es una conductora descuidada<\/b>\u00a0y que, de hecho, ten\u00eda el 100 por ciento del control del auto. Lo extra\u00f1o fue que ella estaba tratando de reducir la velocidad y as\u00ed caus\u00f3 el accidente.<\/p>\n<blockquote>\n<h3 class=\"paragraph\">Seg\u00fan el usuario de Reddit que public\u00f3 las capturas de pantalla de la historia, los camiones de bomberos se dirig\u00edan hacia una casa en llamas cuando esta conductora decidi\u00f3 \u201cayudar\u201d. La publicaci\u00f3n dice que<b>\u00a0algunos camiones de bomberos se vieron obligados a detenerse<\/b>\u00a0para ayudarla despu\u00e9s de que su auto volcara.<\/h3>\n<\/blockquote>\n<p class=\"paragraph\">Afortunadamente, nadie en el accidente o el incendio de la casa result\u00f3 gravemente herido, pero seg\u00fan su relato de la historia, Sarena sufri\u00f3 algunas lesiones en el evento. Afirm\u00f3 que estaba publicando para probar que estaba bien a pesar de que le dijeron que no lo estaba.\u00a0<b>\u201cEstoy viva porque hice lo que pude para mantenerme a salvo\u201d<\/b>, concluy\u00f3.<\/p>\n","protected":false},"excerpt":{"rendered":"<div class=\"mh-excerpt\"><p>Cont\u00f3 la historia en las redes sociales y recibi\u00f3 miles de comentarios. 8 de diciembre de 2022 La historia bizarra del d\u00eda est\u00e1 protagonizada por una conductora que\u00a0volc\u00f3 su auto mientras intentaba \u201cganarle\u201d a los <a class=\"mh-excerpt-more\" href=\"https:\/\/larevistadigital.com.ar\/blog\/insolito-quiso-pasar-a-los-bomberos-para-llegar-antes-al-incendio-perdio-el-control-y-volco\/\" title=\"INS\u00d3LITO: QUISO PASAR A LOS BOMBEROS PARA LLEGAR ANTES AL INCENDIO, PERDI\u00d3 EL CONTROL Y VOLC\u00d3&#8230;\">[Leer M\u00e1s]<\/a><\/p>\n<\/div>","protected":false},"author":3,"featured_media":29333,"comment_status":"open","ping_status":"open","sticky":false,"template":"","format":"standard","meta":{"_jetpack_memberships_contains_paid_content":false,"footnotes":"","jetpack_publicize_message":"","jetpack_publicize_feature_enabled":true,"jetpack_social_post_already_shared":true,"jetpack_social_options":{"image_generator_settings":{"template":"highway","default_image_id":0,"font":"","enabled":false},"version":2}},"categories":[11,50],"tags":[],"class_list":{"0":"post-29332","1":"post","2":"type-post","3":"status-publish","4":"format-standard","5":"has-post-thumbnail","7":"category-curiosas","8":"category-interes-general"},"jetpack_publicize_connections":[],"jetpack_featured_media_url":"https:\/\/i0.wp.com\/larevistadigital.com.ar\/blog\/wp-content\/uploads\/vuelco-1.jpg?fit=680%2C383&ssl=1","jetpack_sharing_enabled":true,"jetpack_shortlink":"https:\/\/wp.me\/p8qtrQ-7D6","jetpack-related-posts":[{"id":39094,"url":"https:\/\/larevistadigital.com.ar\/blog\/peligro-en-la-ruta-2-una-mujer-volco-con-su-auto-bajo-una-intensa-lluvia\/","url_meta":{"origin":29332,"position":0},"title":"Peligro en la Ruta 2: una mujer volc\u00f3 con su auto bajo una intensa lluvia","author":"Alejandro Sosa Ruda","date":"24 marzo, 2025","format":false,"excerpt":"El accidente ocurri\u00f3 a la altura de Dolores. La conductora, oriunda de Mar del Plata, fue trasladada para recibir atenci\u00f3n m\u00e9dica. 24 de Marzo de 2025 DOLORES -\u00a0 Un violento accidente de tr\u00e1nsito tuvo lugar este lunes en la Ruta 2, a la altura del kil\u00f3metro 213, en jurisdicci\u00f3n de\u2026","rel":"","context":"En \u00abDOLORES\u00bb","block_context":{"text":"DOLORES","link":"https:\/\/larevistadigital.com.ar\/blog\/category\/dolores\/"},"img":{"alt_text":"","src":"https:\/\/i0.wp.com\/larevistadigital.com.ar\/blog\/wp-content\/uploads\/7c9586409e4b052f03bbdd86c6dc20aacb1f6426.jpg?fit=1140%2C858&ssl=1&resize=350%2C200","width":350,"height":200,"srcset":"https:\/\/i0.wp.com\/larevistadigital.com.ar\/blog\/wp-content\/uploads\/7c9586409e4b052f03bbdd86c6dc20aacb1f6426.jpg?fit=1140%2C858&ssl=1&resize=350%2C200 1x, https:\/\/i0.wp.com\/larevistadigital.com.ar\/blog\/wp-content\/uploads\/7c9586409e4b052f03bbdd86c6dc20aacb1f6426.jpg?fit=1140%2C858&ssl=1&resize=525%2C300 1.5x, https:\/\/i0.wp.com\/larevistadigital.com.ar\/blog\/wp-content\/uploads\/7c9586409e4b052f03bbdd86c6dc20aacb1f6426.jpg?fit=1140%2C858&ssl=1&resize=700%2C400 2x, https:\/\/i0.wp.com\/larevistadigital.com.ar\/blog\/wp-content\/uploads\/7c9586409e4b052f03bbdd86c6dc20aacb1f6426.jpg?fit=1140%2C858&ssl=1&resize=1050%2C600 3x"},"classes":[]},{"id":35759,"url":"https:\/\/larevistadigital.com.ar\/blog\/dolores-violento-vuelco-con-cuatro-heridos\/","url_meta":{"origin":29332,"position":1},"title":"DOLORES: VIOLENTO VUELCO CON CUATRO HERIDOS","author":"Alejandro Sosa Ruda","date":"4 abril, 2024","format":false,"excerpt":"As\u00ed lo inform\u00f3 el portal \"entrel\u00edneas\". El siniestro, ocurri\u00f3 en horas de la tarde. Se mont\u00f3 un importante operativo para rescatar a los ocupantes del veh\u00edculo. 4 de abril de 2024 DOLORES -\u00a0 Un impactante accidente de tr\u00e1nsito se produjo este mi\u00e9rcoles por la tarde a la altura del\u00a0kil\u00f3metro 15\u2026","rel":"","context":"En \u00abPOLICIALES\u00bb","block_context":{"text":"POLICIALES","link":"https:\/\/larevistadigital.com.ar\/blog\/category\/policiales\/"},"img":{"alt_text":"","src":"https:\/\/i0.wp.com\/larevistadigital.com.ar\/blog\/wp-content\/uploads\/dc8cb3ef042368cb1cde98bafc7d0374a5347965.jpg?fit=1140%2C854&ssl=1&resize=350%2C200","width":350,"height":200,"srcset":"https:\/\/i0.wp.com\/larevistadigital.com.ar\/blog\/wp-content\/uploads\/dc8cb3ef042368cb1cde98bafc7d0374a5347965.jpg?fit=1140%2C854&ssl=1&resize=350%2C200 1x, https:\/\/i0.wp.com\/larevistadigital.com.ar\/blog\/wp-content\/uploads\/dc8cb3ef042368cb1cde98bafc7d0374a5347965.jpg?fit=1140%2C854&ssl=1&resize=525%2C300 1.5x, https:\/\/i0.wp.com\/larevistadigital.com.ar\/blog\/wp-content\/uploads\/dc8cb3ef042368cb1cde98bafc7d0374a5347965.jpg?fit=1140%2C854&ssl=1&resize=700%2C400 2x, https:\/\/i0.wp.com\/larevistadigital.com.ar\/blog\/wp-content\/uploads\/dc8cb3ef042368cb1cde98bafc7d0374a5347965.jpg?fit=1140%2C854&ssl=1&resize=1050%2C600 3x"},"classes":[]},{"id":24056,"url":"https:\/\/larevistadigital.com.ar\/blog\/rauch-vuelco-en-la-ruta-30\/","url_meta":{"origin":29332,"position":2},"title":"RAUCH: VUELCO EN LA RUTA 30","author":"Alejandro Sosa Ruda","date":"17 febrero, 2022","format":false,"excerpt":"Un autom\u00f3vil que se dirig\u00eda hacia Tandil volc\u00f3 en la Ruta 30, a cercan\u00edas a la rotonda que une con la Ruta 50. La conductora, domiciliada en CABA, result\u00f3 ilesa. En la ma\u00f1ana del mi\u00e9rcoles, aproximadamente a las\u00a09 horas, los Bomberos Voluntarios de Rauch acudieron por un llamado telef\u00f3nico a\u2026","rel":"","context":"En \u00abREGIONALES\u00bb","block_context":{"text":"REGIONALES","link":"https:\/\/larevistadigital.com.ar\/blog\/category\/regionales\/"},"img":{"alt_text":"","src":"https:\/\/i0.wp.com\/larevistadigital.com.ar\/blog\/wp-content\/uploads\/vuelco-sandero-rauch-16-2-2022.jpg?fit=800%2C600&ssl=1&resize=350%2C200","width":350,"height":200,"srcset":"https:\/\/i0.wp.com\/larevistadigital.com.ar\/blog\/wp-content\/uploads\/vuelco-sandero-rauch-16-2-2022.jpg?fit=800%2C600&ssl=1&resize=350%2C200 1x, https:\/\/i0.wp.com\/larevistadigital.com.ar\/blog\/wp-content\/uploads\/vuelco-sandero-rauch-16-2-2022.jpg?fit=800%2C600&ssl=1&resize=525%2C300 1.5x, https:\/\/i0.wp.com\/larevistadigital.com.ar\/blog\/wp-content\/uploads\/vuelco-sandero-rauch-16-2-2022.jpg?fit=800%2C600&ssl=1&resize=700%2C400 2x"},"classes":[]},{"id":30629,"url":"https:\/\/larevistadigital.com.ar\/blog\/chascomus-choco-su-auto-y-furioso-intento-incendiar-su-casa\/","url_meta":{"origin":29332,"position":3},"title":"CHASCOM\u00daS: CHOC\u00d3 SU AUTO, Y FURIOSO INTENT\u00d3 INCENDIAR SU CASA.","author":"Alejandro Sosa Ruda","date":"19 marzo, 2023","format":false,"excerpt":"La polic\u00eda tuvo que aprehenderlo porque el sujeto estaba muy alterado. Los Bomberos lograron controlar el incendio. 19 de marzo de 2023 CHASCOM\u00daS -\u00a0 Durante la jornada del s\u00e1bado se produjo un accidente de tr\u00e1nsito en calle Malvinas Argentinas y Rivadavia, donde un autom\u00f3vil Fiat Duna colision\u00f3 con un \u00e1rbol.\u2026","rel":"","context":"En \u00abCHASCOM\u00daS\u00bb","block_context":{"text":"CHASCOM\u00daS","link":"https:\/\/larevistadigital.com.ar\/blog\/category\/chascomus\/"},"img":{"alt_text":"","src":"https:\/\/i0.wp.com\/larevistadigital.com.ar\/blog\/wp-content\/uploads\/1620734310362-1.jpg?fit=1200%2C594&ssl=1&resize=350%2C200","width":350,"height":200,"srcset":"https:\/\/i0.wp.com\/larevistadigital.com.ar\/blog\/wp-content\/uploads\/1620734310362-1.jpg?fit=1200%2C594&ssl=1&resize=350%2C200 1x, https:\/\/i0.wp.com\/larevistadigital.com.ar\/blog\/wp-content\/uploads\/1620734310362-1.jpg?fit=1200%2C594&ssl=1&resize=525%2C300 1.5x, https:\/\/i0.wp.com\/larevistadigital.com.ar\/blog\/wp-content\/uploads\/1620734310362-1.jpg?fit=1200%2C594&ssl=1&resize=700%2C400 2x, https:\/\/i0.wp.com\/larevistadigital.com.ar\/blog\/wp-content\/uploads\/1620734310362-1.jpg?fit=1200%2C594&ssl=1&resize=1050%2C600 3x"},"classes":[]},{"id":11126,"url":"https:\/\/larevistadigital.com.ar\/blog\/belgrano-los-bomberos-trabajaron-varias-horas-para-extinguir-incendio-en-silo\/","url_meta":{"origin":29332,"position":4},"title":"BELGRANO: LOS BOMBEROS TRABAJARON VARIAS HORAS PARA EXTINGUIR INCENDIO EN SILO","author":"Alejandro Sosa Ruda","date":"7 julio, 2019","format":false,"excerpt":"Un arduo trabajo desplegaron durante varias horas en la noche de ayer y madrugada de este s\u00e1bado, los Bomberos Voluntarios de General Belgrano\u00a0tras el incendio de una secadora de semillas en una planta de silos ubicada a pocos metros de la ruta provincial 41. Dos dotaciones en las unidades 19\u2026","rel":"","context":"En \u00abREGIONALES\u00bb","block_context":{"text":"REGIONALES","link":"https:\/\/larevistadigital.com.ar\/blog\/category\/regionales\/"},"img":{"alt_text":"","src":"https:\/\/i0.wp.com\/larevistadigital.com.ar\/blog\/wp-content\/uploads\/incendio-belgrano.png?fit=900%2C448&ssl=1&resize=350%2C200","width":350,"height":200,"srcset":"https:\/\/i0.wp.com\/larevistadigital.com.ar\/blog\/wp-content\/uploads\/incendio-belgrano.png?fit=900%2C448&ssl=1&resize=350%2C200 1x, https:\/\/i0.wp.com\/larevistadigital.com.ar\/blog\/wp-content\/uploads\/incendio-belgrano.png?fit=900%2C448&ssl=1&resize=525%2C300 1.5x, https:\/\/i0.wp.com\/larevistadigital.com.ar\/blog\/wp-content\/uploads\/incendio-belgrano.png?fit=900%2C448&ssl=1&resize=700%2C400 2x"},"classes":[]},{"id":40333,"url":"https:\/\/larevistadigital.com.ar\/blog\/conmocion-en-ensenada-grave-choque-un-joven-herido-y-una-conductora-casi-linchada\/","url_meta":{"origin":29332,"position":5},"title":"Conmoci\u00f3n en Ensenada: grave choque, un joven herido y una conductora casi linchada","author":"Alejandro Sosa Ruda","date":"5 julio, 2025","format":false,"excerpt":"Un violento accidente de tr\u00e1nsito dej\u00f3 a un motociclista de 18 a\u00f1os gravemente herido y desat\u00f3 la furia de vecinos que casi atacan a la conductora del otro veh\u00edculo. El hecho ocurri\u00f3 en Ensenada y qued\u00f3 registrado por c\u00e1maras de seguridad. 05 de Julio de 2025 BUENOS AIRES -\u00a0 \u00a0Un\u2026","rel":"","context":"En \u00abPOLICIALES\u00bb","block_context":{"text":"POLICIALES","link":"https:\/\/larevistadigital.com.ar\/blog\/category\/policiales\/"},"img":{"alt_text":"","src":"https:\/\/i0.wp.com\/larevistadigital.com.ar\/blog\/wp-content\/uploads\/accidente-Ensenada.jpg?fit=883%2C486&ssl=1&resize=350%2C200","width":350,"height":200,"srcset":"https:\/\/i0.wp.com\/larevistadigital.com.ar\/blog\/wp-content\/uploads\/accidente-Ensenada.jpg?fit=883%2C486&ssl=1&resize=350%2C200 1x, https:\/\/i0.wp.com\/larevistadigital.com.ar\/blog\/wp-content\/uploads\/accidente-Ensenada.jpg?fit=883%2C486&ssl=1&resize=525%2C300 1.5x, https:\/\/i0.wp.com\/larevistadigital.com.ar\/blog\/wp-content\/uploads\/accidente-Ensenada.jpg?fit=883%2C486&ssl=1&resize=700%2C400 2x"},"classes":[]}],"_links":{"self":[{"href":"https:\/\/larevistadigital.com.ar\/blog\/wp-json\/wp\/v2\/posts\/29332","targetHints":{"allow":["GET"]}}],"collection":[{"href":"https:\/\/larevistadigital.com.ar\/blog\/wp-json\/wp\/v2\/posts"}],"about":[{"href":"https:\/\/larevistadigital.com.ar\/blog\/wp-json\/wp\/v2\/types\/post"}],"author":[{"embeddable":true,"href":"https:\/\/larevistadigital.com.ar\/blog\/wp-json\/wp\/v2\/users\/3"}],"replies":[{"embeddable":true,"href":"https:\/\/larevistadigital.com.ar\/blog\/wp-json\/wp\/v2\/comments?post=29332"}],"version-history":[{"count":2,"href":"https:\/\/larevistadigital.com.ar\/blog\/wp-json\/wp\/v2\/posts\/29332\/revisions"}],"predecessor-version":[{"id":29335,"href":"https:\/\/larevistadigital.com.ar\/blog\/wp-json\/wp\/v2\/posts\/29332\/revisions\/29335"}],"wp:featuredmedia":[{"embeddable":true,"href":"https:\/\/larevistadigital.com.ar\/blog\/wp-json\/wp\/v2\/media\/29333"}],"wp:attachment":[{"href":"https:\/\/larevistadigital.com.ar\/blog\/wp-json\/wp\/v2\/media?parent=29332"}],"wp:term":[{"taxonomy":"category","embeddable":true,"href":"https:\/\/larevistadigital.com.ar\/blog\/wp-json\/wp\/v2\/categories?post=29332"},{"taxonomy":"post_tag","embeddable":true,"href":"https:\/\/larevistadigital.com.ar\/blog\/wp-json\/wp\/v2\/tags?post=29332"}],"curies":[{"name":"wp","href":"https:\/\/api.w.org\/{rel}","templated":true}]}}