{"id":29339,"date":"2022-12-09T01:09:17","date_gmt":"2022-12-09T01:09:17","guid":{"rendered":"https:\/\/larevistadigital.com.ar\/blog\/?p=29339"},"modified":"2022-12-09T01:09:17","modified_gmt":"2022-12-09T01:09:17","slug":"mar-del-plata-dos-hermanitos-de-4-y-6-anos-sufrieron-graves-quemaduras-en-un-incendio","status":"publish","type":"post","link":"https:\/\/larevistadigital.com.ar\/blog\/mar-del-plata-dos-hermanitos-de-4-y-6-anos-sufrieron-graves-quemaduras-en-un-incendio\/","title":{"rendered":"MAR DEL PLATA: DOS HERMANITOS DE 4 Y 6 A\u00d1OS SUFRIERON GRAVES QUEMADURAS EN UN INCENDIO."},"content":{"rendered":"<h2>Ambos est\u00e1n internados en el Hospital Materno Infantil y uno de ellos se encuentra en la sala de terapia intensiva. El incendio ocurri\u00f3 en una vivienda de El Coyunco.<\/h2>\n<p>8 de diciembre de 2022<\/p>\n<p><strong>MAR DEL PLATA &#8211;\u00a0 <\/strong>Dos hermanos, de 4 y 6 a\u00f1os, sufrieron graves quemaduras al incendiarse una vivienda en un sector de quintas cercanos a Sierra de los Padres, y ambos debieron ser internados en el Hospital Materno Infantil.<\/p>\n<blockquote>\n<h3>Seg\u00fan confirmaron fuentes oficiales, el fuego afect\u00f3 una casa en calle Los Curros y la Antena, en la zona de las Quinta Molinares de Sierras de los Padres, y de inmediato acudi\u00f3 una comisi\u00f3n de los Bomberos Voluntarios del lugar, quienes pudieron rescatar a los dos menores y en una ambulancia del SAME los trasladaron de urgencia al Materno Infantil.<\/h3>\n<\/blockquote>\n<p>Las circunstancias bajo las cuales se inici\u00f3 el incendio y alcanz\u00f3 a los dos ni\u00f1os se desconocen por el momento y son parte de una investigaci\u00f3n judicial.<\/p>\n<p>Mientras tanto se conoci\u00f3 que el mayor de los hermanos es quien experiment\u00f3 las quemaduras m\u00e1s severas y se encuentra alojado en el sector de cuidados intensivos del nosocomio.<\/p>\n","protected":false},"excerpt":{"rendered":"<div class=\"mh-excerpt\"><p>Ambos est\u00e1n internados en el Hospital Materno Infantil y uno de ellos se encuentra en la sala de terapia intensiva. El incendio ocurri\u00f3 en una vivienda de El Coyunco. 8 de diciembre de 2022 MAR <a class=\"mh-excerpt-more\" href=\"https:\/\/larevistadigital.com.ar\/blog\/mar-del-plata-dos-hermanitos-de-4-y-6-anos-sufrieron-graves-quemaduras-en-un-incendio\/\" title=\"MAR DEL PLATA: DOS HERMANITOS DE 4 Y 6 A\u00d1OS SUFRIERON GRAVES QUEMADURAS EN UN INCENDIO.\">[Leer M\u00e1s]<\/a><\/p>\n<\/div>","protected":false},"author":3,"featured_media":29340,"comment_status":"open","ping_status":"open","sticky":false,"template":"","format":"standard","meta":{"_jetpack_memberships_contains_paid_content":false,"footnotes":"","jetpack_publicize_message":"","jetpack_publicize_feature_enabled":true,"jetpack_social_post_already_shared":true,"jetpack_social_options":{"image_generator_settings":{"template":"highway","default_image_id":0,"font":"","enabled":false},"version":2}},"categories":[44,51],"tags":[],"class_list":{"0":"post-29339","1":"post","2":"type-post","3":"status-publish","4":"format-standard","5":"has-post-thumbnail","7":"category-policiales","8":"category-regionales"},"jetpack_publicize_connections":[],"jetpack_featured_media_url":"https:\/\/i0.wp.com\/larevistadigital.com.ar\/blog\/wp-content\/uploads\/NENES.jpg?fit=797%2C466&ssl=1","jetpack_sharing_enabled":true,"jetpack_shortlink":"https:\/\/wp.me\/p8qtrQ-7Dd","jetpack-related-posts":[{"id":33063,"url":"https:\/\/larevistadigital.com.ar\/blog\/ruta-11-terrible-accidente-con-el-saldo-de-un-mayor-y-un-menor-internados\/","url_meta":{"origin":29339,"position":0},"title":"RUTA 11: TERRIBLE ACCIDENTE CON EL SALDO DE UN MAYOR Y UN MENOR INTERNADOS","author":"Alejandro Sosa Ruda","date":"27 agosto, 2023","format":false,"excerpt":"El accidente ocurri\u00f3 este domingo a la ma\u00f1ana sobre el kil\u00f3metro 505 de la ruta que une Mar del Plata con Santa Clara. El auto impact\u00f3 contra un poste de alumbrado. El nene de 8 a\u00f1os sufri\u00f3 lesiones no de gravedad. 27 de agosto de 2023 Otro brutal choque en\u2026","rel":"","context":"En \u00abPOLICIALES\u00bb","block_context":{"text":"POLICIALES","link":"https:\/\/larevistadigital.com.ar\/blog\/category\/policiales\/"},"img":{"alt_text":"","src":"https:\/\/i0.wp.com\/larevistadigital.com.ar\/blog\/wp-content\/uploads\/accidente-ruta-11-1.jpg?fit=800%2C431&ssl=1&resize=350%2C200","width":350,"height":200,"srcset":"https:\/\/i0.wp.com\/larevistadigital.com.ar\/blog\/wp-content\/uploads\/accidente-ruta-11-1.jpg?fit=800%2C431&ssl=1&resize=350%2C200 1x, https:\/\/i0.wp.com\/larevistadigital.com.ar\/blog\/wp-content\/uploads\/accidente-ruta-11-1.jpg?fit=800%2C431&ssl=1&resize=525%2C300 1.5x, https:\/\/i0.wp.com\/larevistadigital.com.ar\/blog\/wp-content\/uploads\/accidente-ruta-11-1.jpg?fit=800%2C431&ssl=1&resize=700%2C400 2x"},"classes":[]},{"id":14527,"url":"https:\/\/larevistadigital.com.ar\/blog\/mar-del-plata-apunalan-a-un-cuidacoches-en-la-puerta-del-hospital-materno\/","url_meta":{"origin":29339,"position":1},"title":"MAR DEL PLATA: APU\u00d1ALAN A UN CUIDACOCHES EN LA PUERTA DEL HOSPITAL MATERNO","author":"Alejandro Sosa Ruda","date":"2 febrero, 2020","format":false,"excerpt":"Fue durante una pelea con otros hombres. La v\u00edctima recibi\u00f3 dos puntazos y fue trasladada al Hospital Interzonal General de Agudos: se encuentra en grave estado. Un cuidacoches de 20 a\u00f1os fue apu\u00f1alado este domingo a la tarde en las inmediaciones del Hospital Materno Infantil durante una violenta confrontaci\u00f3n con\u2026","rel":"","context":"En \u00abPOLICIALES\u00bb","block_context":{"text":"POLICIALES","link":"https:\/\/larevistadigital.com.ar\/blog\/category\/policiales\/"},"img":{"alt_text":"","src":"https:\/\/i0.wp.com\/larevistadigital.com.ar\/blog\/wp-content\/uploads\/Screenshot_3-39.jpg?fit=600%2C684&ssl=1&resize=350%2C200","width":350,"height":200,"srcset":"https:\/\/i0.wp.com\/larevistadigital.com.ar\/blog\/wp-content\/uploads\/Screenshot_3-39.jpg?fit=600%2C684&ssl=1&resize=350%2C200 1x, https:\/\/i0.wp.com\/larevistadigital.com.ar\/blog\/wp-content\/uploads\/Screenshot_3-39.jpg?fit=600%2C684&ssl=1&resize=525%2C300 1.5x"},"classes":[]},{"id":34086,"url":"https:\/\/larevistadigital.com.ar\/blog\/mar-del-plata-murio-un-bebe-de-6-meses-porque-se-le-cayo-una-reja-encima\/","url_meta":{"origin":29339,"position":2},"title":"MAR DEL PLATA: MURI\u00d3 UN BEB\u00c9 DE 6 MESES PORQUE SE LE CAY\u00d3 UNA REJA ENCIMA","author":"Alejandro Sosa Ruda","date":"19 octubre, 2023","format":false,"excerpt":"Pese a ser llevado urgente al Hospital Materno Infantil, no sobrevivi\u00f3. Aparentemente hubo una falla en la colocaci\u00f3n del port\u00f3n de rejas que se vino abajo. 19 de Octubre de 2023 MAR DEL PLATA -\u00a0 Indignante tragedia enluta una residencia de la calle Coronel Su\u00e1rez al 800 durante la ma\u00f1ana\u2026","rel":"","context":"En \u00abINTERES GENERAL\u00bb","block_context":{"text":"INTERES GENERAL","link":"https:\/\/larevistadigital.com.ar\/blog\/category\/interes-general\/"},"img":{"alt_text":"","src":"https:\/\/i0.wp.com\/larevistadigital.com.ar\/blog\/wp-content\/uploads\/Captura-de-pantalla-2023-10-19-093300.png?fit=1131%2C538&ssl=1&resize=350%2C200","width":350,"height":200,"srcset":"https:\/\/i0.wp.com\/larevistadigital.com.ar\/blog\/wp-content\/uploads\/Captura-de-pantalla-2023-10-19-093300.png?fit=1131%2C538&ssl=1&resize=350%2C200 1x, https:\/\/i0.wp.com\/larevistadigital.com.ar\/blog\/wp-content\/uploads\/Captura-de-pantalla-2023-10-19-093300.png?fit=1131%2C538&ssl=1&resize=525%2C300 1.5x, https:\/\/i0.wp.com\/larevistadigital.com.ar\/blog\/wp-content\/uploads\/Captura-de-pantalla-2023-10-19-093300.png?fit=1131%2C538&ssl=1&resize=700%2C400 2x, https:\/\/i0.wp.com\/larevistadigital.com.ar\/blog\/wp-content\/uploads\/Captura-de-pantalla-2023-10-19-093300.png?fit=1131%2C538&ssl=1&resize=1050%2C600 3x"},"classes":[]},{"id":13839,"url":"https:\/\/larevistadigital.com.ar\/blog\/vuelco-del-micro-en-ruta-2-hay-dos-nenas-con-heridas-graves-y-riesgo-de-vida\/","url_meta":{"origin":29339,"position":3},"title":"VUELCO DEL MICRO EN RUTA 2: HAY DOS NENAS CON HERIDAS GRAVES Y RIESGO DE VIDA","author":"Alejandro Sosa Ruda","date":"27 diciembre, 2019","format":false,"excerpt":"El jefe de guardia del Materno Infantil dijo que los pacientes est\u00e1n \u201cgraves\u201d y confirm\u00f3 que tienen riesgo de vida y que las pr\u00f3ximas horas ser\u00e1n claves. De los cinco menores que ingresaron al Hospital Materno Infantil dos se encuentran en\u00a0estado muy grave\u00a0y con\u00a0riesgo de vida. El jefe de guardia\u2026","rel":"","context":"En \u00abINTERES GENERAL\u00bb","block_context":{"text":"INTERES GENERAL","link":"https:\/\/larevistadigital.com.ar\/blog\/category\/interes-general\/"},"img":{"alt_text":"","src":"https:\/\/i0.wp.com\/larevistadigital.com.ar\/blog\/wp-content\/uploads\/1577456434808.jpeg?fit=1200%2C676&ssl=1&resize=350%2C200","width":350,"height":200,"srcset":"https:\/\/i0.wp.com\/larevistadigital.com.ar\/blog\/wp-content\/uploads\/1577456434808.jpeg?fit=1200%2C676&ssl=1&resize=350%2C200 1x, https:\/\/i0.wp.com\/larevistadigital.com.ar\/blog\/wp-content\/uploads\/1577456434808.jpeg?fit=1200%2C676&ssl=1&resize=525%2C300 1.5x, https:\/\/i0.wp.com\/larevistadigital.com.ar\/blog\/wp-content\/uploads\/1577456434808.jpeg?fit=1200%2C676&ssl=1&resize=700%2C400 2x, https:\/\/i0.wp.com\/larevistadigital.com.ar\/blog\/wp-content\/uploads\/1577456434808.jpeg?fit=1200%2C676&ssl=1&resize=1050%2C600 3x"},"classes":[]},{"id":12001,"url":"https:\/\/larevistadigital.com.ar\/blog\/mar-del-plata-tres-nenes-con-sindrome-uremico-hemolitico-en-grave-estado\/","url_meta":{"origin":29339,"position":4},"title":"MAR DEL PLATA: TRES NENES CON S\u00cdNDROME UR\u00c9MICO HEMOL\u00cdTICO EN GRAVE ESTADO","author":"Alejandro Sosa Ruda","date":"13 septiembre, 2019","format":false,"excerpt":"Est\u00e1n en el Hospital Materno Infantil hace m\u00e1s de una semana. Dos son hermanos de la ciudad de Tandil y otro fue trasladado desde Azul. Dos nenas de un a\u00f1o y medio y dos, y un nene de tres a\u00f1os permanecen internados en grave estado en el\u00a0Hospital Materno Infantil\u00a0de\u00a0Mar del\u2026","rel":"","context":"En \u00abREGIONALES\u00bb","block_context":{"text":"REGIONALES","link":"https:\/\/larevistadigital.com.ar\/blog\/category\/regionales\/"},"img":{"alt_text":"","src":"https:\/\/i0.wp.com\/larevistadigital.com.ar\/blog\/wp-content\/uploads\/1461780540598.jpg?fit=790%2C495&ssl=1&resize=350%2C200","width":350,"height":200,"srcset":"https:\/\/i0.wp.com\/larevistadigital.com.ar\/blog\/wp-content\/uploads\/1461780540598.jpg?fit=790%2C495&ssl=1&resize=350%2C200 1x, https:\/\/i0.wp.com\/larevistadigital.com.ar\/blog\/wp-content\/uploads\/1461780540598.jpg?fit=790%2C495&ssl=1&resize=525%2C300 1.5x, https:\/\/i0.wp.com\/larevistadigital.com.ar\/blog\/wp-content\/uploads\/1461780540598.jpg?fit=790%2C495&ssl=1&resize=700%2C400 2x"},"classes":[]},{"id":26361,"url":"https:\/\/larevistadigital.com.ar\/blog\/mar-del-plata-rescatan-a-una-nena-de-3-anos-tras-el-derrumbe-de-la-casa\/","url_meta":{"origin":29339,"position":5},"title":"MAR DEL PLATA: RESCATAN A UNA NENA DE 3 A\u00d1OS TRAS EL DERRUMBE DE LA CASA","author":"Alejandro Sosa Ruda","date":"5 julio, 2022","format":false,"excerpt":"La ni\u00f1a fue rescatada por personal de Bomberos y Rescate y fue trasladada por una ambulancia del SAME al Hospital Materno Infantil. MAR DEL PLATA -\u00a0 El hecho tuvo lugar en una vivienda ubicada en Avenida Libertad al 5200 de la ciudad balnearia, cuando una mujer de 35 a\u00f1os se\u2026","rel":"","context":"En \u00abREGIONALES\u00bb","block_context":{"text":"REGIONALES","link":"https:\/\/larevistadigital.com.ar\/blog\/category\/regionales\/"},"img":{"alt_text":"","src":"https:\/\/i0.wp.com\/larevistadigital.com.ar\/blog\/wp-content\/uploads\/20220704163551_rescate-nina-derrumbe-casa.jpg?fit=880%2C512&ssl=1&resize=350%2C200","width":350,"height":200,"srcset":"https:\/\/i0.wp.com\/larevistadigital.com.ar\/blog\/wp-content\/uploads\/20220704163551_rescate-nina-derrumbe-casa.jpg?fit=880%2C512&ssl=1&resize=350%2C200 1x, https:\/\/i0.wp.com\/larevistadigital.com.ar\/blog\/wp-content\/uploads\/20220704163551_rescate-nina-derrumbe-casa.jpg?fit=880%2C512&ssl=1&resize=525%2C300 1.5x, https:\/\/i0.wp.com\/larevistadigital.com.ar\/blog\/wp-content\/uploads\/20220704163551_rescate-nina-derrumbe-casa.jpg?fit=880%2C512&ssl=1&resize=700%2C400 2x"},"classes":[]}],"_links":{"self":[{"href":"https:\/\/larevistadigital.com.ar\/blog\/wp-json\/wp\/v2\/posts\/29339","targetHints":{"allow":["GET"]}}],"collection":[{"href":"https:\/\/larevistadigital.com.ar\/blog\/wp-json\/wp\/v2\/posts"}],"about":[{"href":"https:\/\/larevistadigital.com.ar\/blog\/wp-json\/wp\/v2\/types\/post"}],"author":[{"embeddable":true,"href":"https:\/\/larevistadigital.com.ar\/blog\/wp-json\/wp\/v2\/users\/3"}],"replies":[{"embeddable":true,"href":"https:\/\/larevistadigital.com.ar\/blog\/wp-json\/wp\/v2\/comments?post=29339"}],"version-history":[{"count":1,"href":"https:\/\/larevistadigital.com.ar\/blog\/wp-json\/wp\/v2\/posts\/29339\/revisions"}],"predecessor-version":[{"id":29341,"href":"https:\/\/larevistadigital.com.ar\/blog\/wp-json\/wp\/v2\/posts\/29339\/revisions\/29341"}],"wp:featuredmedia":[{"embeddable":true,"href":"https:\/\/larevistadigital.com.ar\/blog\/wp-json\/wp\/v2\/media\/29340"}],"wp:attachment":[{"href":"https:\/\/larevistadigital.com.ar\/blog\/wp-json\/wp\/v2\/media?parent=29339"}],"wp:term":[{"taxonomy":"category","embeddable":true,"href":"https:\/\/larevistadigital.com.ar\/blog\/wp-json\/wp\/v2\/categories?post=29339"},{"taxonomy":"post_tag","embeddable":true,"href":"https:\/\/larevistadigital.com.ar\/blog\/wp-json\/wp\/v2\/tags?post=29339"}],"curies":[{"name":"wp","href":"https:\/\/api.w.org\/{rel}","templated":true}]}}