{"id":29458,"date":"2022-12-13T21:53:19","date_gmt":"2022-12-13T21:53:19","guid":{"rendered":"https:\/\/larevistadigital.com.ar\/blog\/?p=29458"},"modified":"2022-12-13T21:54:09","modified_gmt":"2022-12-13T21:54:09","slug":"en-un-sonado-partido-argentina-es-el-primer-finalista-de-qatar-2022","status":"publish","type":"post","link":"https:\/\/larevistadigital.com.ar\/blog\/en-un-sonado-partido-argentina-es-el-primer-finalista-de-qatar-2022\/","title":{"rendered":"EN UN SO\u00d1ADO PARTIDO, ARGENTINA ES EL PRIMER FINALISTA DE QATAR 2022"},"content":{"rendered":"<h2 class=\"negrita\">El equipo que dirige Lionel Scaloni derrot\u00f3\u00a0 a Croacia con dos goles de Juli\u00e1n \u00c1lvarez y uno de Liones Messi de penal.<\/h2>\n<p class=\"fecha\">13 de diciembre de 2022<\/p>\n<div class=\"texto\">\n<p>La Selecci\u00f3n argentina derrot\u00f3 a Croacia por 3 a 0, con un penal de\u00a0<strong>Lionel Messi<\/strong>\u00a0y dos goles de\u00a0<strong>Juli\u00e1n \u00c1lvarez\u00a0<\/strong>por\u00a0la semifinal jugaron este martes esta tarde en Lusail por el Mundial Qatar 2022. De este modo, el equipo dirigido por\u00a0<b>Lionel Scaloni<\/b>\u00a0disputar\u00e1 la definici\u00f3n de la Copa del Mundo que se jugar\u00e1 el domingo ante el ganador de la segunda semifinal entre Francia y Marruecos que se jugar\u00e1 este mi\u00e9rcoles.<\/p>\n<blockquote>\n<h3>El capit\u00e1n argentino abri\u00f3 el marcador a los 34 minutos con una ejecuci\u00f3n cruzada, al \u00e1ngulo superior izquierdo de\u00a0<strong>Dominik Livakovic<\/strong>, con la que se convirti\u00f3 en el m\u00e1ximo anotador argentino en toda la historia de la Copa del Mundo (11).<\/h3>\n<\/blockquote>\n<p><a href=\"https:\/\/i0.wp.com\/pxb.cdn.0221.com.ar\/0221\/122022\/1670961320569.jpg?ssl=1\"><img data-recalc-dims=\"1\" decoding=\"async\" src=\"https:\/\/i0.wp.com\/pxb.cdn.0221.com.ar\/0221\/122022\/1670961320569.jpg?ssl=1\" alt=\"\" \/><\/a><\/p>\n<div class=\"contenedor__publicidad\">\n<div class=\"publicidad P10 desktop\">\n<blockquote>\n<h3 id=\"Inline\">Cinco minutos m\u00e1s tarde, Juli\u00e1n \u00c1lvarez recogi\u00f3 una pelota en campo propio, lider\u00f3 un contragolpe hasta el \u00e1rea croata y defini\u00f3 ante la salida del arquero.<\/h3>\n<\/blockquote>\n<\/div>\n<\/div>\n<p><a href=\"https:\/\/i0.wp.com\/pxb.cdn.0221.com.ar\/0221\/122022\/1670961325827.jpg?ssl=1\"><img data-recalc-dims=\"1\" decoding=\"async\" src=\"https:\/\/i0.wp.com\/pxb.cdn.0221.com.ar\/0221\/122022\/1670963013343.jpg?ssl=1\" alt=\"\" \/><\/a><\/p>\n<blockquote>\n<h3>El tercer tanto, el que termin\u00f3 de sellar la victoria y el pase a la final lo convirti\u00f3 otra vez \u00c1lvarez a los 28 del segundo tiempo, esta vez despu\u00e9s de una genial jugada de Messi, quien arrastr\u00f3 marcas hasta la l\u00ednea de fondo y toc\u00f3 atr\u00e1s para la definici\u00f3n.<\/h3>\n<\/blockquote>\n<p>Argentina form\u00f3 con\u00a0<strong>Emiliano Mart\u00ednez; Nahuel Molina, Cristian Romero, Nicol\u00e1s Otamendi, Nicol\u00e1s Tagliafico; Rodrigo De Paul, Leandro Paredes, Enzo Fern\u00e1ndez, Alexis Mac Allister; Juli\u00e1n \u00c1lvarez y Lionel Messi<\/strong>.<\/p>\n<p><a href=\"https:\/\/i0.wp.com\/pxb.cdn.0221.com.ar\/0221\/122022\/1670959442324.jpg?ssl=1\"><img data-recalc-dims=\"1\" decoding=\"async\" src=\"https:\/\/i0.wp.com\/pxb.cdn.0221.com.ar\/0221\/122022\/1670959442324.jpg?ssl=1\" alt=\"\" \/><\/a><\/p>\n<blockquote>\n<h3>Enfrente est\u00e1 Croacia, el duro conjunto balc\u00e1nico que sue\u00f1a con disputar la segunda final del mundo de manera consecutiva.\u00a0El DT\u00a0<strong>Zlatko Dali\u0107<\/strong>\u00a0<strong>confirm\u00f3 que pondr\u00e1 en cancha a: D. Livakovic; J. Juranovic, D. Lovren, J. Gvardiol, B. Sosa; M. Brozovic, M. Kovacic, L. Modric, M. Pasalic; A. Kramaric y Perisic<\/strong>.<\/h3>\n<\/blockquote>\n<p><a href=\"https:\/\/i0.wp.com\/pxb.cdn.0221.com.ar\/0221\/122022\/1670961325288.jpg?ssl=1\"><img data-recalc-dims=\"1\" decoding=\"async\" src=\"https:\/\/i0.wp.com\/pxb.cdn.0221.com.ar\/0221\/122022\/1670961325288.jpg?ssl=1\" alt=\"\" \/><\/a><\/p>\n<p>Argentina conocer\u00e1 ma\u00f1ana a su rival en la final despu\u00e9s del enfrentamiento entre Francia, defensor del t\u00edtulo, y Marruecos, que se medir\u00e1n desde las 16 en el estadio Al Bayt.<\/p>\n<p>publicada el 0221<\/p>\n<\/div>\n","protected":false},"excerpt":{"rendered":"<div class=\"mh-excerpt\"><p>El equipo que dirige Lionel Scaloni derrot\u00f3\u00a0 a Croacia con dos goles de Juli\u00e1n \u00c1lvarez y uno de Liones Messi de penal. 13 de diciembre de 2022 La Selecci\u00f3n argentina derrot\u00f3 a Croacia por 3 <a class=\"mh-excerpt-more\" href=\"https:\/\/larevistadigital.com.ar\/blog\/en-un-sonado-partido-argentina-es-el-primer-finalista-de-qatar-2022\/\" title=\"EN UN SO\u00d1ADO PARTIDO, ARGENTINA ES EL PRIMER FINALISTA DE QATAR 2022\">[Leer M\u00e1s]<\/a><\/p>\n<\/div>","protected":false},"author":3,"featured_media":29459,"comment_status":"open","ping_status":"open","sticky":false,"template":"","format":"standard","meta":{"_jetpack_memberships_contains_paid_content":false,"footnotes":"","jetpack_publicize_message":"","jetpack_publicize_feature_enabled":true,"jetpack_social_post_already_shared":true,"jetpack_social_options":{"image_generator_settings":{"template":"highway","default_image_id":0,"font":"","enabled":false},"version":2}},"categories":[41],"tags":[],"class_list":{"0":"post-29458","1":"post","2":"type-post","3":"status-publish","4":"format-standard","5":"has-post-thumbnail","7":"category-destacadas"},"jetpack_publicize_connections":[],"jetpack_featured_media_url":"https:\/\/i0.wp.com\/larevistadigital.com.ar\/blog\/wp-content\/uploads\/1670965137794.jpg?fit=1920%2C950&ssl=1","jetpack_sharing_enabled":true,"jetpack_shortlink":"https:\/\/wp.me\/p8qtrQ-7F8","jetpack-related-posts":[{"id":29472,"url":"https:\/\/larevistadigital.com.ar\/blog\/qatar-2022-francia-sera-el-rival-de-argentina-en-la-final-del-proximo-domingo\/","url_meta":{"origin":29458,"position":0},"title":"QATAR 2022: FRANCIA SER\u00c1 EL RIVAL DE ARGENTINA EN LA FINAL DEL PR\u00d3XIMO DOMINGO","author":"Alejandro Sosa Ruda","date":"15 diciembre, 2022","format":false,"excerpt":"Derrot\u00f3 a Marruecos por 2 a 0 que se enfrentar\u00e1 a Croacia por el tercer puesto el d\u00eda s\u00e1bado. 14 de diciembre de 2022 El vigente campe\u00f3n,\u00a0Francia, elimin\u00f3 esta tarde a\u00a0Marruecos\u00a0con una victoria por 2-0, en la\u00a0semifinal\u00a0disputada en\u00a0Al Bayt\u00a0y definir\u00e1 el domingo pr\u00f3ximo con\u00a0Argentina\u00a0el t\u00edtulo del\u00a0Mundial Qatar 2022. El lateral\u00a0Theo\u2026","rel":"","context":"En \u00abDEPORTES\u00bb","block_context":{"text":"DEPORTES","link":"https:\/\/larevistadigital.com.ar\/blog\/category\/deportes\/"},"img":{"alt_text":"","src":"https:\/\/i0.wp.com\/larevistadigital.com.ar\/blog\/wp-content\/uploads\/639a3bb1ba515.r_1671052214804.0-112-1600-1035.jpeg?fit=969%2C559&ssl=1&resize=350%2C200","width":350,"height":200,"srcset":"https:\/\/i0.wp.com\/larevistadigital.com.ar\/blog\/wp-content\/uploads\/639a3bb1ba515.r_1671052214804.0-112-1600-1035.jpeg?fit=969%2C559&ssl=1&resize=350%2C200 1x, https:\/\/i0.wp.com\/larevistadigital.com.ar\/blog\/wp-content\/uploads\/639a3bb1ba515.r_1671052214804.0-112-1600-1035.jpeg?fit=969%2C559&ssl=1&resize=525%2C300 1.5x, https:\/\/i0.wp.com\/larevistadigital.com.ar\/blog\/wp-content\/uploads\/639a3bb1ba515.r_1671052214804.0-112-1600-1035.jpeg?fit=969%2C559&ssl=1&resize=700%2C400 2x"},"classes":[]},{"id":16837,"url":"https:\/\/larevistadigital.com.ar\/blog\/argentina-debuta-en-las-eliminatorias-para-quatar-2022\/","url_meta":{"origin":29458,"position":1},"title":"ARGENTINA DEBUTA EN LAS ELIMINATORIAS PARA QUATAR 2022","author":"Alejandro Sosa Ruda","date":"8 octubre, 2020","format":false,"excerpt":"El equipo capitaneado por Lionel Messi recibe al seleccionado dirigido por Gustavo Alfaro, en la Bombonera, desde las 21.30, en uno de los duelos de la primera jornada de las clasificatorias a la pr\u00f3xima Copa del Mundo. El seleccionado de la Argentina comenzar\u00e1 a desandar hoy ante Ecuador su camino\u2026","rel":"","context":"En \u00abDEPORTES\u00bb","block_context":{"text":"DEPORTES","link":"https:\/\/larevistadigital.com.ar\/blog\/category\/deportes\/"},"img":{"alt_text":"","src":"https:\/\/i0.wp.com\/larevistadigital.com.ar\/blog\/wp-content\/uploads\/20201008095122_5f3ac94857e17_1004x565.jpg?fit=880%2C586&ssl=1&resize=350%2C200","width":350,"height":200,"srcset":"https:\/\/i0.wp.com\/larevistadigital.com.ar\/blog\/wp-content\/uploads\/20201008095122_5f3ac94857e17_1004x565.jpg?fit=880%2C586&ssl=1&resize=350%2C200 1x, https:\/\/i0.wp.com\/larevistadigital.com.ar\/blog\/wp-content\/uploads\/20201008095122_5f3ac94857e17_1004x565.jpg?fit=880%2C586&ssl=1&resize=525%2C300 1.5x, https:\/\/i0.wp.com\/larevistadigital.com.ar\/blog\/wp-content\/uploads\/20201008095122_5f3ac94857e17_1004x565.jpg?fit=880%2C586&ssl=1&resize=700%2C400 2x"},"classes":[]},{"id":29008,"url":"https:\/\/larevistadigital.com.ar\/blog\/qatar-2022-argentina-se-entrena-con-probables-cambios-para-enfrentar-a-mexico-el-sabado\/","url_meta":{"origin":29458,"position":2},"title":"QATAR 2022: ARGENTINA SE ENTRENA CON PROBABLES CAMBIOS PARA ENFRENTAR A MEXICO EL SABADO.","author":"Alejandro Sosa Ruda","date":"23 noviembre, 2022","format":false,"excerpt":"El seleccionado argentino volvi\u00f3 hoy a los entrenamientos. Fue luego de la dura derrota en el debut contra Arabia Saudita (2-1), en el debut en el Mundial de Qatar 2022. El entrenador analiza los cambios que realizar\u00e1 para enfrentar el s\u00e1bado a M\u00e9xico, por la segunda fecha del Grupo C.\u00a0El\u2026","rel":"","context":"En \u00abDEPORTES\u00bb","block_context":{"text":"DEPORTES","link":"https:\/\/larevistadigital.com.ar\/blog\/category\/deportes\/"},"img":{"alt_text":"","src":"https:\/\/i0.wp.com\/larevistadigital.com.ar\/blog\/wp-content\/uploads\/16687081304451.jpg?fit=660%2C371&ssl=1&resize=350%2C200","width":350,"height":200,"srcset":"https:\/\/i0.wp.com\/larevistadigital.com.ar\/blog\/wp-content\/uploads\/16687081304451.jpg?fit=660%2C371&ssl=1&resize=350%2C200 1x, https:\/\/i0.wp.com\/larevistadigital.com.ar\/blog\/wp-content\/uploads\/16687081304451.jpg?fit=660%2C371&ssl=1&resize=525%2C300 1.5x"},"classes":[]},{"id":25534,"url":"https:\/\/larevistadigital.com.ar\/blog\/argentina-con-categoria-supero-por-3-a-0-a-italia-y-se-consagro-campeon-de-la-finalissima\/","url_meta":{"origin":29458,"position":3},"title":"ARGENTINA CON CATEGOR\u00cdA SUPER\u00d3 POR 3 A 0 A ITALIA Y SE CONSAGR\u00d3 CAMPE\u00d3N DE LA \u00abFINALISSIMA\u00bb","author":"Alejandro Sosa Ruda","date":"1 junio, 2022","format":false,"excerpt":"Con goles de Lautaro Mart\u00ednez, \u00c1ngel Di Mar\u00eda y Paulo Dybala, el conjunto dirigido por Lionel Scaloni se alz\u00f3 con el trofeo en tierras inglesas. La Selecci\u00f3n argentina\u00a0super\u00f3 hoy a Italia por 3-0 tras una gran exhibici\u00f3n de f\u00fatbol y se consagr\u00f3 campe\u00f3n de la Finalissima en el m\u00edtico estadio\u2026","rel":"","context":"En \u00abDEPORTES\u00bb","block_context":{"text":"DEPORTES","link":"https:\/\/larevistadigital.com.ar\/blog\/category\/deportes\/"},"img":{"alt_text":"","src":"https:\/\/i0.wp.com\/larevistadigital.com.ar\/blog\/wp-content\/uploads\/1654118779926.jpg?fit=1200%2C594&ssl=1&resize=350%2C200","width":350,"height":200,"srcset":"https:\/\/i0.wp.com\/larevistadigital.com.ar\/blog\/wp-content\/uploads\/1654118779926.jpg?fit=1200%2C594&ssl=1&resize=350%2C200 1x, https:\/\/i0.wp.com\/larevistadigital.com.ar\/blog\/wp-content\/uploads\/1654118779926.jpg?fit=1200%2C594&ssl=1&resize=525%2C300 1.5x, https:\/\/i0.wp.com\/larevistadigital.com.ar\/blog\/wp-content\/uploads\/1654118779926.jpg?fit=1200%2C594&ssl=1&resize=700%2C400 2x, https:\/\/i0.wp.com\/larevistadigital.com.ar\/blog\/wp-content\/uploads\/1654118779926.jpg?fit=1200%2C594&ssl=1&resize=1050%2C600 3x"},"classes":[]},{"id":29462,"url":"https:\/\/larevistadigital.com.ar\/blog\/qatar-2022-fotos-y-videos-chascomus-festeja-el-triunfo-de-argentina-y-el-pase-a-la-final\/","url_meta":{"origin":29458,"position":4},"title":"QATAR 2022: [FOTOS Y VIDEOS] CHASCOM\u00daS FESTEJA EL TRI\u00daNFO DE ARGENTINA Y EL PASE A LA FINAL.","author":"Alejandro Sosa Ruda","date":"13 diciembre, 2022","format":false,"excerpt":"La selecci\u00f3n Argentina gan\u00f3, gust\u00f3 y gole\u00f3 con una soberbia actuaci\u00f3n de Juli\u00e1n Alvarez, y un Messi en su mejor nivel. La ciudad se convoc\u00f3 al Reloj de los Italianos y Fernanda Bertoletti realiz\u00f3 una cr\u00f3nica para La Revista Digital. 13 de diciembre de 2022 CHASCOM\u00daS -\u00a0 Luego del emocionante\u2026","rel":"","context":"En \u00abCHASCOM\u00daS\u00bb","block_context":{"text":"CHASCOM\u00daS","link":"https:\/\/larevistadigital.com.ar\/blog\/category\/chascomus\/"},"img":{"alt_text":"","src":"https:\/\/i0.wp.com\/larevistadigital.com.ar\/blog\/wp-content\/uploads\/WhatsApp-Image-2022-12-13-at-18.17.22.jpeg?fit=1200%2C675&ssl=1&resize=350%2C200","width":350,"height":200,"srcset":"https:\/\/i0.wp.com\/larevistadigital.com.ar\/blog\/wp-content\/uploads\/WhatsApp-Image-2022-12-13-at-18.17.22.jpeg?fit=1200%2C675&ssl=1&resize=350%2C200 1x, https:\/\/i0.wp.com\/larevistadigital.com.ar\/blog\/wp-content\/uploads\/WhatsApp-Image-2022-12-13-at-18.17.22.jpeg?fit=1200%2C675&ssl=1&resize=525%2C300 1.5x, https:\/\/i0.wp.com\/larevistadigital.com.ar\/blog\/wp-content\/uploads\/WhatsApp-Image-2022-12-13-at-18.17.22.jpeg?fit=1200%2C675&ssl=1&resize=700%2C400 2x, https:\/\/i0.wp.com\/larevistadigital.com.ar\/blog\/wp-content\/uploads\/WhatsApp-Image-2022-12-13-at-18.17.22.jpeg?fit=1200%2C675&ssl=1&resize=1050%2C600 3x"},"classes":[]},{"id":28955,"url":"https:\/\/larevistadigital.com.ar\/blog\/sorpresa-mundial-argentina-perdio-en-su-debut-contra-arabia-saudita\/","url_meta":{"origin":29458,"position":5},"title":"SORPRESA MUNDIAL: ARGENTINA PERDI\u00d3 EN SU DEBUT CONTRA ARABIA SAUDITA","author":"Alejandro Sosa Ruda","date":"22 noviembre, 2022","format":false,"excerpt":"Un gol de Lionel Messi no fue suficiente para que la selecci\u00f3n de Argentina venciera a Arabia Saudita, que mostr\u00f3 gran esp\u00edritu y termin\u00f3 ganando con un golazo de Al-Dawsari. 22 de noviembre de 2022 QATAR -\u00a0 La selecci\u00f3n de f\u00fatbol de Argentina perdi\u00f3 su primer partido de la Copa\u2026","rel":"","context":"En \u00abDEPORTES\u00bb","block_context":{"text":"DEPORTES","link":"https:\/\/larevistadigital.com.ar\/blog\/category\/deportes\/"},"img":{"alt_text":"","src":"https:\/\/i0.wp.com\/larevistadigital.com.ar\/blog\/wp-content\/uploads\/ARCHI_961157.jpg?fit=760%2C488&ssl=1&resize=350%2C200","width":350,"height":200,"srcset":"https:\/\/i0.wp.com\/larevistadigital.com.ar\/blog\/wp-content\/uploads\/ARCHI_961157.jpg?fit=760%2C488&ssl=1&resize=350%2C200 1x, https:\/\/i0.wp.com\/larevistadigital.com.ar\/blog\/wp-content\/uploads\/ARCHI_961157.jpg?fit=760%2C488&ssl=1&resize=525%2C300 1.5x, https:\/\/i0.wp.com\/larevistadigital.com.ar\/blog\/wp-content\/uploads\/ARCHI_961157.jpg?fit=760%2C488&ssl=1&resize=700%2C400 2x"},"classes":[]}],"_links":{"self":[{"href":"https:\/\/larevistadigital.com.ar\/blog\/wp-json\/wp\/v2\/posts\/29458","targetHints":{"allow":["GET"]}}],"collection":[{"href":"https:\/\/larevistadigital.com.ar\/blog\/wp-json\/wp\/v2\/posts"}],"about":[{"href":"https:\/\/larevistadigital.com.ar\/blog\/wp-json\/wp\/v2\/types\/post"}],"author":[{"embeddable":true,"href":"https:\/\/larevistadigital.com.ar\/blog\/wp-json\/wp\/v2\/users\/3"}],"replies":[{"embeddable":true,"href":"https:\/\/larevistadigital.com.ar\/blog\/wp-json\/wp\/v2\/comments?post=29458"}],"version-history":[{"count":2,"href":"https:\/\/larevistadigital.com.ar\/blog\/wp-json\/wp\/v2\/posts\/29458\/revisions"}],"predecessor-version":[{"id":29461,"href":"https:\/\/larevistadigital.com.ar\/blog\/wp-json\/wp\/v2\/posts\/29458\/revisions\/29461"}],"wp:featuredmedia":[{"embeddable":true,"href":"https:\/\/larevistadigital.com.ar\/blog\/wp-json\/wp\/v2\/media\/29459"}],"wp:attachment":[{"href":"https:\/\/larevistadigital.com.ar\/blog\/wp-json\/wp\/v2\/media?parent=29458"}],"wp:term":[{"taxonomy":"category","embeddable":true,"href":"https:\/\/larevistadigital.com.ar\/blog\/wp-json\/wp\/v2\/categories?post=29458"},{"taxonomy":"post_tag","embeddable":true,"href":"https:\/\/larevistadigital.com.ar\/blog\/wp-json\/wp\/v2\/tags?post=29458"}],"curies":[{"name":"wp","href":"https:\/\/api.w.org\/{rel}","templated":true}]}}