{"id":29530,"date":"2022-12-19T15:00:33","date_gmt":"2022-12-19T15:00:33","guid":{"rendered":"https:\/\/larevistadigital.com.ar\/blog\/?p=29530"},"modified":"2022-12-19T15:40:38","modified_gmt":"2022-12-19T15:40:38","slug":"chascomus-galeria-de-fotos-accidente-en-la-ruta-20-mano-a-ranchos","status":"publish","type":"post","link":"https:\/\/larevistadigital.com.ar\/blog\/chascomus-galeria-de-fotos-accidente-en-la-ruta-20-mano-a-ranchos\/","title":{"rendered":"CHASCOMUS: [GALER\u00cdA DE FOTOS] ACCIDENTE EN LA RUTA 20, MANO A RANCHOS."},"content":{"rendered":"<h2>Viajaba una sola persona y fue derivada al Hospital<\/h2>\n<p>(Cr\u00f3nica y fotos: Dami\u00e1n Jorquera)<\/p>\n<p>19 de diciembre de 2022<\/p>\n<p><strong>CHASCOM\u00daS &#8211;<\/strong>\u00a0 Ayer, aproximadamente a las 17:30hs. ocurri\u00f3 un accidente en la ruta 20, mano a Ranchos que pudo terminar en tragedia.<\/p>\n<p>Se trat\u00f3 de un despiste de un autom\u00f3vil\u00a0 en el que viajaba una sola persona, y se desconoce el motivo que origino el siniestro.<\/p>\n<p>Los Bomberos publicaron lo siguiente:<\/p>\n<p><strong><em>\u00abSiendo las 17:26 hs. se recibe un llamado de Radio de Hospital informando que en Ruta 20 y Ruta 58 se produc\u00eda un accidente. Con alarma parte la Unidad N\u00ba 12 al mando del Oficial Principal Leandro Lannes. Llegados al lugar se comprob\u00f3 el despiste y vuelco de un veh\u00edculo con un ocupante, el cual fue inmovilizado para ser trasladado al Hospital Municipal por ambulancia del mismo, tambi\u00e9n se realizo la prevenci\u00f3n correspondiente sobre el rodado. Finalizadas las tareas se regreso al cuartel a las 18:00 hs.\u00bb<\/em><\/strong><\/p>\n<p><span style=\"color: #ff0000\"><strong>GALER\u00cdA DE FOTOS:<\/strong><\/span><\/p>\n<p><img data-recalc-dims=\"1\" loading=\"lazy\" decoding=\"async\" class=\"alignnone size-full wp-image-29531\" src=\"https:\/\/i0.wp.com\/larevistadigital.com.ar\/blog\/wp-content\/uploads\/1-7.jpg?resize=1340%2C840&#038;ssl=1\" alt=\"\" width=\"1340\" height=\"840\" srcset=\"https:\/\/i0.wp.com\/larevistadigital.com.ar\/blog\/wp-content\/uploads\/1-7.jpg?w=1340&amp;ssl=1 1340w, https:\/\/i0.wp.com\/larevistadigital.com.ar\/blog\/wp-content\/uploads\/1-7.jpg?resize=300%2C188&amp;ssl=1 300w, https:\/\/i0.wp.com\/larevistadigital.com.ar\/blog\/wp-content\/uploads\/1-7.jpg?resize=1024%2C642&amp;ssl=1 1024w, https:\/\/i0.wp.com\/larevistadigital.com.ar\/blog\/wp-content\/uploads\/1-7.jpg?resize=768%2C481&amp;ssl=1 768w\" sizes=\"auto, (max-width: 1000px) 100vw, 1000px\" \/><\/p>\n<p><img data-recalc-dims=\"1\" loading=\"lazy\" decoding=\"async\" class=\"alignnone size-full wp-image-29532\" src=\"https:\/\/i0.wp.com\/larevistadigital.com.ar\/blog\/wp-content\/uploads\/2-9.jpg?resize=1600%2C1200&#038;ssl=1\" alt=\"\" width=\"1600\" height=\"1200\" srcset=\"https:\/\/i0.wp.com\/larevistadigital.com.ar\/blog\/wp-content\/uploads\/2-9.jpg?w=1600&amp;ssl=1 1600w, https:\/\/i0.wp.com\/larevistadigital.com.ar\/blog\/wp-content\/uploads\/2-9.jpg?resize=300%2C225&amp;ssl=1 300w, https:\/\/i0.wp.com\/larevistadigital.com.ar\/blog\/wp-content\/uploads\/2-9.jpg?resize=1024%2C768&amp;ssl=1 1024w, https:\/\/i0.wp.com\/larevistadigital.com.ar\/blog\/wp-content\/uploads\/2-9.jpg?resize=768%2C576&amp;ssl=1 768w, https:\/\/i0.wp.com\/larevistadigital.com.ar\/blog\/wp-content\/uploads\/2-9.jpg?resize=1536%2C1152&amp;ssl=1 1536w, https:\/\/i0.wp.com\/larevistadigital.com.ar\/blog\/wp-content\/uploads\/2-9.jpg?resize=678%2C509&amp;ssl=1 678w, https:\/\/i0.wp.com\/larevistadigital.com.ar\/blog\/wp-content\/uploads\/2-9.jpg?resize=326%2C245&amp;ssl=1 326w, https:\/\/i0.wp.com\/larevistadigital.com.ar\/blog\/wp-content\/uploads\/2-9.jpg?resize=80%2C60&amp;ssl=1 80w\" sizes=\"auto, (max-width: 1000px) 100vw, 1000px\" \/><\/p>\n<p><img data-recalc-dims=\"1\" loading=\"lazy\" decoding=\"async\" class=\"alignnone size-full wp-image-29533\" src=\"https:\/\/i0.wp.com\/larevistadigital.com.ar\/blog\/wp-content\/uploads\/3-4.jpg?resize=1156%2C832&#038;ssl=1\" alt=\"\" width=\"1156\" height=\"832\" srcset=\"https:\/\/i0.wp.com\/larevistadigital.com.ar\/blog\/wp-content\/uploads\/3-4.jpg?w=1156&amp;ssl=1 1156w, https:\/\/i0.wp.com\/larevistadigital.com.ar\/blog\/wp-content\/uploads\/3-4.jpg?resize=300%2C216&amp;ssl=1 300w, https:\/\/i0.wp.com\/larevistadigital.com.ar\/blog\/wp-content\/uploads\/3-4.jpg?resize=1024%2C737&amp;ssl=1 1024w, https:\/\/i0.wp.com\/larevistadigital.com.ar\/blog\/wp-content\/uploads\/3-4.jpg?resize=768%2C553&amp;ssl=1 768w\" sizes=\"auto, (max-width: 1000px) 100vw, 1000px\" \/> <img data-recalc-dims=\"1\" loading=\"lazy\" decoding=\"async\" class=\"alignnone size-full wp-image-29534\" src=\"https:\/\/i0.wp.com\/larevistadigital.com.ar\/blog\/wp-content\/uploads\/4-3.jpg?resize=1200%2C736&#038;ssl=1\" alt=\"\" width=\"1200\" height=\"736\" srcset=\"https:\/\/i0.wp.com\/larevistadigital.com.ar\/blog\/wp-content\/uploads\/4-3.jpg?w=1200&amp;ssl=1 1200w, https:\/\/i0.wp.com\/larevistadigital.com.ar\/blog\/wp-content\/uploads\/4-3.jpg?resize=300%2C184&amp;ssl=1 300w, https:\/\/i0.wp.com\/larevistadigital.com.ar\/blog\/wp-content\/uploads\/4-3.jpg?resize=1024%2C628&amp;ssl=1 1024w, https:\/\/i0.wp.com\/larevistadigital.com.ar\/blog\/wp-content\/uploads\/4-3.jpg?resize=768%2C471&amp;ssl=1 768w\" sizes=\"auto, (max-width: 1000px) 100vw, 1000px\" \/><\/p>\n<p><img data-recalc-dims=\"1\" loading=\"lazy\" decoding=\"async\" class=\"alignnone size-full wp-image-29535\" src=\"https:\/\/i0.wp.com\/larevistadigital.com.ar\/blog\/wp-content\/uploads\/5-4.jpg?resize=1316%2C768&#038;ssl=1\" alt=\"\" width=\"1316\" height=\"768\" srcset=\"https:\/\/i0.wp.com\/larevistadigital.com.ar\/blog\/wp-content\/uploads\/5-4.jpg?w=1316&amp;ssl=1 1316w, https:\/\/i0.wp.com\/larevistadigital.com.ar\/blog\/wp-content\/uploads\/5-4.jpg?resize=300%2C175&amp;ssl=1 300w, https:\/\/i0.wp.com\/larevistadigital.com.ar\/blog\/wp-content\/uploads\/5-4.jpg?resize=1024%2C598&amp;ssl=1 1024w, https:\/\/i0.wp.com\/larevistadigital.com.ar\/blog\/wp-content\/uploads\/5-4.jpg?resize=768%2C448&amp;ssl=1 768w\" sizes=\"auto, (max-width: 1000px) 100vw, 1000px\" \/><\/p>\n<p>&nbsp;<\/p>\n<p><img data-recalc-dims=\"1\" loading=\"lazy\" decoding=\"async\" class=\"alignnone size-full wp-image-29536\" src=\"https:\/\/i0.wp.com\/larevistadigital.com.ar\/blog\/wp-content\/uploads\/6-4.jpg?resize=1600%2C800&#038;ssl=1\" alt=\"\" width=\"1600\" height=\"800\" srcset=\"https:\/\/i0.wp.com\/larevistadigital.com.ar\/blog\/wp-content\/uploads\/6-4.jpg?w=1600&amp;ssl=1 1600w, https:\/\/i0.wp.com\/larevistadigital.com.ar\/blog\/wp-content\/uploads\/6-4.jpg?resize=300%2C150&amp;ssl=1 300w, https:\/\/i0.wp.com\/larevistadigital.com.ar\/blog\/wp-content\/uploads\/6-4.jpg?resize=1024%2C512&amp;ssl=1 1024w, https:\/\/i0.wp.com\/larevistadigital.com.ar\/blog\/wp-content\/uploads\/6-4.jpg?resize=768%2C384&amp;ssl=1 768w, https:\/\/i0.wp.com\/larevistadigital.com.ar\/blog\/wp-content\/uploads\/6-4.jpg?resize=1536%2C768&amp;ssl=1 1536w\" sizes=\"auto, (max-width: 1000px) 100vw, 1000px\" \/><\/p>\n<p><img data-recalc-dims=\"1\" loading=\"lazy\" decoding=\"async\" class=\"alignnone size-full wp-image-29537\" src=\"https:\/\/i0.wp.com\/larevistadigital.com.ar\/blog\/wp-content\/uploads\/7-3.jpg?resize=1236%2C768&#038;ssl=1\" alt=\"\" width=\"1236\" height=\"768\" srcset=\"https:\/\/i0.wp.com\/larevistadigital.com.ar\/blog\/wp-content\/uploads\/7-3.jpg?w=1236&amp;ssl=1 1236w, https:\/\/i0.wp.com\/larevistadigital.com.ar\/blog\/wp-content\/uploads\/7-3.jpg?resize=300%2C186&amp;ssl=1 300w, https:\/\/i0.wp.com\/larevistadigital.com.ar\/blog\/wp-content\/uploads\/7-3.jpg?resize=1024%2C636&amp;ssl=1 1024w, https:\/\/i0.wp.com\/larevistadigital.com.ar\/blog\/wp-content\/uploads\/7-3.jpg?resize=768%2C477&amp;ssl=1 768w\" sizes=\"auto, (max-width: 1000px) 100vw, 1000px\" \/><\/p>\n<p><img data-recalc-dims=\"1\" loading=\"lazy\" decoding=\"async\" class=\"alignnone size-full wp-image-29538\" src=\"https:\/\/i0.wp.com\/larevistadigital.com.ar\/blog\/wp-content\/uploads\/8-2.jpg?resize=1412%2C1032&#038;ssl=1\" alt=\"\" width=\"1412\" height=\"1032\" srcset=\"https:\/\/i0.wp.com\/larevistadigital.com.ar\/blog\/wp-content\/uploads\/8-2.jpg?w=1412&amp;ssl=1 1412w, https:\/\/i0.wp.com\/larevistadigital.com.ar\/blog\/wp-content\/uploads\/8-2.jpg?resize=300%2C219&amp;ssl=1 300w, https:\/\/i0.wp.com\/larevistadigital.com.ar\/blog\/wp-content\/uploads\/8-2.jpg?resize=1024%2C748&amp;ssl=1 1024w, https:\/\/i0.wp.com\/larevistadigital.com.ar\/blog\/wp-content\/uploads\/8-2.jpg?resize=768%2C561&amp;ssl=1 768w\" sizes=\"auto, (max-width: 1000px) 100vw, 1000px\" \/><\/p>\n<p>&nbsp;<\/p>\n<p>&nbsp;<\/p>\n<p>&nbsp;<\/p>\n","protected":false},"excerpt":{"rendered":"<div class=\"mh-excerpt\"><p>Viajaba una sola persona y fue derivada al Hospital (Cr\u00f3nica y fotos: Dami\u00e1n Jorquera) 19 de diciembre de 2022 CHASCOM\u00daS &#8211;\u00a0 Ayer, aproximadamente a las 17:30hs. ocurri\u00f3 un accidente en la ruta 20, mano a <a class=\"mh-excerpt-more\" href=\"https:\/\/larevistadigital.com.ar\/blog\/chascomus-galeria-de-fotos-accidente-en-la-ruta-20-mano-a-ranchos\/\" title=\"CHASCOMUS: [GALER\u00cdA DE FOTOS] ACCIDENTE EN LA RUTA 20, MANO A RANCHOS.\">[Leer M\u00e1s]<\/a><\/p>\n<\/div>","protected":false},"author":3,"featured_media":29533,"comment_status":"open","ping_status":"open","sticky":false,"template":"","format":"standard","meta":{"_jetpack_memberships_contains_paid_content":false,"footnotes":"","jetpack_publicize_message":"","jetpack_publicize_feature_enabled":true,"jetpack_social_post_already_shared":true,"jetpack_social_options":{"image_generator_settings":{"template":"highway","default_image_id":0,"font":"","enabled":false},"version":2}},"categories":[8],"tags":[],"class_list":{"0":"post-29530","1":"post","2":"type-post","3":"status-publish","4":"format-standard","5":"has-post-thumbnail","7":"category-deportes"},"jetpack_publicize_connections":[],"jetpack_featured_media_url":"https:\/\/i0.wp.com\/larevistadigital.com.ar\/blog\/wp-content\/uploads\/3-4.jpg?fit=1156%2C832&ssl=1","jetpack_sharing_enabled":true,"jetpack_shortlink":"https:\/\/wp.me\/p8qtrQ-7Gi","jetpack-related-posts":[{"id":35974,"url":"https:\/\/larevistadigital.com.ar\/blog\/ruta-2-un-choque-y-otro-despiste-y-vuelco-de-un-automovil-a-la-altura-del-km-108-mano-descendente\/","url_meta":{"origin":29530,"position":0},"title":"RUTA 2: UN CHOQUE Y OTRO DESPISTE Y VUELCO DE UN AUTOM\u00d3VIL A LA ALTURA DEL KM 108 (MANO DESCENDENTE)","author":"Alejandro Sosa Ruda","date":"2 mayo, 2024","format":false,"excerpt":"Ocurri\u00f3 ayer aproximadamente a las 19:50 hs. 02 de mayo de 2024 CHASCOM\u00daS - Tras el aviso de un siniestro ocurrido en la ruta 2 aproximadamente a la altura del km 108, personal policial se hizo presente en el lugar, constatando que el automovil siniestrado era un Honda FIt, conducido\u2026","rel":"","context":"En \u00abDESTACADAS\u00bb","block_context":{"text":"DESTACADAS","link":"https:\/\/larevistadigital.com.ar\/blog\/category\/destacadas\/"},"img":{"alt_text":"","src":"https:\/\/i0.wp.com\/larevistadigital.com.ar\/blog\/wp-content\/uploads\/WhatsApp-Image-2024-05-01-at-20.50.13.jpeg?fit=1200%2C675&ssl=1&resize=350%2C200","width":350,"height":200,"srcset":"https:\/\/i0.wp.com\/larevistadigital.com.ar\/blog\/wp-content\/uploads\/WhatsApp-Image-2024-05-01-at-20.50.13.jpeg?fit=1200%2C675&ssl=1&resize=350%2C200 1x, https:\/\/i0.wp.com\/larevistadigital.com.ar\/blog\/wp-content\/uploads\/WhatsApp-Image-2024-05-01-at-20.50.13.jpeg?fit=1200%2C675&ssl=1&resize=525%2C300 1.5x, https:\/\/i0.wp.com\/larevistadigital.com.ar\/blog\/wp-content\/uploads\/WhatsApp-Image-2024-05-01-at-20.50.13.jpeg?fit=1200%2C675&ssl=1&resize=700%2C400 2x, https:\/\/i0.wp.com\/larevistadigital.com.ar\/blog\/wp-content\/uploads\/WhatsApp-Image-2024-05-01-at-20.50.13.jpeg?fit=1200%2C675&ssl=1&resize=1050%2C600 3x"},"classes":[]},{"id":22743,"url":"https:\/\/larevistadigital.com.ar\/blog\/chascomus-tragico-accidente-en-la-ruta-con-cinco-muertos\/","url_meta":{"origin":29530,"position":1},"title":"CHASCOM\u00daS: TR\u00c1GICO ACCIDENTE EN LA RUTA CON CINCO MUERTOS","author":"Alejandro Sosa Ruda","date":"22 noviembre, 2021","format":false,"excerpt":"CHASCOM\u00daS -\u00a0 Un brutal accidente ocurri\u00f3 a la altura del kil\u00f3metro 107 de la ruta 2 en el partido de Chascom\u00fas, cuando un autom\u00f3vil Fiat Palio despist\u00f3 y volc\u00f3 provocando la muerte de todos sus ocupantes. Se tratar\u00eda de cinco hombres mayores de edad, que salieron despedidos del veh\u00edculo aproximadamente\u2026","rel":"","context":"En \u00abDESTACADAS\u00bb","block_context":{"text":"DESTACADAS","link":"https:\/\/larevistadigital.com.ar\/blog\/category\/destacadas\/"},"img":{"alt_text":"","src":"https:\/\/i0.wp.com\/larevistadigital.com.ar\/blog\/wp-content\/uploads\/Captura-31.png?fit=695%2C524&ssl=1&resize=350%2C200","width":350,"height":200,"srcset":"https:\/\/i0.wp.com\/larevistadigital.com.ar\/blog\/wp-content\/uploads\/Captura-31.png?fit=695%2C524&ssl=1&resize=350%2C200 1x, https:\/\/i0.wp.com\/larevistadigital.com.ar\/blog\/wp-content\/uploads\/Captura-31.png?fit=695%2C524&ssl=1&resize=525%2C300 1.5x"},"classes":[]},{"id":37239,"url":"https:\/\/larevistadigital.com.ar\/blog\/chascomus-vecina-de-22-anos-protagonizo-un-despiste-seguido-de-vuelco-en-la-ruta-2\/","url_meta":{"origin":29530,"position":2},"title":"Chascom\u00fas: Vecina de 22 a\u00f1os, protagoniz\u00f3 un despiste seguido de vuelco en la ruta 2","author":"Alejandro Sosa Ruda","date":"14 septiembre, 2024","format":false,"excerpt":"Afortunadamente no hubo que lamentar v\u00edctimas. Habr\u00eda ocurrido una falla mec\u00e1nica. 14 de Septirmbre de 2024 CHASCOM\u00daS -\u00a0\u00a0Aproximadamente a las 17:15 hs. del d\u00eda de hoy, a la altura del km. 97,500 de la ruta 2, se produjo un despiste seguido de vuelco. El siniestro, fue protagonizado por una chica\u2026","rel":"","context":"En \u00abDESTACADAS\u00bb","block_context":{"text":"DESTACADAS","link":"https:\/\/larevistadigital.com.ar\/blog\/category\/destacadas\/"},"img":{"alt_text":"","src":"https:\/\/i0.wp.com\/larevistadigital.com.ar\/blog\/wp-content\/uploads\/WhatsApp-Image-2024-09-14-at-18.26.23.jpeg?fit=1200%2C901&ssl=1&resize=350%2C200","width":350,"height":200,"srcset":"https:\/\/i0.wp.com\/larevistadigital.com.ar\/blog\/wp-content\/uploads\/WhatsApp-Image-2024-09-14-at-18.26.23.jpeg?fit=1200%2C901&ssl=1&resize=350%2C200 1x, https:\/\/i0.wp.com\/larevistadigital.com.ar\/blog\/wp-content\/uploads\/WhatsApp-Image-2024-09-14-at-18.26.23.jpeg?fit=1200%2C901&ssl=1&resize=525%2C300 1.5x, https:\/\/i0.wp.com\/larevistadigital.com.ar\/blog\/wp-content\/uploads\/WhatsApp-Image-2024-09-14-at-18.26.23.jpeg?fit=1200%2C901&ssl=1&resize=700%2C400 2x, https:\/\/i0.wp.com\/larevistadigital.com.ar\/blog\/wp-content\/uploads\/WhatsApp-Image-2024-09-14-at-18.26.23.jpeg?fit=1200%2C901&ssl=1&resize=1050%2C600 3x"},"classes":[]},{"id":44516,"url":"https:\/\/larevistadigital.com.ar\/blog\/despiste-y-choque-contra-un-arbol-en-la-ruta-2-dos-mujeres-fueron-hospitalizadas\/","url_meta":{"origin":29530,"position":3},"title":"Despiste y choque contra un \u00e1rbol en la Ruta 2: dos mujeres fueron hospitalizadas","author":"Alejandro Sosa Ruda","date":"16 marzo, 2026","format":false,"excerpt":"El accidente ocurri\u00f3 a la altura del kil\u00f3metro 99. Bomberos acudieron al lugar para realizar tareas de prevenci\u00f3n tras el siniestro. 16 de marzo de 2026 CHASCOM\u00daS -\u00a0 \u00a0 Un accidente de tr\u00e1nsito se registr\u00f3 durante la ma\u00f1ana del domingo en la Ruta 2, a la altura del kil\u00f3metro 99,\u2026","rel":"","context":"En \u00abDESTACADAS\u00bb","block_context":{"text":"DESTACADAS","link":"https:\/\/larevistadigital.com.ar\/blog\/category\/destacadas\/"},"img":{"alt_text":"","src":"https:\/\/i0.wp.com\/larevistadigital.com.ar\/blog\/wp-content\/uploads\/accidente-ruta-2-domingo.jpg?fit=700%2C640&ssl=1&resize=350%2C200","width":350,"height":200,"srcset":"https:\/\/i0.wp.com\/larevistadigital.com.ar\/blog\/wp-content\/uploads\/accidente-ruta-2-domingo.jpg?fit=700%2C640&ssl=1&resize=350%2C200 1x, https:\/\/i0.wp.com\/larevistadigital.com.ar\/blog\/wp-content\/uploads\/accidente-ruta-2-domingo.jpg?fit=700%2C640&ssl=1&resize=525%2C300 1.5x, https:\/\/i0.wp.com\/larevistadigital.com.ar\/blog\/wp-content\/uploads\/accidente-ruta-2-domingo.jpg?fit=700%2C640&ssl=1&resize=700%2C400 2x"},"classes":[]},{"id":23711,"url":"https:\/\/larevistadigital.com.ar\/blog\/chascomus-4-heridos-tras-un-accidente-en-la-ruta-2\/","url_meta":{"origin":29530,"position":4},"title":"CHASCOM\u00daS: 4 HERIDOS TRAS UN ACCIDENTE EN LA RUTA 2","author":"Alejandro Sosa Ruda","date":"31 enero, 2022","format":false,"excerpt":"CHASCOM\u00daS -\u00a0\u00a0Durante la tarde de hoy domingo 30\/1, aproximadamente a las 14 horas, se produjo un accidente en el que cuatro personas resultaron heridas. El hecho ocurri\u00f3 a la altura del kil\u00f3metro 116 de la ruta 2, en la mano que va hacia la Costa Atl\u00e1ntica, y tuvo como protagonistas\u2026","rel":"","context":"En \u00abINTERES GENERAL\u00bb","block_context":{"text":"INTERES GENERAL","link":"https:\/\/larevistadigital.com.ar\/blog\/category\/interes-general\/"},"img":{"alt_text":"","src":"https:\/\/i0.wp.com\/larevistadigital.com.ar\/blog\/wp-content\/uploads\/CHOQUE-116.jpg?fit=1200%2C900&ssl=1&resize=350%2C200","width":350,"height":200,"srcset":"https:\/\/i0.wp.com\/larevistadigital.com.ar\/blog\/wp-content\/uploads\/CHOQUE-116.jpg?fit=1200%2C900&ssl=1&resize=350%2C200 1x, https:\/\/i0.wp.com\/larevistadigital.com.ar\/blog\/wp-content\/uploads\/CHOQUE-116.jpg?fit=1200%2C900&ssl=1&resize=525%2C300 1.5x, https:\/\/i0.wp.com\/larevistadigital.com.ar\/blog\/wp-content\/uploads\/CHOQUE-116.jpg?fit=1200%2C900&ssl=1&resize=700%2C400 2x, https:\/\/i0.wp.com\/larevistadigital.com.ar\/blog\/wp-content\/uploads\/CHOQUE-116.jpg?fit=1200%2C900&ssl=1&resize=1050%2C600 3x"},"classes":[]},{"id":37577,"url":"https:\/\/larevistadigital.com.ar\/blog\/tragedia-en-castelli-un-muerto-y-cuatro-heridos-tras-el-despiste-de-un-micro-en-la-ruta-2\/","url_meta":{"origin":29530,"position":5},"title":"Tragedia en Castelli: un muerto y cuatro heridos tras el despiste de un micro en la ruta 2","author":"Alejandro Sosa Ruda","date":"20 octubre, 2024","format":false,"excerpt":"Accidente fatal, se desconocen a\u00fan las causas que lo originaron. 20 de Octubre de 2024 CASTELLI -\u00a0 \u00a0En un fatal accidente un colectivo de la empresa PlataBus,\u00a0\u200bdespist\u00f3 a la altura del kil\u00f3metro 185 de la Autov\u00eda 2\u00a0en la mano hacia\u00a0 Mar del Plata.\u00a0 La causa del siniestro, habr\u00eda sido una\u2026","rel":"","context":"En \u00abCASTELLI\u00bb","block_context":{"text":"CASTELLI","link":"https:\/\/larevistadigital.com.ar\/blog\/category\/castelli\/"},"img":{"alt_text":"","src":"https:\/\/i0.wp.com\/larevistadigital.com.ar\/blog\/wp-content\/uploads\/fb6419854f90c4174408b94ad6806f38f4326539.jpg?fit=1140%2C630&ssl=1&resize=350%2C200","width":350,"height":200,"srcset":"https:\/\/i0.wp.com\/larevistadigital.com.ar\/blog\/wp-content\/uploads\/fb6419854f90c4174408b94ad6806f38f4326539.jpg?fit=1140%2C630&ssl=1&resize=350%2C200 1x, https:\/\/i0.wp.com\/larevistadigital.com.ar\/blog\/wp-content\/uploads\/fb6419854f90c4174408b94ad6806f38f4326539.jpg?fit=1140%2C630&ssl=1&resize=525%2C300 1.5x, https:\/\/i0.wp.com\/larevistadigital.com.ar\/blog\/wp-content\/uploads\/fb6419854f90c4174408b94ad6806f38f4326539.jpg?fit=1140%2C630&ssl=1&resize=700%2C400 2x, https:\/\/i0.wp.com\/larevistadigital.com.ar\/blog\/wp-content\/uploads\/fb6419854f90c4174408b94ad6806f38f4326539.jpg?fit=1140%2C630&ssl=1&resize=1050%2C600 3x"},"classes":[]}],"_links":{"self":[{"href":"https:\/\/larevistadigital.com.ar\/blog\/wp-json\/wp\/v2\/posts\/29530","targetHints":{"allow":["GET"]}}],"collection":[{"href":"https:\/\/larevistadigital.com.ar\/blog\/wp-json\/wp\/v2\/posts"}],"about":[{"href":"https:\/\/larevistadigital.com.ar\/blog\/wp-json\/wp\/v2\/types\/post"}],"author":[{"embeddable":true,"href":"https:\/\/larevistadigital.com.ar\/blog\/wp-json\/wp\/v2\/users\/3"}],"replies":[{"embeddable":true,"href":"https:\/\/larevistadigital.com.ar\/blog\/wp-json\/wp\/v2\/comments?post=29530"}],"version-history":[{"count":2,"href":"https:\/\/larevistadigital.com.ar\/blog\/wp-json\/wp\/v2\/posts\/29530\/revisions"}],"predecessor-version":[{"id":29541,"href":"https:\/\/larevistadigital.com.ar\/blog\/wp-json\/wp\/v2\/posts\/29530\/revisions\/29541"}],"wp:featuredmedia":[{"embeddable":true,"href":"https:\/\/larevistadigital.com.ar\/blog\/wp-json\/wp\/v2\/media\/29533"}],"wp:attachment":[{"href":"https:\/\/larevistadigital.com.ar\/blog\/wp-json\/wp\/v2\/media?parent=29530"}],"wp:term":[{"taxonomy":"category","embeddable":true,"href":"https:\/\/larevistadigital.com.ar\/blog\/wp-json\/wp\/v2\/categories?post=29530"},{"taxonomy":"post_tag","embeddable":true,"href":"https:\/\/larevistadigital.com.ar\/blog\/wp-json\/wp\/v2\/tags?post=29530"}],"curies":[{"name":"wp","href":"https:\/\/api.w.org\/{rel}","templated":true}]}}