{"id":29543,"date":"2022-12-19T21:26:54","date_gmt":"2022-12-19T21:26:54","guid":{"rendered":"https:\/\/larevistadigital.com.ar\/blog\/?p=29543"},"modified":"2022-12-19T21:26:54","modified_gmt":"2022-12-19T21:26:54","slug":"chascomus-reunion-para-garantizar-la-seguridad-en-las-fiestas-habilitadas-para-navidad-y-ano-nuevo","status":"publish","type":"post","link":"https:\/\/larevistadigital.com.ar\/blog\/chascomus-reunion-para-garantizar-la-seguridad-en-las-fiestas-habilitadas-para-navidad-y-ano-nuevo\/","title":{"rendered":"CHASCOM\u00daS: REUNI\u00d3N PARA GARANTIZAR LA SEGURIDAD EN LAS FIESTAS HABILITADAS PARA NAVIDAD Y A\u00d1O NUEVO"},"content":{"rendered":"<h2>Este lunes, la secretaria de Seguridad Ciudadana Mariela Moscarella mantuvo una reuni\u00f3n con los responsables de los eventos al aire libre habilitados para el 24 y el 31 de diciembre, con el fin de acordar criterios de trabajo que garantice la seguridad de los concurrentes.<\/h2>\n<p>19 de diciembre de 2022<\/p>\n<p><strong>CHASCOM\u00daS &#8211;\u00a0 <\/strong>En ese sentido, se dialog\u00f3 sobre <span style=\"color: #ff0000\"><strong>la importancia de respetar la capacidad, el horario de finalizaci\u00f3n, no vender bebidas en envases de vidrio y cumplir con las normas de seguridad e higiene.<\/strong><\/span><\/p>\n<p>Adem\u00e1s, coincidieron sobre la importancia de <strong><span style=\"color: #ff0000\">generar corredores seguros para que la entrada y la salida en los espacios<\/span><\/strong> sean cuidadas, respetando y acompa\u00f1ando a los concurrentes.<\/p>\n<p>Asimismo, se record\u00f3 que en Chascom\u00fas por Ordenanza Municipal est\u00e1 prohibido el uso de pirotecnia y de la importancia de concientizar sobre la figura del conductor designado para evitar siniestros viales.<\/p>\n<p>Estas reuniones revisten gran importancia para prevenir inconvenientes en las fiestas, marcando un protocolo a seguir a esos efectos.<\/p>\n<p>Adem\u00e1s de la Secretaria de Seguridad Ciudadana, <strong>Mariela Moscarella<\/strong>, participaron de la reuni\u00f3n, el subsecretario de Seguridad <strong>Ramiro Canggianelli<\/strong> y autoridades policiales.<\/p>\n","protected":false},"excerpt":{"rendered":"<div class=\"mh-excerpt\"><p>Este lunes, la secretaria de Seguridad Ciudadana Mariela Moscarella mantuvo una reuni\u00f3n con los responsables de los eventos al aire libre habilitados para el 24 y el 31 de diciembre, con el fin de acordar <a class=\"mh-excerpt-more\" href=\"https:\/\/larevistadigital.com.ar\/blog\/chascomus-reunion-para-garantizar-la-seguridad-en-las-fiestas-habilitadas-para-navidad-y-ano-nuevo\/\" title=\"CHASCOM\u00daS: REUNI\u00d3N PARA GARANTIZAR LA SEGURIDAD EN LAS FIESTAS HABILITADAS PARA NAVIDAD Y A\u00d1O NUEVO\">[Leer M\u00e1s]<\/a><\/p>\n<\/div>","protected":false},"author":3,"featured_media":29546,"comment_status":"open","ping_status":"open","sticky":false,"template":"","format":"standard","meta":{"_jetpack_memberships_contains_paid_content":false,"footnotes":"","jetpack_publicize_message":"","jetpack_publicize_feature_enabled":true,"jetpack_social_post_already_shared":true,"jetpack_social_options":{"image_generator_settings":{"template":"highway","default_image_id":0,"font":"","enabled":false},"version":2}},"categories":[41],"tags":[],"class_list":{"0":"post-29543","1":"post","2":"type-post","3":"status-publish","4":"format-standard","5":"has-post-thumbnail","7":"category-destacadas"},"jetpack_publicize_connections":[],"jetpack_featured_media_url":"https:\/\/i0.wp.com\/larevistadigital.com.ar\/blog\/wp-content\/uploads\/REUNION-SEGURIDAD-FIESTAS.jpg?fit=900%2C604&ssl=1","jetpack_sharing_enabled":true,"jetpack_shortlink":"https:\/\/wp.me\/p8qtrQ-7Gv","jetpack-related-posts":[{"id":43001,"url":"https:\/\/larevistadigital.com.ar\/blog\/chascomus-reunion-para-garantizar-la-seguridad-en-las-fiestas-habilitadas-para-navidad-y-ano-nuevo-2\/","url_meta":{"origin":29543,"position":0},"title":"Chascom\u00fas: Reuni\u00f3n para garantizar la seguridad en las fiestas habilitadas para Navidad y A\u00f1o Nuevo","author":"Alejandro Sosa Ruda","date":"22 diciembre, 2025","format":false,"excerpt":"Funcionarios y responsables de los eventos acordaron criterios de trabajo. 22 de diciembre de 2025 CHASCOM\u00daS -\u00a0 \u00a0Con el fin de garantizar la seguridad de los concurrentes, la secretaria de Seguridad Ciudadana, Mariela Moscarella, mantuvo una reuni\u00f3n con los responsables de los eventos al aire libre habilitados para el 24\u2026","rel":"","context":"En \u00abCHASCOM\u00daS\u00bb","block_context":{"text":"CHASCOM\u00daS","link":"https:\/\/larevistadigital.com.ar\/blog\/category\/chascomus\/"},"img":{"alt_text":"","src":"https:\/\/i0.wp.com\/larevistadigital.com.ar\/blog\/wp-content\/uploads\/69497a0eb36e1.png?fit=668%2C445&ssl=1&resize=350%2C200","width":350,"height":200,"srcset":"https:\/\/i0.wp.com\/larevistadigital.com.ar\/blog\/wp-content\/uploads\/69497a0eb36e1.png?fit=668%2C445&ssl=1&resize=350%2C200 1x, https:\/\/i0.wp.com\/larevistadigital.com.ar\/blog\/wp-content\/uploads\/69497a0eb36e1.png?fit=668%2C445&ssl=1&resize=525%2C300 1.5x"},"classes":[]},{"id":35984,"url":"https:\/\/larevistadigital.com.ar\/blog\/reunion-de-la-secretaria-de-seguridad-ciudadana-con-autoridades-policiales\/","url_meta":{"origin":29543,"position":1},"title":"REUNI\u00d3N DE LA SECRETARIA DE SEGURIDAD CIUDADANA CON AUTORIDADES POLICIALES","author":"Alejandro Sosa Ruda","date":"4 mayo, 2024","format":false,"excerpt":"El encuentro tuvo como objetivo fortalecer el trabajo de cooperaci\u00f3n entre la instituci\u00f3n policial y las \u00e1reas municipales de seguridad en cuanto a la prevenci\u00f3n del delito y las violencias, tanto en la zona rural como en la zona urbana. 4 de mayo de 2024 CHASCOM\u00daS -\u00a0 La secretaria de\u2026","rel":"","context":"En \u00abCHASCOM\u00daS\u00bb","block_context":{"text":"CHASCOM\u00daS","link":"https:\/\/larevistadigital.com.ar\/blog\/category\/chascomus\/"},"img":{"alt_text":"","src":"https:\/\/i0.wp.com\/larevistadigital.com.ar\/blog\/wp-content\/uploads\/2024_05_04_00_51_51_6230477.jpg?fit=600%2C450&ssl=1&resize=350%2C200","width":350,"height":200,"srcset":"https:\/\/i0.wp.com\/larevistadigital.com.ar\/blog\/wp-content\/uploads\/2024_05_04_00_51_51_6230477.jpg?fit=600%2C450&ssl=1&resize=350%2C200 1x, https:\/\/i0.wp.com\/larevistadigital.com.ar\/blog\/wp-content\/uploads\/2024_05_04_00_51_51_6230477.jpg?fit=600%2C450&ssl=1&resize=525%2C300 1.5x"},"classes":[]},{"id":44094,"url":"https:\/\/larevistadigital.com.ar\/blog\/chascomus-el-intendente-recibio-a-nuevas-cadetes-del-operativo-sol-a-sol\/","url_meta":{"origin":29543,"position":2},"title":"Chascom\u00fas: El Intendente recibi\u00f3 a nuevas cadetes del Operativo Sol a Sol","author":"Alejandro Sosa Ruda","date":"20 febrero, 2026","format":false,"excerpt":"Dos j\u00f3venes polic\u00edas chascomunenses se incorporaron al refuerzo de seguridad para la temporada de verano. 20 de febrero de 2026 CHASCOM\u00daS -\u00a0 \u00a0El intendente Javier Gast\u00f3n recibi\u00f3 en su despacho a dos nuevas cadetes de polic\u00eda chascomunenses que forman parte del Operativo Sol a Sol, el dispositivo que refuerza la\u2026","rel":"","context":"En \u00abCHASCOM\u00daS\u00bb","block_context":{"text":"CHASCOM\u00daS","link":"https:\/\/larevistadigital.com.ar\/blog\/category\/chascomus\/"},"img":{"alt_text":"","src":"https:\/\/i0.wp.com\/larevistadigital.com.ar\/blog\/wp-content\/uploads\/6998938fe9b37.png?fit=668%2C445&ssl=1&resize=350%2C200","width":350,"height":200,"srcset":"https:\/\/i0.wp.com\/larevistadigital.com.ar\/blog\/wp-content\/uploads\/6998938fe9b37.png?fit=668%2C445&ssl=1&resize=350%2C200 1x, https:\/\/i0.wp.com\/larevistadigital.com.ar\/blog\/wp-content\/uploads\/6998938fe9b37.png?fit=668%2C445&ssl=1&resize=525%2C300 1.5x"},"classes":[]},{"id":28114,"url":"https:\/\/larevistadigital.com.ar\/blog\/chascomus-operativo-de-concientizacion-y-seguridad-para-ciclistas\/","url_meta":{"origin":29543,"position":3},"title":"CHASCOM\u00daS: OPERATIVO DE CONCIENTIZACI\u00d3N Y SEGURIDAD PARA CICLISTAS","author":"Alejandro Sosa Ruda","date":"28 septiembre, 2022","format":false,"excerpt":"En el marco del Plan Estrat\u00e9gico de Seguridad Vial que lleva adelante la Municipalidad de Chascom\u00fas, por intermedio de la Secretar\u00eda de Seguridad Ciudadana, se realiz\u00f3 una campa\u00f1a educativa y se entregaron kits gratuitos de seguridad. 28 de septiembre de 2022 CHASCOM\u00daS -\u00a0 Durante el control, que realiz\u00f3 personal de\u2026","rel":"","context":"En \u00abINTERES GENERAL\u00bb","block_context":{"text":"INTERES GENERAL","link":"https:\/\/larevistadigital.com.ar\/blog\/category\/interes-general\/"},"img":{"alt_text":"","src":"https:\/\/i0.wp.com\/larevistadigital.com.ar\/blog\/wp-content\/uploads\/2022_09_27_01_38_46_9559730.jpg?fit=600%2C402&ssl=1&resize=350%2C200","width":350,"height":200,"srcset":"https:\/\/i0.wp.com\/larevistadigital.com.ar\/blog\/wp-content\/uploads\/2022_09_27_01_38_46_9559730.jpg?fit=600%2C402&ssl=1&resize=350%2C200 1x, https:\/\/i0.wp.com\/larevistadigital.com.ar\/blog\/wp-content\/uploads\/2022_09_27_01_38_46_9559730.jpg?fit=600%2C402&ssl=1&resize=525%2C300 1.5x"},"classes":[]},{"id":36266,"url":"https:\/\/larevistadigital.com.ar\/blog\/reunion-del-foro-municipal-de-seguridad-para-analizar-diversos-aspectos-de-la-situacion-actual\/","url_meta":{"origin":29543,"position":4},"title":"REUNI\u00d3N DEL FORO MUNICIPAL DE SEGURIDAD PARA ANALIZAR DIVERSOS ASPECTOS DE LA SITUACI\u00d3N ACTUAL","author":"Alejandro Sosa Ruda","date":"8 junio, 2024","format":false,"excerpt":"En un encuentro llevado a cabo el pasado jueves por la tarde en el recinto del Concejo Deliberante, el Foro Municipal de Seguridad se reuni\u00f3 para analizar diversos temas relacionados con la seguridad ciudadana. 8 de Junio de 2024 CHASCOM\u00daS - La reuni\u00f3n estuvo encabezado por la secretaria de Seguridad\u2026","rel":"","context":"En \u00abCHASCOM\u00daS\u00bb","block_context":{"text":"CHASCOM\u00daS","link":"https:\/\/larevistadigital.com.ar\/blog\/category\/chascomus\/"},"img":{"alt_text":"","src":"https:\/\/i0.wp.com\/larevistadigital.com.ar\/blog\/wp-content\/uploads\/2024_06_08_05_26_39_1196676.jpg?fit=600%2C400&ssl=1&resize=350%2C200","width":350,"height":200,"srcset":"https:\/\/i0.wp.com\/larevistadigital.com.ar\/blog\/wp-content\/uploads\/2024_06_08_05_26_39_1196676.jpg?fit=600%2C400&ssl=1&resize=350%2C200 1x, https:\/\/i0.wp.com\/larevistadigital.com.ar\/blog\/wp-content\/uploads\/2024_06_08_05_26_39_1196676.jpg?fit=600%2C400&ssl=1&resize=525%2C300 1.5x"},"classes":[]},{"id":37894,"url":"https:\/\/larevistadigital.com.ar\/blog\/reunion-con-propietarios-de-locales-nocturnos-para-definir-pautas-de-trabajo\/","url_meta":{"origin":29543,"position":5},"title":"Reuni\u00f3n con propietarios de locales nocturnos para definir pautas de trabajo","author":"Alejandro Sosa Ruda","date":"15 noviembre, 2024","format":false,"excerpt":"Autoridades municipales ajustan criterios para fortalecer la seguridad en la temporada estival. 15 de Noviembre de 2024 CHASCOM\u00daS -\u00a0 \u00a0La secretaria de Seguridad Ciudadana Mariela Moscarella encabez\u00f3 una reuni\u00f3n con due\u00f1os de bares, boliches y espacios de esparcimiento en el Centro Cultural Municipal Vieja Estaci\u00f3n. El encuentro tuvo como objetivo\u2026","rel":"","context":"En \u00abCHASCOM\u00daS\u00bb","block_context":{"text":"CHASCOM\u00daS","link":"https:\/\/larevistadigital.com.ar\/blog\/category\/chascomus\/"},"img":{"alt_text":"","src":"https:\/\/i0.wp.com\/larevistadigital.com.ar\/blog\/wp-content\/uploads\/67362f4672624.png?fit=668%2C445&ssl=1&resize=350%2C200","width":350,"height":200,"srcset":"https:\/\/i0.wp.com\/larevistadigital.com.ar\/blog\/wp-content\/uploads\/67362f4672624.png?fit=668%2C445&ssl=1&resize=350%2C200 1x, https:\/\/i0.wp.com\/larevistadigital.com.ar\/blog\/wp-content\/uploads\/67362f4672624.png?fit=668%2C445&ssl=1&resize=525%2C300 1.5x"},"classes":[]}],"_links":{"self":[{"href":"https:\/\/larevistadigital.com.ar\/blog\/wp-json\/wp\/v2\/posts\/29543","targetHints":{"allow":["GET"]}}],"collection":[{"href":"https:\/\/larevistadigital.com.ar\/blog\/wp-json\/wp\/v2\/posts"}],"about":[{"href":"https:\/\/larevistadigital.com.ar\/blog\/wp-json\/wp\/v2\/types\/post"}],"author":[{"embeddable":true,"href":"https:\/\/larevistadigital.com.ar\/blog\/wp-json\/wp\/v2\/users\/3"}],"replies":[{"embeddable":true,"href":"https:\/\/larevistadigital.com.ar\/blog\/wp-json\/wp\/v2\/comments?post=29543"}],"version-history":[{"count":2,"href":"https:\/\/larevistadigital.com.ar\/blog\/wp-json\/wp\/v2\/posts\/29543\/revisions"}],"predecessor-version":[{"id":29547,"href":"https:\/\/larevistadigital.com.ar\/blog\/wp-json\/wp\/v2\/posts\/29543\/revisions\/29547"}],"wp:featuredmedia":[{"embeddable":true,"href":"https:\/\/larevistadigital.com.ar\/blog\/wp-json\/wp\/v2\/media\/29546"}],"wp:attachment":[{"href":"https:\/\/larevistadigital.com.ar\/blog\/wp-json\/wp\/v2\/media?parent=29543"}],"wp:term":[{"taxonomy":"category","embeddable":true,"href":"https:\/\/larevistadigital.com.ar\/blog\/wp-json\/wp\/v2\/categories?post=29543"},{"taxonomy":"post_tag","embeddable":true,"href":"https:\/\/larevistadigital.com.ar\/blog\/wp-json\/wp\/v2\/tags?post=29543"}],"curies":[{"name":"wp","href":"https:\/\/api.w.org\/{rel}","templated":true}]}}