{"id":29549,"date":"2022-12-20T13:07:07","date_gmt":"2022-12-20T13:07:07","guid":{"rendered":"https:\/\/larevistadigital.com.ar\/blog\/?p=29549"},"modified":"2022-12-20T13:07:07","modified_gmt":"2022-12-20T13:07:07","slug":"esto-paso-un-dia-como-hoy-20-de-diciembre","status":"publish","type":"post","link":"https:\/\/larevistadigital.com.ar\/blog\/esto-paso-un-dia-como-hoy-20-de-diciembre\/","title":{"rendered":"ESTO PAS\u00d3 UN D\u00cdA COMO HOY, 20 DE DICIEMBRE&#8230;"},"content":{"rendered":"<p class=\"paragraph\">En un 20 de diciembre, pero de 1987, hace 35 a\u00f1os, se produce el choque entre el buque de pasajeros \u00abDo\u00f1a Paz\u00bb y el petrolero \u00abV\u00edctor\u00bb en el estrecho filipino de Mindoro. Mueren 4.317 personas, en la mayor tragedia de la navegaci\u00f3n comercial del siglo XX.<\/p>\n<p class=\"paragraph\"><span style=\"color: #ff0000\"><strong>OTRAS EFEM\u00c9RIDES<\/strong><\/span><\/p>\n<p class=\"paragraph\">1592.- C\u00e9dula de Felipe II por la que declara ciudad a La Habana.<\/p>\n<p class=\"paragraph\">1803.- Francia entrega la Luisiana a Estados Unidos.<\/p>\n<p class=\"paragraph\">1827.- Se promulga la primera ley federal de expulsi\u00f3n de los espa\u00f1oles de M\u00e9xico.<\/p>\n<p class=\"paragraph\">1860.- La Asamblea de Carolina del Sur declara disuelta su uni\u00f3n con los Estados Unidos.<\/p>\n<p class=\"paragraph\">1903.- Tiene lugar el acto de bendici\u00f3n de la bandera de la nueva Rep\u00fablica de Panam\u00e1.<\/p>\n<p class=\"paragraph\">1917.- El polaco Felix Dzerinsky funda la Cheka, la Comisi\u00f3n Extraordinaria Rusa, el antecedente del servicio secreto del KGB.<\/p>\n<p class=\"paragraph\">1943.- Golpe de Estado en Bolivia, provocado por el partido nacionalista de V\u00edctor Paz Estenssoro. Se proclama presidente provisional al comandante Gualberto Villarroel.<\/p>\n<p class=\"paragraph\">1946.- Ho Chi Minh huye de Hanoi tras hacer un llamamiento a la insurrecci\u00f3n contra las tropas coloniales francesas en Vietnam.<\/p>\n<p class=\"paragraph\">.- Se estrena la pel\u00edcula \u00ab!Qu\u00e9 bello es vivir\u00a1\u00bb, de Frank Cappa y protagonizada por James Stewart y Donna Reed. Una de las 100 mejores pel\u00edculas en la historia, que fracas\u00f3 en los \u00d3scar y en la taquilla.<\/p>\n<p class=\"paragraph\">1949.- Se estrena en Londres el ballet \u00abLa bella y la bestia\u00bb, con coreograf\u00eda de John Cranko y m\u00fasica de Maurice Ravel, y la interpretaci\u00f3n estelar de los bailarines Patricia Miller y David Poole.<\/p>\n<p class=\"paragraph\">1957.- Nace Europa Press (EP), la primera agencia de noticias privada de Espa\u00f1a.<\/p>\n<p class=\"paragraph\">1962.- Juan Bosch, candidato del Partido Revolucionario, gana las elecciones presidenciales en la Rep\u00fablica Dominicana.<\/p>\n<p class=\"paragraph\">.- Juan Bosch, candidato del Partido Revolucionario, gana las elecciones presidenciales en la Rep\u00fablica Dominicana.<\/p>\n<p class=\"paragraph\">1967.- Se estrena la pel\u00edcula \u00abEl graduado\u00bb, protagonizada por Dustin Hoffman y Anne Bancroft.<\/p>\n<p class=\"paragraph\">1971.- Un grupo de m\u00e9dicos franceses crean en Par\u00eds la ONG M\u00e9dicos Sin Fronteras (MSF).<\/p>\n<p class=\"paragraph\">1983.- Yaser Arafat y 4.000 palestinos leales abandonan Tr\u00edpoli (L\u00edbano) bajo la protecci\u00f3n de la ONU.<\/p>\n<p class=\"paragraph\">.- Entra en vigor la Constituci\u00f3n de El Salvador, aprobada cinco d\u00edas antes por la Asamblea Constituyente tras nueve meses de debate.<\/p>\n<p class=\"paragraph\">1988.- Representantes de 49 pa\u00edses firman en Viena la convenci\u00f3n de la ONU contra el narcotr\u00e1fico.<\/p>\n<p class=\"paragraph\">1989.- Tropas estadounidenses invaden Panam\u00e1 para derrocar al general Manuel Antonio Noriega.<\/p>\n<p class=\"paragraph\">1999.- China recibe de Portugal la soberan\u00eda de Macao tras 443 a\u00f1os de dominio colonial luso.<\/p>\n<p class=\"paragraph\">2002.- Juan Pablo II promulga los decretos que reconocen las virtudes heroicas y un milagro por la intercesi\u00f3n de Madre Teresa de Calcuta, as\u00ed como el que proclama santa a la monja espa\u00f1ola Sor Angela de la Cruz.<\/p>\n<p class=\"paragraph\">.- Los presidentes de Brasil, Per\u00fa y Bolivia inauguran el primer tramo de la carretera transoce\u00e1nica que unir\u00e1 las costas del Atl\u00e1ntico y el Pac\u00edfico.<\/p>\n<p class=\"paragraph\">2004.- La Polic\u00eda detiene en Antioqu\u00eda (Colombia) a Juan Carlos Ruiz Trujillo, uno de los mayores implicados en blanqueo de dinero del narcotr\u00e1fico.<\/p>\n<p class=\"paragraph\">2008.- El Gobierno de Bolivia proclama el fin del analfabetismo en el pa\u00eds andino. Es el tercer pa\u00eds de Am\u00e9rica Latina, despu\u00e9s de Cuba y Venezuela.<\/p>\n<p class=\"paragraph\">2010.- Cuba suprime el impuesto que grava con un 10 por ciento a las remesas en d\u00f3lares desde el exterior.<\/p>\n<p class=\"paragraph\">2012.- El presidente boliviano, Evo Morales, indulta a 1.900 reclusos tras una semana de protestas y motines en penales del pa\u00eds.<\/p>\n<p class=\"paragraph\">2014.- Primer d\u00eda del alto el fuego unilateral decretado por la guerrilla colombiana de las FARC.<\/p>\n<p class=\"paragraph\">2017.- La Asamblea Nacional Constituyente de Venezuela suprime la Alcald\u00eda Metropolitana de Caracas.<\/p>\n<p class=\"paragraph\">.- El Congreso de EEUU aprueba definitivamente la reforma fiscal de Trump que conlleva el mayor recorte fiscal desde 1986.<\/p>\n<p class=\"paragraph\">2018.- El Tribunal Supremo fija en m\u00e1s de 1.500 millones de euros las indemnizaciones por el derrame de petr\u00f3leo en el hundimiento del \u00abPrestige\u00bb.<\/p>\n<p class=\"paragraph\">2019.- El Parlamento brit\u00e1nico aprueba dejar la UE el 31 de enero.<\/p>\n<p class=\"paragraph\"><strong><span style=\"color: #ff0000\">NACIMIENTOS<\/span><\/strong><\/p>\n<p class=\"paragraph\">1875.- Domingo Mart\u00ednez Luj\u00e1n, poeta peruano.<\/p>\n<p class=\"paragraph\">1916.- Gonzalo Rojas, poeta chileno.<\/p>\n<p class=\"paragraph\">1922.- George Roy Hill, director estadounidense de cine.<\/p>\n<p class=\"paragraph\">1935.- Valerio Lazarov, realizador de televisi\u00f3n espa\u00f1ol de origen rumano.<\/p>\n<p class=\"paragraph\">1947.- Gigliola Cinquetti, cantante italiana.<\/p>\n<p class=\"paragraph\">1948.- Alan Parsons, m\u00fasico brit\u00e1nico.<\/p>\n<p class=\"paragraph\"><span style=\"color: #ff0000\"><strong>DEFUNCIONES<\/strong><\/span><\/p>\n<p class=\"paragraph\">1911.- Joan Maragall, poeta espa\u00f1ol.<\/p>\n<p class=\"paragraph\">1924.- Ricardo Bellver, escultor espa\u00f1ol.<\/p>\n<p class=\"paragraph\">1968.- John Steinbeck, novelista estadounidense.<\/p>\n<p class=\"paragraph\">1982.- Arthur Rubinstein, pianista polaco.<\/p>\n<p class=\"paragraph\">1996.- Carl Sagan, astr\u00f3nomo y divulgador cient\u00edfico estadounidense.<\/p>\n<p class=\"paragraph\">2016.- Michele Morgan, actriz francesa.<\/p>\n","protected":false},"excerpt":{"rendered":"<div class=\"mh-excerpt\"><p>En un 20 de diciembre, pero de 1987, hace 35 a\u00f1os, se produce el choque entre el buque de pasajeros \u00abDo\u00f1a Paz\u00bb y el petrolero \u00abV\u00edctor\u00bb en el estrecho filipino de Mindoro. Mueren 4.317 personas, <a class=\"mh-excerpt-more\" href=\"https:\/\/larevistadigital.com.ar\/blog\/esto-paso-un-dia-como-hoy-20-de-diciembre\/\" title=\"ESTO PAS\u00d3 UN D\u00cdA COMO HOY, 20 DE DICIEMBRE&#8230;\">[Leer M\u00e1s]<\/a><\/p>\n<\/div>","protected":false},"author":3,"featured_media":16747,"comment_status":"open","ping_status":"open","sticky":false,"template":"","format":"standard","meta":{"_jetpack_memberships_contains_paid_content":false,"footnotes":"","jetpack_publicize_message":"","jetpack_publicize_feature_enabled":true,"jetpack_social_post_already_shared":true,"jetpack_social_options":{"image_generator_settings":{"template":"highway","default_image_id":0,"font":"","enabled":false},"version":2}},"categories":[15],"tags":[],"class_list":{"0":"post-29549","1":"post","2":"type-post","3":"status-publish","4":"format-standard","5":"has-post-thumbnail","7":"category-cultura"},"jetpack_publicize_connections":[],"jetpack_featured_media_url":"https:\/\/i0.wp.com\/larevistadigital.com.ar\/blog\/wp-content\/uploads\/LOGO-EFEMERIDES.jpg?fit=1268%2C664&ssl=1","jetpack_sharing_enabled":true,"jetpack_shortlink":"https:\/\/wp.me\/p8qtrQ-7GB","jetpack-related-posts":[{"id":29625,"url":"https:\/\/larevistadigital.com.ar\/blog\/esto-paso-un-dia-como-hoy-26-de-diciembre\/","url_meta":{"origin":29549,"position":0},"title":"ESTO PAS\u00d3 UN D\u00cdA COMO HOY, 26 DE DICIEMBRE","author":"Alejandro Sosa Ruda","date":"26 diciembre, 2022","format":false,"excerpt":"En un 26 de diciembre, pero de 1991, el Soviet Supremo declara el fin de la Uni\u00f3n Sovi\u00e9tica (URSS) tras la ratificaci\u00f3n del Tratado de la Comunidad de Estados Independientes (CEI). Otras Efem\u00e9rides: 1541.- Francisco de Orellana emprende, a bordo del bergant\u00edn San Pedro, la navegaci\u00f3n del Amazonas, el r\u00edo\u2026","rel":"","context":"En \u00abCULTURA\u00bb","block_context":{"text":"CULTURA","link":"https:\/\/larevistadigital.com.ar\/blog\/category\/cultura\/"},"img":{"alt_text":"","src":"https:\/\/i0.wp.com\/larevistadigital.com.ar\/blog\/wp-content\/uploads\/LOGO-EFEMERIDES.jpg?fit=1200%2C628&ssl=1&resize=350%2C200","width":350,"height":200,"srcset":"https:\/\/i0.wp.com\/larevistadigital.com.ar\/blog\/wp-content\/uploads\/LOGO-EFEMERIDES.jpg?fit=1200%2C628&ssl=1&resize=350%2C200 1x, https:\/\/i0.wp.com\/larevistadigital.com.ar\/blog\/wp-content\/uploads\/LOGO-EFEMERIDES.jpg?fit=1200%2C628&ssl=1&resize=525%2C300 1.5x, https:\/\/i0.wp.com\/larevistadigital.com.ar\/blog\/wp-content\/uploads\/LOGO-EFEMERIDES.jpg?fit=1200%2C628&ssl=1&resize=700%2C400 2x, https:\/\/i0.wp.com\/larevistadigital.com.ar\/blog\/wp-content\/uploads\/LOGO-EFEMERIDES.jpg?fit=1200%2C628&ssl=1&resize=1050%2C600 3x"},"classes":[]},{"id":5235,"url":"https:\/\/larevistadigital.com.ar\/blog\/locura-total-prueban-con-exito-un-misil-que-burla-las-defensas-de-los-estados-unidos\/","url_meta":{"origin":29549,"position":1},"title":"LOCURA TOTAL&#8230; PRUEBAN CON \u00c9XITO UN MISIL QUE BURLA LAS DEFENSAS DE LOS ESTADOS UNIDOS","author":"Alejandro Sosa Ruda","date":"11 marzo, 2018","format":false,"excerpt":"SE TRATA DEL MISIL RUSO HIPERS\u00d3NICO \"KINZHAL\", CAPAZ DE SUPERAR EL ESCUDO ANTIMISILES ESTADOUNIDENSE, A DIEZ D\u00cdAS QUE VLADIMIR PUTIN ANUNCIARA QUE SU PA\u00cdS CUENTA CON ARMAS DE \u00daLTIMA GENERACI\u00d3N. Desde el Ministerio de Defensa Ruso, se inform\u00f3 \u00e9ste domingo que \"la tripulaci\u00f3n de una Caza MIG-31 efectu\u00f3 un lanzamiento\u2026","rel":"","context":"En \u00abDESTACADAS\u00bb","block_context":{"text":"DESTACADAS","link":"https:\/\/larevistadigital.com.ar\/blog\/category\/destacadas\/"},"img":{"alt_text":"","src":"https:\/\/i0.wp.com\/larevistadigital.com.ar\/blog\/wp-content\/uploads\/2018\/03\/lacalle.com_.ve-como-sobrevivir-a-una-explosion-nuclear-segun-china-maxresdefault.jpg?fit=1200%2C675&ssl=1&resize=350%2C200","width":350,"height":200,"srcset":"https:\/\/i0.wp.com\/larevistadigital.com.ar\/blog\/wp-content\/uploads\/2018\/03\/lacalle.com_.ve-como-sobrevivir-a-una-explosion-nuclear-segun-china-maxresdefault.jpg?fit=1200%2C675&ssl=1&resize=350%2C200 1x, https:\/\/i0.wp.com\/larevistadigital.com.ar\/blog\/wp-content\/uploads\/2018\/03\/lacalle.com_.ve-como-sobrevivir-a-una-explosion-nuclear-segun-china-maxresdefault.jpg?fit=1200%2C675&ssl=1&resize=525%2C300 1.5x, https:\/\/i0.wp.com\/larevistadigital.com.ar\/blog\/wp-content\/uploads\/2018\/03\/lacalle.com_.ve-como-sobrevivir-a-una-explosion-nuclear-segun-china-maxresdefault.jpg?fit=1200%2C675&ssl=1&resize=700%2C400 2x, https:\/\/i0.wp.com\/larevistadigital.com.ar\/blog\/wp-content\/uploads\/2018\/03\/lacalle.com_.ve-como-sobrevivir-a-una-explosion-nuclear-segun-china-maxresdefault.jpg?fit=1200%2C675&ssl=1&resize=1050%2C600 3x"},"classes":[]},{"id":29227,"url":"https:\/\/larevistadigital.com.ar\/blog\/qatar-2022-aca-te-mostramos-como-quedaron-definidos-los-cruces-de-los-octavos-de-final\/","url_meta":{"origin":29549,"position":2},"title":"QATAR 2022: AC\u00c1 TE MOSTRAMOS COMO QUEDARON DEFINIDOS LOS CRUCES DE LOS OCTAVOS DE FINAL","author":"Alejandro Sosa Ruda","date":"3 diciembre, 2022","format":false,"excerpt":"Tras una jornada hist\u00f3rica, Uruguay\u00a0se qued\u00f3 en las puertas de verse las caras con Brasil en la siguiente ronda. Argentina va este s\u00e1bado ante Australia. 02 de diciembre de 2022 Este viernes se completaron los cruces de los octavos de final del Mundial de Qatar 2022. En una jornada para\u2026","rel":"","context":"En \u00abDEPORTES\u00bb","block_context":{"text":"DEPORTES","link":"https:\/\/larevistadigital.com.ar\/blog\/category\/deportes\/"},"img":{"alt_text":"","src":"https:\/\/i0.wp.com\/larevistadigital.com.ar\/blog\/wp-content\/uploads\/1530987173581.jpg?fit=1200%2C594&ssl=1&resize=350%2C200","width":350,"height":200,"srcset":"https:\/\/i0.wp.com\/larevistadigital.com.ar\/blog\/wp-content\/uploads\/1530987173581.jpg?fit=1200%2C594&ssl=1&resize=350%2C200 1x, https:\/\/i0.wp.com\/larevistadigital.com.ar\/blog\/wp-content\/uploads\/1530987173581.jpg?fit=1200%2C594&ssl=1&resize=525%2C300 1.5x, https:\/\/i0.wp.com\/larevistadigital.com.ar\/blog\/wp-content\/uploads\/1530987173581.jpg?fit=1200%2C594&ssl=1&resize=700%2C400 2x, https:\/\/i0.wp.com\/larevistadigital.com.ar\/blog\/wp-content\/uploads\/1530987173581.jpg?fit=1200%2C594&ssl=1&resize=1050%2C600 3x"},"classes":[]},{"id":9440,"url":"https:\/\/larevistadigital.com.ar\/blog\/viajero-del-tiempo-pasa-el-detector-de-mentiras-y-revela-quien-sera-presidente-de-eeuu-en-2045\/","url_meta":{"origin":29549,"position":3},"title":"VIAJERO DEL TIEMPO PASA EL DETECTOR DE MENTIRAS Y REVELA QUIEN SER\u00c1 PRESIDENTE DE EEUU EN 2045","author":"Alejandro Sosa Ruda","date":"29 marzo, 2019","format":false,"excerpt":"Un hombre de 27 a\u00f1os asegura que naci\u00f3 en diciembre de 2019 y que sabe demasiadas cosas sobre el futuro. ESTADOS UNIDOS, Miami.- Un hombre que asegura ser un viajero del tiempo\u00a0hizo una revelaci\u00f3n sorprendente acerca de qui\u00e9n ser\u00e1\u00a0el presidente de Estados Unidos\u00a0dentro de 26 a\u00f1os. Despu\u00e9s de insistir en\u2026","rel":"","context":"En \u00abCURIOSAS\u00bb","block_context":{"text":"CURIOSAS","link":"https:\/\/larevistadigital.com.ar\/blog\/category\/curiosas\/"},"img":{"alt_text":"","src":"https:\/\/i0.wp.com\/larevistadigital.com.ar\/blog\/wp-content\/uploads\/2019\/03\/f800x450-513585_565031_13.jpg?fit=800%2C450&ssl=1&resize=350%2C200","width":350,"height":200,"srcset":"https:\/\/i0.wp.com\/larevistadigital.com.ar\/blog\/wp-content\/uploads\/2019\/03\/f800x450-513585_565031_13.jpg?fit=800%2C450&ssl=1&resize=350%2C200 1x, https:\/\/i0.wp.com\/larevistadigital.com.ar\/blog\/wp-content\/uploads\/2019\/03\/f800x450-513585_565031_13.jpg?fit=800%2C450&ssl=1&resize=525%2C300 1.5x, https:\/\/i0.wp.com\/larevistadigital.com.ar\/blog\/wp-content\/uploads\/2019\/03\/f800x450-513585_565031_13.jpg?fit=800%2C450&ssl=1&resize=700%2C400 2x"},"classes":[]},{"id":27306,"url":"https:\/\/larevistadigital.com.ar\/blog\/luego-de-diez-anos-tandil-vuelve-a-exportar-quesos-a-los-estados-unidos\/","url_meta":{"origin":29549,"position":4},"title":"LUEGO DE DIEZ A\u00d1OS, TANDIL VUELVE A EXPORTAR QUESOS A LOS ESTADOS UNIDOS","author":"Alejandro Sosa Ruda","date":"25 agosto, 2022","format":false,"excerpt":"El pasado 5 de agosto, se logr\u00f3 concretar la exportaci\u00f3n de provoletas condimentadas y provoletas parrilleras con destino a la ciudad de Miami. En los \u00faltimos d\u00edas una empresa de Tandil concret\u00f3 la primera operaci\u00f3n de exportaci\u00f3n de quesos a Estados Unidos, algo que no se registraba desde hace diez\u2026","rel":"","context":"En \u00abREGIONALES\u00bb","block_context":{"text":"REGIONALES","link":"https:\/\/larevistadigital.com.ar\/blog\/category\/regionales\/"},"img":{"alt_text":"","src":"https:\/\/i0.wp.com\/larevistadigital.com.ar\/blog\/wp-content\/uploads\/20220825163735_pro.jpg?fit=880%2C512&ssl=1&resize=350%2C200","width":350,"height":200,"srcset":"https:\/\/i0.wp.com\/larevistadigital.com.ar\/blog\/wp-content\/uploads\/20220825163735_pro.jpg?fit=880%2C512&ssl=1&resize=350%2C200 1x, https:\/\/i0.wp.com\/larevistadigital.com.ar\/blog\/wp-content\/uploads\/20220825163735_pro.jpg?fit=880%2C512&ssl=1&resize=525%2C300 1.5x, https:\/\/i0.wp.com\/larevistadigital.com.ar\/blog\/wp-content\/uploads\/20220825163735_pro.jpg?fit=880%2C512&ssl=1&resize=700%2C400 2x"},"classes":[]},{"id":44617,"url":"https:\/\/larevistadigital.com.ar\/blog\/convocatoria-a-asamblea-en-alumni\/","url_meta":{"origin":29549,"position":5},"title":"Convocatoria a Asamblea en Alumni","author":"Alejandro Sosa Ruda","date":"19 marzo, 2026","format":false,"excerpt":"CONVOCATORIA La Comisi\u00f3n Directiva del Club Atl\u00e9tico y Social Alumni. Asociaci\u00f3n Civil, convoca a Asamblea General Ordinaria para el d\u00eda 10 de abril de 2026, en la Sede Social del Club Tiro Federal, calle Estados Unidos N\u00b0 71, teniendo en cuenta que la Sede Social de calle Mazzini 170 se\u2026","rel":"","context":"En \u00abCHASCOM\u00daS\u00bb","block_context":{"text":"CHASCOM\u00daS","link":"https:\/\/larevistadigital.com.ar\/blog\/category\/chascomus\/"},"img":{"alt_text":"","src":"https:\/\/i0.wp.com\/larevistadigital.com.ar\/blog\/wp-content\/uploads\/ALUMNI.jpg?fit=800%2C595&ssl=1&resize=350%2C200","width":350,"height":200,"srcset":"https:\/\/i0.wp.com\/larevistadigital.com.ar\/blog\/wp-content\/uploads\/ALUMNI.jpg?fit=800%2C595&ssl=1&resize=350%2C200 1x, https:\/\/i0.wp.com\/larevistadigital.com.ar\/blog\/wp-content\/uploads\/ALUMNI.jpg?fit=800%2C595&ssl=1&resize=525%2C300 1.5x, https:\/\/i0.wp.com\/larevistadigital.com.ar\/blog\/wp-content\/uploads\/ALUMNI.jpg?fit=800%2C595&ssl=1&resize=700%2C400 2x"},"classes":[]}],"_links":{"self":[{"href":"https:\/\/larevistadigital.com.ar\/blog\/wp-json\/wp\/v2\/posts\/29549","targetHints":{"allow":["GET"]}}],"collection":[{"href":"https:\/\/larevistadigital.com.ar\/blog\/wp-json\/wp\/v2\/posts"}],"about":[{"href":"https:\/\/larevistadigital.com.ar\/blog\/wp-json\/wp\/v2\/types\/post"}],"author":[{"embeddable":true,"href":"https:\/\/larevistadigital.com.ar\/blog\/wp-json\/wp\/v2\/users\/3"}],"replies":[{"embeddable":true,"href":"https:\/\/larevistadigital.com.ar\/blog\/wp-json\/wp\/v2\/comments?post=29549"}],"version-history":[{"count":1,"href":"https:\/\/larevistadigital.com.ar\/blog\/wp-json\/wp\/v2\/posts\/29549\/revisions"}],"predecessor-version":[{"id":29550,"href":"https:\/\/larevistadigital.com.ar\/blog\/wp-json\/wp\/v2\/posts\/29549\/revisions\/29550"}],"wp:featuredmedia":[{"embeddable":true,"href":"https:\/\/larevistadigital.com.ar\/blog\/wp-json\/wp\/v2\/media\/16747"}],"wp:attachment":[{"href":"https:\/\/larevistadigital.com.ar\/blog\/wp-json\/wp\/v2\/media?parent=29549"}],"wp:term":[{"taxonomy":"category","embeddable":true,"href":"https:\/\/larevistadigital.com.ar\/blog\/wp-json\/wp\/v2\/categories?post=29549"},{"taxonomy":"post_tag","embeddable":true,"href":"https:\/\/larevistadigital.com.ar\/blog\/wp-json\/wp\/v2\/tags?post=29549"}],"curies":[{"name":"wp","href":"https:\/\/api.w.org\/{rel}","templated":true}]}}