{"id":29551,"date":"2022-12-20T13:31:17","date_gmt":"2022-12-20T13:31:17","guid":{"rendered":"https:\/\/larevistadigital.com.ar\/blog\/?p=29551"},"modified":"2022-12-20T13:31:17","modified_gmt":"2022-12-20T13:31:17","slug":"festejo-fatal-murio-asfixiado-al-caer-de-su-moto-y-enredarse-con-una-bandera-mientras-festejaba-el-campeonato-mundial","status":"publish","type":"post","link":"https:\/\/larevistadigital.com.ar\/blog\/festejo-fatal-murio-asfixiado-al-caer-de-su-moto-y-enredarse-con-una-bandera-mientras-festejaba-el-campeonato-mundial\/","title":{"rendered":"FESTEJO FATAL: MURI\u00d3 ASFIXIADO AL CAER DE SU MOTO Y ENREDARSE CON UNA BANDERA MIENTRAS FESTEJABA EL CAMPEONATO MUNDIAL"},"content":{"rendered":"<h2 class=\"fparrafo ctext fz18 lh25\">Por estas horas se espera la confirmaci\u00f3n por parte de peritos de la Polic\u00eda Cient\u00edfica acerca de la causa del accidente aunque fuentes policiales informaron a que el mismo podr\u00eda haberse producido debido a que llevaba una bandera como \u201ccapa\u201d alrededor del cuello.<\/h2>\n<p>20 de diciembre de 2022<\/p>\n<p class=\"selectionShareable\"><strong>BAH\u00cdA BANCA &#8211;\u00a0<\/strong> Un joven de 22 a\u00f1os perdi\u00f3 la vida en Bah\u00eda Blanca luego de que se cayera de su moto en el barrio Bella Vista, mientras celebrara el campeonato mundial de la Selecci\u00f3n Argentina.<\/p>\n<p class=\"selectionShareable\">El conductor fue identificado como Sebasti\u00e1n Oscar Maciel.<\/p>\n<p class=\"selectionShareable\">Por estas horas se espera la confirmaci\u00f3n por parte de peritos de la Polic\u00eda Cient\u00edfica acerca de la causa del accidente aunque fuentes policiales informaron a que el mismo podr\u00eda haberse producido debido a que llevaba una bandera como \u201ccapa\u201d alrededor del cuello y esta pudo haberse enganchado en alguna parte de su moto Honda 150 cc, provoc\u00e1ndole as\u00ed una asfixia y haci\u00e9ndole perder el control del veh\u00edculo.<\/p>\n<p class=\"selectionShareable\">Personal de la Comisar\u00eda Primera se encuentra a cargo de la investigaci\u00f3n del caso. En el lugar tambi\u00e9n trabaj\u00f3 Control de Tr\u00e1nsito, una ambulancia del SAME y Defensa Civil. (<b>InfoGEI<\/b>) Mg<\/p>\n","protected":false},"excerpt":{"rendered":"<div class=\"mh-excerpt\"><p>Por estas horas se espera la confirmaci\u00f3n por parte de peritos de la Polic\u00eda Cient\u00edfica acerca de la causa del accidente aunque fuentes policiales informaron a que el mismo podr\u00eda haberse producido debido a que <a class=\"mh-excerpt-more\" href=\"https:\/\/larevistadigital.com.ar\/blog\/festejo-fatal-murio-asfixiado-al-caer-de-su-moto-y-enredarse-con-una-bandera-mientras-festejaba-el-campeonato-mundial\/\" title=\"FESTEJO FATAL: MURI\u00d3 ASFIXIADO AL CAER DE SU MOTO Y ENREDARSE CON UNA BANDERA MIENTRAS FESTEJABA EL CAMPEONATO MUNDIAL\">[Leer M\u00e1s]<\/a><\/p>\n<\/div>","protected":false},"author":3,"featured_media":29552,"comment_status":"open","ping_status":"open","sticky":false,"template":"","format":"standard","meta":{"_jetpack_memberships_contains_paid_content":false,"footnotes":"","jetpack_publicize_message":"","jetpack_publicize_feature_enabled":true,"jetpack_social_post_already_shared":true,"jetpack_social_options":{"image_generator_settings":{"template":"highway","default_image_id":0,"font":"","enabled":false},"version":2}},"categories":[44,51],"tags":[],"class_list":{"0":"post-29551","1":"post","2":"type-post","3":"status-publish","4":"format-standard","5":"has-post-thumbnail","7":"category-policiales","8":"category-regionales"},"jetpack_publicize_connections":[],"jetpack_featured_media_url":"https:\/\/i0.wp.com\/larevistadigital.com.ar\/blog\/wp-content\/uploads\/20221219191057_moto-bahxa-blanca-jpg-282247252.jpg?fit=880%2C512&ssl=1","jetpack_sharing_enabled":true,"jetpack_shortlink":"https:\/\/wp.me\/p8qtrQ-7GD","jetpack-related-posts":[{"id":24840,"url":"https:\/\/larevistadigital.com.ar\/blog\/macabro-encuentran-un-cuerpo-calcinado-en-el-limite-entre-berisso-y-la-plata\/","url_meta":{"origin":29551,"position":0},"title":"MACABRO: ENCUENTRAN UN CUERPO CALCINADO EN EL L\u00cdMITE ENTRE BERISSO Y LA PLATA","author":"Alejandro Sosa Ruda","date":"27 marzo, 2022","format":false,"excerpt":"Los investigadores trabajan para determinar la identidad de la v\u00edctima y qu\u00e9 fue lo que le sucedi\u00f3. El cad\u00e1ver fue hallado en un bald\u00edo. Un macabro hallazgo conmociona a la regi\u00f3n. Varios vecinos\u00a0hallaron el cuerpo sin vida y calcinado de un hombre y corresponder\u00eda a un joven de entre 18\u2026","rel":"","context":"En \u00abPOLICIALES\u00bb","block_context":{"text":"POLICIALES","link":"https:\/\/larevistadigital.com.ar\/blog\/category\/policiales\/"},"img":{"alt_text":"","src":"https:\/\/i0.wp.com\/larevistadigital.com.ar\/blog\/wp-content\/uploads\/1620734310362-1.jpg?fit=1200%2C594&ssl=1&resize=350%2C200","width":350,"height":200,"srcset":"https:\/\/i0.wp.com\/larevistadigital.com.ar\/blog\/wp-content\/uploads\/1620734310362-1.jpg?fit=1200%2C594&ssl=1&resize=350%2C200 1x, https:\/\/i0.wp.com\/larevistadigital.com.ar\/blog\/wp-content\/uploads\/1620734310362-1.jpg?fit=1200%2C594&ssl=1&resize=525%2C300 1.5x, https:\/\/i0.wp.com\/larevistadigital.com.ar\/blog\/wp-content\/uploads\/1620734310362-1.jpg?fit=1200%2C594&ssl=1&resize=700%2C400 2x, https:\/\/i0.wp.com\/larevistadigital.com.ar\/blog\/wp-content\/uploads\/1620734310362-1.jpg?fit=1200%2C594&ssl=1&resize=1050%2C600 3x"},"classes":[]},{"id":29986,"url":"https:\/\/larevistadigital.com.ar\/blog\/un-nene-de-7-anos-sufrio-un-grave-accidente-cuando-manejaba-una-moto-de-agua-en-la-laguna-sauce-grande\/","url_meta":{"origin":29551,"position":1},"title":"UN NENE DE 7 A\u00d1OS SUFRI\u00d3 UN GRAVE ACCIDENTE CUANDO MANEJABA UNA MOTO DE AGUA EN LA LAGUNA \u00abSAUCE GRANDE\u00bb","author":"Alejandro Sosa Ruda","date":"6 febrero, 2023","format":false,"excerpt":"Un nene bahiense, de 7 a\u00f1os de edad, sufri\u00f3 un grave accidente mientras conduc\u00eda una moto de agua en la laguna Sauce Grande, en Monte Hermoso. El peque\u00f1o, se encuentra internado, con serias lesiones, en el sector de Terapia Intensiva pedi\u00e1trica del Hospital Penna, de Bah\u00eda Blanca. MONTE HERMOSO -\u00a0\u2026","rel":"","context":"En \u00abINTERES GENERAL\u00bb","block_context":{"text":"INTERES GENERAL","link":"https:\/\/larevistadigital.com.ar\/blog\/category\/interes-general\/"},"img":{"alt_text":"","src":"https:\/\/i0.wp.com\/larevistadigital.com.ar\/blog\/wp-content\/uploads\/20230205083424_laguna-sauce-grande-monte-hermoso-nino-moto-agua-mmh.jpg?fit=880%2C512&ssl=1&resize=350%2C200","width":350,"height":200,"srcset":"https:\/\/i0.wp.com\/larevistadigital.com.ar\/blog\/wp-content\/uploads\/20230205083424_laguna-sauce-grande-monte-hermoso-nino-moto-agua-mmh.jpg?fit=880%2C512&ssl=1&resize=350%2C200 1x, https:\/\/i0.wp.com\/larevistadigital.com.ar\/blog\/wp-content\/uploads\/20230205083424_laguna-sauce-grande-monte-hermoso-nino-moto-agua-mmh.jpg?fit=880%2C512&ssl=1&resize=525%2C300 1.5x, https:\/\/i0.wp.com\/larevistadigital.com.ar\/blog\/wp-content\/uploads\/20230205083424_laguna-sauce-grande-monte-hermoso-nino-moto-agua-mmh.jpg?fit=880%2C512&ssl=1&resize=700%2C400 2x"},"classes":[]},{"id":29031,"url":"https:\/\/larevistadigital.com.ar\/blog\/ruta-2-bajo-de-su-auto-y-murio-atropellado\/","url_meta":{"origin":29551,"position":2},"title":"RUTA 2: BAJ\u00d3 DE SU AUTO Y MURI\u00d3 ATROPELLADO","author":"Alejandro Sosa Ruda","date":"24 noviembre, 2022","format":false,"excerpt":"El automovilista se hab\u00eda bajado de su camioneta porque hab\u00eda sufrido un desperfecto mec\u00e1nico en la Autov\u00eda 2, a la altura de Coronel Vidal. 23 de noviembre de 2022 CORONEL VIDAL -\u00a0\u00a0Un lamentable accidente ocurri\u00f3 cuando una persona detuvo su camioneta utilitaria en la ruta 2, debido a un desperfecto\u2026","rel":"","context":"En \u00abPOLICIALES\u00bb","block_context":{"text":"POLICIALES","link":"https:\/\/larevistadigital.com.ar\/blog\/category\/policiales\/"},"img":{"alt_text":"","src":"https:\/\/i0.wp.com\/larevistadigital.com.ar\/blog\/wp-content\/uploads\/9ac309c6f4d19b747d8c237c4d8f50cb7c061836.jpg?fit=1140%2C717&ssl=1&resize=350%2C200","width":350,"height":200,"srcset":"https:\/\/i0.wp.com\/larevistadigital.com.ar\/blog\/wp-content\/uploads\/9ac309c6f4d19b747d8c237c4d8f50cb7c061836.jpg?fit=1140%2C717&ssl=1&resize=350%2C200 1x, https:\/\/i0.wp.com\/larevistadigital.com.ar\/blog\/wp-content\/uploads\/9ac309c6f4d19b747d8c237c4d8f50cb7c061836.jpg?fit=1140%2C717&ssl=1&resize=525%2C300 1.5x, https:\/\/i0.wp.com\/larevistadigital.com.ar\/blog\/wp-content\/uploads\/9ac309c6f4d19b747d8c237c4d8f50cb7c061836.jpg?fit=1140%2C717&ssl=1&resize=700%2C400 2x, https:\/\/i0.wp.com\/larevistadigital.com.ar\/blog\/wp-content\/uploads\/9ac309c6f4d19b747d8c237c4d8f50cb7c061836.jpg?fit=1140%2C717&ssl=1&resize=1050%2C600 3x"},"classes":[]},{"id":12580,"url":"https:\/\/larevistadigital.com.ar\/blog\/brandsen-mujer-ingresa-al-hospital-con-disparo-en-el-abdomen\/","url_meta":{"origin":29551,"position":3},"title":"BRANDSEN: MUJER INGRESA AL HOSPITAL CON DISPARO EN EL ABDOMEN","author":"Alejandro Sosa Ruda","date":"10 octubre, 2019","format":false,"excerpt":"En las \u00faltimas horas, una conocida comerciante de 39 a\u00f1os domiciliada en el barrio privado \"La Arbolada\" de Jeppener, partido de\u00a0Brandsen, ingres\u00f3 al hospital local con una herida de bala a la altura del abdomen. El suceso es muy reciente por lo que \"en el lugar trabaja la Polic\u00eda Cient\u00edfica\u2026","rel":"","context":"En \u00abPOLICIALES\u00bb","block_context":{"text":"POLICIALES","link":"https:\/\/larevistadigital.com.ar\/blog\/category\/policiales\/"},"img":{"alt_text":"","src":"https:\/\/i0.wp.com\/larevistadigital.com.ar\/blog\/wp-content\/uploads\/20191009_184542.jpg?fit=1200%2C719&ssl=1&resize=350%2C200","width":350,"height":200,"srcset":"https:\/\/i0.wp.com\/larevistadigital.com.ar\/blog\/wp-content\/uploads\/20191009_184542.jpg?fit=1200%2C719&ssl=1&resize=350%2C200 1x, https:\/\/i0.wp.com\/larevistadigital.com.ar\/blog\/wp-content\/uploads\/20191009_184542.jpg?fit=1200%2C719&ssl=1&resize=525%2C300 1.5x, https:\/\/i0.wp.com\/larevistadigital.com.ar\/blog\/wp-content\/uploads\/20191009_184542.jpg?fit=1200%2C719&ssl=1&resize=700%2C400 2x, https:\/\/i0.wp.com\/larevistadigital.com.ar\/blog\/wp-content\/uploads\/20191009_184542.jpg?fit=1200%2C719&ssl=1&resize=1050%2C600 3x"},"classes":[]},{"id":44504,"url":"https:\/\/larevistadigital.com.ar\/blog\/tragedia-en-la-ruta-11-dos-personas-murieron-tras-un-violento-siniestro-en-moto\/","url_meta":{"origin":29551,"position":4},"title":"Tragedia en la Ruta 11: dos personas murieron tras un violento siniestro en moto","author":"Alejandro Sosa Ruda","date":"15 marzo, 2026","format":false,"excerpt":"Las v\u00edctimas circulaban desde Mar del Plata hacia Santa Clara del Mar cuando la motocicleta termin\u00f3 sobre el cantero central y choc\u00f3 contra un poste de iluminaci\u00f3n. 15 de marzo de 2026 Dos personas murieron este s\u00e1bado al mediod\u00eda tras un violento siniestro vial ocurrido en la Ruta 11, a\u2026","rel":"","context":"En \u00abPOLICIALES\u00bb","block_context":{"text":"POLICIALES","link":"https:\/\/larevistadigital.com.ar\/blog\/category\/policiales\/"},"img":{"alt_text":"","src":"https:\/\/i0.wp.com\/larevistadigital.com.ar\/blog\/wp-content\/uploads\/Captura-de-pantalla-2026-03-15-010820.jpg?fit=744%2C326&ssl=1&resize=350%2C200","width":350,"height":200,"srcset":"https:\/\/i0.wp.com\/larevistadigital.com.ar\/blog\/wp-content\/uploads\/Captura-de-pantalla-2026-03-15-010820.jpg?fit=744%2C326&ssl=1&resize=350%2C200 1x, https:\/\/i0.wp.com\/larevistadigital.com.ar\/blog\/wp-content\/uploads\/Captura-de-pantalla-2026-03-15-010820.jpg?fit=744%2C326&ssl=1&resize=525%2C300 1.5x, https:\/\/i0.wp.com\/larevistadigital.com.ar\/blog\/wp-content\/uploads\/Captura-de-pantalla-2026-03-15-010820.jpg?fit=744%2C326&ssl=1&resize=700%2C400 2x"},"classes":[]},{"id":34945,"url":"https:\/\/larevistadigital.com.ar\/blog\/un-hombre-murio-luego-de-caer-en-un-tonel-de-agua-hirviendo-mientras-pelaba-chanchos\/","url_meta":{"origin":29551,"position":5},"title":"UN HOMBRE MURI\u00d3 LUEGO DE CAER EN UN TONEL DE AGUA HIRVIENDO MIENTRAS PELABA CHANCHOS","author":"Alejandro Sosa Ruda","date":"27 diciembre, 2023","format":false,"excerpt":"Un hombre sufri\u00f3 graves quemaduras tras caer en un tambor con agua hirviendo mientras pelaba un chancho en su chacra ubicada sobre la Ruta 11, en el partido de Berisso. El hecho ocurri\u00f3 el martes de la semana pasada, pero la v\u00edctima falleci\u00f3 en las \u00faltimas horas en el hospital\u2026","rel":"","context":"En \u00abPOLICIALES\u00bb","block_context":{"text":"POLICIALES","link":"https:\/\/larevistadigital.com.ar\/blog\/category\/policiales\/"},"img":{"alt_text":"","src":"https:\/\/i0.wp.com\/larevistadigital.com.ar\/blog\/wp-content\/uploads\/20231226120142_tambor-con-agua-hirviendo.jpg?fit=880%2C512&ssl=1&resize=350%2C200","width":350,"height":200,"srcset":"https:\/\/i0.wp.com\/larevistadigital.com.ar\/blog\/wp-content\/uploads\/20231226120142_tambor-con-agua-hirviendo.jpg?fit=880%2C512&ssl=1&resize=350%2C200 1x, https:\/\/i0.wp.com\/larevistadigital.com.ar\/blog\/wp-content\/uploads\/20231226120142_tambor-con-agua-hirviendo.jpg?fit=880%2C512&ssl=1&resize=525%2C300 1.5x, https:\/\/i0.wp.com\/larevistadigital.com.ar\/blog\/wp-content\/uploads\/20231226120142_tambor-con-agua-hirviendo.jpg?fit=880%2C512&ssl=1&resize=700%2C400 2x"},"classes":[]}],"_links":{"self":[{"href":"https:\/\/larevistadigital.com.ar\/blog\/wp-json\/wp\/v2\/posts\/29551","targetHints":{"allow":["GET"]}}],"collection":[{"href":"https:\/\/larevistadigital.com.ar\/blog\/wp-json\/wp\/v2\/posts"}],"about":[{"href":"https:\/\/larevistadigital.com.ar\/blog\/wp-json\/wp\/v2\/types\/post"}],"author":[{"embeddable":true,"href":"https:\/\/larevistadigital.com.ar\/blog\/wp-json\/wp\/v2\/users\/3"}],"replies":[{"embeddable":true,"href":"https:\/\/larevistadigital.com.ar\/blog\/wp-json\/wp\/v2\/comments?post=29551"}],"version-history":[{"count":1,"href":"https:\/\/larevistadigital.com.ar\/blog\/wp-json\/wp\/v2\/posts\/29551\/revisions"}],"predecessor-version":[{"id":29553,"href":"https:\/\/larevistadigital.com.ar\/blog\/wp-json\/wp\/v2\/posts\/29551\/revisions\/29553"}],"wp:featuredmedia":[{"embeddable":true,"href":"https:\/\/larevistadigital.com.ar\/blog\/wp-json\/wp\/v2\/media\/29552"}],"wp:attachment":[{"href":"https:\/\/larevistadigital.com.ar\/blog\/wp-json\/wp\/v2\/media?parent=29551"}],"wp:term":[{"taxonomy":"category","embeddable":true,"href":"https:\/\/larevistadigital.com.ar\/blog\/wp-json\/wp\/v2\/categories?post=29551"},{"taxonomy":"post_tag","embeddable":true,"href":"https:\/\/larevistadigital.com.ar\/blog\/wp-json\/wp\/v2\/tags?post=29551"}],"curies":[{"name":"wp","href":"https:\/\/api.w.org\/{rel}","templated":true}]}}