{"id":29554,"date":"2022-12-20T13:36:37","date_gmt":"2022-12-20T13:36:37","guid":{"rendered":"https:\/\/larevistadigital.com.ar\/blog\/?p=29554"},"modified":"2022-12-20T13:36:37","modified_gmt":"2022-12-20T13:36:37","slug":"saladillo-matan-al-hijo-de-una-concejal-y-balean-al-de-un-fiscal-en-un-campo","status":"publish","type":"post","link":"https:\/\/larevistadigital.com.ar\/blog\/saladillo-matan-al-hijo-de-una-concejal-y-balean-al-de-un-fiscal-en-un-campo\/","title":{"rendered":"SALADILLO: MATAN AL HIJO DE UNA CONCEJAL Y BALEAN AL DE UN FISCAL EN UN CAMPO"},"content":{"rendered":"<h2 class=\"fparrafo ctext fz18 lh25\">El joven fallecido fue identificado por las fuentes como Lorenzo King (37), hijo de la concejala de Saladillo Silvina Cotignola (Frente de Todos), mientras que el herido es Tom\u00e1s Mat\u00edas Santopolo (31), guardavidas e hijo de la fiscal de esa ciudad, Patricia Hortel.<\/h2>\n<p>20 de diciembre de 2022<\/p>\n<p><strong>SALADILLO &#8211;\u00a0 <\/strong>El hijo de una concejala fue asesinado de un tiro, mientras que el de una fiscal result\u00f3 herido de otro balazo, al ser atacados en un campo de la localidad bonaerense de Saladillo por un joven de 19 a\u00f1os, hijo del due\u00f1o del predio, tras una aparente noche de consumo de alcohol y drogas.<\/p>\n<blockquote>\n<h3 class=\"selectionShareable\">Seg\u00fan inform\u00f3 el portal Telam, el joven fallecido fue identificado por las fuentes como Lorenzo King (37), hijo de la concejala de Saladillo Silvina Cotignola (Frente de Todos), mientras que el herido es Tom\u00e1s Mat\u00edas Santopolo (31), guardavidas e hijo de la fiscal de esa ciudad, Patricia Hortel.<\/h3>\n<\/blockquote>\n<p class=\"selectionShareable\">En tanto, el principal imputado, quien qued\u00f3 detenido acusado de homicidio y tentativa de homicidio, es<strong> Joaqu\u00edn Salgado<\/strong> (19), y el segundo aprehendido es su padre, <strong>Ezequiel Emilio Salgado<\/strong> (46).<\/p>\n<blockquote>\n<h3 class=\"selectionShareable\">La intervenci\u00f3n policial se inici\u00f3 en el hospital de Saladillo, donde ingresaron heridos de bala tanto King, con una herida en el abdomen que luego le caus\u00f3 la muerte, y Santopolo, con otra superficial en uno de sus brazos.<\/h3>\n<\/blockquote>\n<p class=\"selectionShareable\">Seg\u00fan las fuentes, el hecho ocurri\u00f3 en el establecimiento rural \u00abSan Jos\u00e9\u00bb, propiedad de los Salgado. Tanto v\u00edctimas como imputados \u00abse conoc\u00edan\u00bb y estaban reunidos en un quincho donde ensayaban, ya que todos son m\u00fasicos y tienen una banda de rock.<\/p>\n<blockquote>\n<h3 class=\"selectionShareable\">Fue Salgado padre quien traslad\u00f3 a los baleados en una camioneta hasta el hospital de Saladillo, mientras que su hijo Joaqu\u00edn, fue detenido m\u00e1s tarde cuando lleg\u00f3 al campo personal de la comisar\u00eda de Saladillo.<\/h3>\n<\/blockquote>\n<p class=\"selectionShareable\">En el lugar del hecho, la polic\u00eda secuestr\u00f3 una pistola marca Bersa calibre 40 y una escopeta Maverick calibre 12. Tambi\u00e9n fue requisada la camioneta Hyundai Tucson propiedad de Salgado y all\u00ed se incaut\u00f3 un rev\u00f3lver Smith &amp; Wesson calibre 38.<\/p>\n<blockquote>\n<h3 class=\"selectionShareable\">El caso es investigado por la Unidad Funcional de Instrucci\u00f3n (UFI) 1 de Saladillo, que naturalmente es la fiscal\u00eda de la madre del herido, pero en este momento es subrogada por la fiscal Norma Pippo, de Ca\u00f1uelas, quien se quedar\u00e1 con la instrucci\u00f3n de la causa.<\/h3>\n<\/blockquote>\n<p class=\"selectionShareable\"><strong>Pippo<\/strong> dej\u00f3 aprehendidos a los dos <strong>Salgado: Joaqu\u00edn<\/strong> como presunto autor del \u00abhomicidio\u00bb de <strong>King<\/strong> y la \u00abtentativa de homicidio\u00bb de <strong>Santopolo<\/strong>, y su padre<strong> Ezequiel<\/strong> por la \u00abtenencia y portaci\u00f3n de arma de guerra\u00bb. (<b>InfoGEI<\/b>) Mg<\/p>\n","protected":false},"excerpt":{"rendered":"<div class=\"mh-excerpt\"><p>El joven fallecido fue identificado por las fuentes como Lorenzo King (37), hijo de la concejala de Saladillo Silvina Cotignola (Frente de Todos), mientras que el herido es Tom\u00e1s Mat\u00edas Santopolo (31), guardavidas e hijo <a class=\"mh-excerpt-more\" href=\"https:\/\/larevistadigital.com.ar\/blog\/saladillo-matan-al-hijo-de-una-concejal-y-balean-al-de-un-fiscal-en-un-campo\/\" title=\"SALADILLO: MATAN AL HIJO DE UNA CONCEJAL Y BALEAN AL DE UN FISCAL EN UN CAMPO\">[Leer M\u00e1s]<\/a><\/p>\n<\/div>","protected":false},"author":3,"featured_media":29555,"comment_status":"open","ping_status":"open","sticky":false,"template":"","format":"standard","meta":{"_jetpack_memberships_contains_paid_content":false,"footnotes":"","jetpack_publicize_message":"","jetpack_publicize_feature_enabled":true,"jetpack_social_post_already_shared":true,"jetpack_social_options":{"image_generator_settings":{"template":"highway","default_image_id":0,"font":"","enabled":false},"version":2}},"categories":[44,51],"tags":[],"class_list":{"0":"post-29554","1":"post","2":"type-post","3":"status-publish","4":"format-standard","5":"has-post-thumbnail","7":"category-policiales","8":"category-regionales"},"jetpack_publicize_connections":[],"jetpack_featured_media_url":"https:\/\/i0.wp.com\/larevistadigital.com.ar\/blog\/wp-content\/uploads\/20221219172846_patrullero-policia.jpg?fit=880%2C512&ssl=1","jetpack_sharing_enabled":true,"jetpack_shortlink":"https:\/\/wp.me\/p8qtrQ-7GG","jetpack-related-posts":[{"id":30419,"url":"https:\/\/larevistadigital.com.ar\/blog\/nueva-desgracia-en-la-ruta-murio-una-familia-al-chocar-de-frente-con-un-camion\/","url_meta":{"origin":29554,"position":0},"title":"NUEVA DESGRACIA EN LA RUTA: MURI\u00d3 UNA FAMILIA AL CHOCAR DE FRENTE CON UN CAMI\u00d3N.","author":"Alejandro Sosa Ruda","date":"6 marzo, 2023","format":false,"excerpt":"Nos brind\u00f3 la informaci\u00f3n el periodista ranchero Rub\u00e9n Martinez, titular del \"Grupo Tiempo\". Sucedi\u00f3 en Saladillo, sobre la ruta nacional 205. A ra\u00edz del impacto, el matrimonio y sus dos peque\u00f1os hijos fallecieron en el acto. Una familia entera perdi\u00f3 la vida durante la madrugada, a ra\u00edz de un choque\u2026","rel":"","context":"En \u00abPOLICIALES\u00bb","block_context":{"text":"POLICIALES","link":"https:\/\/larevistadigital.com.ar\/blog\/category\/policiales\/"},"img":{"alt_text":"","src":"https:\/\/i0.wp.com\/larevistadigital.com.ar\/blog\/wp-content\/uploads\/Choque-fatal-678x381-1.jpg?fit=900%2C506&ssl=1&resize=350%2C200","width":350,"height":200,"srcset":"https:\/\/i0.wp.com\/larevistadigital.com.ar\/blog\/wp-content\/uploads\/Choque-fatal-678x381-1.jpg?fit=900%2C506&ssl=1&resize=350%2C200 1x, https:\/\/i0.wp.com\/larevistadigital.com.ar\/blog\/wp-content\/uploads\/Choque-fatal-678x381-1.jpg?fit=900%2C506&ssl=1&resize=525%2C300 1.5x, https:\/\/i0.wp.com\/larevistadigital.com.ar\/blog\/wp-content\/uploads\/Choque-fatal-678x381-1.jpg?fit=900%2C506&ssl=1&resize=700%2C400 2x"},"classes":[]},{"id":8065,"url":"https:\/\/larevistadigital.com.ar\/blog\/algo-para-imitar-saladillo-diez-dias-de-arresto-de-cumplimiento-efectivo-para-joven-que-molesta-a-vecinos-haciendo-cortes-con-su-moto\/","url_meta":{"origin":29554,"position":1},"title":"ALGO PARA IMITAR. SALADILLO: DIEZ D\u00cdAS DE ARRESTO DE CUMPLIMIENTO EFECTIVO PARA JOVEN QUE MOLESTA A VECINOS HACIENDO \u00abCORTES\u00bb CON SU MOTO.","author":"Alejandro Sosa Ruda","date":"30 enero, 2019","format":false,"excerpt":"Sanci\u00f3n de cumplimiento efectivo por molestar y perjudicar la tranquilidad de los vecinos \u00a0de Saladillo Personal policial de la comisar\u00eda de Saladillo detuvo al ciudadano Marcelo Montenegro, conocido por la comunidad por ocasionar ruidos molestos con su moto. Saladillo Diario dialog\u00f3 con el Jefe Distrital N\u00e9stor Oriozabala qui\u00e9n se refiri\u00f3\u2026","rel":"","context":"En \u00abDESTACADAS\u00bb","block_context":{"text":"DESTACADAS","link":"https:\/\/larevistadigital.com.ar\/blog\/category\/destacadas\/"},"img":{"alt_text":"","src":"https:\/\/i0.wp.com\/larevistadigital.com.ar\/blog\/wp-content\/uploads\/2019\/01\/saladillo-moto-ruido-preso.jpg?fit=600%2C450&ssl=1&resize=350%2C200","width":350,"height":200,"srcset":"https:\/\/i0.wp.com\/larevistadigital.com.ar\/blog\/wp-content\/uploads\/2019\/01\/saladillo-moto-ruido-preso.jpg?fit=600%2C450&ssl=1&resize=350%2C200 1x, https:\/\/i0.wp.com\/larevistadigital.com.ar\/blog\/wp-content\/uploads\/2019\/01\/saladillo-moto-ruido-preso.jpg?fit=600%2C450&ssl=1&resize=525%2C300 1.5x"},"classes":[]},{"id":32217,"url":"https:\/\/larevistadigital.com.ar\/blog\/saladillo-presentan-el-programa-mejor-en-bici\/","url_meta":{"origin":29554,"position":2},"title":"SALADILLO: PRESENTAN EL PROGRAMA \u00abMEJOR EN BICI\u00bb","author":"Alejandro Sosa Ruda","date":"2 julio, 2023","format":false,"excerpt":"El intendente de Saladillo Ing. Jos\u00e9 Luis Salom\u00f3n junto con el Subsecretario de Desarrollo Local Tom\u00e1s Chaime, el subsecretario de Obra P\u00fablica y Planeamiento y vecinos del distrito, presentaron este viernes el programa \u201cMejor en Bici\u201d. 2 de julio de 2023 SALADILLO -\u00a0 El programa Mejor en bici, fue pensado\u2026","rel":"","context":"En \u00abPOLITICA LOCAL\u00bb","block_context":{"text":"POLITICA LOCAL","link":"https:\/\/larevistadigital.com.ar\/blog\/category\/politica\/politica-local\/"},"img":{"alt_text":"","src":"https:\/\/i0.wp.com\/larevistadigital.com.ar\/blog\/wp-content\/uploads\/20230702102924_programa-mi-bici-saladillo.jpg?fit=880%2C512&ssl=1&resize=350%2C200","width":350,"height":200,"srcset":"https:\/\/i0.wp.com\/larevistadigital.com.ar\/blog\/wp-content\/uploads\/20230702102924_programa-mi-bici-saladillo.jpg?fit=880%2C512&ssl=1&resize=350%2C200 1x, https:\/\/i0.wp.com\/larevistadigital.com.ar\/blog\/wp-content\/uploads\/20230702102924_programa-mi-bici-saladillo.jpg?fit=880%2C512&ssl=1&resize=525%2C300 1.5x, https:\/\/i0.wp.com\/larevistadigital.com.ar\/blog\/wp-content\/uploads\/20230702102924_programa-mi-bici-saladillo.jpg?fit=880%2C512&ssl=1&resize=700%2C400 2x"},"classes":[]},{"id":38486,"url":"https:\/\/larevistadigital.com.ar\/blog\/perversion-en-saladillo-nena-de-13-anos-dio-a-luz-y-los-vecinos-culpan-a-la-familia-de-hacer-que-la-pequena-se-prostituya\/","url_meta":{"origin":29554,"position":3},"title":"Perversi\u00f3n en Saladillo: Nena de 13 a\u00f1os di\u00f3 a luz y los vecinos culpan a la familia de hacer que la peque\u00f1a se prostituya","author":"Alejandro Sosa Ruda","date":"20 enero, 2025","format":false,"excerpt":"Una nena de 13 a\u00f1os dio a luz en Saladillo y los vecinos aseguran que la prostitu\u00edan. La menor lleg\u00f3 al hospital con dolores estomacales, pero los m\u00e9dicos verificaron que cursaba un embarazo de ocho meses; por lo que denunciaron la situaci\u00f3n y la comuna bonaerense entr\u00f3 en ebullici\u00f3n. Incendian\u2026","rel":"","context":"En \u00abPOLICIALES\u00bb","block_context":{"text":"POLICIALES","link":"https:\/\/larevistadigital.com.ar\/blog\/category\/policiales\/"},"img":{"alt_text":"","src":"https:\/\/i0.wp.com\/larevistadigital.com.ar\/blog\/wp-content\/uploads\/20250120142326_saladillo-menor-13-anos-abusada-protesta-2.jpg?fit=880%2C512&ssl=1&resize=350%2C200","width":350,"height":200,"srcset":"https:\/\/i0.wp.com\/larevistadigital.com.ar\/blog\/wp-content\/uploads\/20250120142326_saladillo-menor-13-anos-abusada-protesta-2.jpg?fit=880%2C512&ssl=1&resize=350%2C200 1x, https:\/\/i0.wp.com\/larevistadigital.com.ar\/blog\/wp-content\/uploads\/20250120142326_saladillo-menor-13-anos-abusada-protesta-2.jpg?fit=880%2C512&ssl=1&resize=525%2C300 1.5x, https:\/\/i0.wp.com\/larevistadigital.com.ar\/blog\/wp-content\/uploads\/20250120142326_saladillo-menor-13-anos-abusada-protesta-2.jpg?fit=880%2C512&ssl=1&resize=700%2C400 2x"},"classes":[]},{"id":24494,"url":"https:\/\/larevistadigital.com.ar\/blog\/tragedia-un-hombre-le-disparo-en-la-cabeza-a-su-hijo-creyendo-que-era-un-ladron\/","url_meta":{"origin":29554,"position":4},"title":"TRAGEDIA: UN HOMBRE LE DISPAR\u00d3 EN LA CABEZA A SU HIJO, CREYENDO QUE ERA UN LADR\u00d3N","author":"Alejandro Sosa Ruda","date":"11 marzo, 2022","format":false,"excerpt":"Al parecer, habr\u00eda escuchado ruidos en el techo, por lo que tom\u00f3 su carabina calibre 22 y sali\u00f3 al patio y al ver la silueta de una persona, dispar\u00f3. El joven est\u00e1 internado en estado cr\u00edtico. Sucedi\u00f3 en C\u00f3rdoba. CORDOBA -\u00a0 Un hombre le dispar\u00f3 a su hijo de 19\u2026","rel":"","context":"En \u00abINTERES GENERAL\u00bb","block_context":{"text":"INTERES GENERAL","link":"https:\/\/larevistadigital.com.ar\/blog\/category\/interes-general\/"},"img":{"alt_text":"","src":"https:\/\/i0.wp.com\/larevistadigital.com.ar\/blog\/wp-content\/uploads\/21b80301f781bef84033332733f40150f921dc89.jpeg?fit=1140%2C570&ssl=1&resize=350%2C200","width":350,"height":200,"srcset":"https:\/\/i0.wp.com\/larevistadigital.com.ar\/blog\/wp-content\/uploads\/21b80301f781bef84033332733f40150f921dc89.jpeg?fit=1140%2C570&ssl=1&resize=350%2C200 1x, https:\/\/i0.wp.com\/larevistadigital.com.ar\/blog\/wp-content\/uploads\/21b80301f781bef84033332733f40150f921dc89.jpeg?fit=1140%2C570&ssl=1&resize=525%2C300 1.5x, https:\/\/i0.wp.com\/larevistadigital.com.ar\/blog\/wp-content\/uploads\/21b80301f781bef84033332733f40150f921dc89.jpeg?fit=1140%2C570&ssl=1&resize=700%2C400 2x, https:\/\/i0.wp.com\/larevistadigital.com.ar\/blog\/wp-content\/uploads\/21b80301f781bef84033332733f40150f921dc89.jpeg?fit=1140%2C570&ssl=1&resize=1050%2C600 3x"},"classes":[]},{"id":21473,"url":"https:\/\/larevistadigital.com.ar\/blog\/fotos-y-video-temporal-impresionante-granizada-en-saladillo-y-9-de-julio\/","url_meta":{"origin":29554,"position":5},"title":"[FOTOS] TEMPORAL: IMPRESIONANTE GRANIZADA EN SALADILLO Y 9 DE JULIO","author":"Alejandro Sosa Ruda","date":"8 agosto, 2021","format":false,"excerpt":"Algunas ciudades de la Provincia de Buenos Aires, se vieron cubiertas de granizo tanto en zonas urbanas y sub urbanas como rurales. As\u00ed fue que una muy fuerte tormenta con granizo cay\u00f3 en la ciudad de Saladillo durante la ma\u00f1ana, dejando colmadas a las calles y veredas con gruesas capas,\u2026","rel":"","context":"En \u00abINTERES GENERAL\u00bb","block_context":{"text":"INTERES GENERAL","link":"https:\/\/larevistadigital.com.ar\/blog\/category\/interes-general\/"},"img":{"alt_text":"","src":"https:\/\/i0.wp.com\/larevistadigital.com.ar\/blog\/wp-content\/uploads\/SALADILLO.png?fit=766%2C571&ssl=1&resize=350%2C200","width":350,"height":200,"srcset":"https:\/\/i0.wp.com\/larevistadigital.com.ar\/blog\/wp-content\/uploads\/SALADILLO.png?fit=766%2C571&ssl=1&resize=350%2C200 1x, https:\/\/i0.wp.com\/larevistadigital.com.ar\/blog\/wp-content\/uploads\/SALADILLO.png?fit=766%2C571&ssl=1&resize=525%2C300 1.5x, https:\/\/i0.wp.com\/larevistadigital.com.ar\/blog\/wp-content\/uploads\/SALADILLO.png?fit=766%2C571&ssl=1&resize=700%2C400 2x"},"classes":[]}],"_links":{"self":[{"href":"https:\/\/larevistadigital.com.ar\/blog\/wp-json\/wp\/v2\/posts\/29554","targetHints":{"allow":["GET"]}}],"collection":[{"href":"https:\/\/larevistadigital.com.ar\/blog\/wp-json\/wp\/v2\/posts"}],"about":[{"href":"https:\/\/larevistadigital.com.ar\/blog\/wp-json\/wp\/v2\/types\/post"}],"author":[{"embeddable":true,"href":"https:\/\/larevistadigital.com.ar\/blog\/wp-json\/wp\/v2\/users\/3"}],"replies":[{"embeddable":true,"href":"https:\/\/larevistadigital.com.ar\/blog\/wp-json\/wp\/v2\/comments?post=29554"}],"version-history":[{"count":1,"href":"https:\/\/larevistadigital.com.ar\/blog\/wp-json\/wp\/v2\/posts\/29554\/revisions"}],"predecessor-version":[{"id":29556,"href":"https:\/\/larevistadigital.com.ar\/blog\/wp-json\/wp\/v2\/posts\/29554\/revisions\/29556"}],"wp:featuredmedia":[{"embeddable":true,"href":"https:\/\/larevistadigital.com.ar\/blog\/wp-json\/wp\/v2\/media\/29555"}],"wp:attachment":[{"href":"https:\/\/larevistadigital.com.ar\/blog\/wp-json\/wp\/v2\/media?parent=29554"}],"wp:term":[{"taxonomy":"category","embeddable":true,"href":"https:\/\/larevistadigital.com.ar\/blog\/wp-json\/wp\/v2\/categories?post=29554"},{"taxonomy":"post_tag","embeddable":true,"href":"https:\/\/larevistadigital.com.ar\/blog\/wp-json\/wp\/v2\/tags?post=29554"}],"curies":[{"name":"wp","href":"https:\/\/api.w.org\/{rel}","templated":true}]}}