{"id":29557,"date":"2022-12-20T23:58:54","date_gmt":"2022-12-20T23:58:54","guid":{"rendered":"https:\/\/larevistadigital.com.ar\/blog\/?p=29557"},"modified":"2022-12-21T21:46:08","modified_gmt":"2022-12-21T21:46:08","slug":"chascomus-mariela-moscarella-afirmo-que-no-es-capricho-habilitar-los-eventos-es-por-la-seguridad-de-las-personas","status":"publish","type":"post","link":"https:\/\/larevistadigital.com.ar\/blog\/chascomus-mariela-moscarella-afirmo-que-no-es-capricho-habilitar-los-eventos-es-por-la-seguridad-de-las-personas\/","title":{"rendered":"CHASCOM\u00daS: MARIELA MOSCARELLA EXPLIC\u00d3 ALGUNAS MEDIDAS PARA BRINDAR MAYOR SEGURIDAD EN LAS FIESTAS BAILABLES EN NAVIDAD."},"content":{"rendered":"<h2>La Secretaria de Seguridad Ciudadana, <strong>Mariela Moscarella<\/strong> mantuvo una conversaci\u00f3n con el periodista <strong>Alberto Morel<\/strong>, donde evidenci\u00f3 una fuerte decisi\u00f3n pol\u00edtica de prevenci\u00f3n por las \u00abfiestas\u00bb de Navidad, y la importancia de concurrir a lugares habilitados.<\/h2>\n<p>En primer lugar, consultada acerca de la reuni\u00f3n que mantuvo d\u00edas atr\u00e1s con los responsables de los eventos que se realizar\u00e1n durante las pr\u00f3ximas fiestas al aire libre, <strong>Moscarella<\/strong> hizo hincapi\u00e9 en la importancia de que la comunidad est\u00e9 informada acerca de c\u00f3mo se viene trabajando al respecto, y los recaudos que se est\u00e1n tomando.<\/p>\n<blockquote>\n<h3>Explic\u00f3 que este 24 de diciembre se realizar\u00e1n dos fiestas perfectamente habilitadas: La fiesta <strong>Eterna<\/strong>, que se har\u00e1 en el Polo Club, y la fiesta Reno, que ser\u00e1 en la <strong>EFA<\/strong>. pero lo m\u00e1s importante es que est\u00e1n habilitadas y contar\u00e1n con todas las medidas de seguridad que ello implica.<\/h3>\n<\/blockquote>\n<p>Entre otras medidas que se han tomado, mencion\u00f3 los \u00abcorredores seguros\u00bb, que adem\u00e1s, los responsables de los eventos pondr\u00e1n micros que llevar\u00e1n a los j\u00f3venes al lugar, partiendo de la \u00abPlaza Independencia\u00bb, y que adem\u00e1s a los choferes se les realizar\u00e1 el correspondiente control de alcoholemia.<\/p>\n<blockquote>\n<h3>Tambi\u00e9n mencion\u00f3 que los empresarios se comprometieron a respetar la capacidad por la que fueron habilitados, y los horarios estipulados para entrada y salida de cada fiesta.<em><strong> Tampoco en estas fiestas se expender\u00e1n bebidas en envases de vidrio. \u00abAfortunadamente fue muy buena la recepci\u00f3n de quienes concurrieron a la reuni\u00f3n<\/strong><strong>\u00ab<\/strong><\/em>, destac\u00f3 <strong>Moscarella<\/strong>.<\/h3>\n<\/blockquote>\n<p>Luego explic\u00f3 el porqu\u00e9 es muy importante que la gente vaya a \u00abFiestas Habilitadas\u00bb, destacando que habr\u00e1 una importante interacci\u00f3n entre Polic\u00eda, Seguridad Urbana, Salud y dem\u00e1s, por lo que<strong><em> \u00absi ocurriera algo, son las \u00fanicas fiestas que est\u00e1n preparadas para enfrentar esos imprevistos\u00bb<\/em><\/strong>.<\/p>\n<p><em><strong>\u00abPor otra parte, quienes organizan estas Fiestas se ocupan de pagar impuestos y cumplir con todas las reglas y normas en vigencia, por lo que consideramos muy importante es que la gente desestime el concurrir a las fiestas \u00abclandestinas\u00bb o, para ser correctos, \u00abno habilitadas\u00bb<\/strong><\/em>, dispar\u00f3 la Secretaria.<\/p>\n<blockquote>\n<h3>Tambi\u00e9n record\u00f3 hechos lamentables de hace a\u00f1os, en donde por ejemplo ocurrieron accidentes que costaron la vida de chicos, entre los que podemos mencionar una fiesta clandestina en una quinta de La Plata donde una chica apareci\u00f3 ahogada en una pileta que hab\u00eda en el lugar.<\/h3>\n<\/blockquote>\n<p><em><strong>\u00abNo es caprichoso que existan fiestas habilitadas. Se hace porque as\u00ed se debe hacer. El apego a la ley tiene que ver con la protecci\u00f3n de los ciudadanos, Y tambi\u00e9n se debe recordar que en la provincia de Buenos Aires, acaba de aprobarse la ley de alcohol cero al volante, por lo que quienes salgan, deber\u00e1n designar un \u00abconductor responsable\u00bb, para cumplir con la ley\u00bb<\/strong><\/em>, culmin\u00f3 <strong>Moscarella<\/strong>.<\/p>\n","protected":false},"excerpt":{"rendered":"<div class=\"mh-excerpt\"><p>La Secretaria de Seguridad Ciudadana, Mariela Moscarella mantuvo una conversaci\u00f3n con el periodista Alberto Morel, donde evidenci\u00f3 una fuerte decisi\u00f3n pol\u00edtica de prevenci\u00f3n por las \u00abfiestas\u00bb de Navidad, y la importancia de concurrir a lugares <a class=\"mh-excerpt-more\" href=\"https:\/\/larevistadigital.com.ar\/blog\/chascomus-mariela-moscarella-afirmo-que-no-es-capricho-habilitar-los-eventos-es-por-la-seguridad-de-las-personas\/\" title=\"CHASCOM\u00daS: MARIELA MOSCARELLA EXPLIC\u00d3 ALGUNAS MEDIDAS PARA BRINDAR MAYOR SEGURIDAD EN LAS FIESTAS BAILABLES EN NAVIDAD.\">[Leer M\u00e1s]<\/a><\/p>\n<\/div>","protected":false},"author":3,"featured_media":29561,"comment_status":"open","ping_status":"open","sticky":false,"template":"","format":"standard","meta":{"_jetpack_memberships_contains_paid_content":false,"footnotes":"","jetpack_publicize_message":"","jetpack_publicize_feature_enabled":true,"jetpack_social_post_already_shared":true,"jetpack_social_options":{"image_generator_settings":{"template":"highway","default_image_id":0,"font":"","enabled":false},"version":2}},"categories":[41],"tags":[],"class_list":{"0":"post-29557","1":"post","2":"type-post","3":"status-publish","4":"format-standard","5":"has-post-thumbnail","7":"category-destacadas"},"jetpack_publicize_connections":[],"jetpack_featured_media_url":"https:\/\/i0.wp.com\/larevistadigital.com.ar\/blog\/wp-content\/uploads\/WhatsApp-Image-2022-12-20-at-20.30.54.jpeg?fit=1280%2C853&ssl=1","jetpack_sharing_enabled":true,"jetpack_shortlink":"https:\/\/wp.me\/p8qtrQ-7GJ","jetpack-related-posts":[{"id":29543,"url":"https:\/\/larevistadigital.com.ar\/blog\/chascomus-reunion-para-garantizar-la-seguridad-en-las-fiestas-habilitadas-para-navidad-y-ano-nuevo\/","url_meta":{"origin":29557,"position":0},"title":"CHASCOM\u00daS: REUNI\u00d3N PARA GARANTIZAR LA SEGURIDAD EN LAS FIESTAS HABILITADAS PARA NAVIDAD Y A\u00d1O NUEVO","author":"Alejandro Sosa Ruda","date":"19 diciembre, 2022","format":false,"excerpt":"Este lunes, la secretaria de Seguridad Ciudadana Mariela Moscarella mantuvo una reuni\u00f3n con los responsables de los eventos al aire libre habilitados para el 24 y el 31 de diciembre, con el fin de acordar criterios de trabajo que garantice la seguridad de los concurrentes. 19 de diciembre de 2022\u2026","rel":"","context":"En \u00abDESTACADAS\u00bb","block_context":{"text":"DESTACADAS","link":"https:\/\/larevistadigital.com.ar\/blog\/category\/destacadas\/"},"img":{"alt_text":"","src":"https:\/\/i0.wp.com\/larevistadigital.com.ar\/blog\/wp-content\/uploads\/REUNION-SEGURIDAD-FIESTAS.jpg?fit=900%2C604&ssl=1&resize=350%2C200","width":350,"height":200,"srcset":"https:\/\/i0.wp.com\/larevistadigital.com.ar\/blog\/wp-content\/uploads\/REUNION-SEGURIDAD-FIESTAS.jpg?fit=900%2C604&ssl=1&resize=350%2C200 1x, https:\/\/i0.wp.com\/larevistadigital.com.ar\/blog\/wp-content\/uploads\/REUNION-SEGURIDAD-FIESTAS.jpg?fit=900%2C604&ssl=1&resize=525%2C300 1.5x, https:\/\/i0.wp.com\/larevistadigital.com.ar\/blog\/wp-content\/uploads\/REUNION-SEGURIDAD-FIESTAS.jpg?fit=900%2C604&ssl=1&resize=700%2C400 2x"},"classes":[]},{"id":43001,"url":"https:\/\/larevistadigital.com.ar\/blog\/chascomus-reunion-para-garantizar-la-seguridad-en-las-fiestas-habilitadas-para-navidad-y-ano-nuevo-2\/","url_meta":{"origin":29557,"position":1},"title":"Chascom\u00fas: Reuni\u00f3n para garantizar la seguridad en las fiestas habilitadas para Navidad y A\u00f1o Nuevo","author":"Alejandro Sosa Ruda","date":"22 diciembre, 2025","format":false,"excerpt":"Funcionarios y responsables de los eventos acordaron criterios de trabajo. 22 de diciembre de 2025 CHASCOM\u00daS -\u00a0 \u00a0Con el fin de garantizar la seguridad de los concurrentes, la secretaria de Seguridad Ciudadana, Mariela Moscarella, mantuvo una reuni\u00f3n con los responsables de los eventos al aire libre habilitados para el 24\u2026","rel":"","context":"En \u00abCHASCOM\u00daS\u00bb","block_context":{"text":"CHASCOM\u00daS","link":"https:\/\/larevistadigital.com.ar\/blog\/category\/chascomus\/"},"img":{"alt_text":"","src":"https:\/\/i0.wp.com\/larevistadigital.com.ar\/blog\/wp-content\/uploads\/69497a0eb36e1.png?fit=668%2C445&ssl=1&resize=350%2C200","width":350,"height":200,"srcset":"https:\/\/i0.wp.com\/larevistadigital.com.ar\/blog\/wp-content\/uploads\/69497a0eb36e1.png?fit=668%2C445&ssl=1&resize=350%2C200 1x, https:\/\/i0.wp.com\/larevistadigital.com.ar\/blog\/wp-content\/uploads\/69497a0eb36e1.png?fit=668%2C445&ssl=1&resize=525%2C300 1.5x"},"classes":[]},{"id":7913,"url":"https:\/\/larevistadigital.com.ar\/blog\/chascomus-el-intendente-gaston-mantuvo-un-encuentro-con-la-nueva-comision-directiva-de-pesca-y-nautica\/","url_meta":{"origin":29557,"position":2},"title":"CHASCOM\u00daS: EL INTENDENTE GAST\u00d3N MANTUVO UN ENCUENTRO CON LA NUEVA COMISI\u00d3N DIRECTIVA DE PESCA Y N\u00c1UTICA","author":"Alejandro Sosa Ruda","date":"23 enero, 2019","format":false,"excerpt":"El \u00faltimo fin de semana, Javier Gast\u00f3n se acerc\u00f3 a las instalaciones de la Asociaci\u00f3n Pesca y N\u00e1utica para mantener una reuni\u00f3n con los miembros de la nueva comisi\u00f3n directiva, donde abordaron, entre otras cosas, sobre la participaci\u00f3n de la instituci\u00f3n en el Carnaval Infantil. All\u00ed, acompa\u00f1ado por la directora\u2026","rel":"","context":"En \u00abCHASCOM\u00daS\u00bb","block_context":{"text":"CHASCOM\u00daS","link":"https:\/\/larevistadigital.com.ar\/blog\/category\/chascomus\/"},"img":{"alt_text":"","src":"https:\/\/i0.wp.com\/larevistadigital.com.ar\/blog\/wp-content\/uploads\/2019\/01\/50648344_2252827864738086_2068394269080551424_n.jpg?fit=887%2C579&ssl=1&resize=350%2C200","width":350,"height":200,"srcset":"https:\/\/i0.wp.com\/larevistadigital.com.ar\/blog\/wp-content\/uploads\/2019\/01\/50648344_2252827864738086_2068394269080551424_n.jpg?fit=887%2C579&ssl=1&resize=350%2C200 1x, https:\/\/i0.wp.com\/larevistadigital.com.ar\/blog\/wp-content\/uploads\/2019\/01\/50648344_2252827864738086_2068394269080551424_n.jpg?fit=887%2C579&ssl=1&resize=525%2C300 1.5x, https:\/\/i0.wp.com\/larevistadigital.com.ar\/blog\/wp-content\/uploads\/2019\/01\/50648344_2252827864738086_2068394269080551424_n.jpg?fit=887%2C579&ssl=1&resize=700%2C400 2x"},"classes":[]},{"id":37371,"url":"https:\/\/larevistadigital.com.ar\/blog\/reunion-para-coordinar-acciones-de-seguridad-con-el-nuevo-jefe-de-la-superintendencia-de-la-policia-provincial\/","url_meta":{"origin":29557,"position":3},"title":"Reuni\u00f3n para coordinar acciones de seguridad con el nuevo jefe de la Superintendencia de la Polic\u00eda Provincial","author":"Alejandro Sosa Ruda","date":"30 septiembre, 2024","format":false,"excerpt":"La Secretar\u00eda de Seguridad Ciudadana, encabezada por Mariela Moscarella, llev\u00f3 a cabo una reuni\u00f3n de trabajo con el comisario mayor Carlos Dom\u00ednguez. 01\u00a0 de Octubre de 2024 CHASCOM\u00daS -\u00a0 Durante el encuentro, se sumaron los referentes de las distintas \u00e1reas de la secretar\u00eda con el objetivo de avanzar en criterios\u2026","rel":"","context":"En \u00abINTERES GENERAL\u00bb","block_context":{"text":"INTERES GENERAL","link":"https:\/\/larevistadigital.com.ar\/blog\/category\/interes-general\/"},"img":{"alt_text":"","src":"https:\/\/i0.wp.com\/larevistadigital.com.ar\/blog\/wp-content\/uploads\/66facb64b7503.png?fit=668%2C445&ssl=1&resize=350%2C200","width":350,"height":200,"srcset":"https:\/\/i0.wp.com\/larevistadigital.com.ar\/blog\/wp-content\/uploads\/66facb64b7503.png?fit=668%2C445&ssl=1&resize=350%2C200 1x, https:\/\/i0.wp.com\/larevistadigital.com.ar\/blog\/wp-content\/uploads\/66facb64b7503.png?fit=668%2C445&ssl=1&resize=525%2C300 1.5x"},"classes":[]},{"id":26259,"url":"https:\/\/larevistadigital.com.ar\/blog\/secretaria-de-seguridad-mariela-moscarella-en-seguridad-nunca-hay-que-relajarse\/","url_meta":{"origin":29557,"position":4},"title":"SECRETARIA DE SEGURIDAD MARIELA MOSCARELLA: \u00abEN SEGURIDAD N\u00daNCA HAY QUE RELAJARSE\u00bb","author":"Alejandro Sosa Ruda","date":"1 julio, 2022","format":false,"excerpt":"La Secretaria de Seguridad de Chascom\u00fas, Mariela Moscarella habl\u00f3 de todo durante el programa \"La Voz del Productor\", que se emite en la AM 1520, Radio Chascom\u00fas, y dej\u00f3 en claro que se est\u00e1 ocupando del tema de su \u00e1rea, con una f\u00e9rrea decisi\u00f3n pol\u00edtica de escuchar a la gente\u2026","rel":"","context":"En \u00abDESTACADAS\u00bb","block_context":{"text":"DESTACADAS","link":"https:\/\/larevistadigital.com.ar\/blog\/category\/destacadas\/"},"img":{"alt_text":"","src":"https:\/\/i0.wp.com\/larevistadigital.com.ar\/blog\/wp-content\/uploads\/MARIELA-MOSCARELLA.jpg?fit=868%2C850&ssl=1&resize=350%2C200","width":350,"height":200,"srcset":"https:\/\/i0.wp.com\/larevistadigital.com.ar\/blog\/wp-content\/uploads\/MARIELA-MOSCARELLA.jpg?fit=868%2C850&ssl=1&resize=350%2C200 1x, https:\/\/i0.wp.com\/larevistadigital.com.ar\/blog\/wp-content\/uploads\/MARIELA-MOSCARELLA.jpg?fit=868%2C850&ssl=1&resize=525%2C300 1.5x, https:\/\/i0.wp.com\/larevistadigital.com.ar\/blog\/wp-content\/uploads\/MARIELA-MOSCARELLA.jpg?fit=868%2C850&ssl=1&resize=700%2C400 2x"},"classes":[]},{"id":37894,"url":"https:\/\/larevistadigital.com.ar\/blog\/reunion-con-propietarios-de-locales-nocturnos-para-definir-pautas-de-trabajo\/","url_meta":{"origin":29557,"position":5},"title":"Reuni\u00f3n con propietarios de locales nocturnos para definir pautas de trabajo","author":"Alejandro Sosa Ruda","date":"15 noviembre, 2024","format":false,"excerpt":"Autoridades municipales ajustan criterios para fortalecer la seguridad en la temporada estival. 15 de Noviembre de 2024 CHASCOM\u00daS -\u00a0 \u00a0La secretaria de Seguridad Ciudadana Mariela Moscarella encabez\u00f3 una reuni\u00f3n con due\u00f1os de bares, boliches y espacios de esparcimiento en el Centro Cultural Municipal Vieja Estaci\u00f3n. El encuentro tuvo como objetivo\u2026","rel":"","context":"En \u00abCHASCOM\u00daS\u00bb","block_context":{"text":"CHASCOM\u00daS","link":"https:\/\/larevistadigital.com.ar\/blog\/category\/chascomus\/"},"img":{"alt_text":"","src":"https:\/\/i0.wp.com\/larevistadigital.com.ar\/blog\/wp-content\/uploads\/67362f4672624.png?fit=668%2C445&ssl=1&resize=350%2C200","width":350,"height":200,"srcset":"https:\/\/i0.wp.com\/larevistadigital.com.ar\/blog\/wp-content\/uploads\/67362f4672624.png?fit=668%2C445&ssl=1&resize=350%2C200 1x, https:\/\/i0.wp.com\/larevistadigital.com.ar\/blog\/wp-content\/uploads\/67362f4672624.png?fit=668%2C445&ssl=1&resize=525%2C300 1.5x"},"classes":[]}],"_links":{"self":[{"href":"https:\/\/larevistadigital.com.ar\/blog\/wp-json\/wp\/v2\/posts\/29557","targetHints":{"allow":["GET"]}}],"collection":[{"href":"https:\/\/larevistadigital.com.ar\/blog\/wp-json\/wp\/v2\/posts"}],"about":[{"href":"https:\/\/larevistadigital.com.ar\/blog\/wp-json\/wp\/v2\/types\/post"}],"author":[{"embeddable":true,"href":"https:\/\/larevistadigital.com.ar\/blog\/wp-json\/wp\/v2\/users\/3"}],"replies":[{"embeddable":true,"href":"https:\/\/larevistadigital.com.ar\/blog\/wp-json\/wp\/v2\/comments?post=29557"}],"version-history":[{"count":6,"href":"https:\/\/larevistadigital.com.ar\/blog\/wp-json\/wp\/v2\/posts\/29557\/revisions"}],"predecessor-version":[{"id":29565,"href":"https:\/\/larevistadigital.com.ar\/blog\/wp-json\/wp\/v2\/posts\/29557\/revisions\/29565"}],"wp:featuredmedia":[{"embeddable":true,"href":"https:\/\/larevistadigital.com.ar\/blog\/wp-json\/wp\/v2\/media\/29561"}],"wp:attachment":[{"href":"https:\/\/larevistadigital.com.ar\/blog\/wp-json\/wp\/v2\/media?parent=29557"}],"wp:term":[{"taxonomy":"category","embeddable":true,"href":"https:\/\/larevistadigital.com.ar\/blog\/wp-json\/wp\/v2\/categories?post=29557"},{"taxonomy":"post_tag","embeddable":true,"href":"https:\/\/larevistadigital.com.ar\/blog\/wp-json\/wp\/v2\/tags?post=29557"}],"curies":[{"name":"wp","href":"https:\/\/api.w.org\/{rel}","templated":true}]}}