{"id":29567,"date":"2022-12-21T11:19:44","date_gmt":"2022-12-21T11:19:44","guid":{"rendered":"https:\/\/larevistadigital.com.ar\/blog\/?p=29567"},"modified":"2022-12-21T11:19:44","modified_gmt":"2022-12-21T11:19:44","slug":"esto-paso-un-dia-como-hoy-21-de-diciembre","status":"publish","type":"post","link":"https:\/\/larevistadigital.com.ar\/blog\/esto-paso-un-dia-como-hoy-21-de-diciembre\/","title":{"rendered":"ESTO PAS\u00d3 UN D\u00cdA COMO HOY, 21 DE DICIEMBRE&#8230;"},"content":{"rendered":"<p class=\"paragraph\">En un 21 de diciembre, pero de 2009, Leo Messi gana su primer \u00abMejor Jugador Mundial\u00bb de la FIFA, d\u00edas despu\u00e9s de su primer \u00abBal\u00f3n de Oro\u00bb.<\/p>\n<p class=\"paragraph\"><span style=\"color: #ff0000\"><strong>OTRAS EFEM\u00c9RIDES<\/strong><\/span><\/p>\n<p class=\"paragraph\">1471.- Los portugueses descubren la isla de Sao Tom\u00e9.<\/p>\n<p class=\"paragraph\">1605.- Sale de El Callao (Per\u00fa) la expedici\u00f3n de Pedro Fern\u00e1ndez de Quir\u00f3s, que descubri\u00f3 la mayor\u00eda de las islas Nuevas H\u00e9bridas (hoy Vanuatu).<\/p>\n<p class=\"paragraph\">1811.- El Congreso venezolano aprueba la Constituci\u00f3n Federal de la I Rep\u00fablica.<\/p>\n<p class=\"paragraph\">1879.- El \u00abNew York Herald\u00bb anuncia a toda p\u00e1gina que Thomas Edison ha inventado el alumbrado por electricidad.<\/p>\n<p class=\"paragraph\">1891.- Se juega el primer partido de baloncesto en el Springfield College, en Massachusetts, con las reglas redactadas por James Naismith.<\/p>\n<p class=\"paragraph\">1937.- Estreno de \u00abBlancanieves y los siete enanitos\u00bb, primer largometraje de animaci\u00f3n de Walt Disney, en Los Angeles (California).<\/p>\n<p class=\"paragraph\">1944.- Juan Jos\u00e9 Ar\u00e9valo es elegido presidente de Guatemala.<\/p>\n<p class=\"paragraph\">1957.- Ram\u00f3n Villeda Morales inicia su mandato presidencial en Honduras. Recibe el poder de la Junta Militar tras su victoria en las elecciones.<\/p>\n<p class=\"paragraph\">1958.- Charles De Gaulle, elegido presidente de Francia por amplia mayor\u00eda.<\/p>\n<p class=\"paragraph\">1959.-El sha de Persia, Reza Pahlevi, contrae matrimonio con Farah Diba.<\/p>\n<p class=\"paragraph\">1968.- Parte para la Luna desde Cabo Ca\u00f1averal el \u00abApolo 8\u00bb, el primer viaje espacial tripulado por Frank Borman, James A. Lovell (Jr.) y William A. Anders.<\/p>\n<p class=\"paragraph\">1975.- El terrorista \u00abCarlos\u00bb o \u00abChacal\u00bb ataca la sede de la OPEP en Viena, mata a tres personas y al d\u00eda siguiente escapa con 70 rehenes, entre ellos once ministros de la OPEP.<\/p>\n<p class=\"paragraph\">1984.- La cantante Madonna consigue su primer n\u00famero uno en Estados Unidos, con \u00abLike a Virgin\u00bb.<\/p>\n<p class=\"paragraph\">1988.- Estalla una bomba durante el vuelo de un avi\u00f3n de la Pan Am que cae sobre la localidad escocesa de Lockerbie. Causa 270 muertos (259 ocupantes y 11 personas en tierra).<\/p>\n<p class=\"paragraph\">1989.- Guardias fronterizos germano-orientales inician la demolici\u00f3n del Muro de Berl\u00edn en la Puerta de Brandeburgo.<\/p>\n<p class=\"paragraph\">1989.- El fot\u00f3grafo espa\u00f1ol Juanxtu Rodr\u00edguez cae abatido por las balas de soldados estadounidenses cuando cubr\u00eda para El Pa\u00eds la invasi\u00f3n de Panam\u00e1.<\/p>\n<p class=\"paragraph\">.- Guillermo Endara, ganador de las elecciones del pasado 7 de mayo, asume la Presidencia de Panam\u00e1.<\/p>\n<p class=\"paragraph\">1992.- Polonia, Rep\u00fablica Checa, Eslovaquia y Hungr\u00eda crean una zona de libre comercio, en vigor desde el 1 de marzo siguiente.<\/p>\n<p class=\"paragraph\">1999.- Veintis\u00e9is muertos y 35 heridos al salirse de la pista y estrellarse contra unas chabolas un DC-10 de Cubana de Aviaci\u00f3n en Ciudad de Guatemala.<\/p>\n<p class=\"paragraph\">2002.- La guerrilla colombiana del ELN entrega a la Cruz Roja a la ni\u00f1a Mariana Ossa, de tres a\u00f1os, secuestrada 14 meses atr\u00e1s en Medell\u00edn.<\/p>\n<p class=\"paragraph\">2007.- La Europa sin fronteras del espacio Schengen se extiende de 15 a 24 pa\u00edses, con la incorporaci\u00f3n de Estonia, Letonia, Lituania, Polonia, Hungr\u00eda, Rep\u00fablica Checa, Eslovaquia, Eslovenia y Malta.<\/p>\n<p class=\"paragraph\">2011.- El Banco Central Europeo presta a 523 bancos 489.191 millones de euros, en su primera subasta a tres a\u00f1os.<\/p>\n<p class=\"paragraph\">2012.- Mario Monti dimite como primer ministro italiano y al d\u00eda siguiente se convocan elecciones para febrero.<\/p>\n<p class=\"paragraph\">2013.- Ra\u00fal Castro anuncia nueva Ley de Inversi\u00f3n Extranjera, aprobada por la Asamblea Nacional el 29 de marzo siguiente.<\/p>\n<p class=\"paragraph\">2017.- El Tribunal para la antigua Yugoslavia se despide tras 24 a\u00f1os de juicios.<\/p>\n<p class=\"paragraph\">2019.- El Gobierno argentino saca adelante en el legislativo la Ley de Solidaridad y Reactivaci\u00f3n Productiva, con medidas para enfrentar la crisis social y econ\u00f3mica.<\/p>\n<p class=\"paragraph\">2020.- La variante del coronavirus que d\u00edas antes infecta Londres y el sur de Inglaterra se multiplica por todos los pa\u00edses de Europa.<\/p>\n<p class=\"paragraph\"><strong><span style=\"color: #ff0000\">NACIMIENTOS<\/span><\/strong><\/p>\n<p class=\"paragraph\">1639.- Jean Baptiste Racine, dramaturgo franc\u00e9s.<\/p>\n<p class=\"paragraph\">1804.- Benjamin Disraeli, estadista brit\u00e1nico.<\/p>\n<p class=\"paragraph\">1872.- Lorenzo Perosi, compositor italiano.<\/p>\n<p class=\"paragraph\">1874.- Jos\u00e9 Mar\u00eda Sert, pintor espa\u00f1ol.<\/p>\n<p class=\"paragraph\">1879.- Josif Stalin, m\u00e1ximo dirigente de la URSS.<\/p>\n<p class=\"paragraph\">1888.- Jean Bouin, atleta franc\u00e9s.<\/p>\n<p class=\"paragraph\">1918.- Kurt Waldheim, expresidente de Austria y ex secretario general de la ONU.<\/p>\n<p class=\"paragraph\">1920.- Alicia Alonso, bailarina cubana.<\/p>\n<p class=\"paragraph\">1921.- Augusto Monterroso, escritor guatemalteco.<\/p>\n<p class=\"paragraph\">1921.- Pepe Luis V\u00e1zquez, torero.<\/p>\n<p class=\"paragraph\">1937.- Jane Fonda, actriz estadounidense.<\/p>\n<p class=\"paragraph\">1942.- Francisco de la Torre, alcalde de M\u00e1laga.<\/p>\n<p class=\"paragraph\">1946.- Jes\u00fas del Pozo, dise\u00f1ador de moda espa\u00f1ol.<\/p>\n<p class=\"paragraph\">1947.- Paco de Luc\u00eda, guitarrista espa\u00f1ol.<\/p>\n<p class=\"paragraph\">1954.- Chris Evert, tenista estadounidense.<\/p>\n<p class=\"paragraph\">1959.- Florence Griffith-Joyner, atleta estadounidense.<\/p>\n<p class=\"paragraph\">1960.- Manuel Tena, cantante, compositor y letrista espa\u00f1ol.<\/p>\n<p class=\"paragraph\">1960.- Jos\u00e9 Mar\u00eda Sanz, \u00abLoquillo\u00bb, cantante de rock espa\u00f1ol.<\/p>\n<p class=\"paragraph\">1967.- Mijail Saakashvili, expresidente de Georgia.<\/p>\n<p class=\"paragraph\">1975.- Charles Michel, ex primer ministro belga.<\/p>\n<p class=\"paragraph\">1977.- Emmanuel Macron, presidente de Francia.<\/p>\n<p class=\"paragraph\"><strong><span style=\"color: #ff0000\">DEFUNCIONES<\/span><\/strong><\/p>\n<p class=\"paragraph\">1375.- Giovanni Boccaccio, humanista italiano.<\/p>\n<p class=\"paragraph\">1781.- Gregorio May\u00e1ns y Siscar, erudito espa\u00f1ol.<\/p>\n<p class=\"paragraph\">1933.- Knud Rasmussen, explorador dan\u00e9s.<\/p>\n<p class=\"paragraph\">1945.- George Smith Patton, militar estadounidense.<\/p>\n<p class=\"paragraph\">1992.- Jos\u00e9 Mar\u00eda Gonz\u00e1lez Sinde, cineasta espa\u00f1ol.<\/p>\n<p class=\"paragraph\">2002.- Jos\u00e9 Hierro, poeta espa\u00f1ol.<\/p>\n<p class=\"paragraph\">2003.- Pr\u00edncipe Alfonso de Hohenlohe, arist\u00f3crata espa\u00f1ol y promotor de la Costa del Sol.<\/p>\n<p class=\"paragraph\">2008.- Dale Wasserman, dramaturgo estadounidense.<\/p>\n<p class=\"paragraph\">2010.- Enzo Bearzot, futbolista y entrenador italiano.<\/p>\n<p class=\"paragraph\">2017.- Bruce McCandless, estadounidense, primer astronauta en flotar sin atadura en el espacio.<\/p>\n<p class=\"paragraph\">2019.- Emanuel Ungaro, dise\u00f1ador franc\u00e9s de origen italiano.<\/p>\n","protected":false},"excerpt":{"rendered":"<div class=\"mh-excerpt\"><p>En un 21 de diciembre, pero de 2009, Leo Messi gana su primer \u00abMejor Jugador Mundial\u00bb de la FIFA, d\u00edas despu\u00e9s de su primer \u00abBal\u00f3n de Oro\u00bb. OTRAS EFEM\u00c9RIDES 1471.- Los portugueses descubren la isla <a class=\"mh-excerpt-more\" href=\"https:\/\/larevistadigital.com.ar\/blog\/esto-paso-un-dia-como-hoy-21-de-diciembre\/\" title=\"ESTO PAS\u00d3 UN D\u00cdA COMO HOY, 21 DE DICIEMBRE&#8230;\">[Leer M\u00e1s]<\/a><\/p>\n<\/div>","protected":false},"author":3,"featured_media":16747,"comment_status":"open","ping_status":"open","sticky":false,"template":"","format":"standard","meta":{"_jetpack_memberships_contains_paid_content":false,"footnotes":"","jetpack_publicize_message":"","jetpack_publicize_feature_enabled":true,"jetpack_social_post_already_shared":true,"jetpack_social_options":{"image_generator_settings":{"template":"highway","default_image_id":0,"font":"","enabled":false},"version":2}},"categories":[15],"tags":[],"class_list":{"0":"post-29567","1":"post","2":"type-post","3":"status-publish","4":"format-standard","5":"has-post-thumbnail","7":"category-cultura"},"jetpack_publicize_connections":[],"jetpack_featured_media_url":"https:\/\/i0.wp.com\/larevistadigital.com.ar\/blog\/wp-content\/uploads\/LOGO-EFEMERIDES.jpg?fit=1268%2C664&ssl=1","jetpack_sharing_enabled":true,"jetpack_shortlink":"https:\/\/wp.me\/p8qtrQ-7GT","jetpack-related-posts":[{"id":16035,"url":"https:\/\/larevistadigital.com.ar\/blog\/excelente-propuesta-la-artista-yamila-cafrune-brinda-hoy-a-las-17hs-su-primer-concierto-digital\/","url_meta":{"origin":29567,"position":0},"title":"EXCELENTE PROPUESTA: LA ART\u00cdSTA YAMILA CAFRUNE BRINDA HOY A LAS 17HS. SU PRIMER CONCIERTO DIGITAL","author":"Alejandro Sosa Ruda","date":"15 agosto, 2020","format":false,"excerpt":"Yamila Cafrune es una cantante argentina de folclore.\u200b Es hija del tambi\u00e9n cantante Jorge Cafrune. Le pusieron de nombre Yamila en honor a Yamila Bupacha, una hero\u00edna de la revoluci\u00f3n argelina contra la colonizaci\u00f3n francesa. Hoy se podr\u00e1 ver sin cargo desde Facebook. AQU\u00cd UN VIDEO DE\u00a0 SU PRESENTACI\u00d3N EN\u2026","rel":"","context":"En \u00abCULTURA\u00bb","block_context":{"text":"CULTURA","link":"https:\/\/larevistadigital.com.ar\/blog\/category\/cultura\/"},"img":{"alt_text":"","src":"https:\/\/i0.wp.com\/larevistadigital.com.ar\/blog\/wp-content\/uploads\/WhatsApp-Image-2020-08-14-at-20.10.58.jpeg?fit=1080%2C1080&ssl=1&resize=350%2C200","width":350,"height":200,"srcset":"https:\/\/i0.wp.com\/larevistadigital.com.ar\/blog\/wp-content\/uploads\/WhatsApp-Image-2020-08-14-at-20.10.58.jpeg?fit=1080%2C1080&ssl=1&resize=350%2C200 1x, https:\/\/i0.wp.com\/larevistadigital.com.ar\/blog\/wp-content\/uploads\/WhatsApp-Image-2020-08-14-at-20.10.58.jpeg?fit=1080%2C1080&ssl=1&resize=525%2C300 1.5x, https:\/\/i0.wp.com\/larevistadigital.com.ar\/blog\/wp-content\/uploads\/WhatsApp-Image-2020-08-14-at-20.10.58.jpeg?fit=1080%2C1080&ssl=1&resize=700%2C400 2x, https:\/\/i0.wp.com\/larevistadigital.com.ar\/blog\/wp-content\/uploads\/WhatsApp-Image-2020-08-14-at-20.10.58.jpeg?fit=1080%2C1080&ssl=1&resize=1050%2C600 3x"},"classes":[]},{"id":38059,"url":"https:\/\/larevistadigital.com.ar\/blog\/milei-apelara-a-la-cadena-nacional-para-referirse-a-su-primer-ano-de-gestion\/","url_meta":{"origin":29567,"position":1},"title":"Milei apelar\u00e1 a la cadena nacional para referirse a su primer a\u00f1o de gesti\u00f3n","author":"Alejandro Sosa Ruda","date":"1 diciembre, 2024","format":false,"excerpt":"Hablar\u00e1 de la herencia que recibi\u00f3, los objetivos a futuro y har\u00e1 un balance del primer a\u00f1o de gesti\u00f3n. 01 de Diciembre de 2024 El presidente Javier Milei utilizar\u00e1 la cadena nacional el pr\u00f3ximo 10 de diciembre para pronunciar un discurso clave en el que abordar\u00e1 la herencia recibida de\u2026","rel":"","context":"En \u00abINTERES GENERAL\u00bb","block_context":{"text":"INTERES GENERAL","link":"https:\/\/larevistadigital.com.ar\/blog\/category\/interes-general\/"},"img":{"alt_text":"","src":"https:\/\/i0.wp.com\/larevistadigital.com.ar\/blog\/wp-content\/uploads\/Captura-de-pantalla-2024-11-30-131930-1.png?fit=901%2C489&ssl=1&resize=350%2C200","width":350,"height":200,"srcset":"https:\/\/i0.wp.com\/larevistadigital.com.ar\/blog\/wp-content\/uploads\/Captura-de-pantalla-2024-11-30-131930-1.png?fit=901%2C489&ssl=1&resize=350%2C200 1x, https:\/\/i0.wp.com\/larevistadigital.com.ar\/blog\/wp-content\/uploads\/Captura-de-pantalla-2024-11-30-131930-1.png?fit=901%2C489&ssl=1&resize=525%2C300 1.5x, https:\/\/i0.wp.com\/larevistadigital.com.ar\/blog\/wp-content\/uploads\/Captura-de-pantalla-2024-11-30-131930-1.png?fit=901%2C489&ssl=1&resize=700%2C400 2x"},"classes":[]},{"id":38342,"url":"https:\/\/larevistadigital.com.ar\/blog\/chascomus-todo-listo-para-el-primer-acuatlon\/","url_meta":{"origin":29567,"position":2},"title":"Chascom\u00fas: Todo listo para el primer acuatl\u00f3n","author":"Alejandro Sosa Ruda","date":"19 diciembre, 2024","format":false,"excerpt":"Deportistas locales y de otras ciudades aceptaron el nuevo desaf\u00edo que propone la Municipalidad de Chascom\u00fas 19 de diciembre de 2024 CHASCOM\u00daS -\u00a0 Este domingo se realizar\u00e1 el primer acuatl\u00f3n de la ciudad. El evento tendr\u00e1 lugar en la Asociaci\u00f3n Pesca y N\u00e1utica, Av. Lastra y Costanera, a partir de\u2026","rel":"","context":"En \u00abCHASCOM\u00daS\u00bb","block_context":{"text":"CHASCOM\u00daS","link":"https:\/\/larevistadigital.com.ar\/blog\/category\/chascomus\/"},"img":{"alt_text":"","src":"https:\/\/i0.wp.com\/larevistadigital.com.ar\/blog\/wp-content\/uploads\/67645d45686a7.png?fit=668%2C445&ssl=1&resize=350%2C200","width":350,"height":200,"srcset":"https:\/\/i0.wp.com\/larevistadigital.com.ar\/blog\/wp-content\/uploads\/67645d45686a7.png?fit=668%2C445&ssl=1&resize=350%2C200 1x, https:\/\/i0.wp.com\/larevistadigital.com.ar\/blog\/wp-content\/uploads\/67645d45686a7.png?fit=668%2C445&ssl=1&resize=525%2C300 1.5x"},"classes":[]},{"id":35101,"url":"https:\/\/larevistadigital.com.ar\/blog\/a-40-dias-de-su-asuncion-milei-sufre-hoy-su-primer-paro-general-como-presidente-argentino\/","url_meta":{"origin":29567,"position":3},"title":"A 40 D\u00cdAS DE SU ASUNCI\u00d3N, MILEI SUFRE HOY SU PRIMER PARO GENERAL COMO PRESIDENTE ARGENTINO","author":"Alejandro Sosa Ruda","date":"24 enero, 2024","format":false,"excerpt":"Cientos de trabajadores parar\u00e1n sus actividades para concentrarse en el Congreso de la Naci\u00f3n en el marco del paro general. Los servicios ser\u00e1n afectados. 24 de enero de 2023 Durante el paro general\u00a0de este mi\u00e9rcoles convocado por la\u00a0Confederaci\u00f3n General de los Trabajadores (CGT), los servicios de trenes, micros y bancos\u2026","rel":"","context":"En \u00abDESTACADAS\u00bb","block_context":{"text":"DESTACADAS","link":"https:\/\/larevistadigital.com.ar\/blog\/category\/destacadas\/"},"img":{"alt_text":"","src":"https:\/\/i0.wp.com\/larevistadigital.com.ar\/blog\/wp-content\/uploads\/paro-cgt.jpg?fit=800%2C450&ssl=1&resize=350%2C200","width":350,"height":200,"srcset":"https:\/\/i0.wp.com\/larevistadigital.com.ar\/blog\/wp-content\/uploads\/paro-cgt.jpg?fit=800%2C450&ssl=1&resize=350%2C200 1x, https:\/\/i0.wp.com\/larevistadigital.com.ar\/blog\/wp-content\/uploads\/paro-cgt.jpg?fit=800%2C450&ssl=1&resize=525%2C300 1.5x, https:\/\/i0.wp.com\/larevistadigital.com.ar\/blog\/wp-content\/uploads\/paro-cgt.jpg?fit=800%2C450&ssl=1&resize=700%2C400 2x"},"classes":[]},{"id":39469,"url":"https:\/\/larevistadigital.com.ar\/blog\/murio-el-papa-francisco\/","url_meta":{"origin":29567,"position":4},"title":"MURI\u00d3 EL PAPA FRANC\u00cdSCO","author":"Alejandro Sosa Ruda","date":"21 abril, 2025","format":false,"excerpt":"A los 88 a\u00f1os de edad, muri\u00f3 el primer Papa latinoamericano de la historia. Su deseo de acercar la Iglesia a las personas, lo ha marcado como un hombre que despert\u00f3 admiraci\u00f3n y cr\u00edticas en el mundo entero. 21 de Marzo de 2025 El\u00a0papa Francisco falleci\u00f3 este lunes a la\u2026","rel":"","context":"En \u00abDESTACADAS\u00bb","block_context":{"text":"DESTACADAS","link":"https:\/\/larevistadigital.com.ar\/blog\/category\/destacadas\/"},"img":{"alt_text":"","src":"https:\/\/i0.wp.com\/larevistadigital.com.ar\/blog\/wp-content\/uploads\/top-view-of-black-bow-as-mourning-symbol-on-dark-wall-1.jpg?fit=1200%2C801&ssl=1&resize=350%2C200","width":350,"height":200,"srcset":"https:\/\/i0.wp.com\/larevistadigital.com.ar\/blog\/wp-content\/uploads\/top-view-of-black-bow-as-mourning-symbol-on-dark-wall-1.jpg?fit=1200%2C801&ssl=1&resize=350%2C200 1x, https:\/\/i0.wp.com\/larevistadigital.com.ar\/blog\/wp-content\/uploads\/top-view-of-black-bow-as-mourning-symbol-on-dark-wall-1.jpg?fit=1200%2C801&ssl=1&resize=525%2C300 1.5x, https:\/\/i0.wp.com\/larevistadigital.com.ar\/blog\/wp-content\/uploads\/top-view-of-black-bow-as-mourning-symbol-on-dark-wall-1.jpg?fit=1200%2C801&ssl=1&resize=700%2C400 2x, https:\/\/i0.wp.com\/larevistadigital.com.ar\/blog\/wp-content\/uploads\/top-view-of-black-bow-as-mourning-symbol-on-dark-wall-1.jpg?fit=1200%2C801&ssl=1&resize=1050%2C600 3x"},"classes":[]},{"id":18193,"url":"https:\/\/larevistadigital.com.ar\/blog\/esto-paso-un-dia-como-hoy-17-de-diciembre\/","url_meta":{"origin":29567,"position":5},"title":"ESTO PAS\u00d3 UN D\u00cdA COMO HOY, 17 DE DICIEMBRE","author":"Alejandro Sosa Ruda","date":"17 diciembre, 2020","format":false,"excerpt":"Sim\u00f3n Bol\u00edvar: Am\u00e9rica llora a un l\u00edder 1830 -\u00a0Muri\u00f3\u00a0Sim\u00f3n Antonio Jos\u00e9 de la Sant\u00edsima Trinidad Bol\u00edvar Palacios Ponte Andrade y Blanco, quien fue un militar y pol\u00edtico venezolano que ha sido el fundador de las rep\u00fablicas de Gran Colombia y Bolivia. Lleg\u00f3 a liberar a Bolivia, Colombia, Venezuela, Panam\u00e1, Ecuador\u2026","rel":"","context":"En \u00abSOCIEDAD\u00bb","block_context":{"text":"SOCIEDAD","link":"https:\/\/larevistadigital.com.ar\/blog\/category\/sociedad\/"},"img":{"alt_text":"","src":"https:\/\/i0.wp.com\/larevistadigital.com.ar\/blog\/wp-content\/uploads\/LOGO-EFEMERIDES.jpg?fit=1200%2C628&ssl=1&resize=350%2C200","width":350,"height":200,"srcset":"https:\/\/i0.wp.com\/larevistadigital.com.ar\/blog\/wp-content\/uploads\/LOGO-EFEMERIDES.jpg?fit=1200%2C628&ssl=1&resize=350%2C200 1x, https:\/\/i0.wp.com\/larevistadigital.com.ar\/blog\/wp-content\/uploads\/LOGO-EFEMERIDES.jpg?fit=1200%2C628&ssl=1&resize=525%2C300 1.5x, https:\/\/i0.wp.com\/larevistadigital.com.ar\/blog\/wp-content\/uploads\/LOGO-EFEMERIDES.jpg?fit=1200%2C628&ssl=1&resize=700%2C400 2x, https:\/\/i0.wp.com\/larevistadigital.com.ar\/blog\/wp-content\/uploads\/LOGO-EFEMERIDES.jpg?fit=1200%2C628&ssl=1&resize=1050%2C600 3x"},"classes":[]}],"_links":{"self":[{"href":"https:\/\/larevistadigital.com.ar\/blog\/wp-json\/wp\/v2\/posts\/29567","targetHints":{"allow":["GET"]}}],"collection":[{"href":"https:\/\/larevistadigital.com.ar\/blog\/wp-json\/wp\/v2\/posts"}],"about":[{"href":"https:\/\/larevistadigital.com.ar\/blog\/wp-json\/wp\/v2\/types\/post"}],"author":[{"embeddable":true,"href":"https:\/\/larevistadigital.com.ar\/blog\/wp-json\/wp\/v2\/users\/3"}],"replies":[{"embeddable":true,"href":"https:\/\/larevistadigital.com.ar\/blog\/wp-json\/wp\/v2\/comments?post=29567"}],"version-history":[{"count":1,"href":"https:\/\/larevistadigital.com.ar\/blog\/wp-json\/wp\/v2\/posts\/29567\/revisions"}],"predecessor-version":[{"id":29568,"href":"https:\/\/larevistadigital.com.ar\/blog\/wp-json\/wp\/v2\/posts\/29567\/revisions\/29568"}],"wp:featuredmedia":[{"embeddable":true,"href":"https:\/\/larevistadigital.com.ar\/blog\/wp-json\/wp\/v2\/media\/16747"}],"wp:attachment":[{"href":"https:\/\/larevistadigital.com.ar\/blog\/wp-json\/wp\/v2\/media?parent=29567"}],"wp:term":[{"taxonomy":"category","embeddable":true,"href":"https:\/\/larevistadigital.com.ar\/blog\/wp-json\/wp\/v2\/categories?post=29567"},{"taxonomy":"post_tag","embeddable":true,"href":"https:\/\/larevistadigital.com.ar\/blog\/wp-json\/wp\/v2\/tags?post=29567"}],"curies":[{"name":"wp","href":"https:\/\/api.w.org\/{rel}","templated":true}]}}