{"id":29912,"date":"2023-02-02T00:36:54","date_gmt":"2023-02-02T00:36:54","guid":{"rendered":"https:\/\/larevistadigital.com.ar\/blog\/?p=29912"},"modified":"2023-02-02T00:36:54","modified_gmt":"2023-02-02T00:36:54","slug":"comision-homenaje-permanente-raul-alfonsin-pedido-de-publicacion","status":"publish","type":"post","link":"https:\/\/larevistadigital.com.ar\/blog\/comision-homenaje-permanente-raul-alfonsin-pedido-de-publicacion\/","title":{"rendered":"COMISI\u00d3N HOMENAJE PERMANENTE RA\u00daL ALFONS\u00cdN (Pedido de publicaci\u00f3n)"},"content":{"rendered":"<p><strong>COMUNICADO<\/strong><\/p>\n<p><strong>La Comisi\u00f3n Homenaje Permanente Ra\u00fal Alfons\u00edn <\/strong>recibe en Chascom\u00fas, el homenaje a la figura del convecino y expresidente <strong>Ra\u00fal Alfons\u00edn<\/strong> en el a\u00f1o del 40 aniversario de la recuperaci\u00f3n de la democracia.<\/p>\n<p><strong><em>Ra\u00fal Alfons\u00edn<\/em><\/strong>, un hombre cuya trayectoria y convicciones nos indica permanentemente el camino de la libertad, del poder del consenso y el respeto a las instituciones de la Republica, con sus tres poderes independientes.<\/p>\n<p><strong><em>Un Presidente <\/em><\/strong>que centr\u00f3 su camino pol\u00edtico en sus ideas y fiel a ellas, supo encauzar el Juicio a las Juntas Militares, defender los derechos de los ciudadanos y respetar y o\u00edr las necesidades de un Pueblo.<\/p>\n<p>Celebramos y acompa\u00f1amos todo homenaje y reconocimiento a la figura de Alfons\u00edn que se realice, significa que la memoria de un gran hombre, de condiciones democr\u00e1ticas y c\u00edvicas ejemplares, debe ser respetada, recordada y trasmitida a las generaciones futuras.<\/p>\n<p>Hacemos un alto en el camino hoy ac\u00e1, en este solar a la orilla de la laguna de Chascom\u00fas, donde tanto el vecino como el que nos visite podr\u00e1 observar su figura que se agiganta con el paso del tiempo por su sapiencia, su bonhom\u00eda e integridad.<\/p>\n<p><strong><em>Sigamos como en 1983, resaltando sus virtudes y figura de <\/em><\/strong><strong><em>\u201cPadre de la Democracia<\/em><\/strong><strong><em>\u201d.<\/em><\/strong><\/p>\n<p><strong><em>\u00a0<\/em><\/strong><\/p>\n<p><strong><em>\u00a0<\/em><\/strong><\/p>\n<p>Alfredo Mario Alfons\u00ecn\u00a0 \u00a0 \u00a0 \u00a0 \u00a0 \u00a0 \u00a0 \u00a0 \u00a0 \u00a0 \u00a0 \u00a0 \u00a0 \u00a0 \u00a0 \u00a0 \u00a0 \u00a0 \u00a0 \u00a0 \u00a0Ma Gabriela Giambroni Orbe\u00a0 \u00a0 \u00a0 \u00a0 \u00a0 \u00a0 Presidente\u00a0 \u00a0 \u00a0 \u00a0 \u00a0 \u00a0 \u00a0 \u00a0 \u00a0 \u00a0 \u00a0 \u00a0 \u00a0 \u00a0 \u00a0 \u00a0 \u00a0 \u00a0 \u00a0 \u00a0 \u00a0 \u00a0 \u00a0 \u00a0 \u00a0 \u00a0 \u00a0 \u00a0 \u00a0 \u00a0 \u00a0 \u00a0 \u00a0Vicepresidente<\/p>\n<p>&nbsp;<\/p>\n<p>Chascom\u00fas, 1ro. de febrero de 2023<\/p>\n","protected":false},"excerpt":{"rendered":"<div class=\"mh-excerpt\"><p>COMUNICADO La Comisi\u00f3n Homenaje Permanente Ra\u00fal Alfons\u00edn recibe en Chascom\u00fas, el homenaje a la figura del convecino y expresidente Ra\u00fal Alfons\u00edn en el a\u00f1o del 40 aniversario de la recuperaci\u00f3n de la democracia. Ra\u00fal Alfons\u00edn, <a class=\"mh-excerpt-more\" href=\"https:\/\/larevistadigital.com.ar\/blog\/comision-homenaje-permanente-raul-alfonsin-pedido-de-publicacion\/\" title=\"COMISI\u00d3N HOMENAJE PERMANENTE RA\u00daL ALFONS\u00cdN (Pedido de publicaci\u00f3n)\">[Leer M\u00e1s]<\/a><\/p>\n<\/div>","protected":false},"author":3,"featured_media":29913,"comment_status":"open","ping_status":"open","sticky":false,"template":"","format":"standard","meta":{"_jetpack_memberships_contains_paid_content":false,"footnotes":"","jetpack_publicize_message":"","jetpack_publicize_feature_enabled":true,"jetpack_social_post_already_shared":true,"jetpack_social_options":{"image_generator_settings":{"template":"highway","default_image_id":0,"font":"","enabled":false},"version":2}},"categories":[6,12],"tags":[],"class_list":{"0":"post-29912","1":"post","2":"type-post","3":"status-publish","4":"format-standard","5":"has-post-thumbnail","7":"category-chascomus","8":"category-politica"},"jetpack_publicize_connections":[],"jetpack_featured_media_url":"https:\/\/i0.wp.com\/larevistadigital.com.ar\/blog\/wp-content\/uploads\/rrrrrr.jpg?fit=800%2C579&ssl=1","jetpack_sharing_enabled":true,"jetpack_shortlink":"https:\/\/wp.me\/p8qtrQ-7Ms","jetpack-related-posts":[{"id":24538,"url":"https:\/\/larevistadigital.com.ar\/blog\/coinidiendo-con-el-nacimiento-de-raul-alfonsin-se-celebra-el-dia-del-militante-radical\/","url_meta":{"origin":29912,"position":0},"title":"COINIDIENDO CON EL NACIMIENTO DE RAUL ALFONS\u00cdN SE CELEBRA EL D\u00cdA DEL MILITANTE RADICAL","author":"Alejandro Sosa Ruda","date":"12 marzo, 2022","format":false,"excerpt":"Se realizar\u00e1 un homenaje a las 19 horas en el monumento a quien fuera Presidente de la Rep\u00fablica -\u00a0 \u2013 El Comit\u00e9 Radical invit\u00f3 a adherentes y vecinos en general a participar del acto Hoy, s\u00e1bado 12, coincidiendo con el d\u00eda del nacimiento de Ra\u00fal Alfons\u00edn, se celebra el D\u00eda\u2026","rel":"","context":"En \u00abDESTACADAS\u00bb","block_context":{"text":"DESTACADAS","link":"https:\/\/larevistadigital.com.ar\/blog\/category\/destacadas\/"},"img":{"alt_text":"","src":"https:\/\/i0.wp.com\/larevistadigital.com.ar\/blog\/wp-content\/uploads\/Captura-de-pantalla-2022-03-12-115138.jpg?fit=1007%2C653&ssl=1&resize=350%2C200","width":350,"height":200,"srcset":"https:\/\/i0.wp.com\/larevistadigital.com.ar\/blog\/wp-content\/uploads\/Captura-de-pantalla-2022-03-12-115138.jpg?fit=1007%2C653&ssl=1&resize=350%2C200 1x, https:\/\/i0.wp.com\/larevistadigital.com.ar\/blog\/wp-content\/uploads\/Captura-de-pantalla-2022-03-12-115138.jpg?fit=1007%2C653&ssl=1&resize=525%2C300 1.5x, https:\/\/i0.wp.com\/larevistadigital.com.ar\/blog\/wp-content\/uploads\/Captura-de-pantalla-2022-03-12-115138.jpg?fit=1007%2C653&ssl=1&resize=700%2C400 2x"},"classes":[]},{"id":22131,"url":"https:\/\/larevistadigital.com.ar\/blog\/flavio-ponce-no-se-si-quieren-homenajear-a-alfonsin-o-sacar-un-redito-politico-pero-el-gobierno-local-no-cumplio-con-la-ley\/","url_meta":{"origin":29912,"position":1},"title":"FLAVIO PONCE: \u00abNO SE SI QUIEREN HOMENAJEAR A ALFONS\u00cdN O SACAR UN R\u00c9DITO POL\u00cdTICO, PERO EL GOBIERNO LOCAL NO CUMPLI\u00d3 CON LA LEY\u00bb","author":"Alejandro Sosa Ruda","date":"23 septiembre, 2021","format":false,"excerpt":"Luego de la donaci\u00f3n de una placa con el pre\u00e1mbulo de la constituci\u00f3n argentina, y los preparativos para su instalaci\u00f3n lindante al monumento a Ra\u00fal Alfons\u00edn en la costanera, la Comisi\u00f3n de Homenaje permanente a Ra\u00fal Alfons\u00edn, pidi\u00f3 al intendente informaci\u00f3n ya que esta obra nunca pas\u00f3 por el Concejo\u2026","rel":"","context":"En \u00abDESTACADAS\u00bb","block_context":{"text":"DESTACADAS","link":"https:\/\/larevistadigital.com.ar\/blog\/category\/destacadas\/"},"img":{"alt_text":"","src":"https:\/\/i0.wp.com\/larevistadigital.com.ar\/blog\/wp-content\/uploads\/alfonsin.jpg?fit=927%2C525&ssl=1&resize=350%2C200","width":350,"height":200,"srcset":"https:\/\/i0.wp.com\/larevistadigital.com.ar\/blog\/wp-content\/uploads\/alfonsin.jpg?fit=927%2C525&ssl=1&resize=350%2C200 1x, https:\/\/i0.wp.com\/larevistadigital.com.ar\/blog\/wp-content\/uploads\/alfonsin.jpg?fit=927%2C525&ssl=1&resize=525%2C300 1.5x, https:\/\/i0.wp.com\/larevistadigital.com.ar\/blog\/wp-content\/uploads\/alfonsin.jpg?fit=927%2C525&ssl=1&resize=700%2C400 2x"},"classes":[]},{"id":44452,"url":"https:\/\/larevistadigital.com.ar\/blog\/el-radicalismo-local-rendira-homenaje-a-raul-alfonin-en-el-inicio-del-centenario-de-su-nacimiento\/","url_meta":{"origin":29912,"position":2},"title":"El radicalismo local rendir\u00e1 homenaje a Ra\u00fal Alfon\u00edn en el inicio del centenario de su nacimiento","author":"Alejandro Sosa Ruda","date":"10 marzo, 2026","format":false,"excerpt":"Se trata de una conmemoraci\u00f3n por cumplirse 99 a\u00f1os del natalicio del \"Padre de la Democracia\". 10 de marzo de 2026 CHASCOM\u00daS -\u00a0 \u00a0 Este jueves a las 10,30 horas, el Comit\u00e9 de la Uni\u00f3n C\u00edvica Radical recordar\u00e1 la figura de Ra\u00fal Alfons\u00edn, al cumplirse 99 a\u00f1os de su nacimiento.\u2026","rel":"","context":"En \u00abINTERES GENERAL\u00bb","block_context":{"text":"INTERES GENERAL","link":"https:\/\/larevistadigital.com.ar\/blog\/category\/interes-general\/"},"img":{"alt_text":"","src":"https:\/\/i0.wp.com\/larevistadigital.com.ar\/blog\/wp-content\/uploads\/Captura-de-pantalla-2026-03-10-230305.jpg?fit=650%2C498&ssl=1&resize=350%2C200","width":350,"height":200,"srcset":"https:\/\/i0.wp.com\/larevistadigital.com.ar\/blog\/wp-content\/uploads\/Captura-de-pantalla-2026-03-10-230305.jpg?fit=650%2C498&ssl=1&resize=350%2C200 1x, https:\/\/i0.wp.com\/larevistadigital.com.ar\/blog\/wp-content\/uploads\/Captura-de-pantalla-2026-03-10-230305.jpg?fit=650%2C498&ssl=1&resize=525%2C300 1.5x"},"classes":[]},{"id":2082,"url":"https:\/\/larevistadigital.com.ar\/blog\/emotivo-homenaje-a-raul-alfonsin-en-chascomus-en-el-octavo-aniversario-de-su-fallecimiento\/","url_meta":{"origin":29912,"position":3},"title":"EMOTIVO HOMENAJE A RA\u00daL ALFONS\u00cdN EN CHASCOM\u00daS, EN EL OCTAVO ANIVERSARIO DE SU FALLECIMIENTO","author":"Alejandro Sosa Ruda","date":"24 abril, 2017","format":false,"excerpt":"Finalmente y como estaba planificado, se realizaron los dos actos de homenaje al ex presidente conocido y recordado como el \u201cPadre de la Democracia\u201d, Dr. Ra\u00fal Ricardo Alfons\u00edn. La primera cita, fue a las 15 horas y a la vera de la ruta 2. Para ser m\u00e1s exactos en el\u2026","rel":"","context":"En \u00abCHASCOM\u00daS\u00bb","block_context":{"text":"CHASCOM\u00daS","link":"https:\/\/larevistadigital.com.ar\/blog\/category\/chascomus\/"},"img":{"alt_text":"","src":"https:\/\/i0.wp.com\/larevistadigital.com.ar\/blog\/wp-content\/uploads\/2017\/04\/WhatsApp-Image-2017-04-23-at-22.43.04-1.jpeg?fit=1152%2C864&ssl=1&resize=350%2C200","width":350,"height":200,"srcset":"https:\/\/i0.wp.com\/larevistadigital.com.ar\/blog\/wp-content\/uploads\/2017\/04\/WhatsApp-Image-2017-04-23-at-22.43.04-1.jpeg?fit=1152%2C864&ssl=1&resize=350%2C200 1x, https:\/\/i0.wp.com\/larevistadigital.com.ar\/blog\/wp-content\/uploads\/2017\/04\/WhatsApp-Image-2017-04-23-at-22.43.04-1.jpeg?fit=1152%2C864&ssl=1&resize=525%2C300 1.5x, https:\/\/i0.wp.com\/larevistadigital.com.ar\/blog\/wp-content\/uploads\/2017\/04\/WhatsApp-Image-2017-04-23-at-22.43.04-1.jpeg?fit=1152%2C864&ssl=1&resize=700%2C400 2x, https:\/\/i0.wp.com\/larevistadigital.com.ar\/blog\/wp-content\/uploads\/2017\/04\/WhatsApp-Image-2017-04-23-at-22.43.04-1.jpeg?fit=1152%2C864&ssl=1&resize=1050%2C600 3x"},"classes":[]},{"id":9476,"url":"https:\/\/larevistadigital.com.ar\/blog\/el-pj-de-la-provincia-de-buenos-aires-homenajeo-a-raul-alfonsin\/","url_meta":{"origin":29912,"position":4},"title":"EL PJ DE LA PROVINCIA DE BUENOS AIRES HOMENAJE\u00d3 A RA\u00daL ALFONS\u00cdN","author":"Alejandro Sosa Ruda","date":"1 abril, 2019","format":false,"excerpt":"El presidente del Pj de Chascom\u00fas, y jefe del Bloque de PJ Unidad Ciudadana, Gabriel Macchi, hizo una publicaci\u00f3n en su cuenta personal de Facebook en donde se refiri\u00f3 al homenaje que el Peronismo bonaerense hizo hoy a la tarde al ex presidente nativo de Chascom\u00fas, Don Ra\u00fal Alfons\u00edn, al\u2026","rel":"","context":"En \u00abPOLITICA\u00bb","block_context":{"text":"POLITICA","link":"https:\/\/larevistadigital.com.ar\/blog\/category\/politica\/"},"img":{"alt_text":"","src":"https:\/\/i0.wp.com\/larevistadigital.com.ar\/blog\/wp-content\/uploads\/2019\/03\/56328656_2438342616190203_7169636753148477440_n.jpg?fit=960%2C720&ssl=1&resize=350%2C200","width":350,"height":200,"srcset":"https:\/\/i0.wp.com\/larevistadigital.com.ar\/blog\/wp-content\/uploads\/2019\/03\/56328656_2438342616190203_7169636753148477440_n.jpg?fit=960%2C720&ssl=1&resize=350%2C200 1x, https:\/\/i0.wp.com\/larevistadigital.com.ar\/blog\/wp-content\/uploads\/2019\/03\/56328656_2438342616190203_7169636753148477440_n.jpg?fit=960%2C720&ssl=1&resize=525%2C300 1.5x, https:\/\/i0.wp.com\/larevistadigital.com.ar\/blog\/wp-content\/uploads\/2019\/03\/56328656_2438342616190203_7169636753148477440_n.jpg?fit=960%2C720&ssl=1&resize=700%2C400 2x"},"classes":[]},{"id":22859,"url":"https:\/\/larevistadigital.com.ar\/blog\/el-proximo-viernes-10-habra-charla-debate-con-juan-manuel-casella-a-38-anos-del-retorno-de-la-democracia\/","url_meta":{"origin":29912,"position":5},"title":"EL PR\u00d3XIMO VIERNES 10 HABR\u00c1 CHARLA DEBATE CON JUAN MANUEL CASELLA, A 38 A\u00d1OS DEL RETORNO DE LA DEMOCRACIA","author":"Alejandro Sosa Ruda","date":"5 diciembre, 2021","format":false,"excerpt":"CHASCOM\u00daS -\u00a0 El pr\u00f3ximo viernes 10 de diciembre, se conmemoran 38 a\u00f1os de la hist\u00f3rica asunci\u00f3n de Ra\u00fal Alfons\u00edn, como presidente electo de todos los argentinos, dando comienzo a una nueva etapa democr\u00e1tica en el pa\u00eds, que lleg\u00f3 para no irse \"Nunca m\u00e1s\". En este contexto, desde la Comisi\u00f3n de\u2026","rel":"","context":"En \u00abCHASCOM\u00daS\u00bb","block_context":{"text":"CHASCOM\u00daS","link":"https:\/\/larevistadigital.com.ar\/blog\/category\/chascomus\/"},"img":{"alt_text":"","src":"https:\/\/i0.wp.com\/larevistadigital.com.ar\/blog\/wp-content\/uploads\/204731_0xp.jpg?fit=800%2C530&ssl=1&resize=350%2C200","width":350,"height":200,"srcset":"https:\/\/i0.wp.com\/larevistadigital.com.ar\/blog\/wp-content\/uploads\/204731_0xp.jpg?fit=800%2C530&ssl=1&resize=350%2C200 1x, https:\/\/i0.wp.com\/larevistadigital.com.ar\/blog\/wp-content\/uploads\/204731_0xp.jpg?fit=800%2C530&ssl=1&resize=525%2C300 1.5x, https:\/\/i0.wp.com\/larevistadigital.com.ar\/blog\/wp-content\/uploads\/204731_0xp.jpg?fit=800%2C530&ssl=1&resize=700%2C400 2x"},"classes":[]}],"_links":{"self":[{"href":"https:\/\/larevistadigital.com.ar\/blog\/wp-json\/wp\/v2\/posts\/29912","targetHints":{"allow":["GET"]}}],"collection":[{"href":"https:\/\/larevistadigital.com.ar\/blog\/wp-json\/wp\/v2\/posts"}],"about":[{"href":"https:\/\/larevistadigital.com.ar\/blog\/wp-json\/wp\/v2\/types\/post"}],"author":[{"embeddable":true,"href":"https:\/\/larevistadigital.com.ar\/blog\/wp-json\/wp\/v2\/users\/3"}],"replies":[{"embeddable":true,"href":"https:\/\/larevistadigital.com.ar\/blog\/wp-json\/wp\/v2\/comments?post=29912"}],"version-history":[{"count":1,"href":"https:\/\/larevistadigital.com.ar\/blog\/wp-json\/wp\/v2\/posts\/29912\/revisions"}],"predecessor-version":[{"id":29914,"href":"https:\/\/larevistadigital.com.ar\/blog\/wp-json\/wp\/v2\/posts\/29912\/revisions\/29914"}],"wp:featuredmedia":[{"embeddable":true,"href":"https:\/\/larevistadigital.com.ar\/blog\/wp-json\/wp\/v2\/media\/29913"}],"wp:attachment":[{"href":"https:\/\/larevistadigital.com.ar\/blog\/wp-json\/wp\/v2\/media?parent=29912"}],"wp:term":[{"taxonomy":"category","embeddable":true,"href":"https:\/\/larevistadigital.com.ar\/blog\/wp-json\/wp\/v2\/categories?post=29912"},{"taxonomy":"post_tag","embeddable":true,"href":"https:\/\/larevistadigital.com.ar\/blog\/wp-json\/wp\/v2\/tags?post=29912"}],"curies":[{"name":"wp","href":"https:\/\/api.w.org\/{rel}","templated":true}]}}