{"id":29940,"date":"2023-02-02T23:41:05","date_gmt":"2023-02-02T23:41:05","guid":{"rendered":"https:\/\/larevistadigital.com.ar\/blog\/?p=29940"},"modified":"2023-02-02T23:41:05","modified_gmt":"2023-02-02T23:41:05","slug":"la-plata-se-fueron-de-vacaciones-les-usurparon-su-casa-y-casi-quedan-en-la-calle","status":"publish","type":"post","link":"https:\/\/larevistadigital.com.ar\/blog\/la-plata-se-fueron-de-vacaciones-les-usurparon-su-casa-y-casi-quedan-en-la-calle\/","title":{"rendered":"LA PLATA: SE FUERON DE VACACIONES, LES USURPARON SU CASA Y CASI QUEDAN EN LA CALLE"},"content":{"rendered":"<h2 class=\"negrita\">Una familia de la ciudad dej\u00f3 su vivienda del barrio San Carlos para descansar unos d\u00edas y al volver se encontr\u00f3 con que otra familia la hab\u00eda ocupado.<\/h2>\n<p class=\"fecha\">02 de febrero de 2023<\/p>\n<div class=\"texto\">\n<p>Una familia de La Plata se fue de vacaciones, les ocuparon la casa y casi se quedan en la calle. Los vecinos de\u00a0<strong>San Carlos<\/strong>\u00a0dejaron su vivienda para descansar unos d\u00edas y<strong>\u00a0al volver se encontraron con que hab\u00eda sido usurpada<\/strong>, por lo que tuvieron que denunciarlo ante la Polic\u00eda para recuperarla.<\/p>\n<blockquote>\n<h3>Seg\u00fan indicaron fuentes oficiales al portal <strong>0221.com.ar<\/strong>, todo ocurri\u00f3 cuando<strong>\u00a0la familia regres\u00f3 de vacacionar y se top\u00f3 con otro grupo familiar que estaba viviendo en su hogar, ubicado en 133 entre 40 y 41<\/strong>. Ante esa situaci\u00f3n, llamaron al 911 y los efectivos se presentaron en el lugar para tomar el testimonio de ambas partes.<\/h3>\n<\/blockquote>\n<p>En ese marco, los acusados de usurpaci\u00f3n<strong>\u00a0aseguraron que hab\u00edan comprado la casa de buena fe y que los hab\u00edan estafado<\/strong>, por lo que los uniformados solicitaron la documentaci\u00f3n necesaria para acreditar la propiedad. El denunciante hizo entrega de las escrituras originales y, 48 horas despu\u00e9s, la Justicia emiti\u00f3 la orden de desalojo que se hizo efectiva este mi\u00e9rcoles.<\/p>\n<blockquote>\n<h3>En ese sentido, se precis\u00f3 que los polic\u00edas hicieron un gran trabajo para dar contenci\u00f3n a ambas familias y a los menores involucrados, y lograron que realizar el desalojo sin incidentes.<\/h3>\n<\/blockquote>\n<div class=\"contenedor__publicidad\">\n<div class=\"publicidad P15 \">\n<div id=\"taboola-below-article-thumbnails\" class=\" trc_related_container trc_spotlight_widget tbl-feed-container tbl-feed-frame-DIVIDER  render-late-effect\" data-feed-container-num=\"1\" data-feed-main-container-id=\"taboola-below-article-thumbnails\" data-parent-placement-name=\"Below Article Thumbnails\" data-pub-lang=\"es\">\n<div class=\" tbl-feed-header tbl-logo-right-position\">\n<div class=\"tbl-feed-header-logo\"><\/div>\n<\/div>\n<\/div>\n<\/div>\n<\/div>\n<\/div>\n","protected":false},"excerpt":{"rendered":"<div class=\"mh-excerpt\"><p>Una familia de la ciudad dej\u00f3 su vivienda del barrio San Carlos para descansar unos d\u00edas y al volver se encontr\u00f3 con que otra familia la hab\u00eda ocupado. 02 de febrero de 2023 Una familia <a class=\"mh-excerpt-more\" href=\"https:\/\/larevistadigital.com.ar\/blog\/la-plata-se-fueron-de-vacaciones-les-usurparon-su-casa-y-casi-quedan-en-la-calle\/\" title=\"LA PLATA: SE FUERON DE VACACIONES, LES USURPARON SU CASA Y CASI QUEDAN EN LA CALLE\">[Leer M\u00e1s]<\/a><\/p>\n<\/div>","protected":false},"author":3,"featured_media":29941,"comment_status":"open","ping_status":"open","sticky":false,"template":"","format":"standard","meta":{"_jetpack_memberships_contains_paid_content":false,"footnotes":"","jetpack_publicize_message":"","jetpack_publicize_feature_enabled":true,"jetpack_social_post_already_shared":true,"jetpack_social_options":{"image_generator_settings":{"template":"highway","default_image_id":0,"font":"","enabled":false},"version":2}},"categories":[44],"tags":[],"class_list":{"0":"post-29940","1":"post","2":"type-post","3":"status-publish","4":"format-standard","5":"has-post-thumbnail","7":"category-policiales"},"jetpack_publicize_connections":[],"jetpack_featured_media_url":"https:\/\/i0.wp.com\/larevistadigital.com.ar\/blog\/wp-content\/uploads\/1675296125411.jpg?fit=1920%2C950&ssl=1","jetpack_sharing_enabled":true,"jetpack_shortlink":"https:\/\/wp.me\/p8qtrQ-7MU","jetpack-related-posts":[{"id":23540,"url":"https:\/\/larevistadigital.com.ar\/blog\/mar-del-plata-joven-muere-atropellado-por-colectivo-a-la-salida-del-boliche\/","url_meta":{"origin":29940,"position":0},"title":"MAR DEL PLATA: JOVEN MUERE ATROPELLADO POR COLECTIVO A LA SALIDA DEL BOLICHE","author":"Alejandro Sosa Ruda","date":"24 enero, 2022","format":false,"excerpt":"Sucedi\u00f3 en Playa Grande. La v\u00edctima, de 21 a\u00f1os, era de Tucum\u00e1n y estaba de vacaciones con su familia en el Partido La Costa, pero hab\u00eda viajado a Mar del Plata para encontrarse con unos amigos. MAR DEL PLATA -\u00a0 Un tr\u00e1gico episodio vial se registr\u00f3 esta madrugada en Mar\u2026","rel":"","context":"En \u00abPOLICIALES\u00bb","block_context":{"text":"POLICIALES","link":"https:\/\/larevistadigital.com.ar\/blog\/category\/policiales\/"},"img":{"alt_text":"","src":"https:\/\/i0.wp.com\/larevistadigital.com.ar\/blog\/wp-content\/uploads\/c87f8cee6c1f783878f3846c44acae2691429364.jpg?fit=1140%2C684&ssl=1&resize=350%2C200","width":350,"height":200,"srcset":"https:\/\/i0.wp.com\/larevistadigital.com.ar\/blog\/wp-content\/uploads\/c87f8cee6c1f783878f3846c44acae2691429364.jpg?fit=1140%2C684&ssl=1&resize=350%2C200 1x, https:\/\/i0.wp.com\/larevistadigital.com.ar\/blog\/wp-content\/uploads\/c87f8cee6c1f783878f3846c44acae2691429364.jpg?fit=1140%2C684&ssl=1&resize=525%2C300 1.5x, https:\/\/i0.wp.com\/larevistadigital.com.ar\/blog\/wp-content\/uploads\/c87f8cee6c1f783878f3846c44acae2691429364.jpg?fit=1140%2C684&ssl=1&resize=700%2C400 2x, https:\/\/i0.wp.com\/larevistadigital.com.ar\/blog\/wp-content\/uploads\/c87f8cee6c1f783878f3846c44acae2691429364.jpg?fit=1140%2C684&ssl=1&resize=1050%2C600 3x"},"classes":[]},{"id":7979,"url":"https:\/\/larevistadigital.com.ar\/blog\/mar-del-plata-detienen-a-hombre-acusado-de-violar-a-su-sobrina-de-13-anos\/","url_meta":{"origin":29940,"position":1},"title":"MAR DEL PLATA: DETIENEN A HOMBRE ACUSADO DE VIOLAR A SU SOBRINA DE 13 A\u00d1OS","author":"Alejandro Sosa Ruda","date":"26 enero, 2019","format":false,"excerpt":"El sujeto, de 58 a\u00f1os, se neg\u00f3 a declarar y qued\u00f3 alojado en la Unidad Penal 44 de Bat\u00e1n. Adem\u00e1s, la menor denunci\u00f3 que su t\u00eda ya la hab\u00eda violado, hace unas semanas, cuando estaban en Misiones. El mi\u00e9rcoles la v\u00edctima declarar\u00e1 en C\u00e1mara Gesell. Un hombre de 58 a\u00f1os\u2026","rel":"","context":"En \u00abPOLICIALES\u00bb","block_context":{"text":"POLICIALES","link":"https:\/\/larevistadigital.com.ar\/blog\/category\/policiales\/"},"img":{"alt_text":"","src":"","width":0,"height":0},"classes":[]},{"id":24722,"url":"https:\/\/larevistadigital.com.ar\/blog\/varados-en-mardel-turista-con-su-mujer-embarazada-y-dos-criaturas-fue-robado-y-quedo-en-la-calle\/","url_meta":{"origin":29940,"position":2},"title":"\u00abVARADOS EN MARDEL\u00bb TURISTA CON SU MUJER EMBARAZADA Y DOS CRIATURAS FUE ROBADO Y QUED\u00d3 EN LA CALLE&#8230;","author":"Alejandro Sosa Ruda","date":"21 marzo, 2022","format":false,"excerpt":"Cristian Miguel Rojas, oriundo de El Dorado, Misiones, cont\u00f3 a Ahora Mar del Plata que est\u00e1 \u00abdesesperado\u00bb porque no tiene \u00abni plata ni documentos\u00bb para regresar a su casa con su familia. Una familia de\u00a0turistas\u00a0misioneros sufri\u00f3 el\u00a0robo\u00a0total de sus pertenencias en un hotel de la vieja Terminal\u00a0-actualmente clausurado- y comenz\u00f3\u2026","rel":"","context":"En \u00abREGIONALES\u00bb","block_context":{"text":"REGIONALES","link":"https:\/\/larevistadigital.com.ar\/blog\/category\/regionales\/"},"img":{"alt_text":"","src":"https:\/\/i0.wp.com\/larevistadigital.com.ar\/blog\/wp-content\/uploads\/Captura-de-pantalla-2022-03-21-125859.jpg?fit=847%2C467&ssl=1&resize=350%2C200","width":350,"height":200,"srcset":"https:\/\/i0.wp.com\/larevistadigital.com.ar\/blog\/wp-content\/uploads\/Captura-de-pantalla-2022-03-21-125859.jpg?fit=847%2C467&ssl=1&resize=350%2C200 1x, https:\/\/i0.wp.com\/larevistadigital.com.ar\/blog\/wp-content\/uploads\/Captura-de-pantalla-2022-03-21-125859.jpg?fit=847%2C467&ssl=1&resize=525%2C300 1.5x, https:\/\/i0.wp.com\/larevistadigital.com.ar\/blog\/wp-content\/uploads\/Captura-de-pantalla-2022-03-21-125859.jpg?fit=847%2C467&ssl=1&resize=700%2C400 2x"},"classes":[]},{"id":27040,"url":"https:\/\/larevistadigital.com.ar\/blog\/ostende-violento-robo-a-familia-trabajadora\/","url_meta":{"origin":29940,"position":3},"title":"OSTENDE: VIOLENTO ROBO A FAMILIA TRABAJADORA","author":"Alejandro Sosa Ruda","date":"7 agosto, 2022","format":false,"excerpt":"Los delincuentes ingresaron a la vivienda a cara descubierta y golpearon a los due\u00f1os de casa pidiendo dinero. Un robo con caracter\u00edsticas similares ocurri\u00f3 d\u00edas pasados el empresario Jos\u00e9 Alba en la zona norte de Pinamar. OSTENDE -\u00a0 \u00a0El hecho se produjo en una vivienda ubicada en la calle Repetto\u2026","rel":"","context":"En \u00abPOLICIALES\u00bb","block_context":{"text":"POLICIALES","link":"https:\/\/larevistadigital.com.ar\/blog\/category\/policiales\/"},"img":{"alt_text":"","src":"https:\/\/i0.wp.com\/larevistadigital.com.ar\/blog\/wp-content\/uploads\/20220806154500_violento-robo-a-una-familia-trabajadora-de-ostende.jpg?fit=880%2C512&ssl=1&resize=350%2C200","width":350,"height":200,"srcset":"https:\/\/i0.wp.com\/larevistadigital.com.ar\/blog\/wp-content\/uploads\/20220806154500_violento-robo-a-una-familia-trabajadora-de-ostende.jpg?fit=880%2C512&ssl=1&resize=350%2C200 1x, https:\/\/i0.wp.com\/larevistadigital.com.ar\/blog\/wp-content\/uploads\/20220806154500_violento-robo-a-una-familia-trabajadora-de-ostende.jpg?fit=880%2C512&ssl=1&resize=525%2C300 1.5x, https:\/\/i0.wp.com\/larevistadigital.com.ar\/blog\/wp-content\/uploads\/20220806154500_violento-robo-a-una-familia-trabajadora-de-ostende.jpg?fit=880%2C512&ssl=1&resize=700%2C400 2x"},"classes":[]},{"id":20156,"url":"https:\/\/larevistadigital.com.ar\/blog\/buscan-a-adolescente-que-se-ausento-de-su-casa-hace-2-semanas\/","url_meta":{"origin":29940,"position":4},"title":"BUSCAN A ADOLESCENTE QUE SE AUSENT\u00d3 DE SU CASA HACE 2 SEMANAS","author":"Alejandro Sosa Ruda","date":"7 mayo, 2021","format":false,"excerpt":"MAR DEL PLATA - Una adolescente de 15 a\u00f1os que estuvo de visita en la casa de unos familiares en Mar del Plata es buscada intensamente luego de que su madre denunciara que hab\u00eda perdido el contacto con ella. La causa por la \u00a0averiguaci\u00f3n del paradero de\u00a0Micaela Daniela Tapia\u00a0se tramita\u2026","rel":"","context":"En \u00abPOLICIALES\u00bb","block_context":{"text":"POLICIALES","link":"https:\/\/larevistadigital.com.ar\/blog\/category\/policiales\/"},"img":{"alt_text":"","src":"https:\/\/i0.wp.com\/larevistadigital.com.ar\/blog\/wp-content\/uploads\/CHICA-BUSCADA.png?fit=992%2C551&ssl=1&resize=350%2C200","width":350,"height":200,"srcset":"https:\/\/i0.wp.com\/larevistadigital.com.ar\/blog\/wp-content\/uploads\/CHICA-BUSCADA.png?fit=992%2C551&ssl=1&resize=350%2C200 1x, https:\/\/i0.wp.com\/larevistadigital.com.ar\/blog\/wp-content\/uploads\/CHICA-BUSCADA.png?fit=992%2C551&ssl=1&resize=525%2C300 1.5x, https:\/\/i0.wp.com\/larevistadigital.com.ar\/blog\/wp-content\/uploads\/CHICA-BUSCADA.png?fit=992%2C551&ssl=1&resize=700%2C400 2x"},"classes":[]},{"id":16293,"url":"https:\/\/larevistadigital.com.ar\/blog\/la-plata-incendio-borro-literalmente-una-casa-y-dejo-a-una-familia-en-la-calle\/","url_meta":{"origin":29940,"position":5},"title":"LA PLATA: INCENDIO BORR\u00d3 LITERALMENTE UNA CASA Y DEJ\u00d3 A UNA FAMILIA EN LA CALLE","author":"Alejandro Sosa Ruda","date":"8 septiembre, 2020","format":false,"excerpt":"Otra vez el fuego dej\u00f3 a una familia en la calle en nuestra ciudad, esta vez en 140 y 525 del barrio Las Quintas. Las p\u00e9rdidas materiales fueron totales y si bien la madre y sus dos hijos no sufrieron heridas, se murieron las mascotas y eso gener\u00f3 una tristeza\u2026","rel":"","context":"En \u00abREGIONALES\u00bb","block_context":{"text":"REGIONALES","link":"https:\/\/larevistadigital.com.ar\/blog\/category\/regionales\/"},"img":{"alt_text":"","src":"https:\/\/i0.wp.com\/larevistadigital.com.ar\/blog\/wp-content\/uploads\/20200908105817_68783e14_2517_468e_811d_6e92959164b5.jpg?fit=880%2C586&ssl=1&resize=350%2C200","width":350,"height":200,"srcset":"https:\/\/i0.wp.com\/larevistadigital.com.ar\/blog\/wp-content\/uploads\/20200908105817_68783e14_2517_468e_811d_6e92959164b5.jpg?fit=880%2C586&ssl=1&resize=350%2C200 1x, https:\/\/i0.wp.com\/larevistadigital.com.ar\/blog\/wp-content\/uploads\/20200908105817_68783e14_2517_468e_811d_6e92959164b5.jpg?fit=880%2C586&ssl=1&resize=525%2C300 1.5x, https:\/\/i0.wp.com\/larevistadigital.com.ar\/blog\/wp-content\/uploads\/20200908105817_68783e14_2517_468e_811d_6e92959164b5.jpg?fit=880%2C586&ssl=1&resize=700%2C400 2x"},"classes":[]}],"_links":{"self":[{"href":"https:\/\/larevistadigital.com.ar\/blog\/wp-json\/wp\/v2\/posts\/29940","targetHints":{"allow":["GET"]}}],"collection":[{"href":"https:\/\/larevistadigital.com.ar\/blog\/wp-json\/wp\/v2\/posts"}],"about":[{"href":"https:\/\/larevistadigital.com.ar\/blog\/wp-json\/wp\/v2\/types\/post"}],"author":[{"embeddable":true,"href":"https:\/\/larevistadigital.com.ar\/blog\/wp-json\/wp\/v2\/users\/3"}],"replies":[{"embeddable":true,"href":"https:\/\/larevistadigital.com.ar\/blog\/wp-json\/wp\/v2\/comments?post=29940"}],"version-history":[{"count":1,"href":"https:\/\/larevistadigital.com.ar\/blog\/wp-json\/wp\/v2\/posts\/29940\/revisions"}],"predecessor-version":[{"id":29942,"href":"https:\/\/larevistadigital.com.ar\/blog\/wp-json\/wp\/v2\/posts\/29940\/revisions\/29942"}],"wp:featuredmedia":[{"embeddable":true,"href":"https:\/\/larevistadigital.com.ar\/blog\/wp-json\/wp\/v2\/media\/29941"}],"wp:attachment":[{"href":"https:\/\/larevistadigital.com.ar\/blog\/wp-json\/wp\/v2\/media?parent=29940"}],"wp:term":[{"taxonomy":"category","embeddable":true,"href":"https:\/\/larevistadigital.com.ar\/blog\/wp-json\/wp\/v2\/categories?post=29940"},{"taxonomy":"post_tag","embeddable":true,"href":"https:\/\/larevistadigital.com.ar\/blog\/wp-json\/wp\/v2\/tags?post=29940"}],"curies":[{"name":"wp","href":"https:\/\/api.w.org\/{rel}","templated":true}]}}