{"id":30016,"date":"2023-02-06T16:50:39","date_gmt":"2023-02-06T16:50:39","guid":{"rendered":"https:\/\/larevistadigital.com.ar\/blog\/?p=30016"},"modified":"2023-02-06T16:50:39","modified_gmt":"2023-02-06T16:50:39","slug":"caso-baez-sosa-perpetua-para-thomsen-comelli-benicelli-ciro-y-luciano-pertosi-violaz-cinalli-y-lucas-pertosi-participes-secundarios-y-15-anos-de-prision","status":"publish","type":"post","link":"https:\/\/larevistadigital.com.ar\/blog\/caso-baez-sosa-perpetua-para-thomsen-comelli-benicelli-ciro-y-luciano-pertosi-violaz-cinalli-y-lucas-pertosi-participes-secundarios-y-15-anos-de-prision\/","title":{"rendered":"CASO BAEZ SOSA: PERPETUA PARA THOMSEN, COMELLI BENICELLI, CIRO Y LUCIANO PERTOSI. VIOLAZ, CINALLI Y LUCAS PERTOSI PART\u00cdCIPES SECUNDARIOS Y 15 A\u00d1OS DE PRISI\u00d3N."},"content":{"rendered":"<h2>El jurado declar\u00f3 culpables por unanimidad a Thompsen, Comelli, Benicelli, Ciro y Luciano Pertosi, mientras que Violaz, Cinalli y Lucas Pertosi fueron condenados a 15 a\u00f1os de prisi\u00f3n.<\/h2>\n<p><strong>DOLORES &#8211;<\/strong>\u00a0 Finalmente lleg\u00f3 el momento de la lectura del veredicto, y de los ocho imputados, cinco fueron condenados a cadena perpetua, mientras que los tres restantes a 15 a\u00f1os de prisi\u00f3n.<\/p>\n<p class=\"paragraph\">El Tribunal Oral en lo Criminal N\u00b01 de Dolores<b>\u00a0conden\u00f3\u00a0<\/b>a<b>\u00a0<\/b>M\u00e1ximo Thomsen, Enzo Comelli, Mat\u00edas Benicelli, Ayrton Viollaz, Blas Cinalli, Luciano, Lucas y Ciro Pertossi\u00a0<b>como culpables del asesinato de Fernando B\u00e1ez Sosa,\u00a0<\/b>cometido el 18 de enero de 2020 frente a la discoteca Le Brique en Villa Gesell.<\/p>\n<p class=\"paragraph\"><b>Thomsen, Ciro Pertossi, Enzo Comelli, Mat\u00edas Benicelli y Luciano Pertossi\u00a0<\/b>fueron<b>\u00a0condenados a prisi\u00f3n perpetua\u00a0<\/b>por el delito de homicidio doblemente agravado por homicidio premeditaci\u00f3n y alevos\u00eda en concurso real con lesiones leves.<\/p>\n<p class=\"paragraph\"><b>Ayrton Viollaz, Blas Cinalli y Lucas Pertossi recibieron penas de 15 a\u00f1os de c\u00e1rcel como part\u00edcipes secundarios\u00a0<\/b>del mismo delito.<\/p>\n<p class=\"paragraph\">Tras la decisi\u00f3n de los magistrados\u00a0<b>Mar\u00eda Claudia Castro<\/b>,<b>\u00a0Christian Rabaia\u00a0<\/b>y\u00a0<b>Emiliano L\u00e1zzari, el proceso llega a su fin<\/b>, luego de trece audiencias y 87 testigos, a\u00a0<b>3 a\u00f1os y 17 d\u00edas del hecho.<\/b><\/p>\n<p class=\"paragraph\">La lectura tuvo que ser interrumpida luego de los anuncios y la sala fue evacuada. <strong>Rosal\u00eda Z\u00e1rate<\/strong>, la madre de <strong>Thomsen<\/strong>, pidi\u00f3 un m\u00e9dico.<em><strong> \u201cD\u00e9jenme estar con \u00e9l\u201d<\/strong><\/em>, grit\u00f3, en referencia a su hijo. <em><strong>\u201cSaquen a todos los periodistas la puta que lo pari\u00f3. No me importa m\u00e1s nada\u201d<\/strong><\/em>. As\u00ed, tambi\u00e9n fue puesta la transmisi\u00f3n por Youtube, ahora con 95 mil usuarios.<\/p>\n<p class=\"paragraph\">Termina\u00a0<b>un caso paradigm\u00e1tico, un hecho que identific\u00f3 a la sociedad<\/b>\u00a0y que lo volvi\u00f3 el expediente m\u00e1s seguido por el p\u00fablico general desde el femicidio de \u00c1ngeles Rawson en 2014. La s\u00edntesis m\u00e1s l\u00facida al respecto, de por qu\u00e9 este caso atrap\u00f3 la atenci\u00f3n general, fue realizada por<b>\u00a0el juez David Mancinelli, el encargado de enviar a prisi\u00f3n a los rugbiers<\/b>, bajo cuya firma estuvo la instrucci\u00f3n de la causa, a cargo de la fiscal <strong>Ver\u00f3nica Zamboni<\/strong> e inicialmente el fiscal <strong>Walter M\u00e9rcuri<\/strong>.<\/p>\n<p>Los fundamentos del fallo estar\u00e1n disponibles en la jornada de hoy en la p\u00e1gina de la Suprema Corte bonaerense. En todo caso, el equipo de defensores de los acusados<b>\u00a0ya tiene redactada su apelaci\u00f3n\u00a0<\/b>que presentar\u00e1 en Casaci\u00f3n. El destino de los acusados en la c\u00e1rcel podr\u00e1 comenzar a dividirse, tras estar encerrados tres a\u00f1os en pabellones exclusivos para ellos, estipulan fuentes penitenciarias. Podr\u00e1n ser separados y enviados incluso lejos de sus familias, de acuerdo a los pedidos de cupo que haga la Justicia.<\/p>\n","protected":false},"excerpt":{"rendered":"<div class=\"mh-excerpt\"><p>El jurado declar\u00f3 culpables por unanimidad a Thompsen, Comelli, Benicelli, Ciro y Luciano Pertosi, mientras que Violaz, Cinalli y Lucas Pertosi fueron condenados a 15 a\u00f1os de prisi\u00f3n. DOLORES &#8211;\u00a0 Finalmente lleg\u00f3 el momento de <a class=\"mh-excerpt-more\" href=\"https:\/\/larevistadigital.com.ar\/blog\/caso-baez-sosa-perpetua-para-thomsen-comelli-benicelli-ciro-y-luciano-pertosi-violaz-cinalli-y-lucas-pertosi-participes-secundarios-y-15-anos-de-prision\/\" title=\"CASO BAEZ SOSA: PERPETUA PARA THOMSEN, COMELLI BENICELLI, CIRO Y LUCIANO PERTOSI. VIOLAZ, CINALLI Y LUCAS PERTOSI PART\u00cdCIPES SECUNDARIOS Y 15 A\u00d1OS DE PRISI\u00d3N.\">[Leer M\u00e1s]<\/a><\/p>\n<\/div>","protected":false},"author":3,"featured_media":30018,"comment_status":"open","ping_status":"open","sticky":false,"template":"","format":"standard","meta":{"_jetpack_memberships_contains_paid_content":false,"footnotes":"","jetpack_publicize_message":"","jetpack_publicize_feature_enabled":true,"jetpack_social_post_already_shared":true,"jetpack_social_options":{"image_generator_settings":{"template":"highway","default_image_id":0,"font":"","enabled":false},"version":2}},"categories":[41],"tags":[],"class_list":{"0":"post-30016","1":"post","2":"type-post","3":"status-publish","4":"format-standard","5":"has-post-thumbnail","7":"category-destacadas"},"jetpack_publicize_connections":[],"jetpack_featured_media_url":"https:\/\/i0.wp.com\/larevistadigital.com.ar\/blog\/wp-content\/uploads\/Captura-de-pantalla-2023-02-06-134941.jpg?fit=922%2C448&ssl=1","jetpack_sharing_enabled":true,"jetpack_shortlink":"https:\/\/wp.me\/p8qtrQ-7O8","jetpack-related-posts":[{"id":35693,"url":"https:\/\/larevistadigital.com.ar\/blog\/caso-baez-sosa-casacion-confirmo-las-condenas-a-los-rugbiers\/","url_meta":{"origin":30016,"position":0},"title":"CASO B\u00c1EZ SOSA: CASACI\u00d3N CONFIRM\u00d3 LAS CONDENAS A LOS RUGBIERS","author":"Alejandro Sosa Ruda","date":"23 marzo, 2024","format":false,"excerpt":"Corrigi\u00f3 la calificaci\u00f3n y consider\u00f3 que no hubo alevos\u00eda, pero esa decisi\u00f3n no alter\u00f3 las penas para los 8 asesinos, de los cuales 5 recibieron prisi\u00f3n perpetua. 23 de marzo de 2024 LA COSTA -\u00a0 La C\u00e1mara de Casaci\u00f3n de la provincia de Buenos Aires ha ratificado las condenas dictadas\u2026","rel":"","context":"En \u00abINTERES GENERAL\u00bb","block_context":{"text":"INTERES GENERAL","link":"https:\/\/larevistadigital.com.ar\/blog\/category\/interes-general\/"},"img":{"alt_text":"","src":"https:\/\/i0.wp.com\/larevistadigital.com.ar\/blog\/wp-content\/uploads\/0b3005939bffd257b60471737f3b917f9f0b6c0c.jpg?fit=1140%2C640&ssl=1&resize=350%2C200","width":350,"height":200,"srcset":"https:\/\/i0.wp.com\/larevistadigital.com.ar\/blog\/wp-content\/uploads\/0b3005939bffd257b60471737f3b917f9f0b6c0c.jpg?fit=1140%2C640&ssl=1&resize=350%2C200 1x, https:\/\/i0.wp.com\/larevistadigital.com.ar\/blog\/wp-content\/uploads\/0b3005939bffd257b60471737f3b917f9f0b6c0c.jpg?fit=1140%2C640&ssl=1&resize=525%2C300 1.5x, https:\/\/i0.wp.com\/larevistadigital.com.ar\/blog\/wp-content\/uploads\/0b3005939bffd257b60471737f3b917f9f0b6c0c.jpg?fit=1140%2C640&ssl=1&resize=700%2C400 2x, https:\/\/i0.wp.com\/larevistadigital.com.ar\/blog\/wp-content\/uploads\/0b3005939bffd257b60471737f3b917f9f0b6c0c.jpg?fit=1140%2C640&ssl=1&resize=1050%2C600 3x"},"classes":[]},{"id":14842,"url":"https:\/\/larevistadigital.com.ar\/blog\/el-juez-ratifico-las-preventivas-de-los-rugbiers-y-subio-la-caratula-por-alevosia\/","url_meta":{"origin":30016,"position":1},"title":"EL JUEZ RATIFIC\u00d3 LAS PREVENTIVAS DE LOS RUGBIERS, Y SUBI\u00d3 LA CAR\u00c1TULA POR \u00abALEVOS\u00cdA\u00bb","author":"Alejandro Sosa Ruda","date":"14 febrero, 2020","format":false,"excerpt":"David Mancinelli\u00a0resolvi\u00f3 que los imputados por el asesinato del joven a la salida de un boliche en Villa Gesell continuar\u00e1n en prisi\u00f3n.\u00a0Mir\u00e1 la resoluci\u00f3n. El juez de Garant\u00edas de\u00a0Villa Gesell,\u00a0David Mancinelli, dict\u00f3 este viernes la prisi\u00f3n preventiva para los ocho rugbiers imputados por el crimen de\u00a0Fernando B\u00e1ez Sosa\u00a0(18), cometido el\u2026","rel":"","context":"En \u00abINTERES GENERAL\u00bb","block_context":{"text":"INTERES GENERAL","link":"https:\/\/larevistadigital.com.ar\/blog\/category\/interes-general\/"},"img":{"alt_text":"","src":"https:\/\/i0.wp.com\/larevistadigital.com.ar\/blog\/wp-content\/uploads\/14-02-2020-villa-gesell-luego-de-estar-0.jpg?fit=960%2C640&ssl=1&resize=350%2C200","width":350,"height":200,"srcset":"https:\/\/i0.wp.com\/larevistadigital.com.ar\/blog\/wp-content\/uploads\/14-02-2020-villa-gesell-luego-de-estar-0.jpg?fit=960%2C640&ssl=1&resize=350%2C200 1x, https:\/\/i0.wp.com\/larevistadigital.com.ar\/blog\/wp-content\/uploads\/14-02-2020-villa-gesell-luego-de-estar-0.jpg?fit=960%2C640&ssl=1&resize=525%2C300 1.5x, https:\/\/i0.wp.com\/larevistadigital.com.ar\/blog\/wp-content\/uploads\/14-02-2020-villa-gesell-luego-de-estar-0.jpg?fit=960%2C640&ssl=1&resize=700%2C400 2x"},"classes":[]},{"id":29793,"url":"https:\/\/larevistadigital.com.ar\/blog\/caso-baez-sosa-ahora-declaro-ciro-pertosi-y-aseguro-que-freno-la-patada-contra-fernando-en-el-piso\/","url_meta":{"origin":30016,"position":2},"title":"CASO BAEZ SOSA: AHORA DECLAR\u00d3 CIRO PERTOSI, Y ASEGUR\u00d3 QUE \u00abFREN\u00d3 LA  PATADA CONTRA FERNANDO EN EL PISO\u00bb","author":"Alejandro Sosa Ruda","date":"17 enero, 2023","format":false,"excerpt":"Luego de que ayer declarara M\u00e1ximo Thomsen, hoy pidi\u00f3 declarar otro de los imputados en el juicio por el asesinato de Fernando B\u00e1ez Sosa. Tambi\u00e9n explic\u00f3 a qu\u00e9 se refiri\u00f3 cuando mand\u00f3 el audio en el que dice \"de esto no se entera nadie\". 17 de enero de 2023 DOLORES\u2026","rel":"","context":"En \u00abDESTACADAS\u00bb","block_context":{"text":"DESTACADAS","link":"https:\/\/larevistadigital.com.ar\/blog\/category\/destacadas\/"},"img":{"alt_text":"","src":"https:\/\/i0.wp.com\/larevistadigital.com.ar\/blog\/wp-content\/uploads\/47d0257f2ae147453fcdfa354d7557d82ec132a2.jpg?fit=1140%2C641&ssl=1&resize=350%2C200","width":350,"height":200,"srcset":"https:\/\/i0.wp.com\/larevistadigital.com.ar\/blog\/wp-content\/uploads\/47d0257f2ae147453fcdfa354d7557d82ec132a2.jpg?fit=1140%2C641&ssl=1&resize=350%2C200 1x, https:\/\/i0.wp.com\/larevistadigital.com.ar\/blog\/wp-content\/uploads\/47d0257f2ae147453fcdfa354d7557d82ec132a2.jpg?fit=1140%2C641&ssl=1&resize=525%2C300 1.5x, https:\/\/i0.wp.com\/larevistadigital.com.ar\/blog\/wp-content\/uploads\/47d0257f2ae147453fcdfa354d7557d82ec132a2.jpg?fit=1140%2C641&ssl=1&resize=700%2C400 2x, https:\/\/i0.wp.com\/larevistadigital.com.ar\/blog\/wp-content\/uploads\/47d0257f2ae147453fcdfa354d7557d82ec132a2.jpg?fit=1140%2C641&ssl=1&resize=1050%2C600 3x"},"classes":[]},{"id":14817,"url":"https:\/\/larevistadigital.com.ar\/blog\/caduco-el-video-que-muestra-a-pertossi-mandando-el-horrible-mensaje\/","url_meta":{"origin":30016,"position":3},"title":"\u00abCADUC\u00d3\u00bb&#8230; EL VIDEO QUE MUESTRA A PERTOSSI MANDANDO EL HORRIBLE MENSAJE","author":"Alejandro Sosa Ruda","date":"13 febrero, 2020","format":false,"excerpt":"Uno de los rugbiers detenidos por el crimen de Villa Gesell anunci\u00f3 la muerte de Fernando B\u00e1ez Sosa con el t\u00e9rmino \u201ccaduc\u00f3\u201d en el grupo de WhatsApp de los imputados, mientras que otro orden\u00f3 que no se hable del tema con \u201cnadie\u201d, lo que la fiscal interpret\u00f3 como el inicio\u2026","rel":"","context":"En \u00abINTERES GENERAL\u00bb","block_context":{"text":"INTERES GENERAL","link":"https:\/\/larevistadigital.com.ar\/blog\/category\/interes-general\/"},"img":{"alt_text":"","src":"https:\/\/i0.wp.com\/larevistadigital.com.ar\/blog\/wp-content\/uploads\/Screenshot_1-101.jpg?fit=1200%2C596&ssl=1&resize=350%2C200","width":350,"height":200,"srcset":"https:\/\/i0.wp.com\/larevistadigital.com.ar\/blog\/wp-content\/uploads\/Screenshot_1-101.jpg?fit=1200%2C596&ssl=1&resize=350%2C200 1x, https:\/\/i0.wp.com\/larevistadigital.com.ar\/blog\/wp-content\/uploads\/Screenshot_1-101.jpg?fit=1200%2C596&ssl=1&resize=525%2C300 1.5x, https:\/\/i0.wp.com\/larevistadigital.com.ar\/blog\/wp-content\/uploads\/Screenshot_1-101.jpg?fit=1200%2C596&ssl=1&resize=700%2C400 2x, https:\/\/i0.wp.com\/larevistadigital.com.ar\/blog\/wp-content\/uploads\/Screenshot_1-101.jpg?fit=1200%2C596&ssl=1&resize=1050%2C600 3x"},"classes":[]},{"id":14246,"url":"https:\/\/larevistadigital.com.ar\/blog\/villa-gesell-11-son-los-detenidos-por-la-golpiza-asesina-de-los-rugbiers-el-lunes-van-a-rueda-de-reconocimiento\/","url_meta":{"origin":30016,"position":4},"title":"VILLA GESELL: 11 SON LOS DETENIDOS POR LA GOLPIZA ASESINA DE LOS RUGBIERS. EL LUNES VAN A RUEDA DE RECONOCIMIENTO","author":"Alejandro Sosa Ruda","date":"19 enero, 2020","format":false,"excerpt":"La polic\u00eda detuvo a otro de los j\u00f3venes que particip\u00f3 en la golpiza fatal a Federico B\u00e1ez, que hab\u00eda escapado de la ciudad balnearia hacia Z\u00e1rate. El lunes, los 11 imputados por \"homidicio en ri\u00f1a\" ser\u00e1n sometidos a una rueda de reconocimiento. El club N\u00e1utico Arsenal emiti\u00f3 un comunicado por\u2026","rel":"","context":"En \u00abINTERES GENERAL\u00bb","block_context":{"text":"INTERES GENERAL","link":"https:\/\/larevistadigital.com.ar\/blog\/category\/interes-general\/"},"img":{"alt_text":"","src":"https:\/\/i0.wp.com\/larevistadigital.com.ar\/blog\/wp-content\/uploads\/Screenshot_1-85.jpg?fit=933%2C527&ssl=1&resize=350%2C200","width":350,"height":200,"srcset":"https:\/\/i0.wp.com\/larevistadigital.com.ar\/blog\/wp-content\/uploads\/Screenshot_1-85.jpg?fit=933%2C527&ssl=1&resize=350%2C200 1x, https:\/\/i0.wp.com\/larevistadigital.com.ar\/blog\/wp-content\/uploads\/Screenshot_1-85.jpg?fit=933%2C527&ssl=1&resize=525%2C300 1.5x, https:\/\/i0.wp.com\/larevistadigital.com.ar\/blog\/wp-content\/uploads\/Screenshot_1-85.jpg?fit=933%2C527&ssl=1&resize=700%2C400 2x"},"classes":[]},{"id":31943,"url":"https:\/\/larevistadigital.com.ar\/blog\/justicia-justa-beneficiaron-con-salidas-transitorias-a-dos-de-los-secuestradores-y-asesinos-de-matias-berardi\/","url_meta":{"origin":30016,"position":5},"title":"\u00bfJUSTICIA JUSTA?&#8230; BENEFICIARON CON SALIDAS TRANSITORIAS A DOS DE LOS SECUESTRADORES Y ASESINOS DE MAT\u00cdAS BERARDI","author":"Alejandro Sosa Ruda","date":"12 junio, 2023","format":false,"excerpt":"Se trata de El\u00edas Emanuel Vivas y Celeste Ver\u00f3nica Moyano, quienes recibieron penas de 18 y 19 a\u00f1os de c\u00e1rcel, respectivamente, en 2013. El padre del adolescente asesinado teme que se produzca \u201cun efecto domin\u00f3\u201d ya que hay otros tres condenados por el horrendo crimen que solicitaron el mismo beneficio.\u2026","rel":"","context":"En \u00abINTERES GENERAL\u00bb","block_context":{"text":"INTERES GENERAL","link":"https:\/\/larevistadigital.com.ar\/blog\/category\/interes-general\/"},"img":{"alt_text":"","src":"https:\/\/i0.wp.com\/larevistadigital.com.ar\/blog\/wp-content\/uploads\/MATIAS-BERARDI.jpg?fit=750%2C507&ssl=1&resize=350%2C200","width":350,"height":200,"srcset":"https:\/\/i0.wp.com\/larevistadigital.com.ar\/blog\/wp-content\/uploads\/MATIAS-BERARDI.jpg?fit=750%2C507&ssl=1&resize=350%2C200 1x, https:\/\/i0.wp.com\/larevistadigital.com.ar\/blog\/wp-content\/uploads\/MATIAS-BERARDI.jpg?fit=750%2C507&ssl=1&resize=525%2C300 1.5x, https:\/\/i0.wp.com\/larevistadigital.com.ar\/blog\/wp-content\/uploads\/MATIAS-BERARDI.jpg?fit=750%2C507&ssl=1&resize=700%2C400 2x"},"classes":[]}],"_links":{"self":[{"href":"https:\/\/larevistadigital.com.ar\/blog\/wp-json\/wp\/v2\/posts\/30016","targetHints":{"allow":["GET"]}}],"collection":[{"href":"https:\/\/larevistadigital.com.ar\/blog\/wp-json\/wp\/v2\/posts"}],"about":[{"href":"https:\/\/larevistadigital.com.ar\/blog\/wp-json\/wp\/v2\/types\/post"}],"author":[{"embeddable":true,"href":"https:\/\/larevistadigital.com.ar\/blog\/wp-json\/wp\/v2\/users\/3"}],"replies":[{"embeddable":true,"href":"https:\/\/larevistadigital.com.ar\/blog\/wp-json\/wp\/v2\/comments?post=30016"}],"version-history":[{"count":2,"href":"https:\/\/larevistadigital.com.ar\/blog\/wp-json\/wp\/v2\/posts\/30016\/revisions"}],"predecessor-version":[{"id":30019,"href":"https:\/\/larevistadigital.com.ar\/blog\/wp-json\/wp\/v2\/posts\/30016\/revisions\/30019"}],"wp:featuredmedia":[{"embeddable":true,"href":"https:\/\/larevistadigital.com.ar\/blog\/wp-json\/wp\/v2\/media\/30018"}],"wp:attachment":[{"href":"https:\/\/larevistadigital.com.ar\/blog\/wp-json\/wp\/v2\/media?parent=30016"}],"wp:term":[{"taxonomy":"category","embeddable":true,"href":"https:\/\/larevistadigital.com.ar\/blog\/wp-json\/wp\/v2\/categories?post=30016"},{"taxonomy":"post_tag","embeddable":true,"href":"https:\/\/larevistadigital.com.ar\/blog\/wp-json\/wp\/v2\/tags?post=30016"}],"curies":[{"name":"wp","href":"https:\/\/api.w.org\/{rel}","templated":true}]}}