{"id":30080,"date":"2023-02-08T23:38:09","date_gmt":"2023-02-08T23:38:09","guid":{"rendered":"https:\/\/larevistadigital.com.ar\/blog\/?p=30080"},"modified":"2023-02-08T23:38:09","modified_gmt":"2023-02-08T23:38:09","slug":"vandalismo-se-robaron-casi-4-km-de-vias-entre-bahia-blanca-y-carmen-de-patagones","status":"publish","type":"post","link":"https:\/\/larevistadigital.com.ar\/blog\/vandalismo-se-robaron-casi-4-km-de-vias-entre-bahia-blanca-y-carmen-de-patagones\/","title":{"rendered":"VANDALISMO: SE ROBARON CASI 4 KM DE VIAS ENTRE BAH\u00cdA BLANCA Y CARMEN DE PATAGONES"},"content":{"rendered":"<h2 class=\"fparrafo ctext fz18 lh25\">Con un soplete los delincuentes cortaron la v\u00eda en tramos de dos metros y luego cargaron los elementos robados en un cami\u00f3n. Este tramo era utilizado peri\u00f3dicamente para transportar insumos y material rodante desde y hacia los Talleres Spurr, en Bah\u00eda blanca. Tambi\u00e9n se utiliza para traslados de Tren Patag\u00f3nico desde y hacia Viedma.<\/h2>\n<p>08 de febrero de 2023<\/p>\n<p><strong>BAH\u00cdA BLANCA &#8211;\u00a0 <\/strong>Delincuentes con un soplete y un cami\u00f3n robaron m\u00e1s de 3600 metros de rieles, 189 durmientes y 12 mil tira fondos del ramal ferroviario que une Bah\u00eda Blanca con Carmen de Patagones. Estas v\u00edas actualmente eran utilizadas para transportar material rodante pero hab\u00eda gestiones para reactivar el tren de pasajeros.<\/p>\n<blockquote>\n<h3 class=\"selectionShareable\">Con un soplete los delincuentes cortaron la v\u00eda en tramos de dos metros y luego cargaron los elementos robados en un cami\u00f3n. As\u00ed lo precis\u00f3 Daniel Garc\u00eda, presidente de la empresa estatal Tren Patag\u00f3nico, quien afirm\u00f3 que en poco tiempo se podr\u00eda conocer la identidad de los ladrones.<\/h3>\n<\/blockquote>\n<p class=\"selectionShareable\"><em><strong>\u201cLamentablemente fue as\u00ed, el robo fue muy cerquita de la Estaci\u00f3n General Cerri, a unos 1.500 metros\u201d<\/strong><\/em>, precis\u00f3. <strong><em>\u201cFue un golpe muy duro para nosotros porque ese tramo estaba en perfectas condiciones\u201c<\/em><\/strong>, aclar\u00f3 <strong>Garc\u00eda.<\/strong><\/p>\n<blockquote>\n<h3 class=\"selectionShareable\">Este tramo era utilizado peri\u00f3dicamente para transportar insumos y material rodante desde y hacia los Talleres Spurr, en Bah\u00eda blanca. Tambi\u00e9n se utiliza para traslados de Tren Patag\u00f3nico desde y hacia Viedma.\u00a0 En este contexto, seg\u00fan public\u00f3 el portal TodoProvincial, el objetivo es recuperar el tendido a m\u00e1s tardar en la primera quincena de abril.<\/h3>\n<\/blockquote>\n<p class=\"selectionShareable\">Con ese objetivo, <strong>Garc\u00eda<\/strong> dijo que <strong><em>\u201ctodo esto implica un trabajo y un costo muy importante, pero hay un compromiso muy fuerte de la provincia en avanzar en esta transformaci\u00f3n del Tren\u201d<\/em><\/strong>.<\/p>\n<p class=\"selectionShareable\">Asimismo, afirm\u00f3 que el Gobierno Nacional ya se enter\u00f3 y que, para el trabajo de reparaci\u00f3n de la v\u00eda, \u201cexiste una voluntad compartida\u201d. (<b>InfoGEI<\/b>) Mg<\/p>\n","protected":false},"excerpt":{"rendered":"<div class=\"mh-excerpt\"><p>Con un soplete los delincuentes cortaron la v\u00eda en tramos de dos metros y luego cargaron los elementos robados en un cami\u00f3n. Este tramo era utilizado peri\u00f3dicamente para transportar insumos y material rodante desde y <a class=\"mh-excerpt-more\" href=\"https:\/\/larevistadigital.com.ar\/blog\/vandalismo-se-robaron-casi-4-km-de-vias-entre-bahia-blanca-y-carmen-de-patagones\/\" title=\"VANDALISMO: SE ROBARON CASI 4 KM DE VIAS ENTRE BAH\u00cdA BLANCA Y CARMEN DE PATAGONES\">[Leer M\u00e1s]<\/a><\/p>\n<\/div>","protected":false},"author":3,"featured_media":30081,"comment_status":"open","ping_status":"open","sticky":false,"template":"","format":"standard","meta":{"_jetpack_memberships_contains_paid_content":false,"footnotes":"","jetpack_publicize_message":"","jetpack_publicize_feature_enabled":true,"jetpack_social_post_already_shared":true,"jetpack_social_options":{"image_generator_settings":{"template":"highway","default_image_id":0,"font":"","enabled":false},"version":2}},"categories":[44,51],"tags":[],"class_list":{"0":"post-30080","1":"post","2":"type-post","3":"status-publish","4":"format-standard","5":"has-post-thumbnail","7":"category-policiales","8":"category-regionales"},"jetpack_publicize_connections":[],"jetpack_featured_media_url":"https:\/\/i0.wp.com\/larevistadigital.com.ar\/blog\/wp-content\/uploads\/20230208165155_tren-patagones.jpg?fit=880%2C512&ssl=1","jetpack_sharing_enabled":true,"jetpack_shortlink":"https:\/\/wp.me\/p8qtrQ-7Pa","jetpack-related-posts":[{"id":29038,"url":"https:\/\/larevistadigital.com.ar\/blog\/bahia-blanca-arba-detecto-miles-de-metros-cuadrados-sin-declarar\/","url_meta":{"origin":30080,"position":0},"title":"BAHIA BLANCA: ARBA DETECT\u00d3 MILES DE METROS CUADRADOS SIN DECLARAR","author":"Alejandro Sosa Ruda","date":"24 noviembre, 2022","format":false,"excerpt":"El director de la agencia recaudatoria destac\u00f3 que \u201cahora vamos a notificar y les daremos el plazo legal que corresponde para comenzar a pagar\u201d. En la mayor\u00eda de los casos figuraban como lotes bald\u00edos, informaron. 24 de noviembre de 2022 BAH\u00cdA BLANCA -\u00a0 El Director Ejecutivo de ARBA, Cristian Girard,\u2026","rel":"","context":"En \u00abPOLITICA\u00bb","block_context":{"text":"POLITICA","link":"https:\/\/larevistadigital.com.ar\/blog\/category\/politica\/"},"img":{"alt_text":"","src":"https:\/\/i0.wp.com\/larevistadigital.com.ar\/blog\/wp-content\/uploads\/20221124183221_arba.jpg?fit=880%2C512&ssl=1&resize=350%2C200","width":350,"height":200,"srcset":"https:\/\/i0.wp.com\/larevistadigital.com.ar\/blog\/wp-content\/uploads\/20221124183221_arba.jpg?fit=880%2C512&ssl=1&resize=350%2C200 1x, https:\/\/i0.wp.com\/larevistadigital.com.ar\/blog\/wp-content\/uploads\/20221124183221_arba.jpg?fit=880%2C512&ssl=1&resize=525%2C300 1.5x, https:\/\/i0.wp.com\/larevistadigital.com.ar\/blog\/wp-content\/uploads\/20221124183221_arba.jpg?fit=880%2C512&ssl=1&resize=700%2C400 2x"},"classes":[]},{"id":20448,"url":"https:\/\/larevistadigital.com.ar\/blog\/dolores-robaron-en-el-hospital-san-roque\/","url_meta":{"origin":30080,"position":1},"title":"DOLORES: ROBARON EN EL HOSPITAL SAN ROQUE","author":"Alejandro Sosa Ruda","date":"25 mayo, 2021","format":false,"excerpt":"DOLORES - Durante la jornada del lunes advirtieron que ladrones hab\u00edan robado en el Hospital San Roque de Dolores. Los delincuentes ingresaron a una dependencia que queda sobre calle Montes y se robaron una computadora y un televisor. En ese sector se atiende una especialidad por lo que hay personal\u2026","rel":"","context":"En \u00abDOLORES\u00bb","block_context":{"text":"DOLORES","link":"https:\/\/larevistadigital.com.ar\/blog\/category\/dolores\/"},"img":{"alt_text":"","src":"https:\/\/i0.wp.com\/larevistadigital.com.ar\/blog\/wp-content\/uploads\/fb24ad4196c02f0bea3588c2f5c7a593aed421f6.jpg?fit=1140%2C758&ssl=1&resize=350%2C200","width":350,"height":200,"srcset":"https:\/\/i0.wp.com\/larevistadigital.com.ar\/blog\/wp-content\/uploads\/fb24ad4196c02f0bea3588c2f5c7a593aed421f6.jpg?fit=1140%2C758&ssl=1&resize=350%2C200 1x, https:\/\/i0.wp.com\/larevistadigital.com.ar\/blog\/wp-content\/uploads\/fb24ad4196c02f0bea3588c2f5c7a593aed421f6.jpg?fit=1140%2C758&ssl=1&resize=525%2C300 1.5x, https:\/\/i0.wp.com\/larevistadigital.com.ar\/blog\/wp-content\/uploads\/fb24ad4196c02f0bea3588c2f5c7a593aed421f6.jpg?fit=1140%2C758&ssl=1&resize=700%2C400 2x, https:\/\/i0.wp.com\/larevistadigital.com.ar\/blog\/wp-content\/uploads\/fb24ad4196c02f0bea3588c2f5c7a593aed421f6.jpg?fit=1140%2C758&ssl=1&resize=1050%2C600 3x"},"classes":[]},{"id":39930,"url":"https:\/\/larevistadigital.com.ar\/blog\/bahia-blanca-tres-condenados-por-intento-de-robo-de-cables-en-tornquist-que-termino-con-cuatro-muertos\/","url_meta":{"origin":30080,"position":2},"title":"Bah\u00eda Blanca: Tres condenados por intento de robo de cables en Tornquist que termin\u00f3 con cuatro muertos","author":"Alejandro Sosa Ruda","date":"29 mayo, 2025","format":false,"excerpt":"El Tribunal en lo Criminal N.\u00ba 1 de Bah\u00eda Blanca conden\u00f3, a trav\u00e9s del procedimiento de juicio abreviado, a tres implicados en un intento de robo de cables ocurrido en Tornquist. Cada uno recibi\u00f3 una pena de tres a\u00f1os de prisi\u00f3n en suspenso, adem\u00e1s de otras sanciones legales, costas del\u2026","rel":"","context":"En \u00abPOLICIALES\u00bb","block_context":{"text":"POLICIALES","link":"https:\/\/larevistadigital.com.ar\/blog\/category\/policiales\/"},"img":{"alt_text":"","src":"https:\/\/i0.wp.com\/larevistadigital.com.ar\/blog\/wp-content\/uploads\/20250528155838_condenas-robo-cables-bahia-blanca.jpg?fit=880%2C512&ssl=1&resize=350%2C200","width":350,"height":200,"srcset":"https:\/\/i0.wp.com\/larevistadigital.com.ar\/blog\/wp-content\/uploads\/20250528155838_condenas-robo-cables-bahia-blanca.jpg?fit=880%2C512&ssl=1&resize=350%2C200 1x, https:\/\/i0.wp.com\/larevistadigital.com.ar\/blog\/wp-content\/uploads\/20250528155838_condenas-robo-cables-bahia-blanca.jpg?fit=880%2C512&ssl=1&resize=525%2C300 1.5x, https:\/\/i0.wp.com\/larevistadigital.com.ar\/blog\/wp-content\/uploads\/20250528155838_condenas-robo-cables-bahia-blanca.jpg?fit=880%2C512&ssl=1&resize=700%2C400 2x"},"classes":[]},{"id":24422,"url":"https:\/\/larevistadigital.com.ar\/blog\/descarrilo-un-tren-en-olavarria-con-500-pasajeros-hay-heridos\/","url_meta":{"origin":30080,"position":3},"title":"DESCARRIL\u00d3 UN TREN EN OLAVARR\u00cdA CON 500 PASAJEROS: HAY HERIDOS","author":"Alejandro Sosa Ruda","date":"8 marzo, 2022","format":false,"excerpt":"La formaci\u00f3n se dirig\u00eda desde Buenos Aires a Bah\u00eda Blanca. Iban completo con casi 500 pasajeros abordo Un tren de pasajeros que se dirig\u00eda desde Buenos Aires a Bah\u00eda Blanca\u00a0descarril\u00f3 esta ma\u00f1ana a la altura de la ciudad de Olavarr\u00eda. Seg\u00fan las primeras informaciones que llegan desde el lugar del\u2026","rel":"","context":"En \u00abINTERES GENERAL\u00bb","block_context":{"text":"INTERES GENERAL","link":"https:\/\/larevistadigital.com.ar\/blog\/category\/interes-general\/"},"img":{"alt_text":"","src":"https:\/\/i0.wp.com\/larevistadigital.com.ar\/blog\/wp-content\/uploads\/HYT5SYKGAJCH3JFSH7NJR7LLOA.jpeg?fit=879%2C588&ssl=1&resize=350%2C200","width":350,"height":200,"srcset":"https:\/\/i0.wp.com\/larevistadigital.com.ar\/blog\/wp-content\/uploads\/HYT5SYKGAJCH3JFSH7NJR7LLOA.jpeg?fit=879%2C588&ssl=1&resize=350%2C200 1x, https:\/\/i0.wp.com\/larevistadigital.com.ar\/blog\/wp-content\/uploads\/HYT5SYKGAJCH3JFSH7NJR7LLOA.jpeg?fit=879%2C588&ssl=1&resize=525%2C300 1.5x, https:\/\/i0.wp.com\/larevistadigital.com.ar\/blog\/wp-content\/uploads\/HYT5SYKGAJCH3JFSH7NJR7LLOA.jpeg?fit=879%2C588&ssl=1&resize=700%2C400 2x"},"classes":[]},{"id":29841,"url":"https:\/\/larevistadigital.com.ar\/blog\/tormenta-en-bahia-blanca-un-rayo-partio-la-terraza-de-un-edificio\/","url_meta":{"origin":30080,"position":4},"title":"TORMENTA EN BAH\u00cdA BLANCA: UN RAYO PARTI\u00d3 LA TERRAZA DE UN EDIFICIO.","author":"Alejandro Sosa Ruda","date":"19 enero, 2023","format":false,"excerpt":"Una tormenta intensa sorprendi\u00f3 a municipio de Bah\u00eda Blanca. Viento, granizo y lluvia cayeron de repente y dejaron un saldo de calles abnegadas, casas inundadas y un rayo que parti\u00f3 parte de la terraza de un edificio. BAH\u00cdA BLANCA -\u00a0 \"Fue una tormenta que vino de golpe, ten\u00edamos alerta para\u2026","rel":"","context":"En \u00abDESTACADAS\u00bb","block_context":{"text":"DESTACADAS","link":"https:\/\/larevistadigital.com.ar\/blog\/category\/destacadas\/"},"img":{"alt_text":"","src":"https:\/\/i0.wp.com\/larevistadigital.com.ar\/blog\/wp-content\/uploads\/tormenta1.jpg?fit=900%2C1195&ssl=1&resize=350%2C200","width":350,"height":200,"srcset":"https:\/\/i0.wp.com\/larevistadigital.com.ar\/blog\/wp-content\/uploads\/tormenta1.jpg?fit=900%2C1195&ssl=1&resize=350%2C200 1x, https:\/\/i0.wp.com\/larevistadigital.com.ar\/blog\/wp-content\/uploads\/tormenta1.jpg?fit=900%2C1195&ssl=1&resize=525%2C300 1.5x, https:\/\/i0.wp.com\/larevistadigital.com.ar\/blog\/wp-content\/uploads\/tormenta1.jpg?fit=900%2C1195&ssl=1&resize=700%2C400 2x"},"classes":[]},{"id":27965,"url":"https:\/\/larevistadigital.com.ar\/blog\/bahia-blanca-un-hombre-cayo-de-4-metros-de-altura\/","url_meta":{"origin":30080,"position":5},"title":"BAH\u00cdA BLANCA: UN HOMBRE CAY\u00d3 DE 4 METROS DE ALTURA","author":"Alejandro Sosa Ruda","date":"21 septiembre, 2022","format":false,"excerpt":"El hecho ocurri\u00f3 a las 10.50 en Zelarrayan y Rodr\u00edguez. Afortunadamente sobrevivi\u00f3 a la ca\u00edda. 21 de septiembre de 2022 BAH\u00cdA BLANCA -\u00a0 Se trata de un obrero de 35 a\u00f1os que estaba haciendo trabajos de reparaci\u00f3n en el techo de un local. Fue trasladado consciente con dolores lumbar y\u2026","rel":"","context":"En \u00abPOLICIALES\u00bb","block_context":{"text":"POLICIALES","link":"https:\/\/larevistadigital.com.ar\/blog\/category\/policiales\/"},"img":{"alt_text":"","src":"https:\/\/i0.wp.com\/larevistadigital.com.ar\/blog\/wp-content\/uploads\/WhatsApp-Image-2022-09-20-at-14.27.13.jpeg?fit=720%2C471&ssl=1&resize=350%2C200","width":350,"height":200,"srcset":"https:\/\/i0.wp.com\/larevistadigital.com.ar\/blog\/wp-content\/uploads\/WhatsApp-Image-2022-09-20-at-14.27.13.jpeg?fit=720%2C471&ssl=1&resize=350%2C200 1x, https:\/\/i0.wp.com\/larevistadigital.com.ar\/blog\/wp-content\/uploads\/WhatsApp-Image-2022-09-20-at-14.27.13.jpeg?fit=720%2C471&ssl=1&resize=525%2C300 1.5x, https:\/\/i0.wp.com\/larevistadigital.com.ar\/blog\/wp-content\/uploads\/WhatsApp-Image-2022-09-20-at-14.27.13.jpeg?fit=720%2C471&ssl=1&resize=700%2C400 2x"},"classes":[]}],"_links":{"self":[{"href":"https:\/\/larevistadigital.com.ar\/blog\/wp-json\/wp\/v2\/posts\/30080","targetHints":{"allow":["GET"]}}],"collection":[{"href":"https:\/\/larevistadigital.com.ar\/blog\/wp-json\/wp\/v2\/posts"}],"about":[{"href":"https:\/\/larevistadigital.com.ar\/blog\/wp-json\/wp\/v2\/types\/post"}],"author":[{"embeddable":true,"href":"https:\/\/larevistadigital.com.ar\/blog\/wp-json\/wp\/v2\/users\/3"}],"replies":[{"embeddable":true,"href":"https:\/\/larevistadigital.com.ar\/blog\/wp-json\/wp\/v2\/comments?post=30080"}],"version-history":[{"count":1,"href":"https:\/\/larevistadigital.com.ar\/blog\/wp-json\/wp\/v2\/posts\/30080\/revisions"}],"predecessor-version":[{"id":30082,"href":"https:\/\/larevistadigital.com.ar\/blog\/wp-json\/wp\/v2\/posts\/30080\/revisions\/30082"}],"wp:featuredmedia":[{"embeddable":true,"href":"https:\/\/larevistadigital.com.ar\/blog\/wp-json\/wp\/v2\/media\/30081"}],"wp:attachment":[{"href":"https:\/\/larevistadigital.com.ar\/blog\/wp-json\/wp\/v2\/media?parent=30080"}],"wp:term":[{"taxonomy":"category","embeddable":true,"href":"https:\/\/larevistadigital.com.ar\/blog\/wp-json\/wp\/v2\/categories?post=30080"},{"taxonomy":"post_tag","embeddable":true,"href":"https:\/\/larevistadigital.com.ar\/blog\/wp-json\/wp\/v2\/tags?post=30080"}],"curies":[{"name":"wp","href":"https:\/\/api.w.org\/{rel}","templated":true}]}}