{"id":30083,"date":"2023-02-09T00:31:46","date_gmt":"2023-02-09T00:31:46","guid":{"rendered":"https:\/\/larevistadigital.com.ar\/blog\/?p=30083"},"modified":"2023-02-09T00:31:46","modified_gmt":"2023-02-09T00:31:46","slug":"estafan-a-una-mujer-y-le-sacan-4-000-dolares-mediante-un-cuento-del-tio","status":"publish","type":"post","link":"https:\/\/larevistadigital.com.ar\/blog\/estafan-a-una-mujer-y-le-sacan-4-000-dolares-mediante-un-cuento-del-tio\/","title":{"rendered":"EST\u00c1FAN A UNA MUJER Y LE SACAN 4.000.- DOLARES MEDIANTE UN \u00abCUENTO DEL T\u00cdO\u00bb"},"content":{"rendered":"<h2 class=\"fparrafo ctext fz18 lh25\">Tambi\u00e9n perdi\u00f3 una cantidad no determinada de pesos argentinos. La estafadora se hizo pasar por la prima de la v\u00edctima durante una llamada telef\u00f3nica.<\/h2>\n<p>08 de febrero de 2023<\/p>\n<p><strong>DOLORES &#8211;\u00a0<\/strong> Recientemente en Dolores una mujer recibi\u00f3 un llamado a su tel\u00e9fono fijo de parte, supuestamente, de una prima. Durante la comunicaci\u00f3n, esta persona le advirti\u00f3 que deb\u00eda cambiar el dinero que ten\u00eda guardado porque no iban a servir m\u00e1s. La llamada apremiaba a la v\u00edctima, bajo el argumento de que estaba por llegar \u201cel contador\u201d.<\/p>\n<p class=\"selectionShareable\">La mujer que recibi\u00f3 el llamado no termin\u00f3 de cortar cuando llam\u00f3 a su puerta un hombre a bordo de una moto, quien le dijo que ven\u00eda a buscar el dinero y utiliz\u00f3 como artilugio disuasorio la inminencia del cierre de la sucursal bancaria. El supuesto contador ten\u00eda casco y barbijo, por lo que no le pudo ver con claridad el rostro. La mujer le entreg\u00f3 4.000 d\u00f3lares y una suma no estipulada de pesos.<\/p>\n<blockquote>\n<h3 class=\"selectionShareable\">Posteriormente, en una comunicaci\u00f3n con su verdadera prima, la v\u00edctima comprob\u00f3 que la hab\u00edan estafado, por lo que radic\u00f3 la denuncia en la comisar\u00eda local.<\/h3>\n<\/blockquote>\n<p class=\"selectionShareable\">Las autoridades volvieron a recomendar estar atentos a estas llamadas telef\u00f3nicas y otras similares, que aprovechan cierta vulnerabilidad de las personas y suman el factor ansiedad y apresuramiento para evitar que las v\u00edctimas se detengan a analizar los pedidos que les hacen. (<b>InfoGEI<\/b>) Mg<\/p>\n","protected":false},"excerpt":{"rendered":"<div class=\"mh-excerpt\"><p>Tambi\u00e9n perdi\u00f3 una cantidad no determinada de pesos argentinos. La estafadora se hizo pasar por la prima de la v\u00edctima durante una llamada telef\u00f3nica. 08 de febrero de 2023 DOLORES &#8211;\u00a0 Recientemente en Dolores una <a class=\"mh-excerpt-more\" href=\"https:\/\/larevistadigital.com.ar\/blog\/estafan-a-una-mujer-y-le-sacan-4-000-dolares-mediante-un-cuento-del-tio\/\" title=\"EST\u00c1FAN A UNA MUJER Y LE SACAN 4.000.- DOLARES MEDIANTE UN \u00abCUENTO DEL T\u00cdO\u00bb\">[Leer M\u00e1s]<\/a><\/p>\n<\/div>","protected":false},"author":3,"featured_media":30084,"comment_status":"open","ping_status":"open","sticky":false,"template":"","format":"standard","meta":{"_jetpack_memberships_contains_paid_content":false,"footnotes":"","jetpack_publicize_message":"","jetpack_publicize_feature_enabled":true,"jetpack_social_post_already_shared":true,"jetpack_social_options":{"image_generator_settings":{"template":"highway","default_image_id":0,"font":"","enabled":false},"version":2}},"categories":[43,44],"tags":[],"class_list":{"0":"post-30083","1":"post","2":"type-post","3":"status-publish","4":"format-standard","5":"has-post-thumbnail","7":"category-dolores","8":"category-policiales"},"jetpack_publicize_connections":[],"jetpack_featured_media_url":"https:\/\/i0.wp.com\/larevistadigital.com.ar\/blog\/wp-content\/uploads\/20230208155510_cuento-tio-estafa-abuela-san-rafael.jpg?fit=880%2C512&ssl=1","jetpack_sharing_enabled":true,"jetpack_shortlink":"https:\/\/wp.me\/p8qtrQ-7Pd","jetpack-related-posts":[{"id":23501,"url":"https:\/\/larevistadigital.com.ar\/blog\/continua-la-ola-de-estafas-en-la-region-ahora-le-robaron-1700-dolares-a-una-mujer-en-dolores\/","url_meta":{"origin":30083,"position":0},"title":"CONTIN\u00daA LA OLA DE ESTAFAS EN LA REGI\u00d3N. AHORA LE ROBARON 1700 D\u00d3LARES A UNA MUJER EN DOLORES","author":"Alejandro Sosa Ruda","date":"22 enero, 2022","format":false,"excerpt":"Una persona se hizo pasar por su sobrina y le dijo que deb\u00eda cambiar el dinero. Dos hombres fueron los c\u00f3mplices. Luego, la mujer habl\u00f3 con otro familiar y advirti\u00f3 que hab\u00eda sido enga\u00f1ada y v\u00edctima de un robo. DOLORES -\u00a0Una docente jubilada de Dolores fue v\u00edctima de un enga\u00f1o\u2026","rel":"","context":"En \u00abDOLORES\u00bb","block_context":{"text":"DOLORES","link":"https:\/\/larevistadigital.com.ar\/blog\/category\/dolores\/"},"img":{"alt_text":"","src":"https:\/\/i0.wp.com\/larevistadigital.com.ar\/blog\/wp-content\/uploads\/20220121184129_cuentodeltiojpg.jpg?fit=880%2C512&ssl=1&resize=350%2C200","width":350,"height":200,"srcset":"https:\/\/i0.wp.com\/larevistadigital.com.ar\/blog\/wp-content\/uploads\/20220121184129_cuentodeltiojpg.jpg?fit=880%2C512&ssl=1&resize=350%2C200 1x, https:\/\/i0.wp.com\/larevistadigital.com.ar\/blog\/wp-content\/uploads\/20220121184129_cuentodeltiojpg.jpg?fit=880%2C512&ssl=1&resize=525%2C300 1.5x, https:\/\/i0.wp.com\/larevistadigital.com.ar\/blog\/wp-content\/uploads\/20220121184129_cuentodeltiojpg.jpg?fit=880%2C512&ssl=1&resize=700%2C400 2x"},"classes":[]},{"id":25036,"url":"https:\/\/larevistadigital.com.ar\/blog\/dolores-dos-detenidos-tras-un-nuevo-intento-de-cuento-del-tio\/","url_meta":{"origin":30083,"position":1},"title":"DOLORES: DOS DETENIDOS TRAS UN NUEVO INTENTO DE \u00abCUENTO DEL T\u00cdO\u00bb","author":"Alejandro Sosa Ruda","date":"11 abril, 2022","format":false,"excerpt":"Fueron interceptados en la Ruta 2 tras un gran operativo cerrojo. DOLORES -\u00a0 En las \u00faltimas horas, fueron detenidos dos hombres oriundos de Capital Federal, con antecedentes por delitos de estafa. En esta oportunidad,\u00a0 un remisero de Dolores, que hab\u00eda sido v\u00edctima del \"cuento del t\u00edo\", recibi\u00f3 un llamado para\u2026","rel":"","context":"En \u00abDOLORES\u00bb","block_context":{"text":"DOLORES","link":"https:\/\/larevistadigital.com.ar\/blog\/category\/dolores\/"},"img":{"alt_text":"","src":"https:\/\/i0.wp.com\/larevistadigital.com.ar\/blog\/wp-content\/uploads\/88381adc587fa8a1e6a1dc82a6ca4e1b93ba1bbe.jpg?fit=1140%2C757&ssl=1&resize=350%2C200","width":350,"height":200,"srcset":"https:\/\/i0.wp.com\/larevistadigital.com.ar\/blog\/wp-content\/uploads\/88381adc587fa8a1e6a1dc82a6ca4e1b93ba1bbe.jpg?fit=1140%2C757&ssl=1&resize=350%2C200 1x, https:\/\/i0.wp.com\/larevistadigital.com.ar\/blog\/wp-content\/uploads\/88381adc587fa8a1e6a1dc82a6ca4e1b93ba1bbe.jpg?fit=1140%2C757&ssl=1&resize=525%2C300 1.5x, https:\/\/i0.wp.com\/larevistadigital.com.ar\/blog\/wp-content\/uploads\/88381adc587fa8a1e6a1dc82a6ca4e1b93ba1bbe.jpg?fit=1140%2C757&ssl=1&resize=700%2C400 2x, https:\/\/i0.wp.com\/larevistadigital.com.ar\/blog\/wp-content\/uploads\/88381adc587fa8a1e6a1dc82a6ca4e1b93ba1bbe.jpg?fit=1140%2C757&ssl=1&resize=1050%2C600 3x"},"classes":[]},{"id":4488,"url":"https:\/\/larevistadigital.com.ar\/blog\/dolores-dictan-la-prision-preventiva-mujer-acusada-prostituir-hija-menor\/","url_meta":{"origin":30083,"position":2},"title":"DOLORES: DICTAN LA PRISI\u00d3N PREVENTIVA A MUJER ACUSADA DE PROSTITUIR A SU HIJA MENOR","author":"Alejandro Sosa Ruda","date":"11 enero, 2018","format":false,"excerpt":"Los hechos sucedieron en Castelli entre 2016 y 2017. De la investigaci\u00f3n surgen detalles del grado vulnerabilidad en que viv\u00eda la v\u00edctima, que sus \u201cclientes\u201d eran personas mayores de 40 a\u00f1os, como forma de asegurar lo que pagar\u00edan.\u00a0\u00a0 En un fallo reciente dictado por la C\u00e1mara Penal de Dolores, se\u2026","rel":"","context":"En \u00abDOLORES\u00bb","block_context":{"text":"DOLORES","link":"https:\/\/larevistadigital.com.ar\/blog\/category\/dolores\/"},"img":{"alt_text":"","src":"https:\/\/i0.wp.com\/larevistadigital.com.ar\/blog\/wp-content\/uploads\/2018\/01\/4667658cbfb311e6b63a0eb04a1bba78.jpeg?fit=1200%2C675&ssl=1&resize=350%2C200","width":350,"height":200,"srcset":"https:\/\/i0.wp.com\/larevistadigital.com.ar\/blog\/wp-content\/uploads\/2018\/01\/4667658cbfb311e6b63a0eb04a1bba78.jpeg?fit=1200%2C675&ssl=1&resize=350%2C200 1x, https:\/\/i0.wp.com\/larevistadigital.com.ar\/blog\/wp-content\/uploads\/2018\/01\/4667658cbfb311e6b63a0eb04a1bba78.jpeg?fit=1200%2C675&ssl=1&resize=525%2C300 1.5x, https:\/\/i0.wp.com\/larevistadigital.com.ar\/blog\/wp-content\/uploads\/2018\/01\/4667658cbfb311e6b63a0eb04a1bba78.jpeg?fit=1200%2C675&ssl=1&resize=700%2C400 2x, https:\/\/i0.wp.com\/larevistadigital.com.ar\/blog\/wp-content\/uploads\/2018\/01\/4667658cbfb311e6b63a0eb04a1bba78.jpeg?fit=1200%2C675&ssl=1&resize=1050%2C600 3x"},"classes":[]},{"id":33245,"url":"https:\/\/larevistadigital.com.ar\/blog\/dolores-un-matrimonio-pago-un-millonario-rescate-en-un-secuestro-virtual\/","url_meta":{"origin":30083,"position":3},"title":"DOLORES: UN MATRIMONIO PAG\u00d3 UN MILLONARIO RESCATE EN UN SECUESTRO VIRTUAL","author":"Alejandro Sosa Ruda","date":"3 septiembre, 2023","format":false,"excerpt":"El matrimonio fue enga\u00f1ado a trav\u00e9s de un llamado en horas de la madrugada. Entregaron dinero y joyas. Buscan el veh\u00edculo en el que huyeron los ladrones. 3 de septiembre de 2023 DOLORES -\u00a0 Una familia de Dolores fue v\u00edctima de un secuestro virtual y entreg\u00f3 una importante suma de\u2026","rel":"","context":"En \u00abDOLORES\u00bb","block_context":{"text":"DOLORES","link":"https:\/\/larevistadigital.com.ar\/blog\/category\/dolores\/"},"img":{"alt_text":"","src":"https:\/\/i0.wp.com\/larevistadigital.com.ar\/blog\/wp-content\/uploads\/20230902150359_secuestro-virtual-carlos-paz-vecino-3-millones.jpg?fit=880%2C512&ssl=1&resize=350%2C200","width":350,"height":200,"srcset":"https:\/\/i0.wp.com\/larevistadigital.com.ar\/blog\/wp-content\/uploads\/20230902150359_secuestro-virtual-carlos-paz-vecino-3-millones.jpg?fit=880%2C512&ssl=1&resize=350%2C200 1x, https:\/\/i0.wp.com\/larevistadigital.com.ar\/blog\/wp-content\/uploads\/20230902150359_secuestro-virtual-carlos-paz-vecino-3-millones.jpg?fit=880%2C512&ssl=1&resize=525%2C300 1.5x, https:\/\/i0.wp.com\/larevistadigital.com.ar\/blog\/wp-content\/uploads\/20230902150359_secuestro-virtual-carlos-paz-vecino-3-millones.jpg?fit=880%2C512&ssl=1&resize=700%2C400 2x"},"classes":[]},{"id":15725,"url":"https:\/\/larevistadigital.com.ar\/blog\/guerra-de-intendentes-audio-echarren-castelli-acuso-a-etchevarren-dolores-de-no-permitir-su-ingreso-a-llevar-leche-a-su-hijo-recien-nacido\/","url_meta":{"origin":30083,"position":4},"title":"GUERRA DE INTENDENTES: [AUDIO] ECHARREN (CASTELLI) ACUS\u00d3 A ETCHEVARREN (DOLORES) DE NO PERMITIR SU INGRESO A LLEVAR LECHE A SU HIJO RECI\u00c9N NACIDO","author":"Alejandro Sosa Ruda","date":"19 junio, 2020","format":false,"excerpt":"Estuvo circulando un audio, del intendente de Castelli, Franc\u00edsco Echarren, donde cuanta una situaci\u00f3n ocurrida d\u00edas atr\u00e1s, cuando seg\u00fan dice se le impidi\u00f3 el ingreso a la ciudad de Dolores, donde tiene internada a su se\u00f1ora que dio a\u00a0 luz a su hijo reci\u00e9n nacido. En su relato, Franc\u00edsco Echarren,\u2026","rel":"","context":"En \u00abCASTELLI\u00bb","block_context":{"text":"CASTELLI","link":"https:\/\/larevistadigital.com.ar\/blog\/category\/castelli\/"},"img":{"alt_text":"","src":"https:\/\/i0.wp.com\/larevistadigital.com.ar\/blog\/wp-content\/uploads\/Bys2D0DQ7_720x0.jpg?fit=720%2C480&ssl=1&resize=350%2C200","width":350,"height":200,"srcset":"https:\/\/i0.wp.com\/larevistadigital.com.ar\/blog\/wp-content\/uploads\/Bys2D0DQ7_720x0.jpg?fit=720%2C480&ssl=1&resize=350%2C200 1x, https:\/\/i0.wp.com\/larevistadigital.com.ar\/blog\/wp-content\/uploads\/Bys2D0DQ7_720x0.jpg?fit=720%2C480&ssl=1&resize=525%2C300 1.5x, https:\/\/i0.wp.com\/larevistadigital.com.ar\/blog\/wp-content\/uploads\/Bys2D0DQ7_720x0.jpg?fit=720%2C480&ssl=1&resize=700%2C400 2x"},"classes":[]},{"id":22465,"url":"https:\/\/larevistadigital.com.ar\/blog\/dolores-un-hombre-murio-atropellado-en-la-ruta-2\/","url_meta":{"origin":30083,"position":5},"title":"DOLORES: UN HOMBRE MURI\u00d3 ATROPELLADO EN LA RUTA 2","author":"Alejandro Sosa Ruda","date":"25 octubre, 2021","format":false,"excerpt":"A\u00fan no se ha podido identificar a la v\u00edctima fatal del accidente. Anoche, se produjo un tr\u00e1gico accidente en el kil\u00f3metro 226 de la Ruta 2 en jurisdicci\u00f3n de la localidad de Dolores. Por cuestiones que se trataban de establecer, un autom\u00f3vil Peugeot 208, atropell\u00f3 a un hombre que caminaba\u2026","rel":"","context":"En \u00abINTERES GENERAL\u00bb","block_context":{"text":"INTERES GENERAL","link":"https:\/\/larevistadigital.com.ar\/blog\/category\/interes-general\/"},"img":{"alt_text":"","src":"https:\/\/i0.wp.com\/larevistadigital.com.ar\/blog\/wp-content\/uploads\/Captura-de-pantalla-2021-10-25-084719.jpg?fit=1200%2C590&ssl=1&resize=350%2C200","width":350,"height":200,"srcset":"https:\/\/i0.wp.com\/larevistadigital.com.ar\/blog\/wp-content\/uploads\/Captura-de-pantalla-2021-10-25-084719.jpg?fit=1200%2C590&ssl=1&resize=350%2C200 1x, https:\/\/i0.wp.com\/larevistadigital.com.ar\/blog\/wp-content\/uploads\/Captura-de-pantalla-2021-10-25-084719.jpg?fit=1200%2C590&ssl=1&resize=525%2C300 1.5x, https:\/\/i0.wp.com\/larevistadigital.com.ar\/blog\/wp-content\/uploads\/Captura-de-pantalla-2021-10-25-084719.jpg?fit=1200%2C590&ssl=1&resize=700%2C400 2x, https:\/\/i0.wp.com\/larevistadigital.com.ar\/blog\/wp-content\/uploads\/Captura-de-pantalla-2021-10-25-084719.jpg?fit=1200%2C590&ssl=1&resize=1050%2C600 3x"},"classes":[]}],"_links":{"self":[{"href":"https:\/\/larevistadigital.com.ar\/blog\/wp-json\/wp\/v2\/posts\/30083","targetHints":{"allow":["GET"]}}],"collection":[{"href":"https:\/\/larevistadigital.com.ar\/blog\/wp-json\/wp\/v2\/posts"}],"about":[{"href":"https:\/\/larevistadigital.com.ar\/blog\/wp-json\/wp\/v2\/types\/post"}],"author":[{"embeddable":true,"href":"https:\/\/larevistadigital.com.ar\/blog\/wp-json\/wp\/v2\/users\/3"}],"replies":[{"embeddable":true,"href":"https:\/\/larevistadigital.com.ar\/blog\/wp-json\/wp\/v2\/comments?post=30083"}],"version-history":[{"count":1,"href":"https:\/\/larevistadigital.com.ar\/blog\/wp-json\/wp\/v2\/posts\/30083\/revisions"}],"predecessor-version":[{"id":30085,"href":"https:\/\/larevistadigital.com.ar\/blog\/wp-json\/wp\/v2\/posts\/30083\/revisions\/30085"}],"wp:featuredmedia":[{"embeddable":true,"href":"https:\/\/larevistadigital.com.ar\/blog\/wp-json\/wp\/v2\/media\/30084"}],"wp:attachment":[{"href":"https:\/\/larevistadigital.com.ar\/blog\/wp-json\/wp\/v2\/media?parent=30083"}],"wp:term":[{"taxonomy":"category","embeddable":true,"href":"https:\/\/larevistadigital.com.ar\/blog\/wp-json\/wp\/v2\/categories?post=30083"},{"taxonomy":"post_tag","embeddable":true,"href":"https:\/\/larevistadigital.com.ar\/blog\/wp-json\/wp\/v2\/tags?post=30083"}],"curies":[{"name":"wp","href":"https:\/\/api.w.org\/{rel}","templated":true}]}}