{"id":30087,"date":"2023-02-09T11:53:49","date_gmt":"2023-02-09T11:53:49","guid":{"rendered":"https:\/\/larevistadigital.com.ar\/blog\/?p=30087"},"modified":"2023-02-09T11:53:49","modified_gmt":"2023-02-09T11:53:49","slug":"esto-paso-un-dia-como-hoy-9-de-febrero","status":"publish","type":"post","link":"https:\/\/larevistadigital.com.ar\/blog\/esto-paso-un-dia-como-hoy-9-de-febrero\/","title":{"rendered":"ESTO PAS\u00d3 UN D\u00cdA COMO HOY, 9 DE FEBRERO&#8230;"},"content":{"rendered":"<p class=\"paragraph\">En un 9 de febrero, pero de 2007, el presidente de Bolivia, Evo Morales, firma el decreto de nacionalizaci\u00f3n del complejo minero metal\u00fargico Vinto, dependiente de la multinacional suiza Glencore.<\/p>\n<p class=\"paragraph\"><strong><span style=\"color: #ff0000\">OTRAS EFEM\u00c9RIDES<\/span><\/strong><\/p>\n<p class=\"paragraph\">1791.- Aparece el primer n\u00famero del \u00abPapel Peri\u00f3dico de la Ciudad de Santa Fe de Bogot\u00e1\u00bb.<\/p>\n<p class=\"paragraph\">1826.- Argentina derrota a Brasil en la batalla naval de los Corales.<\/p>\n<p class=\"paragraph\">1847.- Guerra EEUU-M\u00e9xico. Los estadounidenses desembarcan en Veracruz e inician la marcha sobre la capital mexicana.<\/p>\n<p class=\"paragraph\">1849.- Proclamaci\u00f3n de la Rep\u00fablica Romana, un modelo democr\u00e1tico que dur\u00f3 cinco meses y que supuso la abolici\u00f3n del poder temporal de los Papas.<\/p>\n<p class=\"paragraph\">1861.- Jefferson Davis es elegido presidente de los Estados Confederados de Am\u00e9rica.<\/p>\n<p class=\"paragraph\">1928.- El general nicarag\u00fcense Augusto Cesar Sandino emprende una ofensiva militar contra las tropas estadounidenses y proclama la Rep\u00fablica de Nueva Segovia.<\/p>\n<p class=\"paragraph\">1929.- Ejecutado en M\u00e9xico Jos\u00e9 Le\u00f3n Toral, asesino del presidente electo, \u00c1lvaro Obreg\u00f3n.<\/p>\n<p class=\"paragraph\">1934.- Grecia, Turqu\u00eda, Ruman\u00eda y Yugoslavia firman el Pacto Balc\u00e1nico para garantizar la seguridad en las fronteras.<\/p>\n<p class=\"paragraph\">1936.- Le\u00f3n Cort\u00e9s es elegido presidente de Costa Rica.<\/p>\n<p class=\"paragraph\">1942.- Un incendio destruye el trasatl\u00e1ntico franc\u00e9s \u00abNormandie\u00bb, anclado en el puerto de Nueva York.<\/p>\n<p class=\"paragraph\">1943.- II Guerra Mundial: concluye la batalla de Guadalcanal, con el abandono de la isla por parte de los japoneses.<\/p>\n<p class=\"paragraph\">1946.- La Asamblea General de la ONU condena el r\u00e9gimen de Francisco Franco.<\/p>\n<p class=\"paragraph\">1961.- El grupo musical \u00abThe Beatles\u00bb debuta en un modesto club de jazz llamado \u00abThe Cavern\u00bb en Liverpool (Reino Unido).<\/p>\n<p class=\"paragraph\">1962.- Espa\u00f1a solicita formalmente su adhesi\u00f3n a la Comunidad Econ\u00f3mica Europea (CEE).<\/p>\n<p class=\"paragraph\">1977.- Espa\u00f1a y la URSS establecen relaciones diplom\u00e1ticas plenas.<\/p>\n<p class=\"paragraph\">1991.- Aprobada en plebiscito la independencia de Lituania de la URSS.<\/p>\n<p class=\"paragraph\">1995.- Israel se retira del territorio jordano ocupado desde 1967, en el sur del valle de Araba.<\/p>\n<p class=\"paragraph\">2005.- El primer ministro brit\u00e1nico, Tony Blair, pide perd\u00f3n p\u00fablicamente a los \u00abcuatro de Guildford\u00bb, encarcelados durante quince a\u00f1os por un atentado del IRA que no cometieron.<\/p>\n<p class=\"paragraph\">2014.- Suiza aprueba en refer\u00e9ndum limitar la entrada de emigrantes de la UE a su mercado laboral.<\/p>\n<p class=\"paragraph\">2017.- Un juez peruano dicta orden de captura contra el expresidente Alejandro Toledo (2001-2006) por supuestamente haber cobrado 20 millones de d\u00f3lares en sobornos de la constructora brasile\u00f1a Odebrecht.<\/p>\n<p class=\"paragraph\">2020.- La cinta surcoreana \u00abPar\u00e1sitos\u00bb gana cuatro premios \u00d3scar incluyendo Mejor pel\u00edcula, y se convierte en la primera pel\u00edcula de habla no inglesa en ganar la categor\u00eda principal en la historia de los \u00d3scar.<\/p>\n<p class=\"paragraph\">&#8211; El Sinn F\u00e9in, antiguo brazo pol\u00edtico del ya inactivo IRA, rompe el bipartidismo en Irlanda.<\/p>\n<p class=\"paragraph\">2021.- La sonda emirat\u00ed Hope entra con \u00e9xito en la \u00f3rbita de Marte, convirti\u00e9ndose as\u00ed en la quinta potencia espacial en llegar al planeta rojo.<\/p>\n<p class=\"paragraph\"><strong><span style=\"color: #ff0000\">NACIMIENTOS<\/span><\/strong><\/p>\n<p class=\"paragraph\">1815.- Federico Madrazo, pintor espa\u00f1ol.<\/p>\n<p class=\"paragraph\">1910.- Jacques L. Monod, cient\u00edfico franc\u00e9s, Premio Nobel de Medicina y Fisiolog\u00eda 1965.<\/p>\n<p class=\"paragraph\">1926.- Garret Fitzgerald, pol\u00edtico irland\u00e9s.<\/p>\n<p class=\"paragraph\">1940.- John Michael Coetzee, escritor sudafricano de origen anglo-germano, Premio Nobel de Literatura de 2003.<\/p>\n<p class=\"paragraph\">1943.- Joseph Eugene Stiglitz, economista estadounidense, Premio Nobel de Econom\u00eda en 2001.<\/p>\n<p class=\"paragraph\">1945.- Mia Farrow, actriz estadounidense.<\/p>\n<p class=\"paragraph\">1950.- Javier Mariscal, pintor y dise\u00f1ador espa\u00f1ol.<\/p>\n<p class=\"paragraph\">1957.- Jaco van Dormael, director de cine, belga.<\/p>\n<p class=\"paragraph\"><strong><span style=\"color: #ff0000\">DEFUNCIONES<\/span><\/strong><\/p>\n<p class=\"paragraph\">1881.- Fedor Dostoiewsky, novelista ruso (28 de enero, seg\u00fan el calendario juliano).<\/p>\n<p class=\"paragraph\">1977.- Reina Alia de Jordania, tercera esposa del rey Hussein.<\/p>\n<p class=\"paragraph\">1981.- Bill Haley, compositor estadounidense, uno de los precursores del rock.<\/p>\n<p class=\"paragraph\">1984.- Yuri Andropov, dirigente pol\u00edtico sovi\u00e9tico.<\/p>\n<p class=\"paragraph\">1994.- Howard M. Temin, genetista estadounidense, Premio Nobel de Medicina 1975.<\/p>\n<p class=\"paragraph\">&#8211; Orlando Contreras, cantante cubano.<\/p>\n<p class=\"paragraph\">1995.- William Fulbright, pol\u00edtico estadounidense.<\/p>\n<p class=\"paragraph\">2002.- Princesa Margarita, hermana de la reina Isabel II de Inglaterra.<\/p>\n","protected":false},"excerpt":{"rendered":"<div class=\"mh-excerpt\"><p>En un 9 de febrero, pero de 2007, el presidente de Bolivia, Evo Morales, firma el decreto de nacionalizaci\u00f3n del complejo minero metal\u00fargico Vinto, dependiente de la multinacional suiza Glencore. OTRAS EFEM\u00c9RIDES 1791.- Aparece el <a class=\"mh-excerpt-more\" href=\"https:\/\/larevistadigital.com.ar\/blog\/esto-paso-un-dia-como-hoy-9-de-febrero\/\" title=\"ESTO PAS\u00d3 UN D\u00cdA COMO HOY, 9 DE FEBRERO&#8230;\">[Leer M\u00e1s]<\/a><\/p>\n<\/div>","protected":false},"author":3,"featured_media":16747,"comment_status":"open","ping_status":"open","sticky":false,"template":"","format":"standard","meta":{"_jetpack_memberships_contains_paid_content":false,"footnotes":"","jetpack_publicize_message":"","jetpack_publicize_feature_enabled":true,"jetpack_social_post_already_shared":true,"jetpack_social_options":{"image_generator_settings":{"template":"highway","default_image_id":0,"font":"","enabled":false},"version":2}},"categories":[1],"tags":[],"class_list":{"0":"post-30087","1":"post","2":"type-post","3":"status-publish","4":"format-standard","5":"has-post-thumbnail","7":"category-sin-categoria"},"jetpack_publicize_connections":[],"jetpack_featured_media_url":"https:\/\/i0.wp.com\/larevistadigital.com.ar\/blog\/wp-content\/uploads\/LOGO-EFEMERIDES.jpg?fit=1268%2C664&ssl=1","jetpack_sharing_enabled":true,"jetpack_shortlink":"https:\/\/wp.me\/p8qtrQ-7Ph","jetpack-related-posts":[{"id":35177,"url":"https:\/\/larevistadigital.com.ar\/blog\/pesar-en-chile-y-toda-la-region-se-mato-en-un-accidente-aereo-el-ex-presidente-sebastian-pinera\/","url_meta":{"origin":30087,"position":0},"title":"PESAR EN CHILE Y TODA LA REGI\u00d3N: SE MAT\u00d3 EN UN ACCIDENTE AEREO EL EX PRESIDENTE SEBASTI\u00c1N PI\u00d1ERA","author":"Alejandro Sosa Ruda","date":"6 febrero, 2024","format":false,"excerpt":"Volv\u00eda a su hogar, luego de visitar a un empresario amigo y su helic\u00f3ptero se precipit\u00f3 a un lago. Fue encontrado a 40 metros de profundidad. 6 de febrero de 2023 CHILE -\u00a0 Gran conmoci\u00f3n mundial caus\u00f3 la noticia del fallecimiento del ex presidente chileno Sebasti\u00e1n Pi\u00f1era, luego de sufrir\u2026","rel":"","context":"En \u00abDESTACADAS\u00bb","block_context":{"text":"DESTACADAS","link":"https:\/\/larevistadigital.com.ar\/blog\/category\/destacadas\/"},"img":{"alt_text":"","src":"https:\/\/i0.wp.com\/larevistadigital.com.ar\/blog\/wp-content\/uploads\/sebastian_pinera.jpg?fit=1200%2C675&ssl=1&resize=350%2C200","width":350,"height":200,"srcset":"https:\/\/i0.wp.com\/larevistadigital.com.ar\/blog\/wp-content\/uploads\/sebastian_pinera.jpg?fit=1200%2C675&ssl=1&resize=350%2C200 1x, https:\/\/i0.wp.com\/larevistadigital.com.ar\/blog\/wp-content\/uploads\/sebastian_pinera.jpg?fit=1200%2C675&ssl=1&resize=525%2C300 1.5x, https:\/\/i0.wp.com\/larevistadigital.com.ar\/blog\/wp-content\/uploads\/sebastian_pinera.jpg?fit=1200%2C675&ssl=1&resize=700%2C400 2x, https:\/\/i0.wp.com\/larevistadigital.com.ar\/blog\/wp-content\/uploads\/sebastian_pinera.jpg?fit=1200%2C675&ssl=1&resize=1050%2C600 3x"},"classes":[]},{"id":35269,"url":"https:\/\/larevistadigital.com.ar\/blog\/banco-provincia-promociones-y-descuentos-para-la-vuelta-a-clases\/","url_meta":{"origin":30087,"position":1},"title":"BANCO PROVINCIA: PROMOCIONES Y DESCUENTOS PARA LA VUELTA A CLASES","author":"Alejandro Sosa Ruda","date":"16 febrero, 2024","format":false,"excerpt":"Hay beneficios para compras con tarjetas y tambi\u00e9n a trav\u00e9s de Cuenta DNI. Todos los detalles. 16 de febrero de 2024 BUENOS AIRES -\u00a0 \u00a0A pocos d\u00edas del inicio del ciclo lectivo 2024, el Banco Provincia\u00a0lanz\u00f3 una serie de promociones para realizar las compras escolares. Se trata de descuentos en\u00a0librer\u00edas,\u2026","rel":"","context":"En \u00abDESTACADAS\u00bb","block_context":{"text":"DESTACADAS","link":"https:\/\/larevistadigital.com.ar\/blog\/category\/destacadas\/"},"img":{"alt_text":"","src":"https:\/\/i0.wp.com\/larevistadigital.com.ar\/blog\/wp-content\/uploads\/Cuenta-DNI.jpg?fit=1140%2C761&ssl=1&resize=350%2C200","width":350,"height":200,"srcset":"https:\/\/i0.wp.com\/larevistadigital.com.ar\/blog\/wp-content\/uploads\/Cuenta-DNI.jpg?fit=1140%2C761&ssl=1&resize=350%2C200 1x, https:\/\/i0.wp.com\/larevistadigital.com.ar\/blog\/wp-content\/uploads\/Cuenta-DNI.jpg?fit=1140%2C761&ssl=1&resize=525%2C300 1.5x, https:\/\/i0.wp.com\/larevistadigital.com.ar\/blog\/wp-content\/uploads\/Cuenta-DNI.jpg?fit=1140%2C761&ssl=1&resize=700%2C400 2x, https:\/\/i0.wp.com\/larevistadigital.com.ar\/blog\/wp-content\/uploads\/Cuenta-DNI.jpg?fit=1140%2C761&ssl=1&resize=1050%2C600 3x"},"classes":[]},{"id":30141,"url":"https:\/\/larevistadigital.com.ar\/blog\/esto-paso-un-dia-como-hoy-14-de-febrero\/","url_meta":{"origin":30087,"position":2},"title":"ESTO PAS\u00d3 UN D\u00cdA COMO HOY, 14 DE FEBRERO","author":"Alejandro Sosa Ruda","date":"14 febrero, 2023","format":false,"excerpt":"En un 14 de febrero, pero de 1950, Mao Zedong y I\u00f3sif Stalin firman en Mosc\u00fa (URSS) el Tratado de Amistad y Asistencia Mutua Chino-sovi\u00e9tico. Otras Efem\u00e9rides: 1503.- Una Real C\u00e9dula de Isabel la Cat\u00f3lica designa los oficiales reales que dirigir\u00e1n la Casa de Contrataci\u00f3n de Indias, creada para fomentar\u2026","rel":"","context":"En \u00abCULTURA\u00bb","block_context":{"text":"CULTURA","link":"https:\/\/larevistadigital.com.ar\/blog\/category\/cultura\/"},"img":{"alt_text":"","src":"https:\/\/i0.wp.com\/larevistadigital.com.ar\/blog\/wp-content\/uploads\/LOGO-EFEMERIDES.jpg?fit=1200%2C628&ssl=1&resize=350%2C200","width":350,"height":200,"srcset":"https:\/\/i0.wp.com\/larevistadigital.com.ar\/blog\/wp-content\/uploads\/LOGO-EFEMERIDES.jpg?fit=1200%2C628&ssl=1&resize=350%2C200 1x, https:\/\/i0.wp.com\/larevistadigital.com.ar\/blog\/wp-content\/uploads\/LOGO-EFEMERIDES.jpg?fit=1200%2C628&ssl=1&resize=525%2C300 1.5x, https:\/\/i0.wp.com\/larevistadigital.com.ar\/blog\/wp-content\/uploads\/LOGO-EFEMERIDES.jpg?fit=1200%2C628&ssl=1&resize=700%2C400 2x, https:\/\/i0.wp.com\/larevistadigital.com.ar\/blog\/wp-content\/uploads\/LOGO-EFEMERIDES.jpg?fit=1200%2C628&ssl=1&resize=1050%2C600 3x"},"classes":[]},{"id":4640,"url":"https:\/\/larevistadigital.com.ar\/blog\/chascomus-presidente-del-concejo-osvaldo-casalins-hablo-del-impacto-impositivo-los-vecinos\/","url_meta":{"origin":30087,"position":3},"title":"CHASCOM\u00daS: EL PRESIDENTE DEL CONCEJO, OSVALDO CASALINS HABL\u00d3 DEL IMPACTO IMPOSITIVO PARA LOS VECINOS","author":"Alejandro Sosa Ruda","date":"27 enero, 2018","format":false,"excerpt":"\u00a0 Respecto de la reuni\u00f3n mantenida el mi\u00e9rcoles de la \u201cMesa de Agroqu\u00edmicos\u201d, en la que participan los distintos bloques, el departamento ejecutivo, la asamblea \u201cParen de fumigarnos\u201d adem\u00e1s de las instituciones que han deseado sumarse, que son alrededor de doce. En esa reuni\u00f3n se estuvo analizando el proyecto que\u2026","rel":"","context":"En \u00abCHASCOM\u00daS\u00bb","block_context":{"text":"CHASCOM\u00daS","link":"https:\/\/larevistadigital.com.ar\/blog\/category\/chascomus\/"},"img":{"alt_text":"","src":"https:\/\/i0.wp.com\/larevistadigital.com.ar\/blog\/wp-content\/uploads\/2018\/01\/osvaldo_20dediciembrede2016_elfuerte.jpg?fit=751%2C649&ssl=1&resize=350%2C200","width":350,"height":200,"srcset":"https:\/\/i0.wp.com\/larevistadigital.com.ar\/blog\/wp-content\/uploads\/2018\/01\/osvaldo_20dediciembrede2016_elfuerte.jpg?fit=751%2C649&ssl=1&resize=350%2C200 1x, https:\/\/i0.wp.com\/larevistadigital.com.ar\/blog\/wp-content\/uploads\/2018\/01\/osvaldo_20dediciembrede2016_elfuerte.jpg?fit=751%2C649&ssl=1&resize=525%2C300 1.5x, https:\/\/i0.wp.com\/larevistadigital.com.ar\/blog\/wp-content\/uploads\/2018\/01\/osvaldo_20dediciembrede2016_elfuerte.jpg?fit=751%2C649&ssl=1&resize=700%2C400 2x"},"classes":[]},{"id":4483,"url":"https:\/\/larevistadigital.com.ar\/blog\/4483-2\/","url_meta":{"origin":30087,"position":4},"title":"CHASCOM\u00daS: LUCIO ALFONS\u00cdN HABL\u00d3 DE LAS ESCUELAS ABIERTAS DE VERANO","author":"Alejandro Sosa Ruda","date":"11 enero, 2018","format":false,"excerpt":"El Presidente del Concejo Escolar Lucio Alfons\u00edn, dialog\u00f3 con la FM \u201cLa Radio\u201d 101.5 durante el programa AM Show acerca del comienzo de las \u201cescuelas abiertas de verano\u201d y los alcances de las mismas. Coment\u00f3 que est\u00e1n funcionando desde el d\u00eda 2 de enero, mientras que se inauguraron el 9\u2026","rel":"","context":"En \u00abCHASCOM\u00daS\u00bb","block_context":{"text":"CHASCOM\u00daS","link":"https:\/\/larevistadigital.com.ar\/blog\/category\/chascomus\/"},"img":{"alt_text":"","src":"https:\/\/i0.wp.com\/larevistadigital.com.ar\/blog\/wp-content\/uploads\/2018\/01\/DTGnIp9XcAEofAc.jpg?fit=1200%2C900&ssl=1&resize=350%2C200","width":350,"height":200,"srcset":"https:\/\/i0.wp.com\/larevistadigital.com.ar\/blog\/wp-content\/uploads\/2018\/01\/DTGnIp9XcAEofAc.jpg?fit=1200%2C900&ssl=1&resize=350%2C200 1x, https:\/\/i0.wp.com\/larevistadigital.com.ar\/blog\/wp-content\/uploads\/2018\/01\/DTGnIp9XcAEofAc.jpg?fit=1200%2C900&ssl=1&resize=525%2C300 1.5x, https:\/\/i0.wp.com\/larevistadigital.com.ar\/blog\/wp-content\/uploads\/2018\/01\/DTGnIp9XcAEofAc.jpg?fit=1200%2C900&ssl=1&resize=700%2C400 2x, https:\/\/i0.wp.com\/larevistadigital.com.ar\/blog\/wp-content\/uploads\/2018\/01\/DTGnIp9XcAEofAc.jpg?fit=1200%2C900&ssl=1&resize=1050%2C600 3x"},"classes":[]},{"id":860,"url":"https:\/\/larevistadigital.com.ar\/blog\/interpelaran-a-de-jesus\/","url_meta":{"origin":30087,"position":5},"title":"\u00bfInterpelar\u00e1n a De Jes\u00fas?","author":"Alejandro Sosa Ruda","date":"9 marzo, 2017","format":false,"excerpt":"Luego de intentar sin \u00e9xito interpelar al Intendente del Partido de la Costa, Juan Pablo de Jes\u00fas en el mes de febrero pr\u00f3ximo pasado, los concejales opositores procurar\u00e1n conseguir este jueves que la deseada interpelaci\u00f3n se concrete. Lo que se le est\u00e1 exigiendo al Intendente, es entre otras cosas que\u2026","rel":"","context":"En \u00abPOLITICA\u00bb","block_context":{"text":"POLITICA","link":"https:\/\/larevistadigital.com.ar\/blog\/category\/politica\/"},"img":{"alt_text":"","src":"https:\/\/i0.wp.com\/larevistadigital.com.ar\/blog\/wp-content\/uploads\/2017\/03\/maxresdefault.jpg?fit=1200%2C675&ssl=1&resize=350%2C200","width":350,"height":200,"srcset":"https:\/\/i0.wp.com\/larevistadigital.com.ar\/blog\/wp-content\/uploads\/2017\/03\/maxresdefault.jpg?fit=1200%2C675&ssl=1&resize=350%2C200 1x, https:\/\/i0.wp.com\/larevistadigital.com.ar\/blog\/wp-content\/uploads\/2017\/03\/maxresdefault.jpg?fit=1200%2C675&ssl=1&resize=525%2C300 1.5x, https:\/\/i0.wp.com\/larevistadigital.com.ar\/blog\/wp-content\/uploads\/2017\/03\/maxresdefault.jpg?fit=1200%2C675&ssl=1&resize=700%2C400 2x, https:\/\/i0.wp.com\/larevistadigital.com.ar\/blog\/wp-content\/uploads\/2017\/03\/maxresdefault.jpg?fit=1200%2C675&ssl=1&resize=1050%2C600 3x"},"classes":[]}],"_links":{"self":[{"href":"https:\/\/larevistadigital.com.ar\/blog\/wp-json\/wp\/v2\/posts\/30087","targetHints":{"allow":["GET"]}}],"collection":[{"href":"https:\/\/larevistadigital.com.ar\/blog\/wp-json\/wp\/v2\/posts"}],"about":[{"href":"https:\/\/larevistadigital.com.ar\/blog\/wp-json\/wp\/v2\/types\/post"}],"author":[{"embeddable":true,"href":"https:\/\/larevistadigital.com.ar\/blog\/wp-json\/wp\/v2\/users\/3"}],"replies":[{"embeddable":true,"href":"https:\/\/larevistadigital.com.ar\/blog\/wp-json\/wp\/v2\/comments?post=30087"}],"version-history":[{"count":1,"href":"https:\/\/larevistadigital.com.ar\/blog\/wp-json\/wp\/v2\/posts\/30087\/revisions"}],"predecessor-version":[{"id":30088,"href":"https:\/\/larevistadigital.com.ar\/blog\/wp-json\/wp\/v2\/posts\/30087\/revisions\/30088"}],"wp:featuredmedia":[{"embeddable":true,"href":"https:\/\/larevistadigital.com.ar\/blog\/wp-json\/wp\/v2\/media\/16747"}],"wp:attachment":[{"href":"https:\/\/larevistadigital.com.ar\/blog\/wp-json\/wp\/v2\/media?parent=30087"}],"wp:term":[{"taxonomy":"category","embeddable":true,"href":"https:\/\/larevistadigital.com.ar\/blog\/wp-json\/wp\/v2\/categories?post=30087"},{"taxonomy":"post_tag","embeddable":true,"href":"https:\/\/larevistadigital.com.ar\/blog\/wp-json\/wp\/v2\/tags?post=30087"}],"curies":[{"name":"wp","href":"https:\/\/api.w.org\/{rel}","templated":true}]}}