{"id":30092,"date":"2023-02-10T13:22:32","date_gmt":"2023-02-10T13:22:32","guid":{"rendered":"https:\/\/larevistadigital.com.ar\/blog\/?p=30092"},"modified":"2023-02-10T13:22:32","modified_gmt":"2023-02-10T13:22:32","slug":"esto-paso-un-dia-como-hoy-10-de-febrero","status":"publish","type":"post","link":"https:\/\/larevistadigital.com.ar\/blog\/esto-paso-un-dia-como-hoy-10-de-febrero\/","title":{"rendered":"ESTO PAS\u00d3 UN D\u00cdA COMO HOY, 10 DE FEBRERO&#8230;"},"content":{"rendered":"<p class=\"paragraph\">En otro 10 de febrero, pero de 1926, el hidroavi\u00f3n \u00abPlus Ultra\u00bb, que hab\u00eda partido de Palos de la Frontera (Huelva, en suroeste de Espa\u00f1a), llega a Buenos Aires, en lo que fue la primera traves\u00eda del Atl\u00e1ntico en sentido este-oeste.<\/p>\n<p class=\"paragraph\"><strong><span style=\"color: #ff0000\">OTRAS EFEM\u00c9RIDES<\/span><\/strong><\/p>\n<p class=\"paragraph\">1519.- El militar espa\u00f1ol Hern\u00e1n Cort\u00e9s parte hacia la conquista de M\u00e9xico.<\/p>\n<p class=\"paragraph\">1763.- Firma del Tratado de Par\u00eds, que pone fin a la guerra de los Siete A\u00f1os, y por el que Francia y Espa\u00f1a sufrieron p\u00e9rdidas territoriales coloniales a favor de Inglaterra.<\/p>\n<p class=\"paragraph\">1805.- El rey Carlos IV firma una Real C\u00e9dula por la que se proh\u00edbe la celebraci\u00f3n de las corridas de toros en Espa\u00f1a.<\/p>\n<p class=\"paragraph\">1878.- La Paz de Zanj\u00f3n pone fin a la primera fase de la guerra entre Espa\u00f1a y Cuba tras diez a\u00f1os de lucha.<\/p>\n<p class=\"paragraph\">1906.- Botadura en Gran Breta\u00f1a del \u00abDreadnought\u00bb, el primer acorazado a vapor y el m\u00e1s r\u00e1pido de su \u00e9poca.<\/p>\n<p class=\"paragraph\">1943.- Mahatma Gandhi inicia una huelga de hambre contra su detenci\u00f3n, que se prolong\u00f3 durante 21 d\u00edas.<\/p>\n<p class=\"paragraph\">1947.- Firma en Par\u00eds de los tratados de paz que pusieron fin a la II Guerra Mundial.<\/p>\n<p class=\"paragraph\">1985.- El l\u00edder del movimiento negro sudafricano Nelson Mandela, encarcelado desde 1962, renuncia a la libertad que le ofrece el Gobierno si abandona la lucha armada.<\/p>\n<p class=\"paragraph\">1994.- Brasil, Portugal y cinco naciones africanas constituyen en Brasilia la Comunidad de Lengua Portuguesa.<\/p>\n<p class=\"paragraph\">1996.- El ordenador de \u00faltima generaci\u00f3n de IBM \u00abDeep Blue\u00bb derrota al campe\u00f3n mundial de Ajedrez, el ruso Gari Kasp\u00e1rov, en la primera de las seis partidas del encuentro disputado en el Centro de Convenciones de Filadelfia.<\/p>\n<p class=\"paragraph\">2005.- Corea del Norte reconoce, por primera vez, que cuenta con armas nucleares.<\/p>\n<p class=\"paragraph\">2006.- Egipto muestra al mundo la primera tumba de la \u00e9poca fara\u00f3nica hallada intacta desde 1922, fecha del descubrimiento de la de Tutankam\u00f3n.<\/p>\n<p class=\"paragraph\">2010.- La justicia uruguaya condena a treinta a\u00f1os del prisi\u00f3n al exdictador uruguayo Juan Mar\u00eda Bordaberry por el golpe de Estado de 1973 y por nueve delitos de desaparici\u00f3n forzada y dos de homicidio especialmente agravados.<\/p>\n<p class=\"paragraph\">2011.- Ray Allen entra en la historia de la NBA, al superar a Reggie Miller como el jugador con mas triples de la liga de baloncesto americana.<\/p>\n<p class=\"paragraph\">2017.- Per\u00fa ofrece una fuerte recompensa por la captura del expresidente Alejandro Toledo (2001-2006), acusado de lavado de activos y tr\u00e1fico de influencias por recibir supuestamente 20 millones de d\u00f3lares en sobornos de la constructora brasile\u00f1a Odebrecht.<\/p>\n<p class=\"paragraph\">2018.- El pol\u00edtico norirland\u00e9s Gerry Adams abandona de forma oficial la presidencia del Sinn F\u00e9in tras m\u00e1s de 34 a\u00f1os en el cargo.<\/p>\n<p class=\"paragraph\"><strong><span style=\"color: #ff0000\">NACIMIENTOS<\/span><\/strong><\/p>\n<p class=\"paragraph\">1890.- Boris Pasternak, novelista ruso.<\/p>\n<p class=\"paragraph\">1894.- Harold McMillan, exprimer ministro brit\u00e1nico.<\/p>\n<p class=\"paragraph\">1898.- Berthold Brecht, dramaturgo y poeta alem\u00e1n.<\/p>\n<p class=\"paragraph\">1922.- Arpad Goncz, pol\u00edtico h\u00fangaro.<\/p>\n<p class=\"paragraph\">1930.- Robert Wagner, actor estadounidense.<\/p>\n<p class=\"paragraph\">1950.- Mark Spitz, nadador estadounidense, campe\u00f3n ol\u00edmpico.<\/p>\n<p class=\"paragraph\"><strong><span style=\"color: #ff0000\">DEFUNCIONES<\/span><\/strong><\/p>\n<p class=\"paragraph\">1755.- Charles-Louis de Secondat, bar\u00f3n de Montesquieu, escritor pol\u00edtico franc\u00e9s.<\/p>\n<p class=\"paragraph\">1923.- Wilhelm Roentgen, f\u00edsico alem\u00e1n, descubridor de los rayos X.<\/p>\n<p class=\"paragraph\">1939.- P\u00edo XI, papa.<\/p>\n<p class=\"paragraph\">2005.- Arthur Miller, dramaturgo estadounidense.<\/p>\n<p class=\"paragraph\">2014.- Shirley Temple, actriz estadounidense.<\/p>\n","protected":false},"excerpt":{"rendered":"<div class=\"mh-excerpt\"><p>En otro 10 de febrero, pero de 1926, el hidroavi\u00f3n \u00abPlus Ultra\u00bb, que hab\u00eda partido de Palos de la Frontera (Huelva, en suroeste de Espa\u00f1a), llega a Buenos Aires, en lo que fue la primera <a class=\"mh-excerpt-more\" href=\"https:\/\/larevistadigital.com.ar\/blog\/esto-paso-un-dia-como-hoy-10-de-febrero\/\" title=\"ESTO PAS\u00d3 UN D\u00cdA COMO HOY, 10 DE FEBRERO&#8230;\">[Leer M\u00e1s]<\/a><\/p>\n<\/div>","protected":false},"author":3,"featured_media":16747,"comment_status":"open","ping_status":"open","sticky":false,"template":"","format":"standard","meta":{"_jetpack_memberships_contains_paid_content":false,"footnotes":"","jetpack_publicize_message":"","jetpack_publicize_feature_enabled":true,"jetpack_social_post_already_shared":true,"jetpack_social_options":{"image_generator_settings":{"template":"highway","default_image_id":0,"font":"","enabled":false},"version":2}},"categories":[15],"tags":[],"class_list":{"0":"post-30092","1":"post","2":"type-post","3":"status-publish","4":"format-standard","5":"has-post-thumbnail","7":"category-cultura"},"jetpack_publicize_connections":[],"jetpack_featured_media_url":"https:\/\/i0.wp.com\/larevistadigital.com.ar\/blog\/wp-content\/uploads\/LOGO-EFEMERIDES.jpg?fit=1268%2C664&ssl=1","jetpack_sharing_enabled":true,"jetpack_shortlink":"https:\/\/wp.me\/p8qtrQ-7Pm","jetpack-related-posts":[{"id":30133,"url":"https:\/\/larevistadigital.com.ar\/blog\/esto-paso-un-dia-como-hoy-13-de-febrero\/","url_meta":{"origin":30092,"position":0},"title":"ESTO PAS\u00d3 UN D\u00cdA COMO HOY, 13 DE FEBRERO","author":"Alejandro Sosa Ruda","date":"13 febrero, 2023","format":false,"excerpt":"En un 13 de febrero, pero de 1917, Margaretha Geertruida Zelle, m\u00e1s conocida como Mata-Hari, es detenida en un hotel de Par\u00eds por el servicio de espionaje franc\u00e9s acusada de traici\u00f3n. La famosa bailarina, actriz y esp\u00eda neerlandesa era fusilada en el bosque Vincennes de la capital francesa el 15\u2026","rel":"","context":"En \u00abCULTURA\u00bb","block_context":{"text":"CULTURA","link":"https:\/\/larevistadigital.com.ar\/blog\/category\/cultura\/"},"img":{"alt_text":"","src":"https:\/\/i0.wp.com\/larevistadigital.com.ar\/blog\/wp-content\/uploads\/LOGO-EFEMERIDES.jpg?fit=1200%2C628&ssl=1&resize=350%2C200","width":350,"height":200,"srcset":"https:\/\/i0.wp.com\/larevistadigital.com.ar\/blog\/wp-content\/uploads\/LOGO-EFEMERIDES.jpg?fit=1200%2C628&ssl=1&resize=350%2C200 1x, https:\/\/i0.wp.com\/larevistadigital.com.ar\/blog\/wp-content\/uploads\/LOGO-EFEMERIDES.jpg?fit=1200%2C628&ssl=1&resize=525%2C300 1.5x, https:\/\/i0.wp.com\/larevistadigital.com.ar\/blog\/wp-content\/uploads\/LOGO-EFEMERIDES.jpg?fit=1200%2C628&ssl=1&resize=700%2C400 2x, https:\/\/i0.wp.com\/larevistadigital.com.ar\/blog\/wp-content\/uploads\/LOGO-EFEMERIDES.jpg?fit=1200%2C628&ssl=1&resize=1050%2C600 3x"},"classes":[]},{"id":30087,"url":"https:\/\/larevistadigital.com.ar\/blog\/esto-paso-un-dia-como-hoy-9-de-febrero\/","url_meta":{"origin":30092,"position":1},"title":"ESTO PAS\u00d3 UN D\u00cdA COMO HOY, 9 DE FEBRERO&#8230;","author":"Alejandro Sosa Ruda","date":"9 febrero, 2023","format":false,"excerpt":"En un 9 de febrero, pero de 2007, el presidente de Bolivia, Evo Morales, firma el decreto de nacionalizaci\u00f3n del complejo minero metal\u00fargico Vinto, dependiente de la multinacional suiza Glencore. OTRAS EFEM\u00c9RIDES 1791.- Aparece el primer n\u00famero del \"Papel Peri\u00f3dico de la Ciudad de Santa Fe de Bogot\u00e1\". 1826.- Argentina\u2026","rel":"","context":"En \u00abSin categor\u00eda\u00bb","block_context":{"text":"Sin categor\u00eda","link":"https:\/\/larevistadigital.com.ar\/blog\/category\/sin-categoria\/"},"img":{"alt_text":"","src":"https:\/\/i0.wp.com\/larevistadigital.com.ar\/blog\/wp-content\/uploads\/LOGO-EFEMERIDES.jpg?fit=1200%2C628&ssl=1&resize=350%2C200","width":350,"height":200,"srcset":"https:\/\/i0.wp.com\/larevistadigital.com.ar\/blog\/wp-content\/uploads\/LOGO-EFEMERIDES.jpg?fit=1200%2C628&ssl=1&resize=350%2C200 1x, https:\/\/i0.wp.com\/larevistadigital.com.ar\/blog\/wp-content\/uploads\/LOGO-EFEMERIDES.jpg?fit=1200%2C628&ssl=1&resize=525%2C300 1.5x, https:\/\/i0.wp.com\/larevistadigital.com.ar\/blog\/wp-content\/uploads\/LOGO-EFEMERIDES.jpg?fit=1200%2C628&ssl=1&resize=700%2C400 2x, https:\/\/i0.wp.com\/larevistadigital.com.ar\/blog\/wp-content\/uploads\/LOGO-EFEMERIDES.jpg?fit=1200%2C628&ssl=1&resize=1050%2C600 3x"},"classes":[]},{"id":30151,"url":"https:\/\/larevistadigital.com.ar\/blog\/esto-paso-un-dia-como-hoy-15-de-febrero\/","url_meta":{"origin":30092,"position":2},"title":"ESTO PAS\u00d3 UN D\u00cdA COMO HOY, 15 DE FEBRERO&#8230;","author":"Alejandro Sosa Ruda","date":"15 febrero, 2023","format":false,"excerpt":"En un 15 de febrero, pero de 2003, millones de personas se manifiestan en todo el mundo contra la invasi\u00f3n de Irak por Estados Unidos. OTRAS EFEM\u00c9RIDES 1763.- Prusia, Austria y Sajonia firman el Tratado de Hubertsburg, que pone fin a la Guerra de los Siete A\u00f1os. 1806.- El Imperio\u2026","rel":"","context":"En \u00abCULTURA\u00bb","block_context":{"text":"CULTURA","link":"https:\/\/larevistadigital.com.ar\/blog\/category\/cultura\/"},"img":{"alt_text":"","src":"https:\/\/i0.wp.com\/larevistadigital.com.ar\/blog\/wp-content\/uploads\/LOGO-EFEMERIDES.jpg?fit=1200%2C628&ssl=1&resize=350%2C200","width":350,"height":200,"srcset":"https:\/\/i0.wp.com\/larevistadigital.com.ar\/blog\/wp-content\/uploads\/LOGO-EFEMERIDES.jpg?fit=1200%2C628&ssl=1&resize=350%2C200 1x, https:\/\/i0.wp.com\/larevistadigital.com.ar\/blog\/wp-content\/uploads\/LOGO-EFEMERIDES.jpg?fit=1200%2C628&ssl=1&resize=525%2C300 1.5x, https:\/\/i0.wp.com\/larevistadigital.com.ar\/blog\/wp-content\/uploads\/LOGO-EFEMERIDES.jpg?fit=1200%2C628&ssl=1&resize=700%2C400 2x, https:\/\/i0.wp.com\/larevistadigital.com.ar\/blog\/wp-content\/uploads\/LOGO-EFEMERIDES.jpg?fit=1200%2C628&ssl=1&resize=1050%2C600 3x"},"classes":[]},{"id":29918,"url":"https:\/\/larevistadigital.com.ar\/blog\/esto-paso-un-dia-como-hoy-2-de-febrero\/","url_meta":{"origin":30092,"position":3},"title":"ESTO PAS\u00d3 UN D\u00cdA COMO HOY, 2 DE FEBRERO&#8230;","author":"Alejandro Sosa Ruda","date":"2 febrero, 2023","format":false,"excerpt":"En un 2 de febrero, pero de 1848, firma del Tratado de Guadalupe Hidalgo, que pone fin a la guerra entre EE UU y M\u00e9xico. Este \u00faltimo cede a EE UU California, Arizona, Texas y Nuevo M\u00e9xico. Otras Efem\u00e9rides: 1536.- Pedro de Mendoza funda en la costa del Plata el\u2026","rel":"","context":"En \u00abCULTURA\u00bb","block_context":{"text":"CULTURA","link":"https:\/\/larevistadigital.com.ar\/blog\/category\/cultura\/"},"img":{"alt_text":"","src":"https:\/\/i0.wp.com\/larevistadigital.com.ar\/blog\/wp-content\/uploads\/LOGO-EFEMERIDES.jpg?fit=1200%2C628&ssl=1&resize=350%2C200","width":350,"height":200,"srcset":"https:\/\/i0.wp.com\/larevistadigital.com.ar\/blog\/wp-content\/uploads\/LOGO-EFEMERIDES.jpg?fit=1200%2C628&ssl=1&resize=350%2C200 1x, https:\/\/i0.wp.com\/larevistadigital.com.ar\/blog\/wp-content\/uploads\/LOGO-EFEMERIDES.jpg?fit=1200%2C628&ssl=1&resize=525%2C300 1.5x, https:\/\/i0.wp.com\/larevistadigital.com.ar\/blog\/wp-content\/uploads\/LOGO-EFEMERIDES.jpg?fit=1200%2C628&ssl=1&resize=700%2C400 2x, https:\/\/i0.wp.com\/larevistadigital.com.ar\/blog\/wp-content\/uploads\/LOGO-EFEMERIDES.jpg?fit=1200%2C628&ssl=1&resize=1050%2C600 3x"},"classes":[]},{"id":28080,"url":"https:\/\/larevistadigital.com.ar\/blog\/esto-paso-un-dia-como-hoy-27-de-septiembre\/","url_meta":{"origin":30092,"position":4},"title":"ESTO PAS\u00d3 UN D\u00cdA COMO HOY, 27 DE SEPTIEMBRE&#8230;","author":"Alejandro Sosa Ruda","date":"27 septiembre, 2022","format":false,"excerpt":"1545.- C\u00e9dula de Carlos I de Espa\u00f1a que concede el t\u00edtulo de \"Leal Ciudad de San Salvador\" a la capital de la Rep\u00fablica de El Salvador. 1822.- Firma de un tratado entre Guatemala y M\u00e9xico, por el que se fijan definitivamente las fronteras entre ambos pa\u00edses. 1940.- Firma del acuerdo\u2026","rel":"","context":"En \u00abCULTURA\u00bb","block_context":{"text":"CULTURA","link":"https:\/\/larevistadigital.com.ar\/blog\/category\/cultura\/"},"img":{"alt_text":"","src":"https:\/\/i0.wp.com\/larevistadigital.com.ar\/blog\/wp-content\/uploads\/LOGO-EFEMERIDES.jpg?fit=1200%2C628&ssl=1&resize=350%2C200","width":350,"height":200,"srcset":"https:\/\/i0.wp.com\/larevistadigital.com.ar\/blog\/wp-content\/uploads\/LOGO-EFEMERIDES.jpg?fit=1200%2C628&ssl=1&resize=350%2C200 1x, https:\/\/i0.wp.com\/larevistadigital.com.ar\/blog\/wp-content\/uploads\/LOGO-EFEMERIDES.jpg?fit=1200%2C628&ssl=1&resize=525%2C300 1.5x, https:\/\/i0.wp.com\/larevistadigital.com.ar\/blog\/wp-content\/uploads\/LOGO-EFEMERIDES.jpg?fit=1200%2C628&ssl=1&resize=700%2C400 2x, https:\/\/i0.wp.com\/larevistadigital.com.ar\/blog\/wp-content\/uploads\/LOGO-EFEMERIDES.jpg?fit=1200%2C628&ssl=1&resize=1050%2C600 3x"},"classes":[]},{"id":31584,"url":"https:\/\/larevistadigital.com.ar\/blog\/esto-paso-un-dia-como-hoy-16-de-mayo\/","url_meta":{"origin":30092,"position":5},"title":"ESTO PAS\u00d3 UN D\u00cdA COMO HOY, 16 DE MAYO","author":"Alejandro Sosa Ruda","date":"16 mayo, 2023","format":false,"excerpt":"El 16 de mayo de 1825, Sim\u00f3n Bol\u00edvar crea una nueva rep\u00fablica, que se llam\u00f3 Bolivia, para zanjar las encontradas aspiraciones territoriales entre Argentina y Per\u00fa. OTRAS EFEM\u00c9RIDES: 1509.- Zarpa del puerto de Cartagena (Espa\u00f1a) la escuadra que, al mando del cardenal Cisneros, habr\u00eda de conquistar Or\u00e1n (actual Argelia). 1703.-\u2026","rel":"","context":"En \u00abCULTURA\u00bb","block_context":{"text":"CULTURA","link":"https:\/\/larevistadigital.com.ar\/blog\/category\/cultura\/"},"img":{"alt_text":"","src":"https:\/\/i0.wp.com\/larevistadigital.com.ar\/blog\/wp-content\/uploads\/LOGO-EFEMERIDES.jpg?fit=1200%2C628&ssl=1&resize=350%2C200","width":350,"height":200,"srcset":"https:\/\/i0.wp.com\/larevistadigital.com.ar\/blog\/wp-content\/uploads\/LOGO-EFEMERIDES.jpg?fit=1200%2C628&ssl=1&resize=350%2C200 1x, https:\/\/i0.wp.com\/larevistadigital.com.ar\/blog\/wp-content\/uploads\/LOGO-EFEMERIDES.jpg?fit=1200%2C628&ssl=1&resize=525%2C300 1.5x, https:\/\/i0.wp.com\/larevistadigital.com.ar\/blog\/wp-content\/uploads\/LOGO-EFEMERIDES.jpg?fit=1200%2C628&ssl=1&resize=700%2C400 2x, https:\/\/i0.wp.com\/larevistadigital.com.ar\/blog\/wp-content\/uploads\/LOGO-EFEMERIDES.jpg?fit=1200%2C628&ssl=1&resize=1050%2C600 3x"},"classes":[]}],"_links":{"self":[{"href":"https:\/\/larevistadigital.com.ar\/blog\/wp-json\/wp\/v2\/posts\/30092","targetHints":{"allow":["GET"]}}],"collection":[{"href":"https:\/\/larevistadigital.com.ar\/blog\/wp-json\/wp\/v2\/posts"}],"about":[{"href":"https:\/\/larevistadigital.com.ar\/blog\/wp-json\/wp\/v2\/types\/post"}],"author":[{"embeddable":true,"href":"https:\/\/larevistadigital.com.ar\/blog\/wp-json\/wp\/v2\/users\/3"}],"replies":[{"embeddable":true,"href":"https:\/\/larevistadigital.com.ar\/blog\/wp-json\/wp\/v2\/comments?post=30092"}],"version-history":[{"count":1,"href":"https:\/\/larevistadigital.com.ar\/blog\/wp-json\/wp\/v2\/posts\/30092\/revisions"}],"predecessor-version":[{"id":30093,"href":"https:\/\/larevistadigital.com.ar\/blog\/wp-json\/wp\/v2\/posts\/30092\/revisions\/30093"}],"wp:featuredmedia":[{"embeddable":true,"href":"https:\/\/larevistadigital.com.ar\/blog\/wp-json\/wp\/v2\/media\/16747"}],"wp:attachment":[{"href":"https:\/\/larevistadigital.com.ar\/blog\/wp-json\/wp\/v2\/media?parent=30092"}],"wp:term":[{"taxonomy":"category","embeddable":true,"href":"https:\/\/larevistadigital.com.ar\/blog\/wp-json\/wp\/v2\/categories?post=30092"},{"taxonomy":"post_tag","embeddable":true,"href":"https:\/\/larevistadigital.com.ar\/blog\/wp-json\/wp\/v2\/tags?post=30092"}],"curies":[{"name":"wp","href":"https:\/\/api.w.org\/{rel}","templated":true}]}}