{"id":30100,"date":"2023-02-10T15:42:51","date_gmt":"2023-02-10T15:42:51","guid":{"rendered":"https:\/\/larevistadigital.com.ar\/blog\/?p=30100"},"modified":"2023-02-10T15:42:51","modified_gmt":"2023-02-10T15:42:51","slug":"villa-gesell-detienen-al-jefe-de-la-barra-de-velez-por-golpear-al-hombre-arana-del-trencito-de-la-alegria","status":"publish","type":"post","link":"https:\/\/larevistadigital.com.ar\/blog\/villa-gesell-detienen-al-jefe-de-la-barra-de-velez-por-golpear-al-hombre-arana-del-trencito-de-la-alegria\/","title":{"rendered":"VILLA GESELL: DETIENEN AL JEFE DE LA BARRA DE VELEZ POR GOLPEAR AL HOMBRE ARA\u00d1A DEL TRENCITO DE LA ALEGR\u00cdA"},"content":{"rendered":"<h2 class=\"intro\">Borracho y armado, el barrabrava golpe\u00f3\u00a0a un adolescente de 16 a\u00f1os que divert\u00eda a los nenes disfrazado de Spiderman porque el trencito no avanzaba.<\/h2>\n<p>10 de febrero de 2023<\/p>\n<p>VILLA GESELL &#8211;\u00a0 Parece una historia de ficci\u00f3n, pero Argentina siempre sorprende.\u00a0El reconocido l\u00edder de la hinchada de V\u00e9lez,<strong> Raul Ciminelli<\/strong>, fue detenido por la Polic\u00eda. No fue por su accionar violento en una cancha de f\u00fatbol, o una pelea contra otros barras. No, el capo de la barra de El Fort\u00edn cay\u00f3 por\u00a0agredir\u00a0a un joven de 16 a\u00f1os disfrazado de Hombre Ara\u00f1a en el trencito de la alegr\u00eda\u00a0que realiza recorridos con los chicos en Villa Gesell. Despu\u00e9s, borracho y armado, le peg\u00f3 a un hombre que trataba en estacionar y a un trapito que intent\u00f3 defenderlo.<\/p>\n<blockquote>\n<h3>El incre\u00edble episodio de violencia ocurri\u00f3 cuando el barra circulaba a bordo de una camioneta Dodge Ram por la calle 110 en la esquina con la 4.<strong>\u00a0El barra tuvo que\u00a0detenerse porque delante ten\u00eda a un t\u00edpico trencito de la alegr\u00eda que estaba cargando a los chicos para llevarlos de paseo.<\/strong><\/h3>\n<\/blockquote>\n<p><strong>Ciminelli<\/strong>, de 32 a\u00f1os, le pidi\u00f3 al animador, un adolescente de 16 a\u00f1os vestido de Hombre Ara\u00f1a llamado <strong>Ger\u00f3nimo<\/strong>, que se apure con los nenes o corra el trencito para que \u00e9l pudiera seguir su camino.\u00a0<strong>El joven le explic\u00f3 que no pod\u00eda apurar a los chicos, pero no le gust\u00f3 lo que escuch\u00f3. Por eso\u00a0empez\u00f3 a\u00a0golpearlo a trompadas, provoc\u00e1ndole hematomas, cortes y luxaciones.<\/strong><\/p>\n<p>&nbsp;<\/p>\n<div class=\"fixed-container \"><img data-recalc-dims=\"1\" decoding=\"async\" class=\"i-amphtml-fill-content i-amphtml-replaced-content\" src=\"https:\/\/i0.wp.com\/px.fotos.cdn.0223.com.ar\/f\/022023\/1676034534016\/ara%C3%B1a.webp?ssl=1\" alt=\"\" data-amp-auto-lightbox-disable=\"\" \/><\/div>\n<blockquote>\n<h3>El barra se escap\u00f3 y tard\u00f3 apenas tres cuadras en seguir con su locura. Porque\u00a0<strong>se cruz\u00f3 con un turista que estaba intentando estacionar y como no lo logr\u00f3 en el primer intento y se demor\u00f3 m\u00e1s de lo que Ciminelli quer\u00eda, el l\u00edder de la \u201cPandilla de Liniers\u201d decidi\u00f3 golpearlo. Cuando un trapito intent\u00f3 defender al turista, tambi\u00e9n recibi\u00f3 un golpe.<\/strong><\/h3>\n<\/blockquote>\n<p>La golpiza termin\u00f3 porque por ah\u00ed pasaba un m\u00f3vil policial que intervino, lo redujo y le hizo el control de alcoholemia que dio positivo: ten\u00eda 1,34 gramos de alcohol en sangre. Los efectivos le dieron intervenci\u00f3n a la fiscal Ver\u00f3nica Zamboni, la misma del caso <strong>Fernando B\u00e1ez Sosa<\/strong>, quien determin\u00f3 que se lo detuviera por el delito de\u00a0<strong>\u00ablesiones leves\u00a0(tres hechos),\u00a0resistencia a la autoridad\u00a0y amenazas\u201d.<\/strong><\/p>\n<p>De acuerdo a lo que informaron fuentes policiales a\u00a0TN, Ciminelli<b>\u00a0<\/b>estaba armado\u00a0en el momento del hecho, por lo que las autoridades ordenaron el allanamiento de la casa en donde se estaba hospedando en Gesell.<\/p>\n","protected":false},"excerpt":{"rendered":"<div class=\"mh-excerpt\"><p>Borracho y armado, el barrabrava golpe\u00f3\u00a0a un adolescente de 16 a\u00f1os que divert\u00eda a los nenes disfrazado de Spiderman porque el trencito no avanzaba. 10 de febrero de 2023 VILLA GESELL &#8211;\u00a0 Parece una historia <a class=\"mh-excerpt-more\" href=\"https:\/\/larevistadigital.com.ar\/blog\/villa-gesell-detienen-al-jefe-de-la-barra-de-velez-por-golpear-al-hombre-arana-del-trencito-de-la-alegria\/\" title=\"VILLA GESELL: DETIENEN AL JEFE DE LA BARRA DE VELEZ POR GOLPEAR AL HOMBRE ARA\u00d1A DEL TRENCITO DE LA ALEGR\u00cdA\">[Leer M\u00e1s]<\/a><\/p>\n<\/div>","protected":false},"author":3,"featured_media":30101,"comment_status":"open","ping_status":"open","sticky":false,"template":"","format":"standard","meta":{"_jetpack_memberships_contains_paid_content":false,"footnotes":"","jetpack_publicize_message":"","jetpack_publicize_feature_enabled":true,"jetpack_social_post_already_shared":true,"jetpack_social_options":{"image_generator_settings":{"template":"highway","default_image_id":0,"font":"","enabled":false},"version":2}},"categories":[44,51],"tags":[],"class_list":{"0":"post-30100","1":"post","2":"type-post","3":"status-publish","4":"format-standard","5":"has-post-thumbnail","7":"category-policiales","8":"category-regionales"},"jetpack_publicize_connections":[],"jetpack_featured_media_url":"https:\/\/i0.wp.com\/larevistadigital.com.ar\/blog\/wp-content\/uploads\/HOMBRE-ARANA.jpg?fit=822%2C463&ssl=1","jetpack_sharing_enabled":true,"jetpack_shortlink":"https:\/\/wp.me\/p8qtrQ-7Pu","jetpack-related-posts":[{"id":35050,"url":"https:\/\/larevistadigital.com.ar\/blog\/mar-del-tuyu-detienen-a-un-integrante-del-trencito-de-la-alegria-por-manosear-a-una-menor\/","url_meta":{"origin":30100,"position":0},"title":"MAR DEL TUY\u00da: DETIENEN A UN INTEGRANTE DEL \u00abTRENCITO DE LA ALEGR\u00cdA\u00bb POR MANOSEAR A UNA MENOR","author":"Alejandro Sosa Ruda","date":"20 enero, 2024","format":false,"excerpt":"El adolescente tiene 16 a\u00f1os y la abuela de una nena denunci\u00f3 que la toc\u00f3 en varias ocasiones mientras estaban a bordo. 20 de enero de 2023 MAR DEL TUY\u00da -\u00a0 El jueves por la noche, detuvieron a un animador de 16 a\u00f1os del trencito de la alegr\u00eda de Mar\u2026","rel":"","context":"En \u00abPOLICIALES\u00bb","block_context":{"text":"POLICIALES","link":"https:\/\/larevistadigital.com.ar\/blog\/category\/policiales\/"},"img":{"alt_text":"","src":"https:\/\/i0.wp.com\/larevistadigital.com.ar\/blog\/wp-content\/uploads\/0f587f0df441599a7c9608ad6cc092fea8d10555.jpg?fit=1140%2C641&ssl=1&resize=350%2C200","width":350,"height":200,"srcset":"https:\/\/i0.wp.com\/larevistadigital.com.ar\/blog\/wp-content\/uploads\/0f587f0df441599a7c9608ad6cc092fea8d10555.jpg?fit=1140%2C641&ssl=1&resize=350%2C200 1x, https:\/\/i0.wp.com\/larevistadigital.com.ar\/blog\/wp-content\/uploads\/0f587f0df441599a7c9608ad6cc092fea8d10555.jpg?fit=1140%2C641&ssl=1&resize=525%2C300 1.5x, https:\/\/i0.wp.com\/larevistadigital.com.ar\/blog\/wp-content\/uploads\/0f587f0df441599a7c9608ad6cc092fea8d10555.jpg?fit=1140%2C641&ssl=1&resize=700%2C400 2x, https:\/\/i0.wp.com\/larevistadigital.com.ar\/blog\/wp-content\/uploads\/0f587f0df441599a7c9608ad6cc092fea8d10555.jpg?fit=1140%2C641&ssl=1&resize=1050%2C600 3x"},"classes":[]},{"id":34198,"url":"https:\/\/larevistadigital.com.ar\/blog\/villa-gesell-capturan-en-el-comicio-a-un-hombre-buscado-desde-el-2016-por-una-violacion\/","url_meta":{"origin":30100,"position":1},"title":"VILLA GESELL: CAPTURAN EN EL COMICIO A UN HOMBRE BUSCADO DESDE EL 2016 POR UNA VIOLACI\u00d3N","author":"Alejandro Sosa Ruda","date":"25 octubre, 2023","format":false,"excerpt":"El hombre de 63 a\u00f1os ten\u00eda abierta una causa en La Matanza y fue arrestado este domingo. 25 de Octubre de 2023 VILLA GESELL -\u00a0 Un hombre de 63 a\u00f1os que era\u00a0buscado desde 2016 por una violaci\u00f3n\u00a0fue\u00a0detenido el domingo\u00a0cuando se present\u00f3 a votar en una escuela de\u00a0Villa Gesell. Fuentes de\u2026","rel":"","context":"En \u00abREGIONALES\u00bb","block_context":{"text":"REGIONALES","link":"https:\/\/larevistadigital.com.ar\/blog\/category\/regionales\/"},"img":{"alt_text":"","src":"https:\/\/i0.wp.com\/larevistadigital.com.ar\/blog\/wp-content\/uploads\/6fa9f76826666921acdf54ddc65711101f5f9dee.jpg?fit=1140%2C642&ssl=1&resize=350%2C200","width":350,"height":200,"srcset":"https:\/\/i0.wp.com\/larevistadigital.com.ar\/blog\/wp-content\/uploads\/6fa9f76826666921acdf54ddc65711101f5f9dee.jpg?fit=1140%2C642&ssl=1&resize=350%2C200 1x, https:\/\/i0.wp.com\/larevistadigital.com.ar\/blog\/wp-content\/uploads\/6fa9f76826666921acdf54ddc65711101f5f9dee.jpg?fit=1140%2C642&ssl=1&resize=525%2C300 1.5x, https:\/\/i0.wp.com\/larevistadigital.com.ar\/blog\/wp-content\/uploads\/6fa9f76826666921acdf54ddc65711101f5f9dee.jpg?fit=1140%2C642&ssl=1&resize=700%2C400 2x, https:\/\/i0.wp.com\/larevistadigital.com.ar\/blog\/wp-content\/uploads\/6fa9f76826666921acdf54ddc65711101f5f9dee.jpg?fit=1140%2C642&ssl=1&resize=1050%2C600 3x"},"classes":[]},{"id":37184,"url":"https:\/\/larevistadigital.com.ar\/blog\/villa-gesell-estafan-a-un-vecino-en-mas-de-1-000-000-fingiendo-ser-operadores-de-la-cooperativa-electrica\/","url_meta":{"origin":30100,"position":2},"title":"Villa Gesell: Estafan a un vecino en m\u00e1s de $1.000.000.- fingiendo ser operadores de la Cooperativa El\u00e9ctrica","author":"Alejandro Sosa Ruda","date":"10 septiembre, 2024","format":false,"excerpt":"La v\u00edctima de la estafa fue un hombre de 72 a\u00f1os a quien le ofrecieron un descuenta y la inscripci\u00f3n al registro para mantener los subsidios. 10 De Septiembre de 2024 VILLA GESELL -\u00a0 Un vecino de 72 a\u00f1os de Villa Gesell fue estafado y perdi\u00f3 m\u00e1s de un mill\u00f3n\u2026","rel":"","context":"En \u00abPOLICIALES\u00bb","block_context":{"text":"POLICIALES","link":"https:\/\/larevistadigital.com.ar\/blog\/category\/policiales\/"},"img":{"alt_text":"","src":"https:\/\/i0.wp.com\/larevistadigital.com.ar\/blog\/wp-content\/uploads\/07438ace544514836b1d46cdd2abe9d13ddb6af4.jpg?fit=1140%2C682&ssl=1&resize=350%2C200","width":350,"height":200,"srcset":"https:\/\/i0.wp.com\/larevistadigital.com.ar\/blog\/wp-content\/uploads\/07438ace544514836b1d46cdd2abe9d13ddb6af4.jpg?fit=1140%2C682&ssl=1&resize=350%2C200 1x, https:\/\/i0.wp.com\/larevistadigital.com.ar\/blog\/wp-content\/uploads\/07438ace544514836b1d46cdd2abe9d13ddb6af4.jpg?fit=1140%2C682&ssl=1&resize=525%2C300 1.5x, https:\/\/i0.wp.com\/larevistadigital.com.ar\/blog\/wp-content\/uploads\/07438ace544514836b1d46cdd2abe9d13ddb6af4.jpg?fit=1140%2C682&ssl=1&resize=700%2C400 2x, https:\/\/i0.wp.com\/larevistadigital.com.ar\/blog\/wp-content\/uploads\/07438ace544514836b1d46cdd2abe9d13ddb6af4.jpg?fit=1140%2C682&ssl=1&resize=1050%2C600 3x"},"classes":[]},{"id":43005,"url":"https:\/\/larevistadigital.com.ar\/blog\/villa-gesell-murio-un-hombre-de-73-anos-tras-descompensarse-en-el-mar\/","url_meta":{"origin":30100,"position":3},"title":"Villa Gesell: Muri\u00f3 un hombre de 73 a\u00f1os tras descompensarse en el mar","author":"Alejandro Sosa Ruda","date":"22 diciembre, 2025","format":false,"excerpt":"El hecho ocurri\u00f3 ayer domingo al mediod\u00eda. Guardavidas le practicaron RCP y utilizaron un desfibrilador, pero la v\u00edctima falleci\u00f3 en el centro asistencial. La Uni\u00f3n de Guardavidas difundi\u00f3 un duro comunicado. 22 de diciembre de 2025 VILLA GESELL -\u00a0 \u00a0Un tr\u00e1gico episodio se registr\u00f3 este domingo al mediod\u00eda en las\u2026","rel":"","context":"En \u00abPOLICIALES\u00bb","block_context":{"text":"POLICIALES","link":"https:\/\/larevistadigital.com.ar\/blog\/category\/policiales\/"},"img":{"alt_text":"","src":"https:\/\/i0.wp.com\/larevistadigital.com.ar\/blog\/wp-content\/uploads\/Captura-de-pantalla-2025-12-22-155449.jpg?fit=936%2C504&ssl=1&resize=350%2C200","width":350,"height":200,"srcset":"https:\/\/i0.wp.com\/larevistadigital.com.ar\/blog\/wp-content\/uploads\/Captura-de-pantalla-2025-12-22-155449.jpg?fit=936%2C504&ssl=1&resize=350%2C200 1x, https:\/\/i0.wp.com\/larevistadigital.com.ar\/blog\/wp-content\/uploads\/Captura-de-pantalla-2025-12-22-155449.jpg?fit=936%2C504&ssl=1&resize=525%2C300 1.5x, https:\/\/i0.wp.com\/larevistadigital.com.ar\/blog\/wp-content\/uploads\/Captura-de-pantalla-2025-12-22-155449.jpg?fit=936%2C504&ssl=1&resize=700%2C400 2x"},"classes":[]},{"id":15890,"url":"https:\/\/larevistadigital.com.ar\/blog\/villa-gesell-asesinan-a-hombre-de-un-balazo-hay-tres-detenidos\/","url_meta":{"origin":30100,"position":4},"title":"VILLA GESELL: ASESINAN A HOMBRE DE UN BALAZO. HAY TRES DETENIDOS","author":"Alejandro Sosa Ruda","date":"10 agosto, 2020","format":false,"excerpt":"La v\u00edctima fue identificada como Gonzalo Romano (42), quien este s\u00e1bado a la noche recibi\u00f3 un tiro en el t\u00f3rax cuando se encontraba en Paseo 126 y avenida de Circunvalaci\u00f3n. La polic\u00eda aprehendi\u00f3 a tres sospechosos: uno es menor. VILLA GESELL- Un hombre fue asesinado de un balazo en el\u2026","rel":"","context":"En \u00abPOLICIALES\u00bb","block_context":{"text":"POLICIALES","link":"https:\/\/larevistadigital.com.ar\/blog\/category\/policiales\/"},"img":{"alt_text":"","src":"https:\/\/i0.wp.com\/larevistadigital.com.ar\/blog\/wp-content\/uploads\/villa-gessel-22.jpg?fit=1200%2C849&ssl=1&resize=350%2C200","width":350,"height":200,"srcset":"https:\/\/i0.wp.com\/larevistadigital.com.ar\/blog\/wp-content\/uploads\/villa-gessel-22.jpg?fit=1200%2C849&ssl=1&resize=350%2C200 1x, https:\/\/i0.wp.com\/larevistadigital.com.ar\/blog\/wp-content\/uploads\/villa-gessel-22.jpg?fit=1200%2C849&ssl=1&resize=525%2C300 1.5x, https:\/\/i0.wp.com\/larevistadigital.com.ar\/blog\/wp-content\/uploads\/villa-gessel-22.jpg?fit=1200%2C849&ssl=1&resize=700%2C400 2x, https:\/\/i0.wp.com\/larevistadigital.com.ar\/blog\/wp-content\/uploads\/villa-gessel-22.jpg?fit=1200%2C849&ssl=1&resize=1050%2C600 3x"},"classes":[]},{"id":20817,"url":"https:\/\/larevistadigital.com.ar\/blog\/villa-gesell-detienen-a-sujeto-por-abuso-sexual\/","url_meta":{"origin":30100,"position":5},"title":"VILLA GESELL: DETIENEN A SUJETO POR ABUSO SEXUAL","author":"Alejandro Sosa Ruda","date":"22 junio, 2021","format":false,"excerpt":"VILLA GESELL - La madre de una joven de 17 a\u00f1os denunci\u00f3 a su ex pareja por el abuso de la menor en Villa Gesell. Pero, minutos antes de que la mujer realice la denuncia, el hombre de 57 a\u00f1os se present\u00f3 en la dependencia policial expresando que hab\u00eda abusado\u2026","rel":"","context":"En \u00abPOLICIALES\u00bb","block_context":{"text":"POLICIALES","link":"https:\/\/larevistadigital.com.ar\/blog\/category\/policiales\/"},"img":{"alt_text":"","src":"https:\/\/i0.wp.com\/larevistadigital.com.ar\/blog\/wp-content\/uploads\/6293d05cedac45dbdf493a68ef3916bb67d86121.jpg?fit=1140%2C759&ssl=1&resize=350%2C200","width":350,"height":200,"srcset":"https:\/\/i0.wp.com\/larevistadigital.com.ar\/blog\/wp-content\/uploads\/6293d05cedac45dbdf493a68ef3916bb67d86121.jpg?fit=1140%2C759&ssl=1&resize=350%2C200 1x, https:\/\/i0.wp.com\/larevistadigital.com.ar\/blog\/wp-content\/uploads\/6293d05cedac45dbdf493a68ef3916bb67d86121.jpg?fit=1140%2C759&ssl=1&resize=525%2C300 1.5x, https:\/\/i0.wp.com\/larevistadigital.com.ar\/blog\/wp-content\/uploads\/6293d05cedac45dbdf493a68ef3916bb67d86121.jpg?fit=1140%2C759&ssl=1&resize=700%2C400 2x, https:\/\/i0.wp.com\/larevistadigital.com.ar\/blog\/wp-content\/uploads\/6293d05cedac45dbdf493a68ef3916bb67d86121.jpg?fit=1140%2C759&ssl=1&resize=1050%2C600 3x"},"classes":[]}],"_links":{"self":[{"href":"https:\/\/larevistadigital.com.ar\/blog\/wp-json\/wp\/v2\/posts\/30100","targetHints":{"allow":["GET"]}}],"collection":[{"href":"https:\/\/larevistadigital.com.ar\/blog\/wp-json\/wp\/v2\/posts"}],"about":[{"href":"https:\/\/larevistadigital.com.ar\/blog\/wp-json\/wp\/v2\/types\/post"}],"author":[{"embeddable":true,"href":"https:\/\/larevistadigital.com.ar\/blog\/wp-json\/wp\/v2\/users\/3"}],"replies":[{"embeddable":true,"href":"https:\/\/larevistadigital.com.ar\/blog\/wp-json\/wp\/v2\/comments?post=30100"}],"version-history":[{"count":1,"href":"https:\/\/larevistadigital.com.ar\/blog\/wp-json\/wp\/v2\/posts\/30100\/revisions"}],"predecessor-version":[{"id":30102,"href":"https:\/\/larevistadigital.com.ar\/blog\/wp-json\/wp\/v2\/posts\/30100\/revisions\/30102"}],"wp:featuredmedia":[{"embeddable":true,"href":"https:\/\/larevistadigital.com.ar\/blog\/wp-json\/wp\/v2\/media\/30101"}],"wp:attachment":[{"href":"https:\/\/larevistadigital.com.ar\/blog\/wp-json\/wp\/v2\/media?parent=30100"}],"wp:term":[{"taxonomy":"category","embeddable":true,"href":"https:\/\/larevistadigital.com.ar\/blog\/wp-json\/wp\/v2\/categories?post=30100"},{"taxonomy":"post_tag","embeddable":true,"href":"https:\/\/larevistadigital.com.ar\/blog\/wp-json\/wp\/v2\/tags?post=30100"}],"curies":[{"name":"wp","href":"https:\/\/api.w.org\/{rel}","templated":true}]}}