{"id":30103,"date":"2023-02-10T21:35:22","date_gmt":"2023-02-10T21:35:22","guid":{"rendered":"https:\/\/larevistadigital.com.ar\/blog\/?p=30103"},"modified":"2023-02-10T21:36:10","modified_gmt":"2023-02-10T21:36:10","slug":"liga-profesional-de-futbol-todos-los-partidos-horarios-y-tv-de-la-tercera-fecha","status":"publish","type":"post","link":"https:\/\/larevistadigital.com.ar\/blog\/liga-profesional-de-futbol-todos-los-partidos-horarios-y-tv-de-la-tercera-fecha\/","title":{"rendered":"LIGA PROFESIONAL DE F\u00daTBOL: TODOS LOS PARTIDOS, HORARIOS Y TV DE LA TERCERA FECHA"},"content":{"rendered":"<h2 class=\"nota__hero__summary\">Comienza hoy, con dos partidos. Se destaca el encuentro en el que River presentar\u00e1 la renovaci\u00f3n de su estadio ante Argentinos Juniors, y la visita de Godoy Cruz, unos de los l\u00edderes, a San Lorenzo.<\/h2>\n<p>10 de febrero de 2023<\/p>\n<p>Todo listo para la 3\u00aa de las 27 fechas que tendr\u00e1 el<strong>\u00a0Liga Profesional de F\u00fatbol de Argentina<\/strong>, en el que participan 28 equipos y tiene como\u00a0<strong>punteros\u00a0<\/strong>a\u00a0<strong>Hurac\u00e1n, Lan\u00fas y Godoy Cruz<\/strong>\u00a0con 6 puntos. Todos ellos jugar\u00e1n como visitantes.<\/p>\n<blockquote>\n<h3><strong>Hoy se juegan los primeros dos encuentros<\/strong>, en los que chocar\u00e1n\u00a0<strong>Central C\u00f3rdoba ante Belgrano y Col\u00f3n versus Sarmiento<\/strong>, ambos a las 21:30. A su vez, habr\u00e1 5 partidos tanto el s\u00e1bado como el domingo y 2 m\u00e1s el lunes, para completar el fixture. De los 14 encuentros, 2 ser\u00e1n transmitidos por la TV P\u00fablica.<\/h3>\n<\/blockquote>\n<p>En esta 3\u00aa fecha, se destaca lo que ser\u00e1 el primer partido de\u00a0<strong>River\u00a0<\/strong>como local (con entradas agotadas) en el torneo, en el que<strong>\u00a0lucir\u00e1 butacas nuevas y una ampliaci\u00f3n en la capacidad del Monumental:<\/strong>\u00a0entrar\u00e1n 83.196 espectadores, contra los 72.054 previos a la reforma.<\/p>\n<blockquote>\n<h3><strong>Los 3 l\u00edderes del campeonato jugar\u00e1n en condici\u00f3n de visitante.\u00a0Godoy Cruz\u00a0enfrentar\u00e1 el s\u00e1bado a\u00a0San Lorenzo.\u00a0Hurac\u00e1n\u00a0viajar\u00e1 a C\u00f3rdoba para el encuentro del dominog con el reci\u00e9n ascendido\u00a0Instituto. Mientras que\u00a0Lan\u00fas\u00a0se medir\u00e1 el lunes en 1 y 57 con\u00a0Estudiantes.<\/strong><\/h3>\n<\/blockquote>\n<p><span style=\"color: #ff0000\"><strong>Viernes 10 de febrero<\/strong><\/span><br \/>\n21.30: Central C\u00f3rdoba vs Belgrano (ESPN Premium)<br \/>\n21.30: Col\u00f3n vs Sarmiento (TNT Sports)<\/p>\n<p><span style=\"color: #ff0000\"><strong>S\u00e1bado 11 de febrero<\/strong><\/span><br \/>\n17.00: San Lorenzo vs Godoy Cruz (ESPN Premium)<br \/>\n17.00: Defensa y Justicia vs Newell\u00b4s (TNT Sports)<br \/>\n19.15: Platense vs Atl\u00e9tico Tucum\u00e1n (TNT Sports)<br \/>\n21.30: V\u00e9lez vs Independiente (ESPN Premium)<br \/>\n21.30: Talleres vs Boca (TNT Sports)<\/p>\n<p><span style=\"color: #ff0000\"><strong>Domingo 12 de febrero<\/strong><\/span><br \/>\n17.00: Rosario Central vs Arsenal (TNT Sports)<br \/>\n17.00: Banfield vs Gimnasia (TV P\u00fablica)<br \/>\n19.15: River vs Argentinos (ESPN Premium)<br \/>\n21.30: Racing vs Tigre (TNT Sports)<br \/>\n21.30: Instituto vs Hurac\u00e1n (ESPN Premium)<\/p>\n<p><strong>Lunes 13 de febrero<\/strong><br \/>\n17.00: Barracas Central vs Uni\u00f3n (TNT Sports)<br \/>\n20.00: Estudiantes vs Lan\u00fas (TV P\u00fablica)<\/p>\n<p>publicado en entrel\u00edneas<\/p>\n","protected":false},"excerpt":{"rendered":"<div class=\"mh-excerpt\"><p>Comienza hoy, con dos partidos. Se destaca el encuentro en el que River presentar\u00e1 la renovaci\u00f3n de su estadio ante Argentinos Juniors, y la visita de Godoy Cruz, unos de los l\u00edderes, a San Lorenzo. <a class=\"mh-excerpt-more\" href=\"https:\/\/larevistadigital.com.ar\/blog\/liga-profesional-de-futbol-todos-los-partidos-horarios-y-tv-de-la-tercera-fecha\/\" title=\"LIGA PROFESIONAL DE F\u00daTBOL: TODOS LOS PARTIDOS, HORARIOS Y TV DE LA TERCERA FECHA\">[Leer M\u00e1s]<\/a><\/p>\n<\/div>","protected":false},"author":3,"featured_media":30104,"comment_status":"open","ping_status":"open","sticky":false,"template":"","format":"standard","meta":{"_jetpack_memberships_contains_paid_content":false,"footnotes":"","jetpack_publicize_message":"","jetpack_publicize_feature_enabled":true,"jetpack_social_post_already_shared":true,"jetpack_social_options":{"image_generator_settings":{"template":"highway","default_image_id":0,"font":"","enabled":false},"version":2}},"categories":[8,7],"tags":[],"class_list":{"0":"post-30103","1":"post","2":"type-post","3":"status-publish","4":"format-standard","5":"has-post-thumbnail","7":"category-deportes","8":"category-lezama"},"jetpack_publicize_connections":[],"jetpack_featured_media_url":"https:\/\/i0.wp.com\/larevistadigital.com.ar\/blog\/wp-content\/uploads\/r1070265_1296x518_5-2.jpg?fit=1296%2C518&ssl=1","jetpack_sharing_enabled":true,"jetpack_shortlink":"https:\/\/wp.me\/p8qtrQ-7Px","jetpack-related-posts":[{"id":23305,"url":"https:\/\/larevistadigital.com.ar\/blog\/se-sorteo-la-copa-de-la-liga\/","url_meta":{"origin":30103,"position":0},"title":"SE SORTE\u00d3 LA COPA DE LA LIGA","author":"Alejandro Sosa Ruda","date":"12 enero, 2022","format":false,"excerpt":"Se realiz\u00f3 esta tarde el sorteo de las zonas y el fixture de la Copa de la Liga, el torneo de primera divisi\u00f3n del f\u00fatbol argentino que comenzar\u00e1 el fin de semana del 11 de febrero, una semana despu\u00e9s de lo pautado debido al aumento de contagios de Covid-19. En\u2026","rel":"","context":"En \u00abDEPORTES\u00bb","block_context":{"text":"DEPORTES","link":"https:\/\/larevistadigital.com.ar\/blog\/category\/deportes\/"},"img":{"alt_text":"","src":"https:\/\/i0.wp.com\/larevistadigital.com.ar\/blog\/wp-content\/uploads\/copa-de-la-liga-profesional-2022-sorteojpg.jpg?fit=1200%2C675&ssl=1&resize=350%2C200","width":350,"height":200,"srcset":"https:\/\/i0.wp.com\/larevistadigital.com.ar\/blog\/wp-content\/uploads\/copa-de-la-liga-profesional-2022-sorteojpg.jpg?fit=1200%2C675&ssl=1&resize=350%2C200 1x, https:\/\/i0.wp.com\/larevistadigital.com.ar\/blog\/wp-content\/uploads\/copa-de-la-liga-profesional-2022-sorteojpg.jpg?fit=1200%2C675&ssl=1&resize=525%2C300 1.5x, https:\/\/i0.wp.com\/larevistadigital.com.ar\/blog\/wp-content\/uploads\/copa-de-la-liga-profesional-2022-sorteojpg.jpg?fit=1200%2C675&ssl=1&resize=700%2C400 2x, https:\/\/i0.wp.com\/larevistadigital.com.ar\/blog\/wp-content\/uploads\/copa-de-la-liga-profesional-2022-sorteojpg.jpg?fit=1200%2C675&ssl=1&resize=1050%2C600 3x"},"classes":[]},{"id":12586,"url":"https:\/\/larevistadigital.com.ar\/blog\/los-partidos-de-river-y-boca-por-la-superliga-previos-al-superclasico-cambiaran-de-fecha\/","url_meta":{"origin":30103,"position":1},"title":"LOS PARTIDOS DE RIVER Y BOCA POR LA SUPERLIGA, PREVIOS AL SUPERCL\u00c1SICO, CAMBIAR\u00c1N DE FECHA","author":"Alejandro Sosa Ruda","date":"10 octubre, 2019","format":false,"excerpt":"El cambio se dar\u00eda por cuestiones de seguridad: el s\u00e1bado 19, cuando estaban pautados los encuentros, en Capital se desarrollar\u00e1 una de las marchas en apoyo al presidente Mauricio Macri. La \u00faltima prueba de Boca y de River previa a la segunda semifinal de la Copa Libertadores cambiar\u00eda de d\u00eda\u2026","rel":"","context":"En \u00abDEPORTES\u00bb","block_context":{"text":"DEPORTES","link":"https:\/\/larevistadigital.com.ar\/blog\/category\/deportes\/"},"img":{"alt_text":"","src":"https:\/\/i0.wp.com\/larevistadigital.com.ar\/blog\/wp-content\/uploads\/Screenshot_3-18.jpg?fit=931%2C610&ssl=1&resize=350%2C200","width":350,"height":200,"srcset":"https:\/\/i0.wp.com\/larevistadigital.com.ar\/blog\/wp-content\/uploads\/Screenshot_3-18.jpg?fit=931%2C610&ssl=1&resize=350%2C200 1x, https:\/\/i0.wp.com\/larevistadigital.com.ar\/blog\/wp-content\/uploads\/Screenshot_3-18.jpg?fit=931%2C610&ssl=1&resize=525%2C300 1.5x, https:\/\/i0.wp.com\/larevistadigital.com.ar\/blog\/wp-content\/uploads\/Screenshot_3-18.jpg?fit=931%2C610&ssl=1&resize=700%2C400 2x"},"classes":[]},{"id":27483,"url":"https:\/\/larevistadigital.com.ar\/blog\/la-afa-emitio-un-comunicado-repudiando-el-atentado-fallido-con-cristina-fernandez-y-suspendio-la-fecha-de-futbol\/","url_meta":{"origin":30103,"position":2},"title":"LA AFA EMITI\u00d3 UN COMUNICADO REPUDIANDO EL ATENTADO FALLIDO CON CRISTINA FERNANDEZ Y SUSPENDI\u00d3 LA FECHA DE F\u00daTBOL","author":"Alejandro Sosa Ruda","date":"2 septiembre, 2022","format":false,"excerpt":"Despu\u00e9s de que Alberto Fern\u00e1ndez declarara Feriado Nacional, AFA comunic\u00f3 que no se jugar\u00e1n los partidos de este viernes. La Asociaci\u00f3n del F\u00fatbol Argentino dispuso que se suspenden los partidos a jugarse por el Torneo Liga Profesional, que eran\u00a0 los siguientes: Patronato vs. Uni\u00f3n (Santa Fe) 7:00 PM (ARG) Lan\u00fas\u2026","rel":"","context":"En \u00abINTERES GENERAL\u00bb","block_context":{"text":"INTERES GENERAL","link":"https:\/\/larevistadigital.com.ar\/blog\/category\/interes-general\/"},"img":{"alt_text":"","src":"https:\/\/i0.wp.com\/larevistadigital.com.ar\/blog\/wp-content\/uploads\/sporting-news-2022-photo-with-watermark-2d1bd118-9d95-4638-9d49-8127caecbed9.jpeg?fit=1200%2C675&ssl=1&resize=350%2C200","width":350,"height":200,"srcset":"https:\/\/i0.wp.com\/larevistadigital.com.ar\/blog\/wp-content\/uploads\/sporting-news-2022-photo-with-watermark-2d1bd118-9d95-4638-9d49-8127caecbed9.jpeg?fit=1200%2C675&ssl=1&resize=350%2C200 1x, https:\/\/i0.wp.com\/larevistadigital.com.ar\/blog\/wp-content\/uploads\/sporting-news-2022-photo-with-watermark-2d1bd118-9d95-4638-9d49-8127caecbed9.jpeg?fit=1200%2C675&ssl=1&resize=525%2C300 1.5x, https:\/\/i0.wp.com\/larevistadigital.com.ar\/blog\/wp-content\/uploads\/sporting-news-2022-photo-with-watermark-2d1bd118-9d95-4638-9d49-8127caecbed9.jpeg?fit=1200%2C675&ssl=1&resize=700%2C400 2x, https:\/\/i0.wp.com\/larevistadigital.com.ar\/blog\/wp-content\/uploads\/sporting-news-2022-photo-with-watermark-2d1bd118-9d95-4638-9d49-8127caecbed9.jpeg?fit=1200%2C675&ssl=1&resize=1050%2C600 3x"},"classes":[]},{"id":30159,"url":"https:\/\/larevistadigital.com.ar\/blog\/te-lo-vas-a-perder-hoy-el-arsenal-vs-manchester-city-de-julian-alvarez-y-otros-duelos-imperdibles-por-la-champions-hora-y-tv-para-disfrutarlos\/","url_meta":{"origin":30103,"position":3},"title":"TE LO VAS A PERDER: HOY EL ARSENAL VS. MANCHESTER CITY DE JULI\u00c1N \u00c1LVAREZ Y OTROS DUELOS IMPERDIBLES POR LA CHAMPIONS. HORA Y TV PARA DISFRUTARLOS","author":"Alejandro Sosa Ruda","date":"15 febrero, 2023","format":false,"excerpt":"Hoy contin\u00faan los partidos de ida de Octavos de Final del certamen continental, y a su vez, el l\u00edder y el escolta de la liga inglesa jugar\u00e1n el pendiente de la fecha 12. 15 de febrero de 2023 El primero de los partidos ser\u00e1\u00a0Arsenal vs Manchester City, que debi\u00f3 jugarse\u2026","rel":"","context":"En \u00abDEPORTES\u00bb","block_context":{"text":"DEPORTES","link":"https:\/\/larevistadigital.com.ar\/blog\/category\/deportes\/"},"img":{"alt_text":"","src":"https:\/\/i0.wp.com\/larevistadigital.com.ar\/blog\/wp-content\/uploads\/63bb25a6508e6_1200.jpg?fit=1200%2C675&ssl=1&resize=350%2C200","width":350,"height":200,"srcset":"https:\/\/i0.wp.com\/larevistadigital.com.ar\/blog\/wp-content\/uploads\/63bb25a6508e6_1200.jpg?fit=1200%2C675&ssl=1&resize=350%2C200 1x, https:\/\/i0.wp.com\/larevistadigital.com.ar\/blog\/wp-content\/uploads\/63bb25a6508e6_1200.jpg?fit=1200%2C675&ssl=1&resize=525%2C300 1.5x, https:\/\/i0.wp.com\/larevistadigital.com.ar\/blog\/wp-content\/uploads\/63bb25a6508e6_1200.jpg?fit=1200%2C675&ssl=1&resize=700%2C400 2x, https:\/\/i0.wp.com\/larevistadigital.com.ar\/blog\/wp-content\/uploads\/63bb25a6508e6_1200.jpg?fit=1200%2C675&ssl=1&resize=1050%2C600 3x"},"classes":[]},{"id":40522,"url":"https:\/\/larevistadigital.com.ar\/blog\/vuelven-los-visitantes-al-futbol-argentino-di-maria-abre-la-puerta-de-una-historica-reversion\/","url_meta":{"origin":30103,"position":4},"title":"Vuelven los visitantes al f\u00fatbol argentino: Di Mar\u00eda abre la puerta de una hist\u00f3rica reversi\u00f3n","author":"Alejandro Sosa Ruda","date":"18 julio, 2025","format":false,"excerpt":"Tras 12 a\u00f1os sin hinchadas visitantes en la Liga Profesional, Lan\u00fas y Rosario Central protagonizar\u00e1n un partido clave que podr\u00eda marcar el regreso del f\u00fatbol con ambas parcialidades. 18 de Julio de 2025 BUENOS AIRES -\u00a0 \u00a0Despu\u00e9s de m\u00e1s de una d\u00e9cada de estadios divididos y partidos sin visitantes en\u2026","rel":"","context":"En \u00abDEPORTES\u00bb","block_context":{"text":"DEPORTES","link":"https:\/\/larevistadigital.com.ar\/blog\/category\/deportes\/"},"img":{"alt_text":"","src":"https:\/\/i0.wp.com\/larevistadigital.com.ar\/blog\/wp-content\/uploads\/hinchas-visitantes.jpg?fit=733%2C367&ssl=1&resize=350%2C200","width":350,"height":200,"srcset":"https:\/\/i0.wp.com\/larevistadigital.com.ar\/blog\/wp-content\/uploads\/hinchas-visitantes.jpg?fit=733%2C367&ssl=1&resize=350%2C200 1x, https:\/\/i0.wp.com\/larevistadigital.com.ar\/blog\/wp-content\/uploads\/hinchas-visitantes.jpg?fit=733%2C367&ssl=1&resize=525%2C300 1.5x, https:\/\/i0.wp.com\/larevistadigital.com.ar\/blog\/wp-content\/uploads\/hinchas-visitantes.jpg?fit=733%2C367&ssl=1&resize=700%2C400 2x"},"classes":[]},{"id":15091,"url":"https:\/\/larevistadigital.com.ar\/blog\/15091-2\/","url_meta":{"origin":30103,"position":5},"title":"F\u00daTBOL SIN P\u00daBLICO \u00bfS\u00cd O NO? DECLARACIONES DE LA PRESIDENTA DEL CONCEJO SUPERIOR DE DEPORTES","author":"Alejandro Sosa Ruda","date":"1 mayo, 2020","format":false,"excerpt":"ESPA\u00d1A- La presidenta del Consejo Superior de Deportes de Espa\u00f1a,\u00a0Irene Lozano\u00a0avis\u00f3 este jueves que no habr\u00e1n partidos sin p\u00fablico en La Liga hasta que se encuentre una vacuna contra el coronavirus. \"En este momento es imposible ponerle fecha al retorno de la competici\u00f3n y hasta que no tengamos una vacuna\u2026","rel":"","context":"En \u00abDEPORTES\u00bb","block_context":{"text":"DEPORTES","link":"https:\/\/larevistadigital.com.ar\/blog\/category\/deportes\/"},"img":{"alt_text":"","src":"https:\/\/i0.wp.com\/larevistadigital.com.ar\/blog\/wp-content\/uploads\/irene-lozano-1580200467656.jpg?fit=1200%2C674&ssl=1&resize=350%2C200","width":350,"height":200,"srcset":"https:\/\/i0.wp.com\/larevistadigital.com.ar\/blog\/wp-content\/uploads\/irene-lozano-1580200467656.jpg?fit=1200%2C674&ssl=1&resize=350%2C200 1x, https:\/\/i0.wp.com\/larevistadigital.com.ar\/blog\/wp-content\/uploads\/irene-lozano-1580200467656.jpg?fit=1200%2C674&ssl=1&resize=525%2C300 1.5x, https:\/\/i0.wp.com\/larevistadigital.com.ar\/blog\/wp-content\/uploads\/irene-lozano-1580200467656.jpg?fit=1200%2C674&ssl=1&resize=700%2C400 2x, https:\/\/i0.wp.com\/larevistadigital.com.ar\/blog\/wp-content\/uploads\/irene-lozano-1580200467656.jpg?fit=1200%2C674&ssl=1&resize=1050%2C600 3x"},"classes":[]}],"_links":{"self":[{"href":"https:\/\/larevistadigital.com.ar\/blog\/wp-json\/wp\/v2\/posts\/30103","targetHints":{"allow":["GET"]}}],"collection":[{"href":"https:\/\/larevistadigital.com.ar\/blog\/wp-json\/wp\/v2\/posts"}],"about":[{"href":"https:\/\/larevistadigital.com.ar\/blog\/wp-json\/wp\/v2\/types\/post"}],"author":[{"embeddable":true,"href":"https:\/\/larevistadigital.com.ar\/blog\/wp-json\/wp\/v2\/users\/3"}],"replies":[{"embeddable":true,"href":"https:\/\/larevistadigital.com.ar\/blog\/wp-json\/wp\/v2\/comments?post=30103"}],"version-history":[{"count":2,"href":"https:\/\/larevistadigital.com.ar\/blog\/wp-json\/wp\/v2\/posts\/30103\/revisions"}],"predecessor-version":[{"id":30106,"href":"https:\/\/larevistadigital.com.ar\/blog\/wp-json\/wp\/v2\/posts\/30103\/revisions\/30106"}],"wp:featuredmedia":[{"embeddable":true,"href":"https:\/\/larevistadigital.com.ar\/blog\/wp-json\/wp\/v2\/media\/30104"}],"wp:attachment":[{"href":"https:\/\/larevistadigital.com.ar\/blog\/wp-json\/wp\/v2\/media?parent=30103"}],"wp:term":[{"taxonomy":"category","embeddable":true,"href":"https:\/\/larevistadigital.com.ar\/blog\/wp-json\/wp\/v2\/categories?post=30103"},{"taxonomy":"post_tag","embeddable":true,"href":"https:\/\/larevistadigital.com.ar\/blog\/wp-json\/wp\/v2\/tags?post=30103"}],"curies":[{"name":"wp","href":"https:\/\/api.w.org\/{rel}","templated":true}]}}