{"id":30107,"date":"2023-02-10T22:02:22","date_gmt":"2023-02-10T22:02:22","guid":{"rendered":"https:\/\/larevistadigital.com.ar\/blog\/?p=30107"},"modified":"2023-02-10T22:02:22","modified_gmt":"2023-02-10T22:02:22","slug":"mar-del-plata-accidente-fatal-muere-un-hombre-en-choque-de-dos-motos","status":"publish","type":"post","link":"https:\/\/larevistadigital.com.ar\/blog\/mar-del-plata-accidente-fatal-muere-un-hombre-en-choque-de-dos-motos\/","title":{"rendered":"MAR DEL PLATA: ACCIDENTE FATAL. MUERE UN HOMBRE EN CHOQUE DE DOS MOTOS."},"content":{"rendered":"<h2>Todo sucedi\u00f3 cuando los dos motocicletas colisionaron a alta velocidad. La v\u00edctima fatal ten\u00eda 53 a\u00f1os, mientras que el otro conductor, que debi\u00f3 ser hospitalizado, tiene 38.<\/h2>\n<p>10 de febrero de 2023<\/p>\n<p><strong>MAR DEL PLATA &#8211;\u00a0<\/strong> Un tr\u00e1gico accidente vial se registr\u00f3 en la avenida Fortunato de la Plaza cuando dos motocicletas colisionaron y uno de los conductores falleci\u00f3 en el lugar, inform\u00f3 el Diario La Capital.<\/p>\n<blockquote>\n<h3>Todo sucedi\u00f3 pasado el mediod\u00eda de hoy, en Fortunato de la Plaza\u00a0 entre Fitte y Lober\u00eda, cuando por motivos que est\u00e1n en investigaci\u00f3n, chocaron dos motoveh\u00edculos: una motocicleta Benelli 150 cent\u00edmetros c\u00fabicos y una Hondar XR, de la misma cilindrada.<\/h3>\n<\/blockquote>\n<p>Mart\u00edn Pallas (53) circulaba en la moto Honda, y falleci\u00f3 por el impacto pese a que igualmente una ambulancia del SAME con la intenci\u00f3n de brindarle asistencia. Al llegar al lugar, el hombre ya est\u00e1ba fallecido. El otro protagonista tiene 38 a\u00f1os y el fiscal\u00a0<strong>Rodolfo Moure<\/strong> solicit\u00f3 distintas medidas para esclarecer el hecho y form\u00f3 causa en su contra.<\/p>\n<p>fuente: La Capital<\/p>\n<p>&nbsp;<\/p>\n<p>&nbsp;<\/p>\n","protected":false},"excerpt":{"rendered":"<div class=\"mh-excerpt\"><p>Todo sucedi\u00f3 cuando los dos motocicletas colisionaron a alta velocidad. La v\u00edctima fatal ten\u00eda 53 a\u00f1os, mientras que el otro conductor, que debi\u00f3 ser hospitalizado, tiene 38. 10 de febrero de 2023 MAR DEL PLATA <a class=\"mh-excerpt-more\" href=\"https:\/\/larevistadigital.com.ar\/blog\/mar-del-plata-accidente-fatal-muere-un-hombre-en-choque-de-dos-motos\/\" title=\"MAR DEL PLATA: ACCIDENTE FATAL. MUERE UN HOMBRE EN CHOQUE DE DOS MOTOS.\">[Leer M\u00e1s]<\/a><\/p>\n<\/div>","protected":false},"author":3,"featured_media":30108,"comment_status":"open","ping_status":"open","sticky":false,"template":"","format":"standard","meta":{"_jetpack_memberships_contains_paid_content":false,"footnotes":"","jetpack_publicize_message":"","jetpack_publicize_feature_enabled":true,"jetpack_social_post_already_shared":true,"jetpack_social_options":{"image_generator_settings":{"template":"highway","default_image_id":0,"font":"","enabled":false},"version":2}},"categories":[44,51],"tags":[],"class_list":{"0":"post-30107","1":"post","2":"type-post","3":"status-publish","4":"format-standard","5":"has-post-thumbnail","7":"category-policiales","8":"category-regionales"},"jetpack_publicize_connections":[],"jetpack_featured_media_url":"https:\/\/i0.wp.com\/larevistadigital.com.ar\/blog\/wp-content\/uploads\/choque-motos.jpg?fit=799%2C534&ssl=1","jetpack_sharing_enabled":true,"jetpack_shortlink":"https:\/\/wp.me\/p8qtrQ-7PB","jetpack-related-posts":[{"id":22846,"url":"https:\/\/larevistadigital.com.ar\/blog\/fatal-accidente-en-la-ruta-11-acceso-a-mar-del-plata\/","url_meta":{"origin":30107,"position":0},"title":"FATAL ACCIDENTE EN LA RUTA 11, ACCESO A MAR DEL PLATA","author":"Alejandro Sosa Ruda","date":"5 diciembre, 2021","format":false,"excerpt":"El conductor de un Fiat Palio, falleci\u00f3 en el siniestro que ocurri\u00f3 este domingo 5\/12 aproximadamente a las 5 de la madrugada. Sucedi\u00f3 a la altura del kil\u00f3metro 503 MAR DEL PLATA -\u00a0 El conductor de un Fiat Palio\u00a0negro falleci\u00f3 este domingo a la madrugada como consecuencia de un fuerte\u2026","rel":"","context":"En \u00abPOLICIALES\u00bb","block_context":{"text":"POLICIALES","link":"https:\/\/larevistadigital.com.ar\/blog\/category\/policiales\/"},"img":{"alt_text":"","src":"https:\/\/i0.wp.com\/larevistadigital.com.ar\/blog\/wp-content\/uploads\/Captura-de-pantalla-2021-12-05-125429.jpg?fit=1016%2C670&ssl=1&resize=350%2C200","width":350,"height":200,"srcset":"https:\/\/i0.wp.com\/larevistadigital.com.ar\/blog\/wp-content\/uploads\/Captura-de-pantalla-2021-12-05-125429.jpg?fit=1016%2C670&ssl=1&resize=350%2C200 1x, https:\/\/i0.wp.com\/larevistadigital.com.ar\/blog\/wp-content\/uploads\/Captura-de-pantalla-2021-12-05-125429.jpg?fit=1016%2C670&ssl=1&resize=525%2C300 1.5x, https:\/\/i0.wp.com\/larevistadigital.com.ar\/blog\/wp-content\/uploads\/Captura-de-pantalla-2021-12-05-125429.jpg?fit=1016%2C670&ssl=1&resize=700%2C400 2x"},"classes":[]},{"id":29452,"url":"https:\/\/larevistadigital.com.ar\/blog\/accidente-con-desenlace-fatal-en-mar-de-las-pampas\/","url_meta":{"origin":30107,"position":1},"title":"ACCIDENTE CON DESENLACE FATAL EN MAR DE LAS PAMPAS","author":"Alejandro Sosa Ruda","date":"13 diciembre, 2022","format":false,"excerpt":"Era un obrero, que viajaba en la caja de una camioneta. 13 de diciembre de 2022 MAR DE LAS PAMPAS -\u00a0 El pasado 10 de diciembre, un poco despu\u00e9s del mediod\u00eda se produjo un fatal accidente de tr\u00e1nsito en la esquina de calles Santa Mar\u00eda y Garay, de la localidad\u2026","rel":"","context":"En \u00abPOLICIALES\u00bb","block_context":{"text":"POLICIALES","link":"https:\/\/larevistadigital.com.ar\/blog\/category\/policiales\/"},"img":{"alt_text":"","src":"https:\/\/i0.wp.com\/larevistadigital.com.ar\/blog\/wp-content\/uploads\/e7e7063c8210f87ca71c73ca202ba8b99d0969ac.jpg?fit=1140%2C648&ssl=1&resize=350%2C200","width":350,"height":200,"srcset":"https:\/\/i0.wp.com\/larevistadigital.com.ar\/blog\/wp-content\/uploads\/e7e7063c8210f87ca71c73ca202ba8b99d0969ac.jpg?fit=1140%2C648&ssl=1&resize=350%2C200 1x, https:\/\/i0.wp.com\/larevistadigital.com.ar\/blog\/wp-content\/uploads\/e7e7063c8210f87ca71c73ca202ba8b99d0969ac.jpg?fit=1140%2C648&ssl=1&resize=525%2C300 1.5x, https:\/\/i0.wp.com\/larevistadigital.com.ar\/blog\/wp-content\/uploads\/e7e7063c8210f87ca71c73ca202ba8b99d0969ac.jpg?fit=1140%2C648&ssl=1&resize=700%2C400 2x, https:\/\/i0.wp.com\/larevistadigital.com.ar\/blog\/wp-content\/uploads\/e7e7063c8210f87ca71c73ca202ba8b99d0969ac.jpg?fit=1140%2C648&ssl=1&resize=1050%2C600 3x"},"classes":[]},{"id":18385,"url":"https:\/\/larevistadigital.com.ar\/blog\/mar-del-plata-triple-choque-y-vuelco-en-avenida-colon-hay-heridos\/","url_meta":{"origin":30107,"position":2},"title":"MAR DEL PLATA: TRIPLE CHOQUE Y VUELCO EN AVENIDA COLON. HAY HERIDOS","author":"Alejandro Sosa Ruda","date":"29 diciembre, 2020","format":false,"excerpt":"El accidente se produjo este lunes por la noche, cuando una camioneta tipo utilitario colision\u00f3 con otros dos rodados y se despist\u00f3. Se realiz\u00f3 un importante operativo y se detuvo el tr\u00e1nsito en el lugar. MAR DEL PLATA - Un accidente de gravedad se registr\u00f3 este lunes por la noche\u2026","rel":"","context":"En \u00abPOLICIALES\u00bb","block_context":{"text":"POLICIALES","link":"https:\/\/larevistadigital.com.ar\/blog\/category\/policiales\/"},"img":{"alt_text":"","src":"https:\/\/i0.wp.com\/larevistadigital.com.ar\/blog\/wp-content\/uploads\/Screenshot_2-124.jpg?fit=1012%2C567&ssl=1&resize=350%2C200","width":350,"height":200,"srcset":"https:\/\/i0.wp.com\/larevistadigital.com.ar\/blog\/wp-content\/uploads\/Screenshot_2-124.jpg?fit=1012%2C567&ssl=1&resize=350%2C200 1x, https:\/\/i0.wp.com\/larevistadigital.com.ar\/blog\/wp-content\/uploads\/Screenshot_2-124.jpg?fit=1012%2C567&ssl=1&resize=525%2C300 1.5x, https:\/\/i0.wp.com\/larevistadigital.com.ar\/blog\/wp-content\/uploads\/Screenshot_2-124.jpg?fit=1012%2C567&ssl=1&resize=700%2C400 2x"},"classes":[]},{"id":25856,"url":"https:\/\/larevistadigital.com.ar\/blog\/accidente-fatal-entre-un-auto-y-una-moto-un-muerto\/","url_meta":{"origin":30107,"position":3},"title":"ACCIDENTE FATAL ENTRE UN AUTO Y UNA MOTO: UN MUERTO","author":"Alejandro Sosa Ruda","date":"13 junio, 2022","format":false,"excerpt":"Ocurri\u00f3 este domingo a la tarde a la altura de Santa Isabel cuando el veh\u00edculo de mayor porte gir\u00f3 en U para entrar al barrio y embisti\u00f3 la moto, cuyo conductor de 51 a\u00f1os falleci\u00f3 en el acto. MAR DEL PLATA -\u00a0 Un hombre de 51 a\u00f1os\u00a0muri\u00f3 este domingo por\u2026","rel":"","context":"En \u00abREGIONALES\u00bb","block_context":{"text":"REGIONALES","link":"https:\/\/larevistadigital.com.ar\/blog\/category\/regionales\/"},"img":{"alt_text":"","src":"https:\/\/i0.wp.com\/larevistadigital.com.ar\/blog\/wp-content\/uploads\/CHOQUE-MOTO-.png?fit=818%2C402&ssl=1&resize=350%2C200","width":350,"height":200,"srcset":"https:\/\/i0.wp.com\/larevistadigital.com.ar\/blog\/wp-content\/uploads\/CHOQUE-MOTO-.png?fit=818%2C402&ssl=1&resize=350%2C200 1x, https:\/\/i0.wp.com\/larevistadigital.com.ar\/blog\/wp-content\/uploads\/CHOQUE-MOTO-.png?fit=818%2C402&ssl=1&resize=525%2C300 1.5x, https:\/\/i0.wp.com\/larevistadigital.com.ar\/blog\/wp-content\/uploads\/CHOQUE-MOTO-.png?fit=818%2C402&ssl=1&resize=700%2C400 2x"},"classes":[]},{"id":32531,"url":"https:\/\/larevistadigital.com.ar\/blog\/la-plata-choque-y-vuelco-en-camino\/","url_meta":{"origin":30107,"position":4},"title":"LA PLATA: CHOQUE Y VUELCO EN CAMINO","author":"Alejandro Sosa Ruda","date":"21 julio, 2023","format":false,"excerpt":"El accidente ocurri\u00f3 pasado el mediod\u00eda, cuando uno de los veh\u00edculos habr\u00eda cruzado mal sobre el Centenario, llev\u00e1ndose puesto al otro rodado. 20 de julio de 2023 LA PLATA\u00a0 -\u00a0 El Camino Centenario\u00a0suma un nuevo choque en lo que va de la semana, luego del accidente entre un auto y\u2026","rel":"","context":"En \u00abINTERES GENERAL\u00bb","block_context":{"text":"INTERES GENERAL","link":"https:\/\/larevistadigital.com.ar\/blog\/category\/interes-general\/"},"img":{"alt_text":"","src":"https:\/\/i0.wp.com\/larevistadigital.com.ar\/blog\/wp-content\/uploads\/1689883599501.jpeg?fit=1200%2C594&ssl=1&resize=350%2C200","width":350,"height":200,"srcset":"https:\/\/i0.wp.com\/larevistadigital.com.ar\/blog\/wp-content\/uploads\/1689883599501.jpeg?fit=1200%2C594&ssl=1&resize=350%2C200 1x, https:\/\/i0.wp.com\/larevistadigital.com.ar\/blog\/wp-content\/uploads\/1689883599501.jpeg?fit=1200%2C594&ssl=1&resize=525%2C300 1.5x, https:\/\/i0.wp.com\/larevistadigital.com.ar\/blog\/wp-content\/uploads\/1689883599501.jpeg?fit=1200%2C594&ssl=1&resize=700%2C400 2x, https:\/\/i0.wp.com\/larevistadigital.com.ar\/blog\/wp-content\/uploads\/1689883599501.jpeg?fit=1200%2C594&ssl=1&resize=1050%2C600 3x"},"classes":[]},{"id":9032,"url":"https:\/\/larevistadigital.com.ar\/blog\/san-vicente-accidente-fatal-en-ruta-6\/","url_meta":{"origin":30107,"position":5},"title":"SAN VICENTE: ACCIDENTE FATAL EN RUTA 6","author":"Alejandro Sosa Ruda","date":"12 marzo, 2019","format":false,"excerpt":"En las \u00faltimas horas se produjo un\u00a0grave accidente\u00a0en\u00a0ruta 6\u00a0a la altura del\u00a0peaje en construcci\u00f3n\u00a0de\u00a0San Vicente, donde lamentablemente\u00a0falleci\u00f3 el conductor de un cami\u00f3n, tras impactar con otro cami\u00f3n. La v\u00edctima fatal es un hombre de 28 a\u00f1os de edad. Fuentes policiales indicaron a\u00a0DLN\u00a0que en la ruta 6, un cami\u00f3n Mercedes Benz\u00a0colision\u00f3\u2026","rel":"","context":"En \u00abPOLICIALES\u00bb","block_context":{"text":"POLICIALES","link":"https:\/\/larevistadigital.com.ar\/blog\/category\/policiales\/"},"img":{"alt_text":"","src":"https:\/\/i0.wp.com\/larevistadigital.com.ar\/blog\/wp-content\/uploads\/2019\/03\/WhatsApp-Image-2019-03-12-at-09.41.18.jpeg?fit=1024%2C575&ssl=1&resize=350%2C200","width":350,"height":200,"srcset":"https:\/\/i0.wp.com\/larevistadigital.com.ar\/blog\/wp-content\/uploads\/2019\/03\/WhatsApp-Image-2019-03-12-at-09.41.18.jpeg?fit=1024%2C575&ssl=1&resize=350%2C200 1x, https:\/\/i0.wp.com\/larevistadigital.com.ar\/blog\/wp-content\/uploads\/2019\/03\/WhatsApp-Image-2019-03-12-at-09.41.18.jpeg?fit=1024%2C575&ssl=1&resize=525%2C300 1.5x, https:\/\/i0.wp.com\/larevistadigital.com.ar\/blog\/wp-content\/uploads\/2019\/03\/WhatsApp-Image-2019-03-12-at-09.41.18.jpeg?fit=1024%2C575&ssl=1&resize=700%2C400 2x"},"classes":[]}],"_links":{"self":[{"href":"https:\/\/larevistadigital.com.ar\/blog\/wp-json\/wp\/v2\/posts\/30107","targetHints":{"allow":["GET"]}}],"collection":[{"href":"https:\/\/larevistadigital.com.ar\/blog\/wp-json\/wp\/v2\/posts"}],"about":[{"href":"https:\/\/larevistadigital.com.ar\/blog\/wp-json\/wp\/v2\/types\/post"}],"author":[{"embeddable":true,"href":"https:\/\/larevistadigital.com.ar\/blog\/wp-json\/wp\/v2\/users\/3"}],"replies":[{"embeddable":true,"href":"https:\/\/larevistadigital.com.ar\/blog\/wp-json\/wp\/v2\/comments?post=30107"}],"version-history":[{"count":1,"href":"https:\/\/larevistadigital.com.ar\/blog\/wp-json\/wp\/v2\/posts\/30107\/revisions"}],"predecessor-version":[{"id":30109,"href":"https:\/\/larevistadigital.com.ar\/blog\/wp-json\/wp\/v2\/posts\/30107\/revisions\/30109"}],"wp:featuredmedia":[{"embeddable":true,"href":"https:\/\/larevistadigital.com.ar\/blog\/wp-json\/wp\/v2\/media\/30108"}],"wp:attachment":[{"href":"https:\/\/larevistadigital.com.ar\/blog\/wp-json\/wp\/v2\/media?parent=30107"}],"wp:term":[{"taxonomy":"category","embeddable":true,"href":"https:\/\/larevistadigital.com.ar\/blog\/wp-json\/wp\/v2\/categories?post=30107"},{"taxonomy":"post_tag","embeddable":true,"href":"https:\/\/larevistadigital.com.ar\/blog\/wp-json\/wp\/v2\/tags?post=30107"}],"curies":[{"name":"wp","href":"https:\/\/api.w.org\/{rel}","templated":true}]}}