{"id":30110,"date":"2023-02-10T22:21:16","date_gmt":"2023-02-10T22:21:16","guid":{"rendered":"https:\/\/larevistadigital.com.ar\/blog\/?p=30110"},"modified":"2023-02-10T22:21:16","modified_gmt":"2023-02-10T22:21:16","slug":"mar-del-plata-detienen-a-tres-hombres-por-el-asalto-a-una-estancia","status":"publish","type":"post","link":"https:\/\/larevistadigital.com.ar\/blog\/mar-del-plata-detienen-a-tres-hombres-por-el-asalto-a-una-estancia\/","title":{"rendered":"MAR DEL PLATA: DETIENEN A TRES HOMBRES POR EL ASALTO A UNA ESTANCIA"},"content":{"rendered":"<h2>Las v\u00edctimas del hecho fueron dos mujeres jubiladas en el paraje El Verano, entre Balcarce y Napaleof\u00fa.<\/h2>\n<p>10 de febrero de 2023<\/p>\n<p><strong>MAR DEL PLATA &#8211;\u00a0 <\/strong>Luego de algunos allanamientos, se detuvo a tres hombres que habr\u00edan tenido relaci\u00f3n con un hecho de robo contra dos mujeres en una estancia en las cercan\u00edas de Balcarce.<\/p>\n<blockquote>\n<h3>Las actuaciones, fueron ordenadas por el fiscal Rodolfo Moure y la Justicia de Garant\u00edas, fue llevado a cabo por el Comando de Prevenci\u00f3n Rural Balcarce, misma dependencia que se encargo de investigar el asalto que hab\u00eda ocurrido el 25 de enero pasado.<\/h3>\n<\/blockquote>\n<p>En aquella oportunidad, las dos amigas se encontraban mirando televisi\u00f3n en una estancia en el paraje El Verano, cuando cerca de la medianoche, tres hombres armados ingresaron al lugar, revisaron toda la casa, profiriendo amenazas y se apropiaron de dinero en efectivo y dos carabinas, para luego huir en un autom\u00f3vil que los esperaba afuera con un cuarto integrante de la banda.<\/p>\n<blockquote>\n<h3>La investigaci\u00f3n, teniendo en cuanta los testimonios de las v\u00edctimas, y el aporte de las c\u00e1maras de seguridad de la zona rural aportadas por el C.O.M Balcarce, por el peaje El Dorado y por el C.O.M. de General Pueyrredon, posibilitaron dar con los domicilios que a posteriori fueron allanados.<\/h3>\n<\/blockquote>\n<p>As\u00ed se llevaron a cabo tres allanamientos en Mar del Plata, a cargo del\u00a0 Comando de Patrulla Rural Balcarce, y el apoyo de sus pares de Mar Chiquita, General Pueyrredon, General Alvarado, Sub DDI Balcarce, Cuerpo de Caballer\u00eda MdP, Infanter\u00eda MdP, Grupo T\u00e1ctico Jaguar de UTOI, Grupo T\u00e1ctico Halc\u00f3n y Grupo T\u00e1ctico de G.A.D, entre otros.<\/p>\n<p><img data-recalc-dims=\"1\" loading=\"lazy\" decoding=\"async\" class=\"alignnone size-large wp-image-775877\" src=\"https:\/\/i0.wp.com\/storage.lacapitalmdp.com\/2023\/02\/atentao-1024x594.jpg?resize=1024%2C594&#038;ssl=1\" alt=\"atentao\" width=\"1024\" height=\"594\" \/><\/p>\n<blockquote>\n<h3>En el la casa de uno de los investigados la polic\u00eda secuestr\u00f3 dinero en efectivo y prendas de vestir, mientras que en otro se hallaron 1 revolver calibre 22 largo, 02 municiones calibre .22 largo, ropas oscuras y 8 celulares.<\/h3>\n<\/blockquote>\n<p>En la restante vivienda allanada tambi\u00e9n se secuestr\u00f3 1 revolver calibre 357, 5 municiones calibre .38, 6 celulares y 17 plantas de marihuana, adem\u00e1s de dos frascos de cogollos, 01 balanza de precisi\u00f3n.<\/p>\n<p>Todos quedaron detenidos, en principio, por el delito de<em><strong> \u201crobo agravado por comisi\u00f3n en despoblado y en banda\u201d<\/strong><\/em> a los propietarios de los domicilios e investigados. Por otro lado se labraron actuaciones por<strong> \u201ctenencia de arma de fuego\u201d, \u201ctenencia de arma de guerra\u201d y \u201ctenencia de estupefacientes\u201d<\/strong>, disponiendo el traslado de tres de ellos a la U.P. 44 de Bat\u00e1n.<\/p>\n<p>fuente: Diario La Capital<\/p>\n","protected":false},"excerpt":{"rendered":"<div class=\"mh-excerpt\"><p>Las v\u00edctimas del hecho fueron dos mujeres jubiladas en el paraje El Verano, entre Balcarce y Napaleof\u00fa. 10 de febrero de 2023 MAR DEL PLATA &#8211;\u00a0 Luego de algunos allanamientos, se detuvo a tres hombres <a class=\"mh-excerpt-more\" href=\"https:\/\/larevistadigital.com.ar\/blog\/mar-del-plata-detienen-a-tres-hombres-por-el-asalto-a-una-estancia\/\" title=\"MAR DEL PLATA: DETIENEN A TRES HOMBRES POR EL ASALTO A UNA ESTANCIA\">[Leer M\u00e1s]<\/a><\/p>\n<\/div>","protected":false},"author":3,"featured_media":30111,"comment_status":"open","ping_status":"open","sticky":false,"template":"","format":"standard","meta":{"_jetpack_memberships_contains_paid_content":false,"footnotes":"","jetpack_publicize_message":"","jetpack_publicize_feature_enabled":true,"jetpack_social_post_already_shared":true,"jetpack_social_options":{"image_generator_settings":{"template":"highway","default_image_id":0,"font":"","enabled":false},"version":2}},"categories":[44,51],"tags":[],"class_list":{"0":"post-30110","1":"post","2":"type-post","3":"status-publish","4":"format-standard","5":"has-post-thumbnail","7":"category-policiales","8":"category-regionales"},"jetpack_publicize_connections":[],"jetpack_featured_media_url":"https:\/\/i0.wp.com\/larevistadigital.com.ar\/blog\/wp-content\/uploads\/ROBO-MDQ.jpg?fit=776%2C418&ssl=1","jetpack_sharing_enabled":true,"jetpack_shortlink":"https:\/\/wp.me\/p8qtrQ-7PE","jetpack-related-posts":[{"id":20753,"url":"https:\/\/larevistadigital.com.ar\/blog\/increible-presos-se-hacian-pasar-por-mujeres-en-las-redes-para-extorsionar-a-hombres-que-se-contactaban\/","url_meta":{"origin":30110,"position":0},"title":"INCRE\u00cdBLE: PRESOS SE HAC\u00cdAN PASAR POR MUJERES EN LAS REDES PARA EXTORSIONAR A HOMBRES QUE SE CONTACTABAN","author":"Alejandro Sosa Ruda","date":"16 junio, 2021","format":false,"excerpt":"Tienen 19 y 24 a\u00f1os. Exig\u00edan 30 mil pesos a uno de los damnificados. Allanaron las celdas en la Unidad Penal 44 de Bat\u00e1n y se les form\u00f3 una nueva causa. MAR DEL PLATA - Dos sujetos de 19 y 24 a\u00f1os que desde la Unidad Penal 44 de Bat\u00e1n\u2026","rel":"","context":"En \u00abPOLICIALES\u00bb","block_context":{"text":"POLICIALES","link":"https:\/\/larevistadigital.com.ar\/blog\/category\/policiales\/"},"img":{"alt_text":"","src":"https:\/\/i0.wp.com\/larevistadigital.com.ar\/blog\/wp-content\/uploads\/batan.png?fit=1007%2C562&ssl=1&resize=350%2C200","width":350,"height":200,"srcset":"https:\/\/i0.wp.com\/larevistadigital.com.ar\/blog\/wp-content\/uploads\/batan.png?fit=1007%2C562&ssl=1&resize=350%2C200 1x, https:\/\/i0.wp.com\/larevistadigital.com.ar\/blog\/wp-content\/uploads\/batan.png?fit=1007%2C562&ssl=1&resize=525%2C300 1.5x, https:\/\/i0.wp.com\/larevistadigital.com.ar\/blog\/wp-content\/uploads\/batan.png?fit=1007%2C562&ssl=1&resize=700%2C400 2x"},"classes":[]},{"id":28708,"url":"https:\/\/larevistadigital.com.ar\/blog\/mar-del-plata-hallan-muerto-en-el-puerto-a-un-joven-de-balcarce\/","url_meta":{"origin":30110,"position":1},"title":"MAR DEL PLATA: HALLAN MUERTO EN EL PUERTO A UN JOVEN DE BALCARCE","author":"Alejandro Sosa Ruda","date":"31 octubre, 2022","format":false,"excerpt":"Se trata de establecer las causas pero se presume que fue atropellado por un automovilista que huy\u00f3 del lugar. 31 de octubre de 2022 MAR DEL PLATA -\u00a0 Un joven de 24 a\u00f1os, oriundo de la localidad de Balcarce, fue hallado sin vida en una calle del Puerto y por\u2026","rel":"","context":"En \u00abINTERES GENERAL\u00bb","block_context":{"text":"INTERES GENERAL","link":"https:\/\/larevistadigital.com.ar\/blog\/category\/interes-general\/"},"img":{"alt_text":"","src":"https:\/\/i0.wp.com\/larevistadigital.com.ar\/blog\/wp-content\/uploads\/ambulancia-same.png?fit=806%2C432&ssl=1&resize=350%2C200","width":350,"height":200,"srcset":"https:\/\/i0.wp.com\/larevistadigital.com.ar\/blog\/wp-content\/uploads\/ambulancia-same.png?fit=806%2C432&ssl=1&resize=350%2C200 1x, https:\/\/i0.wp.com\/larevistadigital.com.ar\/blog\/wp-content\/uploads\/ambulancia-same.png?fit=806%2C432&ssl=1&resize=525%2C300 1.5x, https:\/\/i0.wp.com\/larevistadigital.com.ar\/blog\/wp-content\/uploads\/ambulancia-same.png?fit=806%2C432&ssl=1&resize=700%2C400 2x"},"classes":[]},{"id":23800,"url":"https:\/\/larevistadigital.com.ar\/blog\/mar-del-plata-balean-a-joven-por-resistirse-a-que-le-roben-la-moto\/","url_meta":{"origin":30110,"position":2},"title":"MAR DEL PLATA: BALEAN A JOVEN POR RESISTIRSE A QUE LE ROBEN LA MOTO","author":"Alejandro Sosa Ruda","date":"3 febrero, 2022","format":false,"excerpt":"La v\u00edctima tiene 21 a\u00f1os y fue internada en el Hospital Interzonal General de Agudos tras sufrir una herida de bala en el abdomen. El hecho ocurri\u00f3 en el barrio Florentino Ameghino. MAR DEL PLATA -\u00a0 Un joven de 21 a\u00f1os fue baleado al resistirse al robo de su motocicleta\u2026","rel":"","context":"En \u00abPOLICIALES\u00bb","block_context":{"text":"POLICIALES","link":"https:\/\/larevistadigital.com.ar\/blog\/category\/policiales\/"},"img":{"alt_text":"","src":"https:\/\/i0.wp.com\/larevistadigital.com.ar\/blog\/wp-content\/uploads\/higa.jpg?fit=1140%2C708&ssl=1&resize=350%2C200","width":350,"height":200,"srcset":"https:\/\/i0.wp.com\/larevistadigital.com.ar\/blog\/wp-content\/uploads\/higa.jpg?fit=1140%2C708&ssl=1&resize=350%2C200 1x, https:\/\/i0.wp.com\/larevistadigital.com.ar\/blog\/wp-content\/uploads\/higa.jpg?fit=1140%2C708&ssl=1&resize=525%2C300 1.5x, https:\/\/i0.wp.com\/larevistadigital.com.ar\/blog\/wp-content\/uploads\/higa.jpg?fit=1140%2C708&ssl=1&resize=700%2C400 2x, https:\/\/i0.wp.com\/larevistadigital.com.ar\/blog\/wp-content\/uploads\/higa.jpg?fit=1140%2C708&ssl=1&resize=1050%2C600 3x"},"classes":[]},{"id":31287,"url":"https:\/\/larevistadigital.com.ar\/blog\/muere-aplastado-un-trabajador-rural-por-el-tractor-con-acoplado-que-conducia\/","url_meta":{"origin":30110,"position":3},"title":"MUERE APLASTADO UN TRABAJADOR RURAL, POR EL TRACTOR CON ACOPLADO QUE CONDUC\u00cdA","author":"Alejandro Sosa Ruda","date":"28 abril, 2023","format":false,"excerpt":"El siniestro se produjo en el paraje \u201cCinco Cerros\u201d de Balcarce. El trabajador muri\u00f3 en el acto. 28 de abril de 2023 BALCARCE -\u00a0 Un trabajador rural perdi\u00f3 la vida al volcar el tractor que conduc\u00eda en un camino rural de Balcarce, que conduce desde la Ruta Nacional 226 hacia\u2026","rel":"","context":"En \u00abPOLICIALES\u00bb","block_context":{"text":"POLICIALES","link":"https:\/\/larevistadigital.com.ar\/blog\/category\/policiales\/"},"img":{"alt_text":"","src":"https:\/\/i0.wp.com\/larevistadigital.com.ar\/blog\/wp-content\/uploads\/Captura-de-pantalla-2023-04-28-133604.png?fit=809%2C432&ssl=1&resize=350%2C200","width":350,"height":200,"srcset":"https:\/\/i0.wp.com\/larevistadigital.com.ar\/blog\/wp-content\/uploads\/Captura-de-pantalla-2023-04-28-133604.png?fit=809%2C432&ssl=1&resize=350%2C200 1x, https:\/\/i0.wp.com\/larevistadigital.com.ar\/blog\/wp-content\/uploads\/Captura-de-pantalla-2023-04-28-133604.png?fit=809%2C432&ssl=1&resize=525%2C300 1.5x, https:\/\/i0.wp.com\/larevistadigital.com.ar\/blog\/wp-content\/uploads\/Captura-de-pantalla-2023-04-28-133604.png?fit=809%2C432&ssl=1&resize=700%2C400 2x"},"classes":[]},{"id":40932,"url":"https:\/\/larevistadigital.com.ar\/blog\/mar-del-plata-pasajero-de-uber-le-apunto-con-arma-a-la-conductora-y-le-robo-el-auto\/","url_meta":{"origin":30110,"position":4},"title":"Mar del Plata: Pasajero de Uber le apunt\u00f3 con arma a la conductora y le rob\u00f3 el auto","author":"Alejandro Sosa Ruda","date":"15 agosto, 2025","format":false,"excerpt":"La v\u00edctima es una mujer de 60 a\u00f1os. Recuperaron el rodado y aprehendieron a tres hombres. 15 de agosto de 2025 MAR DEL PLATA -\u00a0 \u00a0Una mujer de 60 a\u00f1os, que trabajaba con la aplicaci\u00f3n Uber, fue v\u00edctima de un violento asalto el jueves por la noche, cuando un hombre\u2026","rel":"","context":"En \u00abPOLICIALES\u00bb","block_context":{"text":"POLICIALES","link":"https:\/\/larevistadigital.com.ar\/blog\/category\/policiales\/"},"img":{"alt_text":"","src":"","width":0,"height":0},"classes":[]},{"id":26385,"url":"https:\/\/larevistadigital.com.ar\/blog\/balcarce-roban-y-picanean-a-un-productor-rural\/","url_meta":{"origin":30110,"position":5},"title":"BALCARCE: ROBAN Y PICANEAN A UN PRODUCTOR RURAL","author":"Alejandro Sosa Ruda","date":"5 julio, 2022","format":false,"excerpt":"Fue sorprendido junto a su esposa en el establecimiento rural \u201cLa Florida\u201d. Al menos tres delincuentes irrumpieron y los atacaron con ferocidad. BALCARCE -\u00a0 Un productor agropecuario y su esposa fueron abordados por tres delincuentes el viernes a la noche en el establecimiento rural \u201cLa Florida\u201d, quienes los ataron y\u2026","rel":"","context":"En \u00abPOLICIALES\u00bb","block_context":{"text":"POLICIALES","link":"https:\/\/larevistadigital.com.ar\/blog\/category\/policiales\/"},"img":{"alt_text":"","src":"https:\/\/i0.wp.com\/larevistadigital.com.ar\/blog\/wp-content\/uploads\/1620734311775.jpg?fit=1200%2C777&ssl=1&resize=350%2C200","width":350,"height":200,"srcset":"https:\/\/i0.wp.com\/larevistadigital.com.ar\/blog\/wp-content\/uploads\/1620734311775.jpg?fit=1200%2C777&ssl=1&resize=350%2C200 1x, https:\/\/i0.wp.com\/larevistadigital.com.ar\/blog\/wp-content\/uploads\/1620734311775.jpg?fit=1200%2C777&ssl=1&resize=525%2C300 1.5x, https:\/\/i0.wp.com\/larevistadigital.com.ar\/blog\/wp-content\/uploads\/1620734311775.jpg?fit=1200%2C777&ssl=1&resize=700%2C400 2x, https:\/\/i0.wp.com\/larevistadigital.com.ar\/blog\/wp-content\/uploads\/1620734311775.jpg?fit=1200%2C777&ssl=1&resize=1050%2C600 3x"},"classes":[]}],"_links":{"self":[{"href":"https:\/\/larevistadigital.com.ar\/blog\/wp-json\/wp\/v2\/posts\/30110","targetHints":{"allow":["GET"]}}],"collection":[{"href":"https:\/\/larevistadigital.com.ar\/blog\/wp-json\/wp\/v2\/posts"}],"about":[{"href":"https:\/\/larevistadigital.com.ar\/blog\/wp-json\/wp\/v2\/types\/post"}],"author":[{"embeddable":true,"href":"https:\/\/larevistadigital.com.ar\/blog\/wp-json\/wp\/v2\/users\/3"}],"replies":[{"embeddable":true,"href":"https:\/\/larevistadigital.com.ar\/blog\/wp-json\/wp\/v2\/comments?post=30110"}],"version-history":[{"count":1,"href":"https:\/\/larevistadigital.com.ar\/blog\/wp-json\/wp\/v2\/posts\/30110\/revisions"}],"predecessor-version":[{"id":30112,"href":"https:\/\/larevistadigital.com.ar\/blog\/wp-json\/wp\/v2\/posts\/30110\/revisions\/30112"}],"wp:featuredmedia":[{"embeddable":true,"href":"https:\/\/larevistadigital.com.ar\/blog\/wp-json\/wp\/v2\/media\/30111"}],"wp:attachment":[{"href":"https:\/\/larevistadigital.com.ar\/blog\/wp-json\/wp\/v2\/media?parent=30110"}],"wp:term":[{"taxonomy":"category","embeddable":true,"href":"https:\/\/larevistadigital.com.ar\/blog\/wp-json\/wp\/v2\/categories?post=30110"},{"taxonomy":"post_tag","embeddable":true,"href":"https:\/\/larevistadigital.com.ar\/blog\/wp-json\/wp\/v2\/tags?post=30110"}],"curies":[{"name":"wp","href":"https:\/\/api.w.org\/{rel}","templated":true}]}}