{"id":30113,"date":"2023-02-10T22:27:43","date_gmt":"2023-02-10T22:27:43","guid":{"rendered":"https:\/\/larevistadigital.com.ar\/blog\/?p=30113"},"modified":"2023-02-10T22:27:43","modified_gmt":"2023-02-10T22:27:43","slug":"la-plata-encuentran-muerto-a-un-hombre-en-el-techo-de-su-casa","status":"publish","type":"post","link":"https:\/\/larevistadigital.com.ar\/blog\/la-plata-encuentran-muerto-a-un-hombre-en-el-techo-de-su-casa\/","title":{"rendered":"LA PLATA: ENCUENTRAN MUERTO A UN HOMBRE EN EL TECHO DE SU CASA."},"content":{"rendered":"<h2 class=\"negrita\">Los vecinos de la zona sintieron un olor nauseabundo que proven\u00eda de esa casa y llamaron a la Polic\u00eda. Esperan el resultado de la autopsia.<\/h2>\n<p class=\"fecha\">10 de febrero de 2023<\/p>\n<div class=\"texto\">\n<p>Momentos de gran conmoci\u00f3n se vivieron en Villa Elvira\u00a0luego de que\u00a0<strong>fuera hallado sin vida una persona de alrededor de 30 a\u00f1os\u00a0sobre el techo de su vivienda en 122 entre 604 y 605<\/strong>. La Polic\u00eda fue alertada por los vecinos del barrio, quienes denunciaron que en los \u00faltimos d\u00edas sent\u00edan olores nauseabundos y no pod\u00edan dar con el due\u00f1o de la propiedad. Ahora investigan qu\u00e9 pas\u00f3.<\/p>\n<blockquote>\n<h3>Fuentes policiales indicaron que por ese motivo se acerc\u00f3 al lugar de los hechos. Tras una breve inspecci\u00f3n por la casa, los investigadores dieron con el cad\u00e1ver de un joven.<\/h3>\n<\/blockquote>\n<div class=\"googlemaps\">\n\t\t\t\t<iframe loading=\"lazy\" width=\"100\" height=\"450\" frameborder=\"0\" scrolling=\"no\" marginheight=\"0\" marginwidth=\"0\"  src=\"https:\/\/www.google.com\/maps\/embed?pb=!1m18!1m12!1m3!1d3270.6674786737954!2d-57.88527478416693!3d-34.93987558287024!2m3!1f0!2f0!3f0!3m2!1i1024!2i768!4f13.1!3m3!1m2!1s0x95a2ef1ab901e5ed:0x3a2a7e2e131cd3e!2sC.%20604%20&#038;%20C.%20122%20N,%20B1914%20Villa%20Elvira,%20Provincia%20de%20Buenos%20Aires!5e0!3m2!1ses!2sar!4v1676065282689!5m2!1ses!2sar\"><\/iframe>\n\t\t\t<\/div>\n<p>De acuerdo a los testimonios recabados por el barrio, el sujeto no estaba atravesando un buen momento personal por una pelea con su pareja. Fuentes policiales indicaron al portal <strong>0221.com.ar<\/strong>\u00a0que de acuerdo a los testimonios recogidos en el lugar despu\u00e9s de esa pelea, la v\u00edctima se hab\u00eda ido del lugar, aunque nadie habr\u00eda estado al tanto de que en realidad se subi\u00f3 al techo.<\/p>\n<p>Las autoridades esperan el resultado de la autopsia para determinar qu\u00e9 ocurri\u00f3 y entre las hip\u00f3tesis se barajan que podr\u00eda haber quitado la vida o que muri\u00f3 como consecuencia de alguna sustancia, producto de un presunto historial de consumo problem\u00e1tico.<\/p>\n<\/div>\n","protected":false},"excerpt":{"rendered":"<div class=\"mh-excerpt\"><p>Los vecinos de la zona sintieron un olor nauseabundo que proven\u00eda de esa casa y llamaron a la Polic\u00eda. Esperan el resultado de la autopsia. 10 de febrero de 2023 Momentos de gran conmoci\u00f3n se <a class=\"mh-excerpt-more\" href=\"https:\/\/larevistadigital.com.ar\/blog\/la-plata-encuentran-muerto-a-un-hombre-en-el-techo-de-su-casa\/\" title=\"LA PLATA: ENCUENTRAN MUERTO A UN HOMBRE EN EL TECHO DE SU CASA.\">[Leer M\u00e1s]<\/a><\/p>\n<\/div>","protected":false},"author":3,"featured_media":30114,"comment_status":"open","ping_status":"open","sticky":false,"template":"","format":"standard","meta":{"_jetpack_memberships_contains_paid_content":false,"footnotes":"","jetpack_publicize_message":"","jetpack_publicize_feature_enabled":true,"jetpack_social_post_already_shared":true,"jetpack_social_options":{"image_generator_settings":{"template":"highway","default_image_id":0,"font":"","enabled":false},"version":2}},"categories":[50,44],"tags":[],"class_list":{"0":"post-30113","1":"post","2":"type-post","3":"status-publish","4":"format-standard","5":"has-post-thumbnail","7":"category-interes-general","8":"category-policiales"},"jetpack_publicize_connections":[],"jetpack_featured_media_url":"https:\/\/i0.wp.com\/larevistadigital.com.ar\/blog\/wp-content\/uploads\/1621011388344.jpg?fit=1920%2C950&ssl=1","jetpack_sharing_enabled":true,"jetpack_shortlink":"https:\/\/wp.me\/p8qtrQ-7PH","jetpack-related-posts":[{"id":19924,"url":"https:\/\/larevistadigital.com.ar\/blog\/trepo-a-los-techos-para-robar-y-fue-descubierto-por-los-vecinos\/","url_meta":{"origin":30113,"position":0},"title":"TREP\u00d3 A LOS TECHOS PARA ROBAR Y FUE DESCUBIERTO POR LOS VECINOS","author":"Alejandro Sosa Ruda","date":"29 abril, 2021","format":false,"excerpt":"Sucedi\u00f3 en el barrio Las Heras. El protagonista del intento de robo tiene 32 a\u00f1os y qued\u00f3 alojado en la alcaid\u00eda penitenciaria de Bat\u00e1n. MAR DEL PLATA - El llamado de un vecino al 911 al notar que una persona sub\u00eda al techo de la casa de su vecina de\u2026","rel":"","context":"En \u00abPOLICIALES\u00bb","block_context":{"text":"POLICIALES","link":"https:\/\/larevistadigital.com.ar\/blog\/category\/policiales\/"},"img":{"alt_text":"","src":"https:\/\/i0.wp.com\/larevistadigital.com.ar\/blog\/wp-content\/uploads\/TREPADOR.png?fit=998%2C557&ssl=1&resize=350%2C200","width":350,"height":200,"srcset":"https:\/\/i0.wp.com\/larevistadigital.com.ar\/blog\/wp-content\/uploads\/TREPADOR.png?fit=998%2C557&ssl=1&resize=350%2C200 1x, https:\/\/i0.wp.com\/larevistadigital.com.ar\/blog\/wp-content\/uploads\/TREPADOR.png?fit=998%2C557&ssl=1&resize=525%2C300 1.5x, https:\/\/i0.wp.com\/larevistadigital.com.ar\/blog\/wp-content\/uploads\/TREPADOR.png?fit=998%2C557&ssl=1&resize=700%2C400 2x"},"classes":[]},{"id":14443,"url":"https:\/\/larevistadigital.com.ar\/blog\/chascomus-vecinos-alertan-a-la-policia-por-ruidos-en-los-techos-y-detienen-a-dos-personas\/","url_meta":{"origin":30113,"position":1},"title":"CHASCOM\u00daS: VECINOS ALERTAN A LA POLIC\u00cdA POR \u00abRUIDOS EN LOS TECHOS\u00bb Y DETIENEN A DOS PERSONAS","author":"Alejandro Sosa Ruda","date":"29 enero, 2020","format":false,"excerpt":"Personal E.P.C. Chascomus (Cria. Chascomus) juntamente con DDI CHASCOMUS concurrieron a llamado de vecinos en calle Garay e Hipolito Irigoyen de este medio en raz\u00f3n que escuchaban pasos sobre los techos de una carnicer\u00eda (LA BARRERA) y veterinaria (HUELLAS) existente en el lugar, donde lograron la aprehensi\u00f3n de dos masculinos\u2026","rel":"","context":"En \u00abCHASCOM\u00daS\u00bb","block_context":{"text":"CHASCOM\u00daS","link":"https:\/\/larevistadigital.com.ar\/blog\/category\/chascomus\/"},"img":{"alt_text":"","src":"https:\/\/i0.wp.com\/larevistadigital.com.ar\/blog\/wp-content\/uploads\/2019\/01\/bbx_755050019_comisaria_chasco_01.jpg?fit=800%2C579&ssl=1&resize=350%2C200","width":350,"height":200,"srcset":"https:\/\/i0.wp.com\/larevistadigital.com.ar\/blog\/wp-content\/uploads\/2019\/01\/bbx_755050019_comisaria_chasco_01.jpg?fit=800%2C579&ssl=1&resize=350%2C200 1x, https:\/\/i0.wp.com\/larevistadigital.com.ar\/blog\/wp-content\/uploads\/2019\/01\/bbx_755050019_comisaria_chasco_01.jpg?fit=800%2C579&ssl=1&resize=525%2C300 1.5x, https:\/\/i0.wp.com\/larevistadigital.com.ar\/blog\/wp-content\/uploads\/2019\/01\/bbx_755050019_comisaria_chasco_01.jpg?fit=800%2C579&ssl=1&resize=700%2C400 2x"},"classes":[]},{"id":20963,"url":"https:\/\/larevistadigital.com.ar\/blog\/quisieron-robarle-a-un-jubilado-pero-huyeron-corriendo-cuando-el-hombre-disparo-hacia-el-techo\/","url_meta":{"origin":30113,"position":2},"title":"QUISIERON ROBARLE A UN JUBILADO, PERO HUYERON CORRIENDO CUANDO EL HOMBRE DISPAR\u00d3 HACIA EL TECHO","author":"Alejandro Sosa Ruda","date":"30 junio, 2021","format":false,"excerpt":"El hombre, de 81 a\u00f1os, estaba junto a su hija de 50 en la vivienda del barrio Estrada. Los ladrones se fugaron tras escuchar la detonaci\u00f3n efectuada por la v\u00edctima, con un arma de fuego de su propiedad. MAR DEL PLATA -\u00a0 Dos delincuentes\u00a0intentaron asaltar\u00a0este martes\u00a0a un jubilado de 81\u2026","rel":"","context":"En \u00abPOLICIALES\u00bb","block_context":{"text":"POLICIALES","link":"https:\/\/larevistadigital.com.ar\/blog\/category\/policiales\/"},"img":{"alt_text":"","src":"https:\/\/i0.wp.com\/larevistadigital.com.ar\/blog\/wp-content\/uploads\/PATRULLERO.png?fit=1013%2C668&ssl=1&resize=350%2C200","width":350,"height":200,"srcset":"https:\/\/i0.wp.com\/larevistadigital.com.ar\/blog\/wp-content\/uploads\/PATRULLERO.png?fit=1013%2C668&ssl=1&resize=350%2C200 1x, https:\/\/i0.wp.com\/larevistadigital.com.ar\/blog\/wp-content\/uploads\/PATRULLERO.png?fit=1013%2C668&ssl=1&resize=525%2C300 1.5x, https:\/\/i0.wp.com\/larevistadigital.com.ar\/blog\/wp-content\/uploads\/PATRULLERO.png?fit=1013%2C668&ssl=1&resize=700%2C400 2x"},"classes":[]},{"id":36460,"url":"https:\/\/larevistadigital.com.ar\/blog\/dolores-una-casa-usurpada-fue-desalojada-por-la-policia\/","url_meta":{"origin":30113,"position":3},"title":"DOLORES: UNA CASA USURPADA FUE DESALOJADA POR LA POLIC\u00cdA","author":"Alejandro Sosa Ruda","date":"27 junio, 2024","format":false,"excerpt":"La familia present\u00f3 la escritura que demuestra que desde 1946 es la propietaria de la vivienda ubicada a s\u00f3lo 3 cuadras de la Plaza Castelli. 27 de Junio de 2024 DOLORES -\u00a0 \u00a0Luego de una denuncia realizada por vecinos, la polic\u00eda de Dolores, desaloj\u00f3 una vivienda que hab\u00eda sido usurpada\u2026","rel":"","context":"En \u00abPOLICIALES\u00bb","block_context":{"text":"POLICIALES","link":"https:\/\/larevistadigital.com.ar\/blog\/category\/policiales\/"},"img":{"alt_text":"","src":"https:\/\/i0.wp.com\/larevistadigital.com.ar\/blog\/wp-content\/uploads\/c336f6846ce16b25e77cf769d77ae33281a20d65.jpg?fit=1140%2C643&ssl=1&resize=350%2C200","width":350,"height":200,"srcset":"https:\/\/i0.wp.com\/larevistadigital.com.ar\/blog\/wp-content\/uploads\/c336f6846ce16b25e77cf769d77ae33281a20d65.jpg?fit=1140%2C643&ssl=1&resize=350%2C200 1x, https:\/\/i0.wp.com\/larevistadigital.com.ar\/blog\/wp-content\/uploads\/c336f6846ce16b25e77cf769d77ae33281a20d65.jpg?fit=1140%2C643&ssl=1&resize=525%2C300 1.5x, https:\/\/i0.wp.com\/larevistadigital.com.ar\/blog\/wp-content\/uploads\/c336f6846ce16b25e77cf769d77ae33281a20d65.jpg?fit=1140%2C643&ssl=1&resize=700%2C400 2x, https:\/\/i0.wp.com\/larevistadigital.com.ar\/blog\/wp-content\/uploads\/c336f6846ce16b25e77cf769d77ae33281a20d65.jpg?fit=1140%2C643&ssl=1&resize=1050%2C600 3x"},"classes":[]},{"id":25531,"url":"https:\/\/larevistadigital.com.ar\/blog\/la-plata-murio-una-chica-de-24-anos-tras-recibir-una-descarga-electrica-en-su-casa\/","url_meta":{"origin":30113,"position":4},"title":"LA PLATA: MURI\u00d3 UNA CHICA DE 24 A\u00d1OS TRAS RECIBIR UNA DESCARGA EL\u00c9CTRICA EN SU CASA","author":"Alejandro Sosa Ruda","date":"1 junio, 2022","format":false,"excerpt":"Ocurri\u00f3 el martes por la noche en una vivienda de Arturo Segu\u00ed. De acuerdo a fuentes policiales,\u00a0\"habr\u00eda tocado la llave el\u00e9ctrica al salir de ba\u00f1arse\". Una joven de 24 a\u00f1os muri\u00f3 durante las \u00faltimas horas tras recibir una descarga el\u00e9ctrica en su casa de Arturo Segu\u00ed. Seg\u00fan inform\u00f3 el portal\u2026","rel":"","context":"En \u00abPOLICIALES\u00bb","block_context":{"text":"POLICIALES","link":"https:\/\/larevistadigital.com.ar\/blog\/category\/policiales\/"},"img":{"alt_text":"","src":"https:\/\/i0.wp.com\/larevistadigital.com.ar\/blog\/wp-content\/uploads\/1654110107417.jpg?fit=1200%2C594&ssl=1&resize=350%2C200","width":350,"height":200,"srcset":"https:\/\/i0.wp.com\/larevistadigital.com.ar\/blog\/wp-content\/uploads\/1654110107417.jpg?fit=1200%2C594&ssl=1&resize=350%2C200 1x, https:\/\/i0.wp.com\/larevistadigital.com.ar\/blog\/wp-content\/uploads\/1654110107417.jpg?fit=1200%2C594&ssl=1&resize=525%2C300 1.5x, https:\/\/i0.wp.com\/larevistadigital.com.ar\/blog\/wp-content\/uploads\/1654110107417.jpg?fit=1200%2C594&ssl=1&resize=700%2C400 2x, https:\/\/i0.wp.com\/larevistadigital.com.ar\/blog\/wp-content\/uploads\/1654110107417.jpg?fit=1200%2C594&ssl=1&resize=1050%2C600 3x"},"classes":[]},{"id":16071,"url":"https:\/\/larevistadigital.com.ar\/blog\/fuerte-golpiza-a-un-hombre-tras-fiesta-clandestina\/","url_meta":{"origin":30113,"position":5},"title":"FUERTE GOLPIZA A UN HOMBRE TRAS FIESTA CLANDESTINA","author":"Alejandro Sosa Ruda","date":"20 agosto, 2020","format":false,"excerpt":"DOLORES - A pesar de las disposiciones que lo prohiben, a diario se tiene conocimiento de personas demoradas por no poder justificar porqu\u00e9 est\u00e1n en la calle, o reuniones que se realizan clandestinamente y que son denunciadas por los vecinos. As\u00ed fue que el pasado fin de semana, en casa\u2026","rel":"","context":"En \u00abDOLORES\u00bb","block_context":{"text":"DOLORES","link":"https:\/\/larevistadigital.com.ar\/blog\/category\/dolores\/"},"img":{"alt_text":"","src":"https:\/\/i0.wp.com\/larevistadigital.com.ar\/blog\/wp-content\/uploads\/fiesta_50_1595700205.jpg?fit=984%2C541&ssl=1&resize=350%2C200","width":350,"height":200,"srcset":"https:\/\/i0.wp.com\/larevistadigital.com.ar\/blog\/wp-content\/uploads\/fiesta_50_1595700205.jpg?fit=984%2C541&ssl=1&resize=350%2C200 1x, https:\/\/i0.wp.com\/larevistadigital.com.ar\/blog\/wp-content\/uploads\/fiesta_50_1595700205.jpg?fit=984%2C541&ssl=1&resize=525%2C300 1.5x, https:\/\/i0.wp.com\/larevistadigital.com.ar\/blog\/wp-content\/uploads\/fiesta_50_1595700205.jpg?fit=984%2C541&ssl=1&resize=700%2C400 2x"},"classes":[]}],"_links":{"self":[{"href":"https:\/\/larevistadigital.com.ar\/blog\/wp-json\/wp\/v2\/posts\/30113","targetHints":{"allow":["GET"]}}],"collection":[{"href":"https:\/\/larevistadigital.com.ar\/blog\/wp-json\/wp\/v2\/posts"}],"about":[{"href":"https:\/\/larevistadigital.com.ar\/blog\/wp-json\/wp\/v2\/types\/post"}],"author":[{"embeddable":true,"href":"https:\/\/larevistadigital.com.ar\/blog\/wp-json\/wp\/v2\/users\/3"}],"replies":[{"embeddable":true,"href":"https:\/\/larevistadigital.com.ar\/blog\/wp-json\/wp\/v2\/comments?post=30113"}],"version-history":[{"count":1,"href":"https:\/\/larevistadigital.com.ar\/blog\/wp-json\/wp\/v2\/posts\/30113\/revisions"}],"predecessor-version":[{"id":30115,"href":"https:\/\/larevistadigital.com.ar\/blog\/wp-json\/wp\/v2\/posts\/30113\/revisions\/30115"}],"wp:featuredmedia":[{"embeddable":true,"href":"https:\/\/larevistadigital.com.ar\/blog\/wp-json\/wp\/v2\/media\/30114"}],"wp:attachment":[{"href":"https:\/\/larevistadigital.com.ar\/blog\/wp-json\/wp\/v2\/media?parent=30113"}],"wp:term":[{"taxonomy":"category","embeddable":true,"href":"https:\/\/larevistadigital.com.ar\/blog\/wp-json\/wp\/v2\/categories?post=30113"},{"taxonomy":"post_tag","embeddable":true,"href":"https:\/\/larevistadigital.com.ar\/blog\/wp-json\/wp\/v2\/tags?post=30113"}],"curies":[{"name":"wp","href":"https:\/\/api.w.org\/{rel}","templated":true}]}}