{"id":30216,"date":"2023-02-22T01:35:09","date_gmt":"2023-02-22T01:35:09","guid":{"rendered":"https:\/\/larevistadigital.com.ar\/blog\/?p=30216"},"modified":"2023-02-22T01:35:09","modified_gmt":"2023-02-22T01:35:09","slug":"empanadas-y-playa-un-emprendedor-que-quedo-detenido","status":"publish","type":"post","link":"https:\/\/larevistadigital.com.ar\/blog\/empanadas-y-playa-un-emprendedor-que-quedo-detenido\/","title":{"rendered":"\u00abEMPANADAS Y PLAYA\u00bb UN \u00abEMPRENDEDOR\u00bb QUE QUED\u00d3 DETENIDO"},"content":{"rendered":"<h2>El cliente de un supermercado fue detenido cuando intentaba irse sin pagar. Guardaba en su mochila todo lo necesario para hacer empanadas y hasta un par de ojotas.<\/h2>\n<p>22 de febrero de 2023<\/p>\n<p><strong>MAR DEL PLATA &#8211;\u00a0<\/strong> Un joven de 23 a\u00f1os, que se encontraba de veraneo en la ciudad, fue detenido en la l\u00ednea de cajas de un supermercado de la avenida Constituci\u00f3n cuando pretend\u00eda retirar mercader\u00eda sin abonarla.<\/p>\n<blockquote>\n<h3>Entre los art\u00edculos que ocultaba en su mochila hab\u00eda varias bandejas de carne picada, paquetes de tapas de empanadas y hortalizas para completar el tradicional plato argentino. Adem\u00e1s, tambi\u00e9n hab\u00eda una ojotas de playa, indicaron las fuentes consultadas.<\/h3>\n<\/blockquote>\n<p>El hecho se registr\u00f3 en las \u00faltimas horas cuando un empleado de seguridad de Carrefour intercept\u00f3 al joven cliente, luego de que las c\u00e1maras de seguridad captaran la maniobra en la cual escond\u00eda los productos dentro de su mochila.<\/p>\n<blockquote>\n<h3>Al revisarle lo que llevaba en su interior, el custodio hall\u00f3 los distintos art\u00edculos y otros como crema desmaquillante y hasta un bomb\u00f3n de chocolate.<\/h3>\n<\/blockquote>\n<p>Tras la aprehensi\u00f3n, realizada finalmente por personal de la comisar\u00eda s\u00e9ptima, la fiscal\u00eda de Flagrancia dispuso el inicio de un expediente por el delito de hurto en grado de tentativa y que se lo traslade a la Alcaid\u00eda de Bat\u00e1n.<\/p>\n","protected":false},"excerpt":{"rendered":"<div class=\"mh-excerpt\"><p>El cliente de un supermercado fue detenido cuando intentaba irse sin pagar. Guardaba en su mochila todo lo necesario para hacer empanadas y hasta un par de ojotas. 22 de febrero de 2023 MAR DEL <a class=\"mh-excerpt-more\" href=\"https:\/\/larevistadigital.com.ar\/blog\/empanadas-y-playa-un-emprendedor-que-quedo-detenido\/\" title=\"\u00abEMPANADAS Y PLAYA\u00bb UN \u00abEMPRENDEDOR\u00bb QUE QUED\u00d3 DETENIDO\">[Leer M\u00e1s]<\/a><\/p>\n<\/div>","protected":false},"author":3,"featured_media":30217,"comment_status":"open","ping_status":"open","sticky":false,"template":"","format":"standard","meta":{"_jetpack_memberships_contains_paid_content":false,"footnotes":"","jetpack_publicize_message":"","jetpack_publicize_feature_enabled":true,"jetpack_social_post_already_shared":true,"jetpack_social_options":{"image_generator_settings":{"template":"highway","default_image_id":0,"font":"","enabled":false},"version":2}},"categories":[44,51],"tags":[],"class_list":{"0":"post-30216","1":"post","2":"type-post","3":"status-publish","4":"format-standard","5":"has-post-thumbnail","7":"category-policiales","8":"category-regionales"},"jetpack_publicize_connections":[],"jetpack_featured_media_url":"https:\/\/i0.wp.com\/larevistadigital.com.ar\/blog\/wp-content\/uploads\/empanadas.jpg?fit=799%2C434&ssl=1","jetpack_sharing_enabled":true,"jetpack_shortlink":"https:\/\/wp.me\/p8qtrQ-7Rm","jetpack-related-posts":[{"id":44141,"url":"https:\/\/larevistadigital.com.ar\/blog\/mar-del-plata-llamo-al-911-para-denunciar-el-hallazgo-de-su-pareja-y-quedo-detenido-por-femicidio\/","url_meta":{"origin":30216,"position":0},"title":"Mar del Plata: llam\u00f3 al 911 para denunciar el hallazgo de su pareja y qued\u00f3 detenido por femicidio","author":"Alejandro Sosa Ruda","date":"23 febrero, 2026","format":false,"excerpt":"La autopsia confirm\u00f3 que la mujer, de 57 a\u00f1os, muri\u00f3 por asfixia mec\u00e1nica. El acusado fue apresado tras un allanamiento en Punta Mogotes y se neg\u00f3 a declarar. 23 de febrero de 2026 MAR DEL PLATA -\u00a0 \u00a0Un hombre que hab\u00eda llamado al 911 para denunciar que encontr\u00f3 a su\u2026","rel":"","context":"En \u00abPOLICIALES\u00bb","block_context":{"text":"POLICIALES","link":"https:\/\/larevistadigital.com.ar\/blog\/category\/policiales\/"},"img":{"alt_text":"","src":"https:\/\/i0.wp.com\/larevistadigital.com.ar\/blog\/wp-content\/uploads\/9085a49a451a1009aec404689217ac0d1e18b4fe.png?fit=1140%2C655&ssl=1&resize=350%2C200","width":350,"height":200,"srcset":"https:\/\/i0.wp.com\/larevistadigital.com.ar\/blog\/wp-content\/uploads\/9085a49a451a1009aec404689217ac0d1e18b4fe.png?fit=1140%2C655&ssl=1&resize=350%2C200 1x, https:\/\/i0.wp.com\/larevistadigital.com.ar\/blog\/wp-content\/uploads\/9085a49a451a1009aec404689217ac0d1e18b4fe.png?fit=1140%2C655&ssl=1&resize=525%2C300 1.5x, https:\/\/i0.wp.com\/larevistadigital.com.ar\/blog\/wp-content\/uploads\/9085a49a451a1009aec404689217ac0d1e18b4fe.png?fit=1140%2C655&ssl=1&resize=700%2C400 2x, https:\/\/i0.wp.com\/larevistadigital.com.ar\/blog\/wp-content\/uploads\/9085a49a451a1009aec404689217ac0d1e18b4fe.png?fit=1140%2C655&ssl=1&resize=1050%2C600 3x"},"classes":[]},{"id":13514,"url":"https:\/\/larevistadigital.com.ar\/blog\/horror-en-pehuajo-fue-a-festejar-su-cumpleanos-y-su-ex-novio-la-apunalo\/","url_meta":{"origin":30216,"position":1},"title":"HORROR EN PEHUAJ\u00d3: FUE A FESTEJAR SU CUMPLEA\u00d1OS Y SU EX NOVIO LA APU\u00d1AL\u00d3","author":"Alejandro Sosa Ruda","date":"6 diciembre, 2019","format":false,"excerpt":"B\u00e1rbara Zavala ten\u00eda 20 a\u00f1os y regresaba de celebrar su cumplea\u00f1os con amigas cuando se cruz\u00f3 con su ex pareja, quien utiliz\u00f3 un\u00a0cuchillo de asador para asesinarla.\u00a0 B\u00e1rbara Zavala\u00a0ten\u00eda 20 a\u00f1os, era hija de un comisario de Pehuaj\u00f3 y fue asesinada este viernes \u00a0frente a tres amigas con las que\u2026","rel":"","context":"En \u00abINTERES GENERAL\u00bb","block_context":{"text":"INTERES GENERAL","link":"https:\/\/larevistadigital.com.ar\/blog\/category\/interes-general\/"},"img":{"alt_text":"","src":"https:\/\/i0.wp.com\/larevistadigital.com.ar\/blog\/wp-content\/uploads\/Screenshot_3-33.jpg?fit=902%2C520&ssl=1&resize=350%2C200","width":350,"height":200,"srcset":"https:\/\/i0.wp.com\/larevistadigital.com.ar\/blog\/wp-content\/uploads\/Screenshot_3-33.jpg?fit=902%2C520&ssl=1&resize=350%2C200 1x, https:\/\/i0.wp.com\/larevistadigital.com.ar\/blog\/wp-content\/uploads\/Screenshot_3-33.jpg?fit=902%2C520&ssl=1&resize=525%2C300 1.5x, https:\/\/i0.wp.com\/larevistadigital.com.ar\/blog\/wp-content\/uploads\/Screenshot_3-33.jpg?fit=902%2C520&ssl=1&resize=700%2C400 2x"},"classes":[]},{"id":21009,"url":"https:\/\/larevistadigital.com.ar\/blog\/lo-detuvieron-por-violar-a-un-caballo-y-dio-una-insolita-justificacion\/","url_meta":{"origin":30216,"position":2},"title":"LO DETUVIERON POR \u00abVIOLAR\u00bb A UN CABALLO Y DI\u00d3 UNA INS\u00d3LITA JUSTIFICACI\u00d3N","author":"Alejandro Sosa Ruda","date":"4 julio, 2021","format":false,"excerpt":"El atacante fue identificado como\u00a0Jonah Barrett-Lesko,\u00a0de 26 a\u00f1os, y seg\u00fan los investigadores\u00a0se jact\u00f3 del aberrante acto de zoofilia\u00a0a trav\u00e9s de mensajes de texto.\u00a0\u00bfQu\u00e9 le dijo a la Polic\u00eda cuando lo detuvieron? La polic\u00eda recibi\u00f3 una denuncia un llamado el pasado 17 de junio que sorprendi\u00f3 a los efectivos. Eran alrededor\u2026","rel":"","context":"En \u00abINTERES GENERAL\u00bb","block_context":{"text":"INTERES GENERAL","link":"https:\/\/larevistadigital.com.ar\/blog\/category\/interes-general\/"},"img":{"alt_text":"","src":"https:\/\/i0.wp.com\/larevistadigital.com.ar\/blog\/wp-content\/uploads\/VIOLADOR-DE-PONIS.png?fit=1200%2C679&ssl=1&resize=350%2C200","width":350,"height":200,"srcset":"https:\/\/i0.wp.com\/larevistadigital.com.ar\/blog\/wp-content\/uploads\/VIOLADOR-DE-PONIS.png?fit=1200%2C679&ssl=1&resize=350%2C200 1x, https:\/\/i0.wp.com\/larevistadigital.com.ar\/blog\/wp-content\/uploads\/VIOLADOR-DE-PONIS.png?fit=1200%2C679&ssl=1&resize=525%2C300 1.5x, https:\/\/i0.wp.com\/larevistadigital.com.ar\/blog\/wp-content\/uploads\/VIOLADOR-DE-PONIS.png?fit=1200%2C679&ssl=1&resize=700%2C400 2x, https:\/\/i0.wp.com\/larevistadigital.com.ar\/blog\/wp-content\/uploads\/VIOLADOR-DE-PONIS.png?fit=1200%2C679&ssl=1&resize=1050%2C600 3x"},"classes":[]},{"id":17095,"url":"https:\/\/larevistadigital.com.ar\/blog\/video-de-la-detencion-horror-en-chascomus-detienen-a-joven-que-abuso-sexualmente-de-beba-de-18-meses\/","url_meta":{"origin":30216,"position":3},"title":"[VIDEO DE LA DETENCI\u00d3N] HORROR EN CHASCOM\u00daS: DETIENEN A JOVEN QUE ABUS\u00d3 SEXUALMENTE DE BEBA DE 18 MESES","author":"Alejandro Sosa Ruda","date":"21 octubre, 2020","format":false,"excerpt":"Este martes por la noche fue detenido un joven de 20 a\u00f1os luego de que abus\u00f3 sexualmente de la beba de 18 meses de su pareja. La v\u00edctima fue trasladada al Hospital de Ni\u00f1os de La Plata. Familiares de la menor intentaron linchar al acusado. Cuando la madre de la\u2026","rel":"","context":"En \u00abDESTACADAS\u00bb","block_context":{"text":"DESTACADAS","link":"https:\/\/larevistadigital.com.ar\/blog\/category\/destacadas\/"},"img":{"alt_text":"","src":"https:\/\/i0.wp.com\/larevistadigital.com.ar\/blog\/wp-content\/uploads\/Screenshot_2-112.jpg?fit=1200%2C440&ssl=1&resize=350%2C200","width":350,"height":200,"srcset":"https:\/\/i0.wp.com\/larevistadigital.com.ar\/blog\/wp-content\/uploads\/Screenshot_2-112.jpg?fit=1200%2C440&ssl=1&resize=350%2C200 1x, https:\/\/i0.wp.com\/larevistadigital.com.ar\/blog\/wp-content\/uploads\/Screenshot_2-112.jpg?fit=1200%2C440&ssl=1&resize=525%2C300 1.5x, https:\/\/i0.wp.com\/larevistadigital.com.ar\/blog\/wp-content\/uploads\/Screenshot_2-112.jpg?fit=1200%2C440&ssl=1&resize=700%2C400 2x, https:\/\/i0.wp.com\/larevistadigital.com.ar\/blog\/wp-content\/uploads\/Screenshot_2-112.jpg?fit=1200%2C440&ssl=1&resize=1050%2C600 3x"},"classes":[]},{"id":32189,"url":"https:\/\/larevistadigital.com.ar\/blog\/balcarce-aberrante-un-hombre-fue-detenido-por-violar-y-embarazar-a-su-hija-de-11-anos\/","url_meta":{"origin":30216,"position":4},"title":"BALCARCE: ABERRANTE. UN HOMBRE FUE DETENIDO POR VIOLAR Y EMBARAZAR A SU HIJA DE 11 A\u00d1OS","author":"Alejandro Sosa Ruda","date":"30 junio, 2023","format":false,"excerpt":"El caso sali\u00f3 a la luz cuando la ni\u00f1a se anim\u00f3 a contarle a la maestra de la escuela sobre el hecho pero sin mencionar qui\u00e9n hab\u00eda sido. Inmediatamente, las autoridades del establecimiento educativo radicaron la denuncia penal. 30 de junio de 2023 BALCARCE -\u00a0 Un hombre de 41 a\u00f1os\u2026","rel":"","context":"En \u00abPOLICIALES\u00bb","block_context":{"text":"POLICIALES","link":"https:\/\/larevistadigital.com.ar\/blog\/category\/policiales\/"},"img":{"alt_text":"","src":"https:\/\/i0.wp.com\/larevistadigital.com.ar\/blog\/wp-content\/uploads\/20230630172907_balcarce-hijaaa.jpg?fit=880%2C512&ssl=1&resize=350%2C200","width":350,"height":200,"srcset":"https:\/\/i0.wp.com\/larevistadigital.com.ar\/blog\/wp-content\/uploads\/20230630172907_balcarce-hijaaa.jpg?fit=880%2C512&ssl=1&resize=350%2C200 1x, https:\/\/i0.wp.com\/larevistadigital.com.ar\/blog\/wp-content\/uploads\/20230630172907_balcarce-hijaaa.jpg?fit=880%2C512&ssl=1&resize=525%2C300 1.5x, https:\/\/i0.wp.com\/larevistadigital.com.ar\/blog\/wp-content\/uploads\/20230630172907_balcarce-hijaaa.jpg?fit=880%2C512&ssl=1&resize=700%2C400 2x"},"classes":[]},{"id":41566,"url":"https:\/\/larevistadigital.com.ar\/blog\/bahia-blanca-un-hombre-fue-detenido-tras-agredir-a-su-expareja-y-amenazarla-con-un-hacha\/","url_meta":{"origin":30216,"position":5},"title":"Bah\u00eda Blanca: Un hombre fue detenido tras agredir a su expareja y amenazarla con un hacha","author":"Alejandro Sosa Ruda","date":"20 septiembre, 2025","format":false,"excerpt":"El episodio ocurri\u00f3 anoche en la zona de Herminia Abat al 3500; el agresor de 43 a\u00f1os fue arrestado luego de resistirse al procedimiento policial. 20 de Septiembre de 2025 BAH\u00cdA BLANCA -\u00a0 \u00a0Un violento episodio de violencia de g\u00e9nero ocurri\u00f3 anoche en la ciudad, cuando un hombre de 43\u2026","rel":"","context":"En \u00abPOLICIALES\u00bb","block_context":{"text":"POLICIALES","link":"https:\/\/larevistadigital.com.ar\/blog\/category\/policiales\/"},"img":{"alt_text":"","src":"https:\/\/i0.wp.com\/larevistadigital.com.ar\/blog\/wp-content\/uploads\/Polic%C3%ADa-Bonaerense-Patrulleros-3.jpg?fit=772%2C434&ssl=1&resize=350%2C200","width":350,"height":200,"srcset":"https:\/\/i0.wp.com\/larevistadigital.com.ar\/blog\/wp-content\/uploads\/Polic%C3%ADa-Bonaerense-Patrulleros-3.jpg?fit=772%2C434&ssl=1&resize=350%2C200 1x, https:\/\/i0.wp.com\/larevistadigital.com.ar\/blog\/wp-content\/uploads\/Polic%C3%ADa-Bonaerense-Patrulleros-3.jpg?fit=772%2C434&ssl=1&resize=525%2C300 1.5x, https:\/\/i0.wp.com\/larevistadigital.com.ar\/blog\/wp-content\/uploads\/Polic%C3%ADa-Bonaerense-Patrulleros-3.jpg?fit=772%2C434&ssl=1&resize=700%2C400 2x"},"classes":[]}],"_links":{"self":[{"href":"https:\/\/larevistadigital.com.ar\/blog\/wp-json\/wp\/v2\/posts\/30216","targetHints":{"allow":["GET"]}}],"collection":[{"href":"https:\/\/larevistadigital.com.ar\/blog\/wp-json\/wp\/v2\/posts"}],"about":[{"href":"https:\/\/larevistadigital.com.ar\/blog\/wp-json\/wp\/v2\/types\/post"}],"author":[{"embeddable":true,"href":"https:\/\/larevistadigital.com.ar\/blog\/wp-json\/wp\/v2\/users\/3"}],"replies":[{"embeddable":true,"href":"https:\/\/larevistadigital.com.ar\/blog\/wp-json\/wp\/v2\/comments?post=30216"}],"version-history":[{"count":1,"href":"https:\/\/larevistadigital.com.ar\/blog\/wp-json\/wp\/v2\/posts\/30216\/revisions"}],"predecessor-version":[{"id":30218,"href":"https:\/\/larevistadigital.com.ar\/blog\/wp-json\/wp\/v2\/posts\/30216\/revisions\/30218"}],"wp:featuredmedia":[{"embeddable":true,"href":"https:\/\/larevistadigital.com.ar\/blog\/wp-json\/wp\/v2\/media\/30217"}],"wp:attachment":[{"href":"https:\/\/larevistadigital.com.ar\/blog\/wp-json\/wp\/v2\/media?parent=30216"}],"wp:term":[{"taxonomy":"category","embeddable":true,"href":"https:\/\/larevistadigital.com.ar\/blog\/wp-json\/wp\/v2\/categories?post=30216"},{"taxonomy":"post_tag","embeddable":true,"href":"https:\/\/larevistadigital.com.ar\/blog\/wp-json\/wp\/v2\/tags?post=30216"}],"curies":[{"name":"wp","href":"https:\/\/api.w.org\/{rel}","templated":true}]}}