{"id":30225,"date":"2023-02-24T13:36:54","date_gmt":"2023-02-24T13:36:54","guid":{"rendered":"https:\/\/larevistadigital.com.ar\/blog\/?p=30225"},"modified":"2023-02-24T13:39:09","modified_gmt":"2023-02-24T13:39:09","slug":"terror-en-monte-grande-policia-mato-a-ladron-en-un-colectivo","status":"publish","type":"post","link":"https:\/\/larevistadigital.com.ar\/blog\/terror-en-monte-grande-policia-mato-a-ladron-en-un-colectivo\/","title":{"rendered":"TERROR EN MONTE GRANDE: POLIC\u00cdA MAT\u00d3 A LADRON EN UN COLECTIVO"},"content":{"rendered":"<h2>Un polic\u00eda federal mat\u00f3 a un ladr\u00f3n en un colectivo con pasajeros en Monte Grande. El delincuente dispar\u00f3 para amedrentar. Suma tensi\u00f3n.<\/h2>\n<p>24 de febrero de 2023<\/p>\n<p><strong>MONTE GRANDE &#8211;\u00a0 <\/strong>Un polic\u00eda federal mat\u00f3 este jueves de un tiro en la cabeza a un joven que subi\u00f3 armado y con intenciones de robo a un colectivo en la localidad bonaerense de Monte Grande,\u00a0partido de Esteban Echeverr\u00eda, informaron fuentes de esa fuerza y judiciales.<\/p>\n<section class=\"detail-note_news-article\" data-td-script-src=\"https:\/\/infocielo.com\/js-custom\/vendor\/jquery\/dist\/jquery.min-min-version-1598657313.js,https:\/\/infocielo.com\/js-custom\/299\/functions\/checkTwitterQuoteHighlight-min-version-1630609156.js,https:\/\/infocielo.com\/js-custom\/299\/functions\/embedsVideosOnBody-min-version-1630609156.js\">\n<div class=\"detail-note_body\" data-twitter-link=\"https:\/\/twitter.com\/intent\/tweet?url=https%3A%2F%2Finfocielo.com%2Fc756860&amp;related=infocielo&amp;text=Otra+vez+terror+en+un+colectivo%3A+un+polic%C3%ADa+mat%C3%B3+a+un+ladr%C3%B3n&amp;via=infocielo\">\n<blockquote>\n<h3>El hecho ocurri\u00f3 en el interior del interno 11 de la l\u00ednea 501 en el cruce de las calles Jewet y Sarmiento, en la mencionada localidad del suroeste del conurbano bonaerense.<\/h3>\n<\/blockquote>\n<section class=\"detail-note_news-article\" data-td-script-src=\"https:\/\/infocielo.com\/js-custom\/vendor\/jquery\/dist\/jquery.min-min-version-1598657313.js,https:\/\/infocielo.com\/js-custom\/299\/functions\/checkTwitterQuoteHighlight-min-version-1630609156.js,https:\/\/infocielo.com\/js-custom\/299\/functions\/embedsVideosOnBody-min-version-1630609156.js\">\n<div class=\"detail-note_body\" data-twitter-link=\"https:\/\/twitter.com\/intent\/tweet?url=https%3A%2F%2Finfocielo.com%2Fc756860&amp;related=infocielo&amp;text=Otra+vez+terror+en+un+colectivo%3A+un+polic%C3%ADa+mat%C3%B3+a+un+ladr%C3%B3n&amp;via=infocielo\">\n<p>Fuentes policiales detallaron que un joven, que a\u00fan no fue identificado, subi\u00f3 al colectivo y sac\u00f3 un arma de fuego con intenciones de robo. Seg\u00fan detall\u00f3 un investigador, el atacante realiz\u00f3 un disparo para amedrentar a los pasajeros e intent\u00f3 realizar dos detonaciones m\u00e1s, que no se produjeron.<\/p>\n<\/div>\n<\/section>\n<section class=\"detail-note_news-article\" data-td-script-src=\"https:\/\/infocielo.com\/js-custom\/vendor\/jquery\/dist\/jquery.min-min-version-1598657313.js,https:\/\/infocielo.com\/js-custom\/299\/functions\/checkTwitterQuoteHighlight-min-version-1630609156.js,https:\/\/infocielo.com\/js-custom\/299\/functions\/embedsVideosOnBody-min-version-1630609156.js\">\n<div class=\"detail-note_body\" data-twitter-link=\"https:\/\/twitter.com\/intent\/tweet?url=https%3A%2F%2Finfocielo.com%2Fc756860&amp;related=infocielo&amp;text=Otra+vez+terror+en+un+colectivo%3A+un+polic%C3%ADa+mat%C3%B3+a+un+ladr%C3%B3n&amp;via=infocielo\">\n<p>En ese momento, dentro de colectivo viajaba un agente de la Polic\u00eda Federal (PFA), quien dio la voz de \u201calto, polic\u00eda\u201d, por lo que el asaltante comenz\u00f3 a dispararle, lo que gener\u00f3 la inmediata reacci\u00f3n del efectivo, que respondi\u00f3 la agresi\u00f3n con su arma reglamentaria, indicaron las fuentes.<\/p>\n<blockquote>\n<h3>Producto del tiroteo, el joven recibi\u00f3 un impacto de bala en la cabeza y falleci\u00f3 tras ser derivado al hospital.En su poder, la polic\u00eda secuestr\u00f3 un rev\u00f3lver calibre .32 que ser\u00e1 peritado, indicaron las fuentes.<\/h3>\n<\/blockquote>\n<p>El fiscal <strong>Jorge Grieco<\/strong>, a cargo de la Unidad Funcional de Instrucci\u00f3n (UFI) 8 de Lomas de Zamora, no tom\u00f3 temperamento hacia el efectivo policial ya que determin\u00f3 que actu\u00f3 en leg\u00edtima defensa y solo se lo notific\u00f3 del inicio del expediente, concluyeron las fuentes.<\/p>\n<p>fuente: infocielo<\/p>\n<\/div>\n<\/section>\n<\/div>\n<\/section>\n","protected":false},"excerpt":{"rendered":"<div class=\"mh-excerpt\"><p>Un polic\u00eda federal mat\u00f3 a un ladr\u00f3n en un colectivo con pasajeros en Monte Grande. El delincuente dispar\u00f3 para amedrentar. Suma tensi\u00f3n. 24 de febrero de 2023 MONTE GRANDE &#8211;\u00a0 Un polic\u00eda federal mat\u00f3 este <a class=\"mh-excerpt-more\" href=\"https:\/\/larevistadigital.com.ar\/blog\/terror-en-monte-grande-policia-mato-a-ladron-en-un-colectivo\/\" title=\"TERROR EN MONTE GRANDE: POLIC\u00cdA MAT\u00d3 A LADRON EN UN COLECTIVO\">[Leer M\u00e1s]<\/a><\/p>\n<\/div>","protected":false},"author":3,"featured_media":30227,"comment_status":"open","ping_status":"open","sticky":false,"template":"","format":"standard","meta":{"_jetpack_memberships_contains_paid_content":false,"footnotes":"","jetpack_publicize_message":"","jetpack_publicize_feature_enabled":true,"jetpack_social_post_already_shared":true,"jetpack_social_options":{"image_generator_settings":{"template":"highway","default_image_id":0,"font":"","enabled":false},"version":2}},"categories":[44,51],"tags":[],"class_list":{"0":"post-30225","1":"post","2":"type-post","3":"status-publish","4":"format-standard","5":"has-post-thumbnail","7":"category-policiales","8":"category-regionales"},"jetpack_publicize_connections":[],"jetpack_featured_media_url":"https:\/\/i0.wp.com\/larevistadigital.com.ar\/blog\/wp-content\/uploads\/1-11.jpg?fit=800%2C445&ssl=1","jetpack_sharing_enabled":true,"jetpack_shortlink":"https:\/\/wp.me\/p8qtrQ-7Rv","jetpack-related-posts":[{"id":13593,"url":"https:\/\/larevistadigital.com.ar\/blog\/monte-se-incendio-un-colectivo-en-la-ruta-3\/","url_meta":{"origin":30225,"position":0},"title":"MONTE: SE INCENDI\u00d3 UN COLECTIVO EN LA RUTA 3","author":"Alejandro Sosa Ruda","date":"10 diciembre, 2019","format":false,"excerpt":"En la tarde de ayer, Bomberos Voluntarios de Monte, acudieron al Km 82 de la Ruta Nacional N\u00b0 3 en jurisdicci\u00f3n de Ca\u00f1uelas, \u00a0cerca del l\u00edmite con Monte para sofocar un incendio sobre un colectivo de la empresa C\u00f3ndor -La Estrella que hab\u00eda partido de Capital Federal con destino a\u2026","rel":"","context":"En \u00abREGIONALES\u00bb","block_context":{"text":"REGIONALES","link":"https:\/\/larevistadigital.com.ar\/blog\/category\/regionales\/"},"img":{"alt_text":"","src":"https:\/\/i0.wp.com\/larevistadigital.com.ar\/blog\/wp-content\/uploads\/20191210_003204-1.jpg?fit=600%2C450&ssl=1&resize=350%2C200","width":350,"height":200,"srcset":"https:\/\/i0.wp.com\/larevistadigital.com.ar\/blog\/wp-content\/uploads\/20191210_003204-1.jpg?fit=600%2C450&ssl=1&resize=350%2C200 1x, https:\/\/i0.wp.com\/larevistadigital.com.ar\/blog\/wp-content\/uploads\/20191210_003204-1.jpg?fit=600%2C450&ssl=1&resize=525%2C300 1.5x"},"classes":[]},{"id":11039,"url":"https:\/\/larevistadigital.com.ar\/blog\/la-plata-un-glover-mato-a-un-ladron-luego-de-un-forcejeo\/","url_meta":{"origin":30225,"position":1},"title":"LA PLATA: UN \u00abGLOVER\u00bb MAT\u00d3 A UN LADR\u00d3N LUEGO DE UN FORCEJEO","author":"Alejandro Sosa Ruda","date":"3 julio, 2019","format":false,"excerpt":"El incidente ocurri\u00f3 en pleno centro plantense, en 10 y 46, cuando el joven apu\u00f1al\u00f3 al ladr\u00f3n en dos oportunidades. Un empleado a Glovo asesin\u00f3 de dos pu\u00f1aladas a un hombre en un episodio registrado en 10 y 46. La v\u00edctima fue identificada como\u00a0Julio Zapata de 47 a\u00f1os, y entre\u2026","rel":"","context":"En \u00abPOLICIALES\u00bb","block_context":{"text":"POLICIALES","link":"https:\/\/larevistadigital.com.ar\/blog\/category\/policiales\/"},"img":{"alt_text":"","src":"https:\/\/i0.wp.com\/larevistadigital.com.ar\/blog\/wp-content\/uploads\/Screenshot_1-18.jpg?fit=1009%2C673&ssl=1&resize=350%2C200","width":350,"height":200,"srcset":"https:\/\/i0.wp.com\/larevistadigital.com.ar\/blog\/wp-content\/uploads\/Screenshot_1-18.jpg?fit=1009%2C673&ssl=1&resize=350%2C200 1x, https:\/\/i0.wp.com\/larevistadigital.com.ar\/blog\/wp-content\/uploads\/Screenshot_1-18.jpg?fit=1009%2C673&ssl=1&resize=525%2C300 1.5x, https:\/\/i0.wp.com\/larevistadigital.com.ar\/blog\/wp-content\/uploads\/Screenshot_1-18.jpg?fit=1009%2C673&ssl=1&resize=700%2C400 2x"},"classes":[]},{"id":12572,"url":"https:\/\/larevistadigital.com.ar\/blog\/fue-relevado-el-jefe-de-la-policia-comunal-de-monte\/","url_meta":{"origin":30225,"position":2},"title":"FUE RELEVADO EL JEFE DE LA POLIC\u00cdA COMUNAL DE MONTE","author":"Alejandro Sosa Ruda","date":"9 octubre, 2019","format":false,"excerpt":"En la Estaci\u00f3n de Polic\u00eda Comunal del Monte, se realiz\u00f3 una conferencia de prensa con el prop\u00f3sito de comunicar el relevo del Jefe de la Polic\u00eda Comunal, Daniel Bogado. Estuvo a cargo de la misma el\u00a0 Jefe Departamental de San Vicente, el Comisario Inspector Cristian Perez quien declar\u00f3 que el\u2026","rel":"","context":"En \u00abPOLICIALES\u00bb","block_context":{"text":"POLICIALES","link":"https:\/\/larevistadigital.com.ar\/blog\/category\/policiales\/"},"img":{"alt_text":"","src":"https:\/\/i0.wp.com\/larevistadigital.com.ar\/blog\/wp-content\/uploads\/comisario-bogado-696x375.jpg?fit=696%2C375&ssl=1&resize=350%2C200","width":350,"height":200,"srcset":"https:\/\/i0.wp.com\/larevistadigital.com.ar\/blog\/wp-content\/uploads\/comisario-bogado-696x375.jpg?fit=696%2C375&ssl=1&resize=350%2C200 1x, https:\/\/i0.wp.com\/larevistadigital.com.ar\/blog\/wp-content\/uploads\/comisario-bogado-696x375.jpg?fit=696%2C375&ssl=1&resize=525%2C300 1.5x"},"classes":[]},{"id":11058,"url":"https:\/\/larevistadigital.com.ar\/blog\/condenan-a-16-anos-a-policia-por-matar-a-ladron\/","url_meta":{"origin":30225,"position":3},"title":"CONDENAN A 16 A\u00d1OS A POLIC\u00cdA POR MATAR A LADR\u00d3N","author":"Alejandro Sosa Ruda","date":"4 julio, 2019","format":false,"excerpt":"Marcos Gayoso,\u00a0 ex policia federal, fue condenado a 16 a\u00f1os de prisi\u00f3n por un hecho que ocurrio en el a\u00f1o 2013, en Florencio Varela. Un delincuente lo asalt\u00f3 mientras el agente esperaba a su novia. El ex polic\u00eda fue condenado en un juicio oral a 16 a\u00f1os de prisi\u00f3n, por\u2026","rel":"","context":"En \u00abPOLICIALES\u00bb","block_context":{"text":"POLICIALES","link":"https:\/\/larevistadigital.com.ar\/blog\/category\/policiales\/"},"img":{"alt_text":"","src":"https:\/\/i0.wp.com\/larevistadigital.com.ar\/blog\/wp-content\/uploads\/2018\/07\/PRESO.jpg?fit=900%2C546&ssl=1&resize=350%2C200","width":350,"height":200,"srcset":"https:\/\/i0.wp.com\/larevistadigital.com.ar\/blog\/wp-content\/uploads\/2018\/07\/PRESO.jpg?fit=900%2C546&ssl=1&resize=350%2C200 1x, https:\/\/i0.wp.com\/larevistadigital.com.ar\/blog\/wp-content\/uploads\/2018\/07\/PRESO.jpg?fit=900%2C546&ssl=1&resize=525%2C300 1.5x, https:\/\/i0.wp.com\/larevistadigital.com.ar\/blog\/wp-content\/uploads\/2018\/07\/PRESO.jpg?fit=900%2C546&ssl=1&resize=700%2C400 2x"},"classes":[]},{"id":29986,"url":"https:\/\/larevistadigital.com.ar\/blog\/un-nene-de-7-anos-sufrio-un-grave-accidente-cuando-manejaba-una-moto-de-agua-en-la-laguna-sauce-grande\/","url_meta":{"origin":30225,"position":4},"title":"UN NENE DE 7 A\u00d1OS SUFRI\u00d3 UN GRAVE ACCIDENTE CUANDO MANEJABA UNA MOTO DE AGUA EN LA LAGUNA \u00abSAUCE GRANDE\u00bb","author":"Alejandro Sosa Ruda","date":"6 febrero, 2023","format":false,"excerpt":"Un nene bahiense, de 7 a\u00f1os de edad, sufri\u00f3 un grave accidente mientras conduc\u00eda una moto de agua en la laguna Sauce Grande, en Monte Hermoso. El peque\u00f1o, se encuentra internado, con serias lesiones, en el sector de Terapia Intensiva pedi\u00e1trica del Hospital Penna, de Bah\u00eda Blanca. MONTE HERMOSO -\u00a0\u2026","rel":"","context":"En \u00abINTERES GENERAL\u00bb","block_context":{"text":"INTERES GENERAL","link":"https:\/\/larevistadigital.com.ar\/blog\/category\/interes-general\/"},"img":{"alt_text":"","src":"https:\/\/i0.wp.com\/larevistadigital.com.ar\/blog\/wp-content\/uploads\/20230205083424_laguna-sauce-grande-monte-hermoso-nino-moto-agua-mmh.jpg?fit=880%2C512&ssl=1&resize=350%2C200","width":350,"height":200,"srcset":"https:\/\/i0.wp.com\/larevistadigital.com.ar\/blog\/wp-content\/uploads\/20230205083424_laguna-sauce-grande-monte-hermoso-nino-moto-agua-mmh.jpg?fit=880%2C512&ssl=1&resize=350%2C200 1x, https:\/\/i0.wp.com\/larevistadigital.com.ar\/blog\/wp-content\/uploads\/20230205083424_laguna-sauce-grande-monte-hermoso-nino-moto-agua-mmh.jpg?fit=880%2C512&ssl=1&resize=525%2C300 1.5x, https:\/\/i0.wp.com\/larevistadigital.com.ar\/blog\/wp-content\/uploads\/20230205083424_laguna-sauce-grande-monte-hermoso-nino-moto-agua-mmh.jpg?fit=880%2C512&ssl=1&resize=700%2C400 2x"},"classes":[]},{"id":26323,"url":"https:\/\/larevistadigital.com.ar\/blog\/tragedia-mueren-5-personas-en-el-incendio-de-su-casa\/","url_meta":{"origin":30225,"position":5},"title":"TRAGEDIA: MUEREN 5 PERSONAS EN EL INCENDIO DE SU CASA","author":"Alejandro Sosa Ruda","date":"4 julio, 2022","format":false,"excerpt":"Ocurri\u00f3 en la localidad bonaerense de Monte Grande. Fallecieron el padre, la madre, dos menores de edad y la abuela de los ni\u00f1os. El abuelo fue el \u00fanico que logr\u00f3 escapar con vida. MONTE GRANDE -\u00a0 El incendio\u00a0que se desat\u00f3 dentro de una vivienda en la localidad bonaerense de\u00a0Monte Grande\u00a0caus\u00f3\u2026","rel":"","context":"En \u00abINTERES GENERAL\u00bb","block_context":{"text":"INTERES GENERAL","link":"https:\/\/larevistadigital.com.ar\/blog\/category\/interes-general\/"},"img":{"alt_text":"","src":"https:\/\/i0.wp.com\/larevistadigital.com.ar\/blog\/wp-content\/uploads\/a0a4cc4f1691b920f878b55ef96a57280f6451a7.jpg?fit=1140%2C730&ssl=1&resize=350%2C200","width":350,"height":200,"srcset":"https:\/\/i0.wp.com\/larevistadigital.com.ar\/blog\/wp-content\/uploads\/a0a4cc4f1691b920f878b55ef96a57280f6451a7.jpg?fit=1140%2C730&ssl=1&resize=350%2C200 1x, https:\/\/i0.wp.com\/larevistadigital.com.ar\/blog\/wp-content\/uploads\/a0a4cc4f1691b920f878b55ef96a57280f6451a7.jpg?fit=1140%2C730&ssl=1&resize=525%2C300 1.5x, https:\/\/i0.wp.com\/larevistadigital.com.ar\/blog\/wp-content\/uploads\/a0a4cc4f1691b920f878b55ef96a57280f6451a7.jpg?fit=1140%2C730&ssl=1&resize=700%2C400 2x, https:\/\/i0.wp.com\/larevistadigital.com.ar\/blog\/wp-content\/uploads\/a0a4cc4f1691b920f878b55ef96a57280f6451a7.jpg?fit=1140%2C730&ssl=1&resize=1050%2C600 3x"},"classes":[]}],"_links":{"self":[{"href":"https:\/\/larevistadigital.com.ar\/blog\/wp-json\/wp\/v2\/posts\/30225","targetHints":{"allow":["GET"]}}],"collection":[{"href":"https:\/\/larevistadigital.com.ar\/blog\/wp-json\/wp\/v2\/posts"}],"about":[{"href":"https:\/\/larevistadigital.com.ar\/blog\/wp-json\/wp\/v2\/types\/post"}],"author":[{"embeddable":true,"href":"https:\/\/larevistadigital.com.ar\/blog\/wp-json\/wp\/v2\/users\/3"}],"replies":[{"embeddable":true,"href":"https:\/\/larevistadigital.com.ar\/blog\/wp-json\/wp\/v2\/comments?post=30225"}],"version-history":[{"count":3,"href":"https:\/\/larevistadigital.com.ar\/blog\/wp-json\/wp\/v2\/posts\/30225\/revisions"}],"predecessor-version":[{"id":30230,"href":"https:\/\/larevistadigital.com.ar\/blog\/wp-json\/wp\/v2\/posts\/30225\/revisions\/30230"}],"wp:featuredmedia":[{"embeddable":true,"href":"https:\/\/larevistadigital.com.ar\/blog\/wp-json\/wp\/v2\/media\/30227"}],"wp:attachment":[{"href":"https:\/\/larevistadigital.com.ar\/blog\/wp-json\/wp\/v2\/media?parent=30225"}],"wp:term":[{"taxonomy":"category","embeddable":true,"href":"https:\/\/larevistadigital.com.ar\/blog\/wp-json\/wp\/v2\/categories?post=30225"},{"taxonomy":"post_tag","embeddable":true,"href":"https:\/\/larevistadigital.com.ar\/blog\/wp-json\/wp\/v2\/tags?post=30225"}],"curies":[{"name":"wp","href":"https:\/\/api.w.org\/{rel}","templated":true}]}}