{"id":30241,"date":"2023-02-25T03:28:25","date_gmt":"2023-02-25T03:28:25","guid":{"rendered":"https:\/\/larevistadigital.com.ar\/blog\/?p=30241"},"modified":"2023-02-25T03:28:25","modified_gmt":"2023-02-25T03:28:25","slug":"chascomus-beatriz-de-leon-encabeza-la-lista-unica-para-las-internas-del-partido-libres-del-sur","status":"publish","type":"post","link":"https:\/\/larevistadigital.com.ar\/blog\/chascomus-beatriz-de-leon-encabeza-la-lista-unica-para-las-internas-del-partido-libres-del-sur\/","title":{"rendered":"CHASCOM\u00daS: BEATRIZ DE LE\u00d3N ENCABEZA LA LISTA \u00daNICA PARA LAS INTERNAS DEL PARTIDO LIBRES DEL SUR"},"content":{"rendered":"<h2>Se realizaran el pr\u00f3ximo 11 de marzo, en toda la provincia de Buenos Aires.<\/h2>\n<p>25 de febrero de 2023<\/p>\n<p><strong>CHASCOM\u00daS &#8211;\u00a0 <\/strong>En el marco de la elecci\u00f3n interna que realizar\u00e1 el Movimiento Libres del Sur, en toda la provincia de Buenos Aires el pr\u00f3ximo 11 de marzo; en nuestra ciudad, se present\u00f3 ante la junta electoral partidaria la lista de candidatos a diferentes cargos por el distrito de Chascom\u00fas, la cual propone como candidata a Presidente de Libres del Sur, a la dirigente <strong>Maria Beatriz De Leon .<\/strong><\/p>\n<div dir=\"auto\">Acompa\u00f1an en la lista <strong>Matias Rey<\/strong>, Vicepresidente; <strong>Silvana Suarez<\/strong>, Secretaria General; <strong>Constanza Mari\u00f1o<\/strong>, subsecretaria; <strong>Carolina Gonzalez De Le\u00f3n<\/strong>, secretaria de g\u00e9nero; <strong>Mauro Gonzalez<\/strong>, secretario de Comunicaci\u00f3n; <strong>Catalina Wilhelm<\/strong>, subsecretar\u00eda de Prensa; <strong>Carlos Kovacs<\/strong>, Coordinador de Logistica Pol\u00edtica;<strong> Osvaldo Ferreyra<\/strong>, Co-coordinador de Logistica Pol\u00edtica; <strong>Nayra Flores<\/strong>, secretaria de Cultura y Juventud; <strong>Jessica Lange<\/strong>, secretaria de Acci\u00f3n Territorial; ,<strong>Juan Pablo Dalla<\/strong> Via Secretario de ambiente, <strong>Lorena Ortega<\/strong> Coordinadora de unidad productiva,<strong> Mariela Suarez<\/strong> coordinadora de unidad productiva y vocales <strong>Ana Marcela Gonzalez, Jose Martinez, Guille Correa, Amilcar Beguerie, Alejandra Medina.<\/strong><\/div>\n<div dir=\"auto\"><\/div>\n<div dir=\"auto\"><img data-recalc-dims=\"1\" loading=\"lazy\" decoding=\"async\" class=\"alignnone size-full wp-image-30242\" src=\"https:\/\/i0.wp.com\/larevistadigital.com.ar\/blog\/wp-content\/uploads\/333162920_1258483558431162_7998417187376837282_n.jpg?resize=843%2C843&#038;ssl=1\" alt=\"\" width=\"843\" height=\"843\" srcset=\"https:\/\/i0.wp.com\/larevistadigital.com.ar\/blog\/wp-content\/uploads\/333162920_1258483558431162_7998417187376837282_n.jpg?w=843&amp;ssl=1 843w, https:\/\/i0.wp.com\/larevistadigital.com.ar\/blog\/wp-content\/uploads\/333162920_1258483558431162_7998417187376837282_n.jpg?resize=300%2C300&amp;ssl=1 300w, https:\/\/i0.wp.com\/larevistadigital.com.ar\/blog\/wp-content\/uploads\/333162920_1258483558431162_7998417187376837282_n.jpg?resize=150%2C150&amp;ssl=1 150w, https:\/\/i0.wp.com\/larevistadigital.com.ar\/blog\/wp-content\/uploads\/333162920_1258483558431162_7998417187376837282_n.jpg?resize=768%2C768&amp;ssl=1 768w\" sizes=\"auto, (max-width: 843px) 100vw, 843px\" \/><\/div>\n<div dir=\"auto\"><\/div>\n<blockquote>\n<h3 dir=\"auto\">El que quiera participar, conocer la propuesta y aportar, puede acercarse al local ubicado en Libres del Sur 615. La elecci\u00f3n se realizar\u00e1 el d\u00eda 11 de marzo, en forma simult\u00e1nea en toda la provincia de Buenos Aires, y solamente se elegir\u00e1n autoridades locales en cada uno de los distritos de la Provincia.<\/h3>\n<\/blockquote>\n","protected":false},"excerpt":{"rendered":"<div class=\"mh-excerpt\"><p>Se realizaran el pr\u00f3ximo 11 de marzo, en toda la provincia de Buenos Aires. 25 de febrero de 2023 CHASCOM\u00daS &#8211;\u00a0 En el marco de la elecci\u00f3n interna que realizar\u00e1 el Movimiento Libres del Sur, <a class=\"mh-excerpt-more\" href=\"https:\/\/larevistadigital.com.ar\/blog\/chascomus-beatriz-de-leon-encabeza-la-lista-unica-para-las-internas-del-partido-libres-del-sur\/\" title=\"CHASCOM\u00daS: BEATRIZ DE LE\u00d3N ENCABEZA LA LISTA \u00daNICA PARA LAS INTERNAS DEL PARTIDO LIBRES DEL SUR\">[Leer M\u00e1s]<\/a><\/p>\n<\/div>","protected":false},"author":3,"featured_media":30242,"comment_status":"open","ping_status":"open","sticky":false,"template":"","format":"standard","meta":{"_jetpack_memberships_contains_paid_content":false,"footnotes":"","jetpack_publicize_message":"","jetpack_publicize_feature_enabled":true,"jetpack_social_post_already_shared":true,"jetpack_social_options":{"image_generator_settings":{"template":"highway","default_image_id":0,"font":"","enabled":false},"version":2}},"categories":[6,23],"tags":[],"class_list":{"0":"post-30241","1":"post","2":"type-post","3":"status-publish","4":"format-standard","5":"has-post-thumbnail","7":"category-chascomus","8":"category-politica-local"},"jetpack_publicize_connections":[],"jetpack_featured_media_url":"https:\/\/i0.wp.com\/larevistadigital.com.ar\/blog\/wp-content\/uploads\/333162920_1258483558431162_7998417187376837282_n.jpg?fit=843%2C843&ssl=1","jetpack_sharing_enabled":true,"jetpack_shortlink":"https:\/\/wp.me\/p8qtrQ-7RL","jetpack-related-posts":[{"id":32493,"url":"https:\/\/larevistadigital.com.ar\/blog\/chascomus-partido-libres-del-sur-beatriz-de-leon-lanza-su-candidatura-con-la-presencia-y-apoyo-de-la-candidata-a-gobernadora-silvia-saravia\/","url_meta":{"origin":30241,"position":0},"title":"CHASCOM\u00daS, PARTIDO LIBRES DEL SUR: BEATRIZ DE LE\u00d3N LANZA SU CANDIDATURA CON LA PRESENCIA Y APOYO DE LA CANDIDATA A GOBERNADORA, SILVIA SARAVIA","author":"Alejandro Sosa Ruda","date":"19 julio, 2023","format":false,"excerpt":"La referente del Partido Libres del sur, Mar\u00eda Beatriz de Le\u00f3n logr\u00f3 un muy interesante apoyo de la candidata a gobernadora, Silvia Saravia, que visitar\u00e1 Chascom\u00fas y estar\u00e1 en la presentaci\u00f3n de la lista local. 19 de julio de 2023 CHASCOM\u00daS -\u00a0 Mar\u00eda Beatriz De Le\u00f3n presentar\u00e1 la lista que\u2026","rel":"","context":"En \u00abPOLITICA LOCAL\u00bb","block_context":{"text":"POLITICA LOCAL","link":"https:\/\/larevistadigital.com.ar\/blog\/category\/politica\/politica-local\/"},"img":{"alt_text":"","src":"https:\/\/i0.wp.com\/larevistadigital.com.ar\/blog\/wp-content\/uploads\/WhatsApp-Image-2023-07-03-at-16.33.12.jpeg?fit=1200%2C905&ssl=1&resize=350%2C200","width":350,"height":200,"srcset":"https:\/\/i0.wp.com\/larevistadigital.com.ar\/blog\/wp-content\/uploads\/WhatsApp-Image-2023-07-03-at-16.33.12.jpeg?fit=1200%2C905&ssl=1&resize=350%2C200 1x, https:\/\/i0.wp.com\/larevistadigital.com.ar\/blog\/wp-content\/uploads\/WhatsApp-Image-2023-07-03-at-16.33.12.jpeg?fit=1200%2C905&ssl=1&resize=525%2C300 1.5x, https:\/\/i0.wp.com\/larevistadigital.com.ar\/blog\/wp-content\/uploads\/WhatsApp-Image-2023-07-03-at-16.33.12.jpeg?fit=1200%2C905&ssl=1&resize=700%2C400 2x, https:\/\/i0.wp.com\/larevistadigital.com.ar\/blog\/wp-content\/uploads\/WhatsApp-Image-2023-07-03-at-16.33.12.jpeg?fit=1200%2C905&ssl=1&resize=1050%2C600 3x"},"classes":[]},{"id":32500,"url":"https:\/\/larevistadigital.com.ar\/blog\/chascomus-el-partido-libres-del-sur-beatriz-de-leon-lanza-su-candidatura-con-la-presencia-y-apoyo-de-la-candidata-a-gobernadora-silvia-saravia\/","url_meta":{"origin":30241,"position":1},"title":"CHASCOM\u00daS, EL PARTIDO LIBRES DEL SUR: BEATRIZ DE LE\u00d3N LANZA SU CANDIDATURA CON LA PRESENCIA Y APOYO DE LA CANDIDATA A GOBERNADORA, SILVIA SARAVIA","author":"Alejandro Sosa Ruda","date":"20 julio, 2023","format":false,"excerpt":"La referente del Partido Libres del sur, Mar\u00eda Beatriz de Le\u00f3n logr\u00f3 un muy interesante apoyo de la candidata a gobernadora, Silvia Saravia, que visitar\u00e1 Chascom\u00fas y estar\u00e1 en la presentaci\u00f3n de la lista local. 20 de julio de 2023 CHASCOM\u00daS -\u00a0 Mar\u00eda Beatriz De Le\u00f3n presentar\u00e1 la lista que\u2026","rel":"","context":"En \u00abPOLITICA LOCAL\u00bb","block_context":{"text":"POLITICA LOCAL","link":"https:\/\/larevistadigital.com.ar\/blog\/category\/politica\/politica-local\/"},"img":{"alt_text":"","src":"https:\/\/i0.wp.com\/larevistadigital.com.ar\/blog\/wp-content\/uploads\/LIBRES-DEL-SUR.jpg?fit=1200%2C900&ssl=1&resize=350%2C200","width":350,"height":200,"srcset":"https:\/\/i0.wp.com\/larevistadigital.com.ar\/blog\/wp-content\/uploads\/LIBRES-DEL-SUR.jpg?fit=1200%2C900&ssl=1&resize=350%2C200 1x, https:\/\/i0.wp.com\/larevistadigital.com.ar\/blog\/wp-content\/uploads\/LIBRES-DEL-SUR.jpg?fit=1200%2C900&ssl=1&resize=525%2C300 1.5x, https:\/\/i0.wp.com\/larevistadigital.com.ar\/blog\/wp-content\/uploads\/LIBRES-DEL-SUR.jpg?fit=1200%2C900&ssl=1&resize=700%2C400 2x, https:\/\/i0.wp.com\/larevistadigital.com.ar\/blog\/wp-content\/uploads\/LIBRES-DEL-SUR.jpg?fit=1200%2C900&ssl=1&resize=1050%2C600 3x"},"classes":[]},{"id":24148,"url":"https:\/\/larevistadigital.com.ar\/blog\/la-referente-de-libres-del-sur-beatriz-de-leon-y-sus-companeros-realizan-una-campana-contra-el-acuerdo-con-el-fmi\/","url_meta":{"origin":30241,"position":2},"title":"LA REFERENTE DE \u00abLIBRES DEL SUR\u00bb, BEATRIZ DE LEON Y SUS COMPA\u00d1EROS REALIZAN UNA CAMPA\u00d1A CONTRA EL ACUERDO CON EL FMI","author":"Alejandro Sosa Ruda","date":"23 febrero, 2022","format":false,"excerpt":"CHASCOM\u00daS -\u00a0 Bajo la conducci\u00f3n de Mar\u00eda Beatriz De Le\u00f3n, referente del partido Libres del Sur, se est\u00e1 haciendo una fuerte campa\u00f1a para que no se apoye el acuerdo con el Fondo Monetario Nacional. La presencia en las calles de la gente de Libres del Sur que responde a De\u2026","rel":"","context":"En \u00abCHASCOM\u00daS\u00bb","block_context":{"text":"CHASCOM\u00daS","link":"https:\/\/larevistadigital.com.ar\/blog\/category\/chascomus\/"},"img":{"alt_text":"","src":"https:\/\/i0.wp.com\/larevistadigital.com.ar\/blog\/wp-content\/uploads\/WhatsApp-Image-2022-02-21-at-14.21.34.jpeg?fit=1200%2C900&ssl=1&resize=350%2C200","width":350,"height":200,"srcset":"https:\/\/i0.wp.com\/larevistadigital.com.ar\/blog\/wp-content\/uploads\/WhatsApp-Image-2022-02-21-at-14.21.34.jpeg?fit=1200%2C900&ssl=1&resize=350%2C200 1x, https:\/\/i0.wp.com\/larevistadigital.com.ar\/blog\/wp-content\/uploads\/WhatsApp-Image-2022-02-21-at-14.21.34.jpeg?fit=1200%2C900&ssl=1&resize=525%2C300 1.5x, https:\/\/i0.wp.com\/larevistadigital.com.ar\/blog\/wp-content\/uploads\/WhatsApp-Image-2022-02-21-at-14.21.34.jpeg?fit=1200%2C900&ssl=1&resize=700%2C400 2x, https:\/\/i0.wp.com\/larevistadigital.com.ar\/blog\/wp-content\/uploads\/WhatsApp-Image-2022-02-21-at-14.21.34.jpeg?fit=1200%2C900&ssl=1&resize=1050%2C600 3x"},"classes":[]},{"id":20626,"url":"https:\/\/larevistadigital.com.ar\/blog\/chascomus-beatriz-de-leon-se-perfila-como-la-referente-local-de-randazzo-en-chascomus\/","url_meta":{"origin":30241,"position":3},"title":"CHASCOM\u00daS: BEATRIZ DE LE\u00d3N SE PERFILA COMO LA REFERENTE LOCAL DE RANDAZZO EN CHASCOM\u00daS","author":"Alejandro Sosa Ruda","date":"2 junio, 2021","format":false,"excerpt":"GACETILLA DE PRENSA: La semana pasada Florencio Randazzo, quien podr\u00eda presentarse como candidato a diputado nacional por la Provincia de Buenos Aires, encabezando un tercer espacio electoral\u00a0 por fuera de \u201cla grieta\u201d, mantuvo una extensa reuni\u00f3n con los dirigentes nacionales de Libres del Sur, Humberto Tumini y Jorge Ceballos. La\u2026","rel":"","context":"En \u00abINTERES GENERAL\u00bb","block_context":{"text":"INTERES GENERAL","link":"https:\/\/larevistadigital.com.ar\/blog\/category\/interes-general\/"},"img":{"alt_text":"","src":"https:\/\/i0.wp.com\/larevistadigital.com.ar\/blog\/wp-content\/uploads\/WhatsApp-Image-2021-06-02-at-13.23.21.jpeg?fit=900%2C1200&ssl=1&resize=350%2C200","width":350,"height":200,"srcset":"https:\/\/i0.wp.com\/larevistadigital.com.ar\/blog\/wp-content\/uploads\/WhatsApp-Image-2021-06-02-at-13.23.21.jpeg?fit=900%2C1200&ssl=1&resize=350%2C200 1x, https:\/\/i0.wp.com\/larevistadigital.com.ar\/blog\/wp-content\/uploads\/WhatsApp-Image-2021-06-02-at-13.23.21.jpeg?fit=900%2C1200&ssl=1&resize=525%2C300 1.5x, https:\/\/i0.wp.com\/larevistadigital.com.ar\/blog\/wp-content\/uploads\/WhatsApp-Image-2021-06-02-at-13.23.21.jpeg?fit=900%2C1200&ssl=1&resize=700%2C400 2x"},"classes":[]},{"id":24509,"url":"https:\/\/larevistadigital.com.ar\/blog\/aca-los-resultados-de-la-consulta-popular-de-libres-del-sur-acerca-del-acuerdo-con-el-fmi\/","url_meta":{"origin":30241,"position":4},"title":"AC\u00c1 LOS RESULTADOS DE LA CONSULTA POPULAR DE LIBRES DEL SUR ACERCA DEL ACUERDO CON EL FMI","author":"Alejandro Sosa Ruda","date":"11 marzo, 2022","format":false,"excerpt":"VOTARON 1.295.580 COMPATRIOTAS El d\u00eda domingo 6 de marzo, culmin\u00f3 la Consulta Popular que Libres del Sur ha promovido a lo largo y ancho del territorio nacional. En la que se convoc\u00f3 a la ciudadan\u00eda a pronunciarse respecto del acuerdo con el FMI que el gobierno envi\u00f3 ya al Congreso\u2026","rel":"","context":"En \u00abINTERES GENERAL\u00bb","block_context":{"text":"INTERES GENERAL","link":"https:\/\/larevistadigital.com.ar\/blog\/category\/interes-general\/"},"img":{"alt_text":"","src":"https:\/\/i0.wp.com\/larevistadigital.com.ar\/blog\/wp-content\/uploads\/WhatsApp-Image-2022-03-09-at-16.00.56.jpeg?fit=1156%2C868&ssl=1&resize=350%2C200","width":350,"height":200,"srcset":"https:\/\/i0.wp.com\/larevistadigital.com.ar\/blog\/wp-content\/uploads\/WhatsApp-Image-2022-03-09-at-16.00.56.jpeg?fit=1156%2C868&ssl=1&resize=350%2C200 1x, https:\/\/i0.wp.com\/larevistadigital.com.ar\/blog\/wp-content\/uploads\/WhatsApp-Image-2022-03-09-at-16.00.56.jpeg?fit=1156%2C868&ssl=1&resize=525%2C300 1.5x, https:\/\/i0.wp.com\/larevistadigital.com.ar\/blog\/wp-content\/uploads\/WhatsApp-Image-2022-03-09-at-16.00.56.jpeg?fit=1156%2C868&ssl=1&resize=700%2C400 2x, https:\/\/i0.wp.com\/larevistadigital.com.ar\/blog\/wp-content\/uploads\/WhatsApp-Image-2022-03-09-at-16.00.56.jpeg?fit=1156%2C868&ssl=1&resize=1050%2C600 3x"},"classes":[]},{"id":32244,"url":"https:\/\/larevistadigital.com.ar\/blog\/chascomus-las-listas-y-candidatos-para-agosto-hoy-beatriz-de-leon-del-partido-libres-del-sur\/","url_meta":{"origin":30241,"position":5},"title":"CHASCOM\u00daS: LAS LISTAS Y CANDIDATOS PARA AGOSTO. HOY BEATRIZ DE LE\u00d3N DEL PARTIDO LIBRES DEL SUR.","author":"Alejandro Sosa Ruda","date":"3 julio, 2023","format":false,"excerpt":"Presentando las listas para la elecci\u00f3n de agosto, La Revista Digital comienza hoy con el Partido Libres del Sur que lleva como candidata a Intendente a Mar\u00eda Beatriz de Le\u00f3n. 3 de julio de 2023 CHASCOM\u00daS -\u00a0 En el marco del armado de listas para las elecciones, la candidata a\u2026","rel":"","context":"En \u00abINTERES GENERAL\u00bb","block_context":{"text":"INTERES GENERAL","link":"https:\/\/larevistadigital.com.ar\/blog\/category\/interes-general\/"},"img":{"alt_text":"","src":"https:\/\/i0.wp.com\/larevistadigital.com.ar\/blog\/wp-content\/uploads\/WhatsApp-Image-2023-07-03-at-16.18.04.jpeg?fit=1200%2C734&ssl=1&resize=350%2C200","width":350,"height":200,"srcset":"https:\/\/i0.wp.com\/larevistadigital.com.ar\/blog\/wp-content\/uploads\/WhatsApp-Image-2023-07-03-at-16.18.04.jpeg?fit=1200%2C734&ssl=1&resize=350%2C200 1x, https:\/\/i0.wp.com\/larevistadigital.com.ar\/blog\/wp-content\/uploads\/WhatsApp-Image-2023-07-03-at-16.18.04.jpeg?fit=1200%2C734&ssl=1&resize=525%2C300 1.5x, https:\/\/i0.wp.com\/larevistadigital.com.ar\/blog\/wp-content\/uploads\/WhatsApp-Image-2023-07-03-at-16.18.04.jpeg?fit=1200%2C734&ssl=1&resize=700%2C400 2x, https:\/\/i0.wp.com\/larevistadigital.com.ar\/blog\/wp-content\/uploads\/WhatsApp-Image-2023-07-03-at-16.18.04.jpeg?fit=1200%2C734&ssl=1&resize=1050%2C600 3x"},"classes":[]}],"_links":{"self":[{"href":"https:\/\/larevistadigital.com.ar\/blog\/wp-json\/wp\/v2\/posts\/30241","targetHints":{"allow":["GET"]}}],"collection":[{"href":"https:\/\/larevistadigital.com.ar\/blog\/wp-json\/wp\/v2\/posts"}],"about":[{"href":"https:\/\/larevistadigital.com.ar\/blog\/wp-json\/wp\/v2\/types\/post"}],"author":[{"embeddable":true,"href":"https:\/\/larevistadigital.com.ar\/blog\/wp-json\/wp\/v2\/users\/3"}],"replies":[{"embeddable":true,"href":"https:\/\/larevistadigital.com.ar\/blog\/wp-json\/wp\/v2\/comments?post=30241"}],"version-history":[{"count":2,"href":"https:\/\/larevistadigital.com.ar\/blog\/wp-json\/wp\/v2\/posts\/30241\/revisions"}],"predecessor-version":[{"id":30244,"href":"https:\/\/larevistadigital.com.ar\/blog\/wp-json\/wp\/v2\/posts\/30241\/revisions\/30244"}],"wp:featuredmedia":[{"embeddable":true,"href":"https:\/\/larevistadigital.com.ar\/blog\/wp-json\/wp\/v2\/media\/30242"}],"wp:attachment":[{"href":"https:\/\/larevistadigital.com.ar\/blog\/wp-json\/wp\/v2\/media?parent=30241"}],"wp:term":[{"taxonomy":"category","embeddable":true,"href":"https:\/\/larevistadigital.com.ar\/blog\/wp-json\/wp\/v2\/categories?post=30241"},{"taxonomy":"post_tag","embeddable":true,"href":"https:\/\/larevistadigital.com.ar\/blog\/wp-json\/wp\/v2\/tags?post=30241"}],"curies":[{"name":"wp","href":"https:\/\/api.w.org\/{rel}","templated":true}]}}