{"id":30245,"date":"2023-02-25T03:33:31","date_gmt":"2023-02-25T03:33:31","guid":{"rendered":"https:\/\/larevistadigital.com.ar\/blog\/?p=30245"},"modified":"2023-02-25T03:33:31","modified_gmt":"2023-02-25T03:33:31","slug":"importante-galardon-para-el-festival-de-cine-de-chascomus","status":"publish","type":"post","link":"https:\/\/larevistadigital.com.ar\/blog\/importante-galardon-para-el-festival-de-cine-de-chascomus\/","title":{"rendered":"IMPORTANTE GALARD\u00d3N PARA EL FESTIVAL DE CINE DE CHASCOM\u00daS"},"content":{"rendered":"<h2>El Festival de Cine de Chascom\u00fas fue\u00a0 galardonado en el Plan de Fomento a la Producci\u00f3n Audiovisual Bonaerense.<\/h2>\n<p>25 de febrero de 2023<\/p>\n<p>Dentro de la regi\u00f3n cinco y bajo la categor\u00eda \u201cDesarrollo de Proyecto de Festival de Cine Regional\u201d. Desde FCCh se\u00f1alaron que<strong><em> \u201ces un reconocimiento al trabajo que venimos realizando desde el a\u00f1o 2015\u201d.<\/em><\/strong><\/p>\n<blockquote>\n<h3>En noviembre de 2022, el gobierno de la Provincia de Buenos Aires lanz\u00f3, a trav\u00e9s del Instituto Cultural, un Plan de Fomento a la Producci\u00f3n Audiovisual Bonaerense para fortalecer y reconocer la labor creativa de los productores y productoras audiovisuales.<\/h3>\n<\/blockquote>\n<p>En este sentido, el Plan de Fomento financiar\u00e1 80 proyectos, divididos en ocho regiones de la Provincia, dentro de las categor\u00edas de Largometraje Documental, Cortometraje de Ficci\u00f3n, Nuevos Formatos y Tecnolog\u00edas, Cine Comunitario y Desarrollo de Proyecto\u00a0 de Festival de Cine Regional, siendo que las propuestas seleccionadas apunten a fortalecer la identidad bonaerense.<\/p>\n<blockquote>\n<h3>Tras presentaci\u00f3n de proyecto, el Festival de Cine de Chascom\u00fas (FCCh) qued\u00f3 seleccionado, bajo la categor\u00eda \u201cDesarrollo de Proyecto de Festival de Cine Regional\u201d, en el Plan de Fomento a la Producci\u00f3n Audiovisual bonaerense dentro de la regi\u00f3n cinco que abarca la ciudad lagunera, Ayacucho, Azul, Castelli, Dolores, Lezama, Tandil, entre otras localidades.<\/h3>\n<\/blockquote>\n<p><em><strong>\u201cLa inscripci\u00f3n a este plan de fomento la hicimos el a\u00f1o pasado porque justamente busca potenciar estos espacios con una ayuda econ\u00f3mica a trav\u00e9s de la provincia de Buenos Aires\u201d<\/strong><\/em>, se\u00f1alaron desde el Festival de Cine de Chascom\u00fas luego de haber recibido la noticia el jueves de la corriente semana.<\/p>\n<blockquote>\n<h3><em>\u201cFue muy emocionante para todo el grupo porque es un reconocimiento al trabajo que venimos realizando desde el a\u00f1o 2015\u201d<\/em>, cuando inici\u00f3 el primer festival en la ciudad de Chascom\u00fas, aquel que acerc\u00f3 la pantalla gigante a centenares de vecinos de la localidad y la regi\u00f3n.<\/h3>\n<\/blockquote>\n<p>En ese sentido, desde FCCh expresaron: \u201cEste tipo de apoyo es una inyecci\u00f3n para nosotros como grupo para poder seguir pensando en las emisiones del festival, en este caso la octava y que justamente estamos trabajando en ella\u201d.<\/p>\n<blockquote>\n<h3><strong><em>\u201cM\u00e1s all\u00e1 de lo econ\u00f3mico -prosiguieron- es un reconocimiento al espacio y al grupo que durante ocho a\u00f1os consecutivos lleva adelante este encuentro en la provincia de Buenos Aires\u201d<\/em><\/strong>, y que adem\u00e1s de arrimar la pantalla con producciones realizadas por las y los bonaerenses, aportan en el acervo de la identidad regional y provincial.<\/h3>\n<\/blockquote>\n<p>Cabe mencionar que el Festival de Cine de Chascom\u00fas es un encuentro cultural de la agenda local y provincial que, con entrada libre y gratuita, acerca todas sus actividades, propuestas de programaci\u00f3n y espacios de formaci\u00f3n tanto a espectadores como productores y productoras.<\/p>\n<p>Cada edici\u00f3n es organizada por la productora El Camino Amarillo Producciones, coproducido por la Municipalidad de Chascom\u00fas y financiado por el Instituto Nacional de Cine y Artes Audiovisuales (INCAA).<\/p>\n<p>&nbsp;<\/p>\n<p>&nbsp;<\/p>\n<p>&nbsp;<\/p>\n","protected":false},"excerpt":{"rendered":"<div class=\"mh-excerpt\"><p>El Festival de Cine de Chascom\u00fas fue\u00a0 galardonado en el Plan de Fomento a la Producci\u00f3n Audiovisual Bonaerense. 25 de febrero de 2023 Dentro de la regi\u00f3n cinco y bajo la categor\u00eda \u201cDesarrollo de Proyecto <a class=\"mh-excerpt-more\" href=\"https:\/\/larevistadigital.com.ar\/blog\/importante-galardon-para-el-festival-de-cine-de-chascomus\/\" title=\"IMPORTANTE GALARD\u00d3N PARA EL FESTIVAL DE CINE DE CHASCOM\u00daS\">[Leer M\u00e1s]<\/a><\/p>\n<\/div>","protected":false},"author":3,"featured_media":30246,"comment_status":"open","ping_status":"open","sticky":false,"template":"","format":"standard","meta":{"_jetpack_memberships_contains_paid_content":false,"footnotes":"","jetpack_publicize_message":"","jetpack_publicize_feature_enabled":true,"jetpack_social_post_already_shared":true,"jetpack_social_options":{"image_generator_settings":{"template":"highway","default_image_id":0,"font":"","enabled":false},"version":2}},"categories":[15,50],"tags":[],"class_list":{"0":"post-30245","1":"post","2":"type-post","3":"status-publish","4":"format-standard","5":"has-post-thumbnail","7":"category-cultura","8":"category-interes-general"},"jetpack_publicize_connections":[],"jetpack_featured_media_url":"https:\/\/i0.wp.com\/larevistadigital.com.ar\/blog\/wp-content\/uploads\/l.jpg?fit=1300%2C975&ssl=1","jetpack_sharing_enabled":true,"jetpack_shortlink":"https:\/\/wp.me\/p8qtrQ-7RP","jetpack-related-posts":[{"id":41737,"url":"https:\/\/larevistadigital.com.ar\/blog\/chascomus-javier-gaston-participo-de-la-inauguracion-del-festival-internacional-de-cine-de-la-provincia\/","url_meta":{"origin":30245,"position":0},"title":"Chascom\u00fas: Javier Gast\u00f3n particip\u00f3 de la inauguraci\u00f3n del Festival Internacional de Cine de la Provincia","author":"Alejandro Sosa Ruda","date":"3 octubre, 2025","format":false,"excerpt":"El encuentro se extender\u00e1 hasta el 9 de octubre con una programaci\u00f3n abierta y gratuita. Este s\u00e1bado, habr\u00e1 una funci\u00f3n en el predio del Club Tiro Federal. 03 de Octobre de 2025 CHASCOM\u00daS\u00a0 -\u00a0 \u00a0El intendente Javier Gast\u00f3n y el secretario de Cultura, Deporte y Relaciones Institucionales, Pablo N\u00e1poli, asistieron\u2026","rel":"","context":"En \u00abCHASCOM\u00daS\u00bb","block_context":{"text":"CHASCOM\u00daS","link":"https:\/\/larevistadigital.com.ar\/blog\/category\/chascomus\/"},"img":{"alt_text":"","src":"https:\/\/i0.wp.com\/larevistadigital.com.ar\/blog\/wp-content\/uploads\/68e007b0372de.png?fit=668%2C445&ssl=1&resize=350%2C200","width":350,"height":200,"srcset":"https:\/\/i0.wp.com\/larevistadigital.com.ar\/blog\/wp-content\/uploads\/68e007b0372de.png?fit=668%2C445&ssl=1&resize=350%2C200 1x, https:\/\/i0.wp.com\/larevistadigital.com.ar\/blog\/wp-content\/uploads\/68e007b0372de.png?fit=668%2C445&ssl=1&resize=525%2C300 1.5x"},"classes":[]},{"id":37117,"url":"https:\/\/larevistadigital.com.ar\/blog\/comenzo-la-2-edicion-del-festival-internacional-de-cine-de-la-provincia-de-buenos-aires\/","url_meta":{"origin":30245,"position":1},"title":"Comenz\u00f3 la 2\u00b0 edici\u00f3n del Festival Internacional de Cine de la provincia de Buenos Aires","author":"Alejandro Sosa Ruda","date":"5 septiembre, 2024","format":false,"excerpt":"La apertura fue encabezada por el gobernador Axel Kicillof y por la presidenta del Instituto Cultural, Florencia Saintout. Mi\u00e9rcoles 4 de Septiembre 2024 BUENOS AIRES -\u00a0 El gobernador Axel Kicillof encabez\u00f3 este mi\u00e9rcoles el acto de apertura de la 2\u00b0 edici\u00f3n del Festival Internacional de Cine de la provincia de\u2026","rel":"","context":"En \u00abINTERES GENERAL\u00bb","block_context":{"text":"INTERES GENERAL","link":"https:\/\/larevistadigital.com.ar\/blog\/category\/interes-general\/"},"img":{"alt_text":"","src":"https:\/\/i0.wp.com\/larevistadigital.com.ar\/blog\/wp-content\/uploads\/FICPBA.jpg?fit=743%2C530&ssl=1&resize=350%2C200","width":350,"height":200,"srcset":"https:\/\/i0.wp.com\/larevistadigital.com.ar\/blog\/wp-content\/uploads\/FICPBA.jpg?fit=743%2C530&ssl=1&resize=350%2C200 1x, https:\/\/i0.wp.com\/larevistadigital.com.ar\/blog\/wp-content\/uploads\/FICPBA.jpg?fit=743%2C530&ssl=1&resize=525%2C300 1.5x, https:\/\/i0.wp.com\/larevistadigital.com.ar\/blog\/wp-content\/uploads\/FICPBA.jpg?fit=743%2C530&ssl=1&resize=700%2C400 2x"},"classes":[]},{"id":21853,"url":"https:\/\/larevistadigital.com.ar\/blog\/6ta-edicion-del-festival-de-cine-chascomus\/","url_meta":{"origin":30245,"position":2},"title":"6TA EDICI\u00d3N DEL FESTIVAL DE CINE CHASCOM\u00daS","author":"Alejandro Sosa Ruda","date":"4 septiembre, 2021","format":false,"excerpt":"CHASCOM\u00daS - La ciudad de Chascom\u00fas se prepara para la 6ta edici\u00f3n del Festival de Cine de Chascom\u00fas que tendr\u00e1 fecha el 18 y 19 de Septiembre de 2021, luego de casi dos a\u00f1os de que terminara la 5ta edici\u00f3n en mayo de 2019, y suspendida la edici\u00f3n del 2020\u2026","rel":"","context":"En \u00abCHASCOM\u00daS\u00bb","block_context":{"text":"CHASCOM\u00daS","link":"https:\/\/larevistadigital.com.ar\/blog\/category\/chascomus\/"},"img":{"alt_text":"","src":"https:\/\/i0.wp.com\/larevistadigital.com.ar\/blog\/wp-content\/uploads\/6FCCh-scaled.jpg?fit=1200%2C573&ssl=1&resize=350%2C200","width":350,"height":200,"srcset":"https:\/\/i0.wp.com\/larevistadigital.com.ar\/blog\/wp-content\/uploads\/6FCCh-scaled.jpg?fit=1200%2C573&ssl=1&resize=350%2C200 1x, https:\/\/i0.wp.com\/larevistadigital.com.ar\/blog\/wp-content\/uploads\/6FCCh-scaled.jpg?fit=1200%2C573&ssl=1&resize=525%2C300 1.5x, https:\/\/i0.wp.com\/larevistadigital.com.ar\/blog\/wp-content\/uploads\/6FCCh-scaled.jpg?fit=1200%2C573&ssl=1&resize=700%2C400 2x, https:\/\/i0.wp.com\/larevistadigital.com.ar\/blog\/wp-content\/uploads\/6FCCh-scaled.jpg?fit=1200%2C573&ssl=1&resize=1050%2C600 3x"},"classes":[]},{"id":37293,"url":"https:\/\/larevistadigital.com.ar\/blog\/el-viernes-iniciara-la-novena-edicion-del-festival-de-cine-de-chascomus\/","url_meta":{"origin":30245,"position":3},"title":"El viernes iniciar\u00e1 la novena edici\u00f3n del Festival de Cine de Chascom\u00fas","author":"Alejandro Sosa Ruda","date":"22 septiembre, 2024","format":false,"excerpt":"La ciudad de Chascom\u00fas se prepara para la 9na edici\u00f3n del Festival de Cine de Chascom\u00fas que tendr\u00e1 fecha el 27, 28 y 29 de septiembre. 22 de Septiembre de 2024 CHASCOM\u00daS -\u00a0 \u00a0El Festival de Cine de Chascom\u00fas (FCCh) es un encuentro cultural de la agenda local y provincial\u2026","rel":"","context":"En \u00abREGIONALES\u00bb","block_context":{"text":"REGIONALES","link":"https:\/\/larevistadigital.com.ar\/blog\/category\/regionales\/"},"img":{"alt_text":"","src":"https:\/\/i0.wp.com\/larevistadigital.com.ar\/blog\/wp-content\/uploads\/FESTIVAL-DE-CINE-CHASCOMUS.jpg?fit=1200%2C799&ssl=1&resize=350%2C200","width":350,"height":200,"srcset":"https:\/\/i0.wp.com\/larevistadigital.com.ar\/blog\/wp-content\/uploads\/FESTIVAL-DE-CINE-CHASCOMUS.jpg?fit=1200%2C799&ssl=1&resize=350%2C200 1x, https:\/\/i0.wp.com\/larevistadigital.com.ar\/blog\/wp-content\/uploads\/FESTIVAL-DE-CINE-CHASCOMUS.jpg?fit=1200%2C799&ssl=1&resize=525%2C300 1.5x, https:\/\/i0.wp.com\/larevistadigital.com.ar\/blog\/wp-content\/uploads\/FESTIVAL-DE-CINE-CHASCOMUS.jpg?fit=1200%2C799&ssl=1&resize=700%2C400 2x, https:\/\/i0.wp.com\/larevistadigital.com.ar\/blog\/wp-content\/uploads\/FESTIVAL-DE-CINE-CHASCOMUS.jpg?fit=1200%2C799&ssl=1&resize=1050%2C600 3x"},"classes":[]},{"id":33090,"url":"https:\/\/larevistadigital.com.ar\/blog\/septiembre-iniciara-con-la-octava-edicion-del-festival-de-cine-chascomus\/","url_meta":{"origin":30245,"position":4},"title":"SEPTIEMBRE INICIAR\u00c1 CON LA OCTAVA EDICI\u00d3N DEL \u00abFESTIVAL DE CINE CHASCOM\u00daS\u00bb","author":"Alejandro Sosa Ruda","date":"28 agosto, 2023","format":false,"excerpt":"Desde el viernes hasta el domingo, 03 de septiembre, se podr\u00e1 disfrutar de producciones audiovisuales nacionales, espacios de formaci\u00f3n y actividades, todo con entrada libre y gratuita. La apertura del 8FCCh ser\u00e1 en el Teatro Municipal Brazzola donde se proyectar\u00e1 el primer film en competencia. 28 de agosto de 2023\u2026","rel":"","context":"En \u00abCULTURA\u00bb","block_context":{"text":"CULTURA","link":"https:\/\/larevistadigital.com.ar\/blog\/category\/cultura\/"},"img":{"alt_text":"","src":"https:\/\/i0.wp.com\/larevistadigital.com.ar\/blog\/wp-content\/uploads\/WhatsApp-Image-2023-08-28-at-14.32.02.jpeg?fit=961%2C960&ssl=1&resize=350%2C200","width":350,"height":200,"srcset":"https:\/\/i0.wp.com\/larevistadigital.com.ar\/blog\/wp-content\/uploads\/WhatsApp-Image-2023-08-28-at-14.32.02.jpeg?fit=961%2C960&ssl=1&resize=350%2C200 1x, https:\/\/i0.wp.com\/larevistadigital.com.ar\/blog\/wp-content\/uploads\/WhatsApp-Image-2023-08-28-at-14.32.02.jpeg?fit=961%2C960&ssl=1&resize=525%2C300 1.5x, https:\/\/i0.wp.com\/larevistadigital.com.ar\/blog\/wp-content\/uploads\/WhatsApp-Image-2023-08-28-at-14.32.02.jpeg?fit=961%2C960&ssl=1&resize=700%2C400 2x"},"classes":[]},{"id":41520,"url":"https:\/\/larevistadigital.com.ar\/blog\/el-festival-de-cine-de-chascomus-celebra-su-decima-edicion\/","url_meta":{"origin":30245,"position":5},"title":"El Festival de Cine de Chascom\u00fas celebra su d\u00e9cima edici\u00f3n","author":"Alejandro Sosa Ruda","date":"19 septiembre, 2025","format":false,"excerpt":"Comenzar\u00e1 el jueves 9 de octubre con la proyecci\u00f3n del documental \u201cLa muerte sin tiempo de Emilio Blanco\u201d, una obra que reconstruye la historia del joven chascomunense asesinado en 1997. 19 de septiembre de 2025 CHASCOM\u00daS -\u00a0 \u00a0Del 9 al 12 de octubre se realizar\u00e1 el 10\u00b0 Festival de Cine\u2026","rel":"","context":"En \u00abCHASCOM\u00daS\u00bb","block_context":{"text":"CHASCOM\u00daS","link":"https:\/\/larevistadigital.com.ar\/blog\/category\/chascomus\/"},"img":{"alt_text":"","src":"https:\/\/i0.wp.com\/larevistadigital.com.ar\/blog\/wp-content\/uploads\/68cd9a1b3741e.png?fit=668%2C445&ssl=1&resize=350%2C200","width":350,"height":200,"srcset":"https:\/\/i0.wp.com\/larevistadigital.com.ar\/blog\/wp-content\/uploads\/68cd9a1b3741e.png?fit=668%2C445&ssl=1&resize=350%2C200 1x, https:\/\/i0.wp.com\/larevistadigital.com.ar\/blog\/wp-content\/uploads\/68cd9a1b3741e.png?fit=668%2C445&ssl=1&resize=525%2C300 1.5x"},"classes":[]}],"_links":{"self":[{"href":"https:\/\/larevistadigital.com.ar\/blog\/wp-json\/wp\/v2\/posts\/30245","targetHints":{"allow":["GET"]}}],"collection":[{"href":"https:\/\/larevistadigital.com.ar\/blog\/wp-json\/wp\/v2\/posts"}],"about":[{"href":"https:\/\/larevistadigital.com.ar\/blog\/wp-json\/wp\/v2\/types\/post"}],"author":[{"embeddable":true,"href":"https:\/\/larevistadigital.com.ar\/blog\/wp-json\/wp\/v2\/users\/3"}],"replies":[{"embeddable":true,"href":"https:\/\/larevistadigital.com.ar\/blog\/wp-json\/wp\/v2\/comments?post=30245"}],"version-history":[{"count":1,"href":"https:\/\/larevistadigital.com.ar\/blog\/wp-json\/wp\/v2\/posts\/30245\/revisions"}],"predecessor-version":[{"id":30247,"href":"https:\/\/larevistadigital.com.ar\/blog\/wp-json\/wp\/v2\/posts\/30245\/revisions\/30247"}],"wp:featuredmedia":[{"embeddable":true,"href":"https:\/\/larevistadigital.com.ar\/blog\/wp-json\/wp\/v2\/media\/30246"}],"wp:attachment":[{"href":"https:\/\/larevistadigital.com.ar\/blog\/wp-json\/wp\/v2\/media?parent=30245"}],"wp:term":[{"taxonomy":"category","embeddable":true,"href":"https:\/\/larevistadigital.com.ar\/blog\/wp-json\/wp\/v2\/categories?post=30245"},{"taxonomy":"post_tag","embeddable":true,"href":"https:\/\/larevistadigital.com.ar\/blog\/wp-json\/wp\/v2\/tags?post=30245"}],"curies":[{"name":"wp","href":"https:\/\/api.w.org\/{rel}","templated":true}]}}